{"id":10015,"date":"2025-05-26T00:52:13","date_gmt":"2025-05-25T22:52:13","guid":{"rendered":"https:\/\/wia.net.pl\/?p=10015"},"modified":"2026-01-22T01:38:54","modified_gmt":"2026-01-22T00:38:54","slug":"minor-arcana-09-cialo-jako-mapa-duszy","status":"publish","type":"post","link":"https:\/\/wia.net.pl\/index.php\/2025\/05\/26\/minor-arcana-09-cialo-jako-mapa-duszy\/","title":{"rendered":"Minor Arcana &#8211; 09 &#8211; Cia\u0142o jako mapa duszy"},"content":{"rendered":"\n<p>Cia\u0142o jako mapa duszy \u2013 Emocje, traumy i blokady (Jak duchowo\u015b\u0107 i psychika manifestuj\u0105 si\u0119 w ciele)<\/p>\n\n\n\n<p>Opracowanie w\u0142asne. Materia\u0142 dla p\u0142atnych subskrybent\u00f3w Substack.<\/p>\n\n\n<div class=\"substack-post-embed\">\n<p lang=\"en\">Minor Arcana &#8211; 09 &#8211; Cia\u0142o jako mapa duszy by Wolno\u015b\u0107 i Anarchia<\/p>\n<p>Cia\u0142o jako mapa duszy \u2013 Emocje, traumy i blokady (Jak duchowo\u015b\u0107 i psychika manifestuj\u0105 si\u0119 w ciele)<\/p>\n<p><a data-post-link href=\"https:\/\/wolnoscanarchia.substack.com\/p\/minor-arcana-09-ciao-jako-mapa-duszy\">Read on Substack<\/a><\/div>\n<p><script async src=\"https:\/\/substack.com\/embedjs\/embed.js\" charset=\"utf-8\"><\/script><\/p>\n<div class=\"remoji_bar\"><div class=\"remoji_add_container\" data-remoji-id=\"10015\" data-remoji-type=\"post\"><div class=\"remoji_add_icon\"><\/div><\/div><div class=\"remoji_error_bar\" data-remoji-id=\"10015\" data-remoji-type=\"post\" style=\"display: none;\">Error happened.<\/div><\/div>","protected":false},"excerpt":{"rendered":"<p>Cia\u0142o jako mapa duszy \u2013 Emocje, traumy i blokady (Jak duchowo\u015b\u0107 i psychika manifestuj\u0105 si\u0119 w ciele) Opracowanie w\u0142asne. Materia\u0142 dla p\u0142atnych subskrybent\u00f3w Substack. Error happened.<\/p>\n","protected":false},"author":3,"featured_media":10016,"comment_status":"open","ping_status":"open","sticky":false,"template":"","format":"standard","meta":{"_acf_changed":false,"_bbp_topic_count":0,"_bbp_reply_count":0,"_bbp_total_topic_count":0,"_bbp_total_reply_count":0,"_bbp_voice_count":0,"_bbp_anonymous_reply_count":0,"_bbp_topic_count_hidden":0,"_bbp_reply_count_hidden":0,"_bbp_forum_subforum_count":0,"om_disable_all_campaigns":false,"_monsterinsights_skip_tracking":false,"_monsterinsights_sitenote_active":false,"_monsterinsights_sitenote_note":"","_monsterinsights_sitenote_category":0,"footnotes":""},"categories":[186],"tags":[68,63,42,71,26,23,32,22,70,62],"class_list":["post-10015","post","type-post","status-publish","format-standard","has-post-thumbnail","hentry","category-platna-subskrypcja-substack","tag-cesarstwo-rzymskie","tag-historia-ziemi","tag-illuminati","tag-kosciol-katolicki","tag-ludzkosc","tag-niewolnictwo","tag-rzad","tag-satanizm","tag-tajne-stowarzyszenia","tag-wszechswiat"],"acf":[],"aioseo_notices":[],"_links":{"self":[{"href":"https:\/\/wia.net.pl\/index.php\/wp-json\/wp\/v2\/posts\/10015"}],"collection":[{"href":"https:\/\/wia.net.pl\/index.php\/wp-json\/wp\/v2\/posts"}],"about":[{"href":"https:\/\/wia.net.pl\/index.php\/wp-json\/wp\/v2\/types\/post"}],"author":[{"embeddable":true,"href":"https:\/\/wia.net.pl\/index.php\/wp-json\/wp\/v2\/users\/3"}],"replies":[{"embeddable":true,"href":"https:\/\/wia.net.pl\/index.php\/wp-json\/wp\/v2\/comments?post=10015"}],"version-history":[{"count":1,"href":"https:\/\/wia.net.pl\/index.php\/wp-json\/wp\/v2\/posts\/10015\/revisions"}],"predecessor-version":[{"id":10017,"href":"https:\/\/wia.net.pl\/index.php\/wp-json\/wp\/v2\/posts\/10015\/revisions\/10017"}],"wp:featuredmedia":[{"embeddable":true,"href":"https:\/\/wia.net.pl\/index.php\/wp-json\/wp\/v2\/media\/10016"}],"wp:attachment":[{"href":"https:\/\/wia.net.pl\/index.php\/wp-json\/wp\/v2\/media?parent=10015"}],"wp:term":[{"taxonomy":"category","embeddable":true,"href":"https:\/\/wia.net.pl\/index.php\/wp-json\/wp\/v2\/categories?post=10015"},{"taxonomy":"post_tag","embeddable":true,"href":"https:\/\/wia.net.pl\/index.php\/wp-json\/wp\/v2\/tags?post=10015"}],"curies":[{"name":"wp","href":"https:\/\/api.w.org\/{rel}","templated":true}]}}