{"id":10048,"date":"2025-05-28T02:58:27","date_gmt":"2025-05-28T00:58:27","guid":{"rendered":"https:\/\/wia.net.pl\/?p=10048"},"modified":"2026-01-22T01:42:03","modified_gmt":"2026-01-22T00:42:03","slug":"terminator-czesc-3-wejscie-w-czas-duchowa-walka-o-rzeczywistosc","status":"publish","type":"post","link":"https:\/\/wia.net.pl\/index.php\/2025\/05\/28\/terminator-czesc-3-wejscie-w-czas-duchowa-walka-o-rzeczywistosc\/","title":{"rendered":"Terminator &#8211; Cz\u0119\u015b\u0107 3 &#8211; Wej\u015bcie w czas &#8211; Duchowa walka o rzeczywisto\u015b\u0107"},"content":{"rendered":"\n<p>CZ\u0118\u015a\u0106 III \u2013 WEJ\u015aCIE W CZAS: DUCHOWA WALKA O RZECZYWISTO\u015a\u0106<\/p>\n\n\n\n<p><strong>Czas jako pu\u0142apka \u2013 Wojenna p\u0119tla jako system karmiczny<\/strong><br><em>(O iluzji czasu i pr\u00f3bie \u201enaprawiania przesz\u0142o\u015bci\u201d. Dlaczego ci\u0105gle wracamy do tych samych b\u0142\u0119d\u00f3w?)<\/em><\/p>\n\n\n\n<p><strong>Kyle Reese \u2013 Pos\u0142aniec z przysz\u0142o\u015bci jako wewn\u0119trzny przewodnik<\/strong><br><em>(O duszy, kt\u00f3ra wraca do przesz\u0142o\u015bci, by przypomnie\u0107, kim jeste\u015bmy. Kyle jako m\u0119ski archetyp ochrony, odwagi i obecno\u015bci.)<\/em><\/p>\n\n\n\n<p><strong>Genisys \u2013 Kiedy technologia staje si\u0119 religi\u0105<\/strong><br><em>(O spo\u0142ecze\u0144stwie, kt\u00f3re dobrowolnie oddaje dusz\u0119 algorytmowi. Czy ju\u017c tam jeste\u015bmy?)<\/em><\/p>\n\n\n\n<p><strong>Iluzja post\u0119pu \u2013 Nowy porz\u0105dek jako stary cie\u0144 w nowej formie<\/strong><br><em>(O tym, \u017ce nowoczesno\u015b\u0107 nie jest to\u017csama z rozwojem. Jak maskujemy zniewolenie j\u0119zykiem komfortu, personalizacji, bezpiecze\u0144stwa?)<\/em><\/p>\n\n\n\n<p>Opracowanie w\u0142asne. Seria dla p\u0142atnych subskrybent\u00f3w Substack.<\/p>\n\n\n<div class=\"substack-post-embed\">\n<p lang=\"en\">Terminator &#8211; Cz\u0119\u015b\u0107 3 &#8211; Wej\u015bcie w czas &#8211; Duchowa walka o rzeczywisto\u015b\u0107 by Wolno\u015b\u0107 i Anarchia<\/p>\n<p>Cz\u0119\u015b\u0107 3\/6<\/p>\n<p><a data-post-link href=\"https:\/\/wolnoscanarchia.substack.com\/p\/terminator-czesc-3-wejscie-w-czas\">Read on Substack<\/a><\/div>\n<p><script async src=\"https:\/\/substack.com\/embedjs\/embed.js\" charset=\"utf-8\"><\/script><\/p>\n","protected":false},"excerpt":{"rendered":"<p>CZ\u0118\u015a\u0106 III \u2013 WEJ\u015aCIE W CZAS: DUCHOWA WALKA O RZECZYWISTO\u015a\u0106 Czas jako pu\u0142apka \u2013 Wojenna p\u0119tla jako system karmiczny(O iluzji czasu i pr\u00f3bie \u201enaprawiania przesz\u0142o\u015bci\u201d. Dlaczego ci\u0105gle wracamy do tych samych b\u0142\u0119d\u00f3w?) Kyle Reese \u2013 Pos\u0142aniec z przysz\u0142o\u015bci jako wewn\u0119trzny&#8230; <\/p>\n","protected":false},"author":3,"featured_media":10049,"comment_status":"open","ping_status":"open","sticky":false,"template":"","format":"standard","meta":{"_acf_changed":false,"_bbp_topic_count":0,"_bbp_reply_count":0,"_bbp_total_topic_count":0,"_bbp_total_reply_count":0,"_bbp_voice_count":0,"_bbp_anonymous_reply_count":0,"_bbp_topic_count_hidden":0,"_bbp_reply_count_hidden":0,"_bbp_forum_subforum_count":0,"om_disable_all_campaigns":false,"_monsterinsights_skip_tracking":false,"footnotes":""},"categories":[186],"tags":[68,63,42,71,26,23,32,22,70,62],"class_list":["post-10048","post","type-post","status-publish","format-standard","has-post-thumbnail","hentry","category-platna-subskrypcja-substack","tag-cesarstwo-rzymskie","tag-historia-ziemi","tag-illuminati","tag-kosciol-katolicki","tag-ludzkosc","tag-niewolnictwo","tag-rzad","tag-satanizm","tag-tajne-stowarzyszenia","tag-wszechswiat"],"acf":[],"aioseo_notices":[],"aioseo_head":"\n\t\t<!-- All in One SEO 5.0.1.1 - aioseo.com -->\n\t<meta name=\"description\" content=\"CZ\u0118\u015a\u0106 III \u2013 WEJ\u015aCIE W CZAS: DUCHOWA WALKA O RZECZYWISTO\u015a\u0106 Czas jako pu\u0142apka \u2013 Wojenna p\u0119tla jako system karmiczny(O iluzji czasu i pr\u00f3bie \u201enaprawiania przesz\u0142o\u015bci\u201d. Dlaczego ci\u0105gle wracamy do tych samych b\u0142\u0119d\u00f3w?) Kyle Reese \u2013 Pos\u0142aniec z przysz\u0142o\u015bci jako wewn\u0119trzny przewodnik(O duszy, kt\u00f3ra wraca do przesz\u0142o\u015bci, by przypomnie\u0107, kim jeste\u015bmy. Kyle jako m\u0119ski archetyp ochrony,\" \/>\n\t<meta name=\"robots\" content=\"max-image-preview:large\" \/>\n\t<meta name=\"author\" content=\"Bart\u0142omiej Talarczyk\"\/>\n\t<link rel=\"canonical\" href=\"https:\/\/wia.net.pl\/index.php\/2025\/05\/28\/terminator-czesc-3-wejscie-w-czas-duchowa-walka-o-rzeczywistosc\/\" \/>\n\t<meta name=\"generator\" content=\"All in One SEO (AIOSEO) 5.0.1.1\" \/>\n\t\t<meta property=\"og:locale\" content=\"pl_PL\" \/>\n\t\t<meta property=\"og:site_name\" content=\"Wolno\u015b\u0107 i Anarchia - Ka\u017cdy wewn\u0119trznie jest anarchist\u0105.\" \/>\n\t\t<meta property=\"og:type\" content=\"article\" \/>\n\t\t<meta property=\"og:title\" content=\"Terminator \u2013 Cz\u0119\u015b\u0107 3 \u2013 Wej\u015bcie w czas \u2013 Duchowa walka o rzeczywisto\u015b\u0107 - Wolno\u015b\u0107 i Anarchia\" \/>\n\t\t<meta property=\"og:description\" content=\"CZ\u0118\u015a\u0106 III \u2013 WEJ\u015aCIE W CZAS: DUCHOWA WALKA O RZECZYWISTO\u015a\u0106 Czas jako pu\u0142apka \u2013 Wojenna p\u0119tla jako system karmiczny(O iluzji czasu i pr\u00f3bie \u201enaprawiania przesz\u0142o\u015bci\u201d. Dlaczego ci\u0105gle wracamy do tych samych b\u0142\u0119d\u00f3w?) Kyle Reese \u2013 Pos\u0142aniec z przysz\u0142o\u015bci jako wewn\u0119trzny przewodnik(O duszy, kt\u00f3ra wraca do przesz\u0142o\u015bci, by przypomnie\u0107, kim jeste\u015bmy. Kyle jako m\u0119ski archetyp ochrony,\" \/>\n\t\t<meta property=\"og:url\" content=\"https:\/\/wia.net.pl\/index.php\/2025\/05\/28\/terminator-czesc-3-wejscie-w-czas-duchowa-walka-o-rzeczywistosc\/\" \/>\n\t\t<meta property=\"og:image\" content=\"https:\/\/wia.net.pl\/wp-content\/uploads\/2023\/11\/cropped-freedom-i73367.jpg\" \/>\n\t\t<meta property=\"og:image:secure_url\" content=\"https:\/\/wia.net.pl\/wp-content\/uploads\/2023\/11\/cropped-freedom-i73367.jpg\" \/>\n\t\t<meta property=\"article:published_time\" content=\"2025-05-28T00:58:27+00:00\" \/>\n\t\t<meta property=\"article:modified_time\" content=\"2026-01-22T00:42:03+00:00\" \/>\n\t\t<meta name=\"twitter:card\" content=\"summary_large_image\" \/>\n\t\t<meta name=\"twitter:title\" content=\"Terminator \u2013 Cz\u0119\u015b\u0107 3 \u2013 Wej\u015bcie w czas \u2013 Duchowa walka o rzeczywisto\u015b\u0107 - Wolno\u015b\u0107 i Anarchia\" \/>\n\t\t<meta name=\"twitter:description\" content=\"CZ\u0118\u015a\u0106 III \u2013 WEJ\u015aCIE W CZAS: DUCHOWA WALKA O RZECZYWISTO\u015a\u0106 Czas jako pu\u0142apka \u2013 Wojenna p\u0119tla jako system karmiczny(O iluzji czasu i pr\u00f3bie \u201enaprawiania przesz\u0142o\u015bci\u201d. Dlaczego ci\u0105gle wracamy do tych samych b\u0142\u0119d\u00f3w?) Kyle Reese \u2013 Pos\u0142aniec z przysz\u0142o\u015bci jako wewn\u0119trzny przewodnik(O duszy, kt\u00f3ra wraca do przesz\u0142o\u015bci, by przypomnie\u0107, kim jeste\u015bmy. Kyle jako m\u0119ski archetyp ochrony,\" \/>\n\t\t<meta name=\"twitter:image\" content=\"https:\/\/wia.net.pl\/wp-content\/uploads\/2023\/11\/cropped-freedom-i73367.jpg\" \/>\n\t\t<script type=\"application\/ld+json\" class=\"aioseo-schema\">\n\t\t\t{\"@context\":\"https:\\\/\\\/schema.org\",\"@graph\":[{\"@type\":\"BlogPosting\",\"@id\":\"https:\\\/\\\/wia.net.pl\\\/index.php\\\/2025\\\/05\\\/28\\\/terminator-czesc-3-wejscie-w-czas-duchowa-walka-o-rzeczywistosc\\\/#blogposting\",\"name\":\"Terminator \\u2013 Cz\\u0119\\u015b\\u0107 3 \\u2013 Wej\\u015bcie w czas \\u2013 Duchowa walka o rzeczywisto\\u015b\\u0107 - Wolno\\u015b\\u0107 i Anarchia\",\"headline\":\"Terminator &#8211; Cz\\u0119\\u015b\\u0107 3 &#8211; Wej\\u015bcie w czas &#8211; Duchowa walka o rzeczywisto\\u015b\\u0107\",\"author\":{\"@id\":\"https:\\\/\\\/wia.net.pl\\\/index.php\\\/author\\\/talar\\\/#author\"},\"publisher\":{\"@id\":\"https:\\\/\\\/wia.net.pl\\\/#person\"},\"image\":{\"@type\":\"ImageObject\",\"url\":\"https:\\\/\\\/wia.net.pl\\\/wp-content\\\/uploads\\\/2025\\\/05\\\/TERMINATOR-cz3.png\",\"width\":1920,\"height\":1080},\"datePublished\":\"2025-05-28T02:58:27+02:00\",\"dateModified\":\"2026-01-22T01:42:03+01:00\",\"inLanguage\":\"pl-PL\",\"mainEntityOfPage\":{\"@id\":\"https:\\\/\\\/wia.net.pl\\\/index.php\\\/2025\\\/05\\\/28\\\/terminator-czesc-3-wejscie-w-czas-duchowa-walka-o-rzeczywistosc\\\/#webpage\"},\"isPartOf\":{\"@id\":\"https:\\\/\\\/wia.net.pl\\\/index.php\\\/2025\\\/05\\\/28\\\/terminator-czesc-3-wejscie-w-czas-duchowa-walka-o-rzeczywistosc\\\/#webpage\"},\"articleSection\":\"P\\u0142atna subskrypcja Substack, Cesarstwo Rzymskie, Historia ziemi, Illuminati, Ko\\u015bci\\u00f3\\u0142 katolicki, Ludzko\\u015b\\u0107, Niewolnictwo, Rz\\u0105d, Satanizm, Tajne stowarzyszenia, Wszech\\u015bwiat\"},{\"@type\":\"BreadcrumbList\",\"@id\":\"https:\\\/\\\/wia.net.pl\\\/index.php\\\/2025\\\/05\\\/28\\\/terminator-czesc-3-wejscie-w-czas-duchowa-walka-o-rzeczywistosc\\\/#breadcrumblist\",\"itemListElement\":[{\"@type\":\"ListItem\",\"@id\":\"https:\\\/\\\/wia.net.pl#listItem\",\"position\":1,\"name\":\"Home\",\"item\":\"https:\\\/\\\/wia.net.pl\",\"nextItem\":{\"@type\":\"ListItem\",\"@id\":\"https:\\\/\\\/wia.net.pl\\\/index.php\\\/category\\\/platna-subskrypcja-substack\\\/#listItem\",\"name\":\"P\\u0142atna subskrypcja Substack\"}},{\"@type\":\"ListItem\",\"@id\":\"https:\\\/\\\/wia.net.pl\\\/index.php\\\/category\\\/platna-subskrypcja-substack\\\/#listItem\",\"position\":2,\"name\":\"P\\u0142atna subskrypcja Substack\",\"item\":\"https:\\\/\\\/wia.net.pl\\\/index.php\\\/category\\\/platna-subskrypcja-substack\\\/\",\"nextItem\":{\"@type\":\"ListItem\",\"@id\":\"https:\\\/\\\/wia.net.pl\\\/index.php\\\/2025\\\/05\\\/28\\\/terminator-czesc-3-wejscie-w-czas-duchowa-walka-o-rzeczywistosc\\\/#listItem\",\"name\":\"Terminator &#8211; Cz\\u0119\\u015b\\u0107 3 &#8211; Wej\\u015bcie w czas &#8211; Duchowa walka o rzeczywisto\\u015b\\u0107\"},\"previousItem\":{\"@type\":\"ListItem\",\"@id\":\"https:\\\/\\\/wia.net.pl#listItem\",\"name\":\"Home\"}},{\"@type\":\"ListItem\",\"@id\":\"https:\\\/\\\/wia.net.pl\\\/index.php\\\/2025\\\/05\\\/28\\\/terminator-czesc-3-wejscie-w-czas-duchowa-walka-o-rzeczywistosc\\\/#listItem\",\"position\":3,\"name\":\"Terminator &#8211; Cz\\u0119\\u015b\\u0107 3 &#8211; Wej\\u015bcie w czas &#8211; Duchowa walka o rzeczywisto\\u015b\\u0107\",\"previousItem\":{\"@type\":\"ListItem\",\"@id\":\"https:\\\/\\\/wia.net.pl\\\/index.php\\\/category\\\/platna-subskrypcja-substack\\\/#listItem\",\"name\":\"P\\u0142atna subskrypcja Substack\"}}]},{\"@type\":\"Person\",\"@id\":\"https:\\\/\\\/wia.net.pl\\\/#person\",\"name\":\"Bart\\u0142omiej Talarczyk\",\"image\":{\"@type\":\"ImageObject\",\"@id\":\"https:\\\/\\\/wia.net.pl\\\/index.php\\\/2025\\\/05\\\/28\\\/terminator-czesc-3-wejscie-w-czas-duchowa-walka-o-rzeczywistosc\\\/#personImage\",\"url\":\"https:\\\/\\\/wia.net.pl\\\/wp-content\\\/uploads\\\/avatar-privacy\\\/cache\\\/user\\\/1\\\/7\\\/176a6b161c58363ff49b5c167264231f519f5c7fa183ca1f61e891769b6b56d5-96.jpg\",\"width\":96,\"height\":96,\"caption\":\"Bart\\u0142omiej Talarczyk\"}},{\"@type\":\"Person\",\"@id\":\"https:\\\/\\\/wia.net.pl\\\/index.php\\\/author\\\/talar\\\/#author\",\"url\":\"https:\\\/\\\/wia.net.pl\\\/index.php\\\/author\\\/talar\\\/\",\"name\":\"Bart\\u0142omiej Talarczyk\",\"image\":{\"@type\":\"ImageObject\",\"@id\":\"https:\\\/\\\/wia.net.pl\\\/index.php\\\/2025\\\/05\\\/28\\\/terminator-czesc-3-wejscie-w-czas-duchowa-walka-o-rzeczywistosc\\\/#authorImage\",\"url\":\"https:\\\/\\\/wia.net.pl\\\/wp-content\\\/uploads\\\/avatar-privacy\\\/cache\\\/user\\\/1\\\/7\\\/176a6b161c58363ff49b5c167264231f519f5c7fa183ca1f61e891769b6b56d5-96.jpg\",\"width\":96,\"height\":96,\"caption\":\"Bart\\u0142omiej Talarczyk\"}},{\"@type\":\"WebPage\",\"@id\":\"https:\\\/\\\/wia.net.pl\\\/index.php\\\/2025\\\/05\\\/28\\\/terminator-czesc-3-wejscie-w-czas-duchowa-walka-o-rzeczywistosc\\\/#webpage\",\"url\":\"https:\\\/\\\/wia.net.pl\\\/index.php\\\/2025\\\/05\\\/28\\\/terminator-czesc-3-wejscie-w-czas-duchowa-walka-o-rzeczywistosc\\\/\",\"name\":\"Terminator \\u2013 Cz\\u0119\\u015b\\u0107 3 \\u2013 Wej\\u015bcie w czas \\u2013 Duchowa walka o rzeczywisto\\u015b\\u0107 - Wolno\\u015b\\u0107 i Anarchia\",\"description\":\"CZ\\u0118\\u015a\\u0106 III \\u2013 WEJ\\u015aCIE W CZAS: DUCHOWA WALKA O RZECZYWISTO\\u015a\\u0106 Czas jako pu\\u0142apka \\u2013 Wojenna p\\u0119tla jako system karmiczny(O iluzji czasu i pr\\u00f3bie \\u201enaprawiania przesz\\u0142o\\u015bci\\u201d. Dlaczego ci\\u0105gle wracamy do tych samych b\\u0142\\u0119d\\u00f3w?) Kyle Reese \\u2013 Pos\\u0142aniec z przysz\\u0142o\\u015bci jako wewn\\u0119trzny przewodnik(O duszy, kt\\u00f3ra wraca do przesz\\u0142o\\u015bci, by przypomnie\\u0107, kim jeste\\u015bmy. Kyle jako m\\u0119ski archetyp ochrony,\",\"inLanguage\":\"pl-PL\",\"isPartOf\":{\"@id\":\"https:\\\/\\\/wia.net.pl\\\/#website\"},\"breadcrumb\":{\"@id\":\"https:\\\/\\\/wia.net.pl\\\/index.php\\\/2025\\\/05\\\/28\\\/terminator-czesc-3-wejscie-w-czas-duchowa-walka-o-rzeczywistosc\\\/#breadcrumblist\"},\"author\":{\"@id\":\"https:\\\/\\\/wia.net.pl\\\/index.php\\\/author\\\/talar\\\/#author\"},\"creator\":{\"@id\":\"https:\\\/\\\/wia.net.pl\\\/index.php\\\/author\\\/talar\\\/#author\"},\"image\":{\"@type\":\"ImageObject\",\"url\":\"https:\\\/\\\/wia.net.pl\\\/wp-content\\\/uploads\\\/2025\\\/05\\\/TERMINATOR-cz3.png\",\"@id\":\"https:\\\/\\\/wia.net.pl\\\/index.php\\\/2025\\\/05\\\/28\\\/terminator-czesc-3-wejscie-w-czas-duchowa-walka-o-rzeczywistosc\\\/#mainImage\",\"width\":1920,\"height\":1080},\"primaryImageOfPage\":{\"@id\":\"https:\\\/\\\/wia.net.pl\\\/index.php\\\/2025\\\/05\\\/28\\\/terminator-czesc-3-wejscie-w-czas-duchowa-walka-o-rzeczywistosc\\\/#mainImage\"},\"datePublished\":\"2025-05-28T02:58:27+02:00\",\"dateModified\":\"2026-01-22T01:42:03+01:00\"},{\"@type\":\"WebSite\",\"@id\":\"https:\\\/\\\/wia.net.pl\\\/#website\",\"url\":\"https:\\\/\\\/wia.net.pl\\\/\",\"name\":\"Wolno\\u015b\\u0107 i Anarchia\",\"description\":\"Ka\\u017cdy wewn\\u0119trznie jest anarchist\\u0105.\",\"inLanguage\":\"pl-PL\",\"publisher\":{\"@id\":\"https:\\\/\\\/wia.net.pl\\\/#person\"}}]}\n\t\t<\/script>\n\t\t<!-- All in One SEO -->\n\n","aioseo_head_json":{"title":"Terminator \u2013 Cz\u0119\u015b\u0107 3 \u2013 Wej\u015bcie w czas \u2013 Duchowa walka o rzeczywisto\u015b\u0107 - Wolno\u015b\u0107 i Anarchia","description":"CZ\u0118\u015a\u0106 III \u2013 WEJ\u015aCIE W CZAS: DUCHOWA WALKA O RZECZYWISTO\u015a\u0106 Czas jako pu\u0142apka \u2013 Wojenna p\u0119tla jako system karmiczny(O iluzji czasu i pr\u00f3bie \u201enaprawiania przesz\u0142o\u015bci\u201d. Dlaczego ci\u0105gle wracamy do tych samych b\u0142\u0119d\u00f3w?) Kyle Reese \u2013 Pos\u0142aniec z przysz\u0142o\u015bci jako wewn\u0119trzny przewodnik(O duszy, kt\u00f3ra wraca do przesz\u0142o\u015bci, by przypomnie\u0107, kim jeste\u015bmy. Kyle jako m\u0119ski archetyp ochrony,","canonical_url":"https:\/\/wia.net.pl\/index.php\/2025\/05\/28\/terminator-czesc-3-wejscie-w-czas-duchowa-walka-o-rzeczywistosc\/","robots":"max-image-preview:large","keywords":"","webmasterTools":{"miscellaneous":""},"schema":{"@context":"https:\/\/schema.org","@graph":[{"@type":"BlogPosting","@id":"https:\/\/wia.net.pl\/index.php\/2025\/05\/28\/terminator-czesc-3-wejscie-w-czas-duchowa-walka-o-rzeczywistosc\/#blogposting","name":"Terminator \u2013 Cz\u0119\u015b\u0107 3 \u2013 Wej\u015bcie w czas \u2013 Duchowa walka o rzeczywisto\u015b\u0107 - Wolno\u015b\u0107 i Anarchia","headline":"Terminator &#8211; Cz\u0119\u015b\u0107 3 &#8211; Wej\u015bcie w czas &#8211; Duchowa walka o rzeczywisto\u015b\u0107","author":{"@id":"https:\/\/wia.net.pl\/index.php\/author\/talar\/#author"},"publisher":{"@id":"https:\/\/wia.net.pl\/#person"},"image":{"@type":"ImageObject","url":"https:\/\/wia.net.pl\/wp-content\/uploads\/2025\/05\/TERMINATOR-cz3.png","width":1920,"height":1080},"datePublished":"2025-05-28T02:58:27+02:00","dateModified":"2026-01-22T01:42:03+01:00","inLanguage":"pl-PL","mainEntityOfPage":{"@id":"https:\/\/wia.net.pl\/index.php\/2025\/05\/28\/terminator-czesc-3-wejscie-w-czas-duchowa-walka-o-rzeczywistosc\/#webpage"},"isPartOf":{"@id":"https:\/\/wia.net.pl\/index.php\/2025\/05\/28\/terminator-czesc-3-wejscie-w-czas-duchowa-walka-o-rzeczywistosc\/#webpage"},"articleSection":"P\u0142atna subskrypcja Substack, Cesarstwo Rzymskie, Historia ziemi, Illuminati, Ko\u015bci\u00f3\u0142 katolicki, Ludzko\u015b\u0107, Niewolnictwo, Rz\u0105d, Satanizm, Tajne stowarzyszenia, Wszech\u015bwiat"},{"@type":"BreadcrumbList","@id":"https:\/\/wia.net.pl\/index.php\/2025\/05\/28\/terminator-czesc-3-wejscie-w-czas-duchowa-walka-o-rzeczywistosc\/#breadcrumblist","itemListElement":[{"@type":"ListItem","@id":"https:\/\/wia.net.pl#listItem","position":1,"name":"Home","item":"https:\/\/wia.net.pl","nextItem":{"@type":"ListItem","@id":"https:\/\/wia.net.pl\/index.php\/category\/platna-subskrypcja-substack\/#listItem","name":"P\u0142atna subskrypcja Substack"}},{"@type":"ListItem","@id":"https:\/\/wia.net.pl\/index.php\/category\/platna-subskrypcja-substack\/#listItem","position":2,"name":"P\u0142atna subskrypcja Substack","item":"https:\/\/wia.net.pl\/index.php\/category\/platna-subskrypcja-substack\/","nextItem":{"@type":"ListItem","@id":"https:\/\/wia.net.pl\/index.php\/2025\/05\/28\/terminator-czesc-3-wejscie-w-czas-duchowa-walka-o-rzeczywistosc\/#listItem","name":"Terminator &#8211; Cz\u0119\u015b\u0107 3 &#8211; Wej\u015bcie w czas &#8211; Duchowa walka o rzeczywisto\u015b\u0107"},"previousItem":{"@type":"ListItem","@id":"https:\/\/wia.net.pl#listItem","name":"Home"}},{"@type":"ListItem","@id":"https:\/\/wia.net.pl\/index.php\/2025\/05\/28\/terminator-czesc-3-wejscie-w-czas-duchowa-walka-o-rzeczywistosc\/#listItem","position":3,"name":"Terminator &#8211; Cz\u0119\u015b\u0107 3 &#8211; Wej\u015bcie w czas &#8211; Duchowa walka o rzeczywisto\u015b\u0107","previousItem":{"@type":"ListItem","@id":"https:\/\/wia.net.pl\/index.php\/category\/platna-subskrypcja-substack\/#listItem","name":"P\u0142atna subskrypcja Substack"}}]},{"@type":"Person","@id":"https:\/\/wia.net.pl\/#person","name":"Bart\u0142omiej Talarczyk","image":{"@type":"ImageObject","@id":"https:\/\/wia.net.pl\/index.php\/2025\/05\/28\/terminator-czesc-3-wejscie-w-czas-duchowa-walka-o-rzeczywistosc\/#personImage","url":"https:\/\/wia.net.pl\/wp-content\/uploads\/avatar-privacy\/cache\/user\/1\/7\/176a6b161c58363ff49b5c167264231f519f5c7fa183ca1f61e891769b6b56d5-96.jpg","width":96,"height":96,"caption":"Bart\u0142omiej Talarczyk"}},{"@type":"Person","@id":"https:\/\/wia.net.pl\/index.php\/author\/talar\/#author","url":"https:\/\/wia.net.pl\/index.php\/author\/talar\/","name":"Bart\u0142omiej Talarczyk","image":{"@type":"ImageObject","@id":"https:\/\/wia.net.pl\/index.php\/2025\/05\/28\/terminator-czesc-3-wejscie-w-czas-duchowa-walka-o-rzeczywistosc\/#authorImage","url":"https:\/\/wia.net.pl\/wp-content\/uploads\/avatar-privacy\/cache\/user\/1\/7\/176a6b161c58363ff49b5c167264231f519f5c7fa183ca1f61e891769b6b56d5-96.jpg","width":96,"height":96,"caption":"Bart\u0142omiej Talarczyk"}},{"@type":"WebPage","@id":"https:\/\/wia.net.pl\/index.php\/2025\/05\/28\/terminator-czesc-3-wejscie-w-czas-duchowa-walka-o-rzeczywistosc\/#webpage","url":"https:\/\/wia.net.pl\/index.php\/2025\/05\/28\/terminator-czesc-3-wejscie-w-czas-duchowa-walka-o-rzeczywistosc\/","name":"Terminator \u2013 Cz\u0119\u015b\u0107 3 \u2013 Wej\u015bcie w czas \u2013 Duchowa walka o rzeczywisto\u015b\u0107 - Wolno\u015b\u0107 i Anarchia","description":"CZ\u0118\u015a\u0106 III \u2013 WEJ\u015aCIE W CZAS: DUCHOWA WALKA O RZECZYWISTO\u015a\u0106 Czas jako pu\u0142apka \u2013 Wojenna p\u0119tla jako system karmiczny(O iluzji czasu i pr\u00f3bie \u201enaprawiania przesz\u0142o\u015bci\u201d. Dlaczego ci\u0105gle wracamy do tych samych b\u0142\u0119d\u00f3w?) Kyle Reese \u2013 Pos\u0142aniec z przysz\u0142o\u015bci jako wewn\u0119trzny przewodnik(O duszy, kt\u00f3ra wraca do przesz\u0142o\u015bci, by przypomnie\u0107, kim jeste\u015bmy. Kyle jako m\u0119ski archetyp ochrony,","inLanguage":"pl-PL","isPartOf":{"@id":"https:\/\/wia.net.pl\/#website"},"breadcrumb":{"@id":"https:\/\/wia.net.pl\/index.php\/2025\/05\/28\/terminator-czesc-3-wejscie-w-czas-duchowa-walka-o-rzeczywistosc\/#breadcrumblist"},"author":{"@id":"https:\/\/wia.net.pl\/index.php\/author\/talar\/#author"},"creator":{"@id":"https:\/\/wia.net.pl\/index.php\/author\/talar\/#author"},"image":{"@type":"ImageObject","url":"https:\/\/wia.net.pl\/wp-content\/uploads\/2025\/05\/TERMINATOR-cz3.png","@id":"https:\/\/wia.net.pl\/index.php\/2025\/05\/28\/terminator-czesc-3-wejscie-w-czas-duchowa-walka-o-rzeczywistosc\/#mainImage","width":1920,"height":1080},"primaryImageOfPage":{"@id":"https:\/\/wia.net.pl\/index.php\/2025\/05\/28\/terminator-czesc-3-wejscie-w-czas-duchowa-walka-o-rzeczywistosc\/#mainImage"},"datePublished":"2025-05-28T02:58:27+02:00","dateModified":"2026-01-22T01:42:03+01:00"},{"@type":"WebSite","@id":"https:\/\/wia.net.pl\/#website","url":"https:\/\/wia.net.pl\/","name":"Wolno\u015b\u0107 i Anarchia","description":"Ka\u017cdy wewn\u0119trznie jest anarchist\u0105.","inLanguage":"pl-PL","publisher":{"@id":"https:\/\/wia.net.pl\/#person"}}]},"og:locale":"pl_PL","og:site_name":"Wolno\u015b\u0107 i Anarchia - Ka\u017cdy wewn\u0119trznie jest anarchist\u0105.","og:type":"article","og:title":"Terminator \u2013 Cz\u0119\u015b\u0107 3 \u2013 Wej\u015bcie w czas \u2013 Duchowa walka o rzeczywisto\u015b\u0107 - Wolno\u015b\u0107 i Anarchia","og:description":"CZ\u0118\u015a\u0106 III \u2013 WEJ\u015aCIE W CZAS: DUCHOWA WALKA O RZECZYWISTO\u015a\u0106 Czas jako pu\u0142apka \u2013 Wojenna p\u0119tla jako system karmiczny(O iluzji czasu i pr\u00f3bie \u201enaprawiania przesz\u0142o\u015bci\u201d. Dlaczego ci\u0105gle wracamy do tych samych b\u0142\u0119d\u00f3w?) Kyle Reese \u2013 Pos\u0142aniec z przysz\u0142o\u015bci jako wewn\u0119trzny przewodnik(O duszy, kt\u00f3ra wraca do przesz\u0142o\u015bci, by przypomnie\u0107, kim jeste\u015bmy. Kyle jako m\u0119ski archetyp ochrony,","og:url":"https:\/\/wia.net.pl\/index.php\/2025\/05\/28\/terminator-czesc-3-wejscie-w-czas-duchowa-walka-o-rzeczywistosc\/","og:image":"https:\/\/wia.net.pl\/wp-content\/uploads\/2023\/11\/cropped-freedom-i73367.jpg","og:image:secure_url":"https:\/\/wia.net.pl\/wp-content\/uploads\/2023\/11\/cropped-freedom-i73367.jpg","article:published_time":"2025-05-28T00:58:27+00:00","article:modified_time":"2026-01-22T00:42:03+00:00","twitter:card":"summary_large_image","twitter:title":"Terminator \u2013 Cz\u0119\u015b\u0107 3 \u2013 Wej\u015bcie w czas \u2013 Duchowa walka o rzeczywisto\u015b\u0107 - Wolno\u015b\u0107 i Anarchia","twitter:description":"CZ\u0118\u015a\u0106 III \u2013 WEJ\u015aCIE W CZAS: DUCHOWA WALKA O RZECZYWISTO\u015a\u0106 Czas jako pu\u0142apka \u2013 Wojenna p\u0119tla jako system karmiczny(O iluzji czasu i pr\u00f3bie \u201enaprawiania przesz\u0142o\u015bci\u201d. Dlaczego ci\u0105gle wracamy do tych samych b\u0142\u0119d\u00f3w?) Kyle Reese \u2013 Pos\u0142aniec z przysz\u0142o\u015bci jako wewn\u0119trzny przewodnik(O duszy, kt\u00f3ra wraca do przesz\u0142o\u015bci, by przypomnie\u0107, kim jeste\u015bmy. Kyle jako m\u0119ski archetyp ochrony,","twitter:image":"https:\/\/wia.net.pl\/wp-content\/uploads\/2023\/11\/cropped-freedom-i73367.jpg"},"aioseo_meta_data":{"post_id":"10048","title":null,"description":null,"keywords":null,"keyphrases":{"focus":{"keyphrase":"","score":0,"analysis":{"keyphraseInTitle":{"score":0,"maxScore":9,"error":1}}},"additional":[]},"primary_term":null,"canonical_url":null,"og_title":null,"og_description":null,"og_object_type":"default","og_image_type":"default","og_image_url":null,"og_image_width":null,"og_image_height":null,"og_image_custom_url":null,"og_image_custom_fields":null,"og_video":"","og_custom_url":null,"og_article_section":null,"og_article_tags":null,"twitter_use_og":false,"twitter_card":"default","twitter_image_type":"default","twitter_image_url":null,"twitter_image_custom_url":null,"twitter_image_custom_fields":null,"twitter_title":null,"twitter_description":null,"schema":{"blockGraphs":[],"customGraphs":[],"default":{"data":{"Article":[],"Course":[],"Dataset":[],"FAQPage":[],"Movie":[],"Person":[],"Product":[],"ProductReview":[],"Car":[],"Recipe":[],"Service":[],"SoftwareApplication":[],"WebPage":[]},"graphName":"BlogPosting","isEnabled":true},"graphs":[]},"schema_type":"default","schema_type_options":null,"pillar_content":false,"robots_default":true,"robots_noindex":false,"robots_noarchive":false,"robots_nosnippet":false,"robots_nofollow":false,"robots_noimageindex":false,"robots_noodp":false,"robots_notranslate":false,"robots_max_snippet":"-1","robots_max_videopreview":"-1","robots_max_imagepreview":"large","priority":null,"frequency":"default","local_seo":null,"breadcrumb_settings":null,"limit_modified_date":false,"ai":null,"created":"2025-05-28 00:58:28","updated":"2026-01-22 00:42:30","seo_analyzer_scan_date":null,"focus_keyword":null,"additional_keywords":null,"truseo_locale":null},"aioseo_breadcrumb":"<div class=\"aioseo-breadcrumbs\"><span class=\"aioseo-breadcrumb\">\n\t\t\t<a href=\"https:\/\/wia.net.pl\" title=\"Home\">Home<\/a>\n\t\t<\/span><span class=\"aioseo-breadcrumb-separator\">&raquo;<\/span><span class=\"aioseo-breadcrumb\">\n\t\t\t<a href=\"https:\/\/wia.net.pl\/index.php\/category\/platna-subskrypcja-substack\/\" title=\"P\u0142atna subskrypcja Substack\">P\u0142atna subskrypcja Substack<\/a>\n\t\t<\/span><span class=\"aioseo-breadcrumb-separator\">&raquo;<\/span><span class=\"aioseo-breadcrumb\">\n\t\t\tTerminator \u2013 Cz\u0119\u015b\u0107 3 \u2013 Wej\u015bcie w czas \u2013 Duchowa walka o rzeczywisto\u015b\u0107\n\t\t<\/span><\/div>","aioseo_breadcrumb_json":[{"label":"Home","link":"https:\/\/wia.net.pl"},{"label":"P\u0142atna subskrypcja Substack","link":"https:\/\/wia.net.pl\/index.php\/category\/platna-subskrypcja-substack\/"},{"label":"Terminator &#8211; Cz\u0119\u015b\u0107 3 &#8211; Wej\u015bcie w czas &#8211; Duchowa walka o rzeczywisto\u015b\u0107","link":"https:\/\/wia.net.pl\/index.php\/2025\/05\/28\/terminator-czesc-3-wejscie-w-czas-duchowa-walka-o-rzeczywistosc\/"}],"_links":{"self":[{"href":"https:\/\/wia.net.pl\/index.php\/wp-json\/wp\/v2\/posts\/10048"}],"collection":[{"href":"https:\/\/wia.net.pl\/index.php\/wp-json\/wp\/v2\/posts"}],"about":[{"href":"https:\/\/wia.net.pl\/index.php\/wp-json\/wp\/v2\/types\/post"}],"author":[{"embeddable":true,"href":"https:\/\/wia.net.pl\/index.php\/wp-json\/wp\/v2\/users\/3"}],"replies":[{"embeddable":true,"href":"https:\/\/wia.net.pl\/index.php\/wp-json\/wp\/v2\/comments?post=10048"}],"version-history":[{"count":1,"href":"https:\/\/wia.net.pl\/index.php\/wp-json\/wp\/v2\/posts\/10048\/revisions"}],"predecessor-version":[{"id":10050,"href":"https:\/\/wia.net.pl\/index.php\/wp-json\/wp\/v2\/posts\/10048\/revisions\/10050"}],"wp:featuredmedia":[{"embeddable":true,"href":"https:\/\/wia.net.pl\/index.php\/wp-json\/wp\/v2\/media\/10049"}],"wp:attachment":[{"href":"https:\/\/wia.net.pl\/index.php\/wp-json\/wp\/v2\/media?parent=10048"}],"wp:term":[{"taxonomy":"category","embeddable":true,"href":"https:\/\/wia.net.pl\/index.php\/wp-json\/wp\/v2\/categories?post=10048"},{"taxonomy":"post_tag","embeddable":true,"href":"https:\/\/wia.net.pl\/index.php\/wp-json\/wp\/v2\/tags?post=10048"}],"curies":[{"name":"wp","href":"https:\/\/api.w.org\/{rel}","templated":true}]}}