{"id":1008,"date":"2023-06-02T12:58:26","date_gmt":"2023-06-02T10:58:26","guid":{"rendered":"https:\/\/wia.net.pl\/?p=1008"},"modified":"2023-07-04T20:55:44","modified_gmt":"2023-07-04T18:55:44","slug":"bogowie-w-biblii-graham-hancock-i-mauro-biglino","status":"publish","type":"post","link":"https:\/\/wia.net.pl\/index.php\/2023\/06\/02\/bogowie-w-biblii-graham-hancock-i-mauro-biglino\/","title":{"rendered":"Bogowie w Biblii &#8211; Graham Hancock i Mauro Biglino"},"content":{"rendered":"\n<p>Graham Hancock rozmawia z Mauro Biglino o jego pracy przy t\u0142umaczeniu Biblii, oraz o braku Boga w oryginalnym tek\u015bcie.<\/p>\n\n\n\n<p>Zobacz wi\u0119cej: https:\/\/grahamhancock.com\/biglinom1\/ <\/p>\n\n\n\n<p>Zobacz now\u0105 ksi\u0105\u017ck\u0119 Mauro: https:\/\/amzn.to\/40Yj4BY<\/p>\n\n\n\n<p>Dodatkowe pytania Luke&#8217;a Hancocka na ko\u0144cu. Wideo autorstwa Luke&#8217;a Hancocka.<\/p>\n\n\n\n<p>O Mauro Biglino:<\/p>\n\n\n\n<p><span style=\"color: rgb(13, 13, 13); font-family: Roboto, Noto, sans-serif; font-size: 15px; font-style: normal; font-variant-ligatures: normal; font-variant-caps: normal; font-weight: 400; letter-spacing: normal; orphans: 2; text-align: start; text-indent: 0px; text-transform: none; white-space: pre-wrap; widows: 2; word-spacing: 0px; -webkit-text-stroke-width: 0px; background-color: rgb(255, 255, 255); text-decoration-thickness: initial; text-decoration-style: initial; text-decoration-color: initial; display: inline !important; float: none;\">T\u0142umacz 19 ksi\u0105g Starego Testamentu z Edizioni San Paolo, uczony w j\u0119zykach staro\u017cytnych Mauro Biglino wyr\u00f3\u017cnia\u0142 si\u0119 w oczach opinii publicznej od 2010 roku swoj\u0105 wybitn\u0105 dos\u0142own\u0105 reinterpretacj\u0105 Biblii, wyra\u017con\u0105 w serii bestsellerowych esej\u00f3w.<\/span><\/p>\n\n\n\n<p>Jego tw\u00f3rczo\u015b\u0107 zdoby\u0142a uznanie wielbicieli, uczonych i wszelkiego rodzaju czytelnik\u00f3w. Jego ksi\u0105\u017cki bior\u0105 czytelnika za r\u0119k\u0119 i &#8211; wolne od jakichkolwiek uprzedze\u0144 czy filtr\u00f3w teologicznych &#8211; towarzysz\u0105 mu w fascynuj\u0105cej narracji biblijnych werset\u00f3w, kt\u00f3re analizowane s\u0105 w ich oryginalnej formie w staro\u017cytnym j\u0119zyku hebrajskim.<\/p>\n\n\n\n<p><span style=\"color: rgb(13, 13, 13); font-family: Roboto, Noto, sans-serif; font-size: 15px; font-style: normal; font-variant-ligatures: normal; font-variant-caps: normal; font-weight: 400; letter-spacing: normal; orphans: 2; text-align: start; text-indent: 0px; text-transform: none; white-space: pre-wrap; widows: 2; word-spacing: 0px; -webkit-text-stroke-width: 0px; background-color: rgb(255, 255, 255); text-decoration-thickness: initial; text-decoration-style: initial; text-decoration-color: initial; display: inline !important; float: none;\">Strona Mauro: https:\/\/www.maurobiglino.com\/en\/ <\/span><\/p>\n\n\n\n<p>\u0179r\u00f3d\u0142o: https:\/\/www.youtube.com\/@grahamhancock<\/p>\n\n\n\n<figure class=\"wp-block-embed is-type-video is-provider-youtube wp-block-embed-youtube wp-embed-aspect-16-9 wp-has-aspect-ratio\"><div class=\"wp-block-embed__wrapper\">\n<iframe loading=\"lazy\" title=\"Bogowie w Biblii - Graham Hancock i Mauro Biglino\" width=\"858\" height=\"483\" src=\"https:\/\/www.youtube.com\/embed\/0ZJTZrvo6Lc?feature=oembed\" frameborder=\"0\" allow=\"accelerometer; autoplay; clipboard-write; encrypted-media; gyroscope; picture-in-picture; web-share\" allowfullscreen><\/iframe>\n<\/div><\/figure>\n<div class=\"remoji_bar\"><div class=\"remoji_add_container\" data-remoji-id=\"1008\" data-remoji-type=\"post\"><div class=\"remoji_add_icon\"><\/div><\/div><div class=\"remoji_error_bar\" data-remoji-id=\"1008\" data-remoji-type=\"post\" style=\"display: none;\">Error happened.<\/div><\/div>","protected":false},"excerpt":{"rendered":"<p>Graham Hancock rozmawia z Mauro Biglino o jego pracy przy t\u0142umaczeniu Biblii, oraz o braku Boga w oryginalnym tek\u015bcie. Zobacz wi\u0119cej: https:\/\/grahamhancock.com\/biglinom1\/ Zobacz now\u0105 ksi\u0105\u017ck\u0119 Mauro: https:\/\/amzn.to\/40Yj4BY Dodatkowe pytania Luke&#8217;a Hancocka na ko\u0144cu. Wideo autorstwa Luke&#8217;a Hancocka. O Mauro Biglino:&#8230; <\/p>\n","protected":false},"author":3,"featured_media":1009,"comment_status":"open","ping_status":"open","sticky":false,"template":"","format":"standard","meta":{"_acf_changed":false,"_bbp_topic_count":0,"_bbp_reply_count":0,"_bbp_total_topic_count":0,"_bbp_total_reply_count":0,"_bbp_voice_count":0,"_bbp_anonymous_reply_count":0,"_bbp_topic_count_hidden":0,"_bbp_reply_count_hidden":0,"_bbp_forum_subforum_count":0,"om_disable_all_campaigns":false,"_monsterinsights_skip_tracking":false,"_monsterinsights_sitenote_active":false,"_monsterinsights_sitenote_note":"","_monsterinsights_sitenote_category":0,"footnotes":""},"categories":[96],"tags":[60,68,63,71,26,103,23,58,104,70,105],"class_list":["post-1008","post","type-post","status-publish","format-standard","has-post-thumbnail","hentry","category-religie","tag-aliens","tag-cesarstwo-rzymskie","tag-historia-ziemi","tag-kosciol-katolicki","tag-ludzkosc","tag-mauro-biglino","tag-niewolnictwo","tag-obcy","tag-paul-wallis","tag-tajne-stowarzyszenia","tag-the-5th-kind"],"acf":[],"aioseo_notices":[],"_links":{"self":[{"href":"https:\/\/wia.net.pl\/index.php\/wp-json\/wp\/v2\/posts\/1008"}],"collection":[{"href":"https:\/\/wia.net.pl\/index.php\/wp-json\/wp\/v2\/posts"}],"about":[{"href":"https:\/\/wia.net.pl\/index.php\/wp-json\/wp\/v2\/types\/post"}],"author":[{"embeddable":true,"href":"https:\/\/wia.net.pl\/index.php\/wp-json\/wp\/v2\/users\/3"}],"replies":[{"embeddable":true,"href":"https:\/\/wia.net.pl\/index.php\/wp-json\/wp\/v2\/comments?post=1008"}],"version-history":[{"count":1,"href":"https:\/\/wia.net.pl\/index.php\/wp-json\/wp\/v2\/posts\/1008\/revisions"}],"predecessor-version":[{"id":1010,"href":"https:\/\/wia.net.pl\/index.php\/wp-json\/wp\/v2\/posts\/1008\/revisions\/1010"}],"wp:featuredmedia":[{"embeddable":true,"href":"https:\/\/wia.net.pl\/index.php\/wp-json\/wp\/v2\/media\/1009"}],"wp:attachment":[{"href":"https:\/\/wia.net.pl\/index.php\/wp-json\/wp\/v2\/media?parent=1008"}],"wp:term":[{"taxonomy":"category","embeddable":true,"href":"https:\/\/wia.net.pl\/index.php\/wp-json\/wp\/v2\/categories?post=1008"},{"taxonomy":"post_tag","embeddable":true,"href":"https:\/\/wia.net.pl\/index.php\/wp-json\/wp\/v2\/tags?post=1008"}],"curies":[{"name":"wp","href":"https:\/\/api.w.org\/{rel}","templated":true}]}}