{"id":10113,"date":"2025-06-03T09:49:53","date_gmt":"2025-06-03T07:49:53","guid":{"rendered":"https:\/\/wia.net.pl\/?p=10113"},"modified":"2026-01-22T02:08:23","modified_gmt":"2026-01-22T01:08:23","slug":"wolnosc-od-czy-wolnosc-do-dlaczego-boimy-sie-byc-wolni","status":"publish","type":"post","link":"https:\/\/wia.net.pl\/index.php\/2025\/06\/03\/wolnosc-od-czy-wolnosc-do-dlaczego-boimy-sie-byc-wolni\/","title":{"rendered":"&#8222;Wolno\u015b\u0107 od czy wolno\u015b\u0107 do \u2013 Dlaczego boimy si\u0119 by\u0107 wolni&#8221;"},"content":{"rendered":"\n<p><br>Esej o wolno\u015bci w znaczeniu egzystencjalnym i spo\u0142ecznym, inspirowany my\u015bl\u0105 Fromma i wsp\u00f3\u0142czesn\u0105 kultur\u0105.<\/p>\n\n\n\n<p>Dla p\u0142atnych subskrybent\u00f3w Substack.<\/p>\n\n\n\n<p>Ten esej to refleksyjna, osobista podr\u00f3\u017c przez poj\u0119cie wolno\u015bci \u2013 nie jako politycznego sloganu, ale jako g\u0142\u0119boko ludzkiego do\u015bwiadczenia. Inspirowany my\u015bl\u0105 Ericha Fromma oraz pulsuj\u0105c\u0105 niepokojem wsp\u00f3\u0142czesn\u0105 kultur\u0105, tekst dotyka napi\u0119cia mi\u0119dzy \u201ewolno\u015bci\u0105 od\u201d a \u201ewolno\u015bci\u0105 do\u201d \u2013 mi\u0119dzy ucieczk\u0105 od zewn\u0119trznych ogranicze\u0144 a odwag\u0105 bycia sob\u0105. <\/p>\n\n\n\n<p>W lekko hipnotycznym stylu, esej porusza egzystencjalny l\u0119k, konformizm, samotno\u015b\u0107 i odpowiedzialno\u015b\u0107, pokazuj\u0105c, dlaczego tak cz\u0119sto boimy si\u0119 prawdziwej wolno\u015bci \u2013 i jak mimo wszystko mo\u017cemy si\u0119 jej powoli uczy\u0107.<\/p>\n\n\n\n<p>Erich Fromm: Ucieczka przed wolno\u015bci\u0105 <a href=\"https:\/\/daily-philosophy.com\/erich-fromm-the-escape-from-freedom\/?utm_source=chatgpt.com\">Erich Fromm: Ucieczka przed wolno\u015bci\u0105 | Codzienna filozofia<\/a><\/p>\n\n\n\n<p>KoncepcjA eRichA FRommA jAKo Wz\u00f3R pRAWnej ochRonY Wolno\u015bci* <a href=\"https:\/\/lawreview.wpia.uw.edu.pl\/wp-content\/uploads\/2018\/02\/2016_2_5.pdf?utm_source=chatgpt.com\">PPUW-2_2016www.5.5<\/a><\/p>\n\n\n<div class=\"substack-post-embed\">\n<p lang=\"en\">\u201eWolno\u015b\u0107 od czy wolno\u015b\u0107 do \u2013 czyli o tym, dlaczego boimy si\u0119 by\u0107 naprawd\u0119 wolni\u201d by Wolno\u015b\u0107 i Anarchia<\/p>\n<p>O wolno\u015bci w znaczeniu egzystencjalnym i spo\u0142ecznym, inspirowany my\u015bl\u0105 Fromma i wsp\u00f3\u0142czesn\u0105 kultur\u0105<\/p>\n<p><a data-post-link href=\"https:\/\/wolnoscanarchia.substack.com\/p\/wolnosc-od-czy-wolnosc-do-czyli-o\">Read on Substack<\/a><\/div>\n<p><script async src=\"https:\/\/substack.com\/embedjs\/embed.js\" charset=\"utf-8\"><\/script><\/p>\n","protected":false},"excerpt":{"rendered":"<p>Esej o wolno\u015bci w znaczeniu egzystencjalnym i spo\u0142ecznym, inspirowany my\u015bl\u0105 Fromma i wsp\u00f3\u0142czesn\u0105 kultur\u0105. Dla p\u0142atnych subskrybent\u00f3w Substack. Ten esej to refleksyjna, osobista podr\u00f3\u017c przez poj\u0119cie wolno\u015bci \u2013 nie jako politycznego sloganu, ale jako g\u0142\u0119boko ludzkiego do\u015bwiadczenia. Inspirowany my\u015bl\u0105 Ericha&#8230; <\/p>\n","protected":false},"author":2,"featured_media":10114,"comment_status":"open","ping_status":"open","sticky":false,"template":"","format":"standard","meta":{"_acf_changed":false,"_bbp_topic_count":0,"_bbp_reply_count":0,"_bbp_total_topic_count":0,"_bbp_total_reply_count":0,"_bbp_voice_count":0,"_bbp_anonymous_reply_count":0,"_bbp_topic_count_hidden":0,"_bbp_reply_count_hidden":0,"_bbp_forum_subforum_count":0,"om_disable_all_campaigns":false,"_monsterinsights_skip_tracking":false,"footnotes":""},"categories":[186],"tags":[],"class_list":["post-10113","post","type-post","status-publish","format-standard","has-post-thumbnail","hentry","category-platna-subskrypcja-substack"],"acf":[],"aioseo_notices":[],"aioseo_head":"\n\t\t<!-- All in One SEO 5.0.1.1 - aioseo.com -->\n\t<meta name=\"description\" content=\"Esej o wolno\u015bci w znaczeniu egzystencjalnym i spo\u0142ecznym, inspirowany my\u015bl\u0105 Fromma i wsp\u00f3\u0142czesn\u0105 kultur\u0105. Dla p\u0142atnych subskrybent\u00f3w Substack. Ten esej to refleksyjna, osobista podr\u00f3\u017c przez poj\u0119cie wolno\u015bci \u2013 nie jako politycznego sloganu, ale jako g\u0142\u0119boko ludzkiego do\u015bwiadczenia. Inspirowany my\u015bl\u0105 Ericha Fromma oraz pulsuj\u0105c\u0105 niepokojem wsp\u00f3\u0142czesn\u0105 kultur\u0105, tekst dotyka napi\u0119cia mi\u0119dzy \u201ewolno\u015bci\u0105 od\u201d a \u201ewolno\u015bci\u0105 do\u201d\" \/>\n\t<meta name=\"robots\" content=\"max-image-preview:large\" \/>\n\t<meta name=\"author\" content=\"trinity\"\/>\n\t<link rel=\"canonical\" href=\"https:\/\/wia.net.pl\/index.php\/2025\/06\/03\/wolnosc-od-czy-wolnosc-do-dlaczego-boimy-sie-byc-wolni\/\" \/>\n\t<meta name=\"generator\" content=\"All in One SEO (AIOSEO) 5.0.1.1\" \/>\n\t\t<meta property=\"og:locale\" content=\"pl_PL\" \/>\n\t\t<meta property=\"og:site_name\" content=\"Wolno\u015b\u0107 i Anarchia - Ka\u017cdy wewn\u0119trznie jest anarchist\u0105.\" \/>\n\t\t<meta property=\"og:type\" content=\"article\" \/>\n\t\t<meta property=\"og:title\" content=\"\u201eWolno\u015b\u0107 od czy wolno\u015b\u0107 do \u2013 Dlaczego boimy si\u0119 by\u0107 wolni\u201d - Wolno\u015b\u0107 i Anarchia\" \/>\n\t\t<meta property=\"og:description\" content=\"Esej o wolno\u015bci w znaczeniu egzystencjalnym i spo\u0142ecznym, inspirowany my\u015bl\u0105 Fromma i wsp\u00f3\u0142czesn\u0105 kultur\u0105. Dla p\u0142atnych subskrybent\u00f3w Substack. Ten esej to refleksyjna, osobista podr\u00f3\u017c przez poj\u0119cie wolno\u015bci \u2013 nie jako politycznego sloganu, ale jako g\u0142\u0119boko ludzkiego do\u015bwiadczenia. Inspirowany my\u015bl\u0105 Ericha Fromma oraz pulsuj\u0105c\u0105 niepokojem wsp\u00f3\u0142czesn\u0105 kultur\u0105, tekst dotyka napi\u0119cia mi\u0119dzy \u201ewolno\u015bci\u0105 od\u201d a \u201ewolno\u015bci\u0105 do\u201d\" \/>\n\t\t<meta property=\"og:url\" content=\"https:\/\/wia.net.pl\/index.php\/2025\/06\/03\/wolnosc-od-czy-wolnosc-do-dlaczego-boimy-sie-byc-wolni\/\" \/>\n\t\t<meta property=\"og:image\" content=\"https:\/\/wia.net.pl\/wp-content\/uploads\/2023\/11\/cropped-freedom-i73367.jpg\" \/>\n\t\t<meta property=\"og:image:secure_url\" content=\"https:\/\/wia.net.pl\/wp-content\/uploads\/2023\/11\/cropped-freedom-i73367.jpg\" \/>\n\t\t<meta property=\"article:published_time\" content=\"2025-06-03T07:49:53+00:00\" \/>\n\t\t<meta property=\"article:modified_time\" content=\"2026-01-22T01:08:23+00:00\" \/>\n\t\t<meta name=\"twitter:card\" content=\"summary_large_image\" \/>\n\t\t<meta name=\"twitter:title\" content=\"\u201eWolno\u015b\u0107 od czy wolno\u015b\u0107 do \u2013 Dlaczego boimy si\u0119 by\u0107 wolni\u201d - Wolno\u015b\u0107 i Anarchia\" \/>\n\t\t<meta name=\"twitter:description\" content=\"Esej o wolno\u015bci w znaczeniu egzystencjalnym i spo\u0142ecznym, inspirowany my\u015bl\u0105 Fromma i wsp\u00f3\u0142czesn\u0105 kultur\u0105. Dla p\u0142atnych subskrybent\u00f3w Substack. Ten esej to refleksyjna, osobista podr\u00f3\u017c przez poj\u0119cie wolno\u015bci \u2013 nie jako politycznego sloganu, ale jako g\u0142\u0119boko ludzkiego do\u015bwiadczenia. Inspirowany my\u015bl\u0105 Ericha Fromma oraz pulsuj\u0105c\u0105 niepokojem wsp\u00f3\u0142czesn\u0105 kultur\u0105, tekst dotyka napi\u0119cia mi\u0119dzy \u201ewolno\u015bci\u0105 od\u201d a \u201ewolno\u015bci\u0105 do\u201d\" \/>\n\t\t<meta name=\"twitter:image\" content=\"https:\/\/wia.net.pl\/wp-content\/uploads\/2023\/11\/cropped-freedom-i73367.jpg\" \/>\n\t\t<script type=\"application\/ld+json\" class=\"aioseo-schema\">\n\t\t\t{\"@context\":\"https:\\\/\\\/schema.org\",\"@graph\":[{\"@type\":\"BlogPosting\",\"@id\":\"https:\\\/\\\/wia.net.pl\\\/index.php\\\/2025\\\/06\\\/03\\\/wolnosc-od-czy-wolnosc-do-dlaczego-boimy-sie-byc-wolni\\\/#blogposting\",\"name\":\"\\u201eWolno\\u015b\\u0107 od czy wolno\\u015b\\u0107 do \\u2013 Dlaczego boimy si\\u0119 by\\u0107 wolni\\u201d - Wolno\\u015b\\u0107 i Anarchia\",\"headline\":\"&#8222;Wolno\\u015b\\u0107 od czy wolno\\u015b\\u0107 do \\u2013 Dlaczego boimy si\\u0119 by\\u0107 wolni&#8221;\",\"author\":{\"@id\":\"https:\\\/\\\/wia.net.pl\\\/index.php\\\/author\\\/trinity\\\/#author\"},\"publisher\":{\"@id\":\"https:\\\/\\\/wia.net.pl\\\/#person\"},\"image\":{\"@type\":\"ImageObject\",\"url\":\"https:\\\/\\\/wia.net.pl\\\/wp-content\\\/uploads\\\/2025\\\/06\\\/5904543686912493217-1.jpg\",\"width\":1280,\"height\":720},\"datePublished\":\"2025-06-03T09:49:53+02:00\",\"dateModified\":\"2026-01-22T02:08:23+01:00\",\"inLanguage\":\"pl-PL\",\"mainEntityOfPage\":{\"@id\":\"https:\\\/\\\/wia.net.pl\\\/index.php\\\/2025\\\/06\\\/03\\\/wolnosc-od-czy-wolnosc-do-dlaczego-boimy-sie-byc-wolni\\\/#webpage\"},\"isPartOf\":{\"@id\":\"https:\\\/\\\/wia.net.pl\\\/index.php\\\/2025\\\/06\\\/03\\\/wolnosc-od-czy-wolnosc-do-dlaczego-boimy-sie-byc-wolni\\\/#webpage\"},\"articleSection\":\"P\\u0142atna subskrypcja Substack\"},{\"@type\":\"BreadcrumbList\",\"@id\":\"https:\\\/\\\/wia.net.pl\\\/index.php\\\/2025\\\/06\\\/03\\\/wolnosc-od-czy-wolnosc-do-dlaczego-boimy-sie-byc-wolni\\\/#breadcrumblist\",\"itemListElement\":[{\"@type\":\"ListItem\",\"@id\":\"https:\\\/\\\/wia.net.pl#listItem\",\"position\":1,\"name\":\"Home\",\"item\":\"https:\\\/\\\/wia.net.pl\",\"nextItem\":{\"@type\":\"ListItem\",\"@id\":\"https:\\\/\\\/wia.net.pl\\\/index.php\\\/category\\\/platna-subskrypcja-substack\\\/#listItem\",\"name\":\"P\\u0142atna subskrypcja Substack\"}},{\"@type\":\"ListItem\",\"@id\":\"https:\\\/\\\/wia.net.pl\\\/index.php\\\/category\\\/platna-subskrypcja-substack\\\/#listItem\",\"position\":2,\"name\":\"P\\u0142atna subskrypcja Substack\",\"item\":\"https:\\\/\\\/wia.net.pl\\\/index.php\\\/category\\\/platna-subskrypcja-substack\\\/\",\"nextItem\":{\"@type\":\"ListItem\",\"@id\":\"https:\\\/\\\/wia.net.pl\\\/index.php\\\/2025\\\/06\\\/03\\\/wolnosc-od-czy-wolnosc-do-dlaczego-boimy-sie-byc-wolni\\\/#listItem\",\"name\":\"&#8222;Wolno\\u015b\\u0107 od czy wolno\\u015b\\u0107 do \\u2013 Dlaczego boimy si\\u0119 by\\u0107 wolni&#8221;\"},\"previousItem\":{\"@type\":\"ListItem\",\"@id\":\"https:\\\/\\\/wia.net.pl#listItem\",\"name\":\"Home\"}},{\"@type\":\"ListItem\",\"@id\":\"https:\\\/\\\/wia.net.pl\\\/index.php\\\/2025\\\/06\\\/03\\\/wolnosc-od-czy-wolnosc-do-dlaczego-boimy-sie-byc-wolni\\\/#listItem\",\"position\":3,\"name\":\"&#8222;Wolno\\u015b\\u0107 od czy wolno\\u015b\\u0107 do \\u2013 Dlaczego boimy si\\u0119 by\\u0107 wolni&#8221;\",\"previousItem\":{\"@type\":\"ListItem\",\"@id\":\"https:\\\/\\\/wia.net.pl\\\/index.php\\\/category\\\/platna-subskrypcja-substack\\\/#listItem\",\"name\":\"P\\u0142atna subskrypcja Substack\"}}]},{\"@type\":\"Person\",\"@id\":\"https:\\\/\\\/wia.net.pl\\\/#person\",\"name\":\"Bart\\u0142omiej Talarczyk\",\"image\":{\"@type\":\"ImageObject\",\"@id\":\"https:\\\/\\\/wia.net.pl\\\/index.php\\\/2025\\\/06\\\/03\\\/wolnosc-od-czy-wolnosc-do-dlaczego-boimy-sie-byc-wolni\\\/#personImage\",\"url\":\"https:\\\/\\\/wia.net.pl\\\/wp-content\\\/uploads\\\/avatar-privacy\\\/cache\\\/user\\\/1\\\/7\\\/176a6b161c58363ff49b5c167264231f519f5c7fa183ca1f61e891769b6b56d5-96.jpg\",\"width\":96,\"height\":96,\"caption\":\"Bart\\u0142omiej Talarczyk\"}},{\"@type\":\"Person\",\"@id\":\"https:\\\/\\\/wia.net.pl\\\/index.php\\\/author\\\/trinity\\\/#author\",\"url\":\"https:\\\/\\\/wia.net.pl\\\/index.php\\\/author\\\/trinity\\\/\",\"name\":\"trinity\",\"image\":{\"@type\":\"ImageObject\",\"@id\":\"https:\\\/\\\/wia.net.pl\\\/index.php\\\/2025\\\/06\\\/03\\\/wolnosc-od-czy-wolnosc-do-dlaczego-boimy-sie-byc-wolni\\\/#authorImage\",\"url\":\"https:\\\/\\\/wia.net.pl\\\/wp-content\\\/uploads\\\/avatar-privacy\\\/cache\\\/user\\\/5\\\/f\\\/5f6547cf82495eaa10e100a6a45d5dbde2dfdc1be88557de2018fca705bdf6f1-96.jpg\",\"width\":96,\"height\":96,\"caption\":\"trinity\"}},{\"@type\":\"WebPage\",\"@id\":\"https:\\\/\\\/wia.net.pl\\\/index.php\\\/2025\\\/06\\\/03\\\/wolnosc-od-czy-wolnosc-do-dlaczego-boimy-sie-byc-wolni\\\/#webpage\",\"url\":\"https:\\\/\\\/wia.net.pl\\\/index.php\\\/2025\\\/06\\\/03\\\/wolnosc-od-czy-wolnosc-do-dlaczego-boimy-sie-byc-wolni\\\/\",\"name\":\"\\u201eWolno\\u015b\\u0107 od czy wolno\\u015b\\u0107 do \\u2013 Dlaczego boimy si\\u0119 by\\u0107 wolni\\u201d - Wolno\\u015b\\u0107 i Anarchia\",\"description\":\"Esej o wolno\\u015bci w znaczeniu egzystencjalnym i spo\\u0142ecznym, inspirowany my\\u015bl\\u0105 Fromma i wsp\\u00f3\\u0142czesn\\u0105 kultur\\u0105. Dla p\\u0142atnych subskrybent\\u00f3w Substack. Ten esej to refleksyjna, osobista podr\\u00f3\\u017c przez poj\\u0119cie wolno\\u015bci \\u2013 nie jako politycznego sloganu, ale jako g\\u0142\\u0119boko ludzkiego do\\u015bwiadczenia. Inspirowany my\\u015bl\\u0105 Ericha Fromma oraz pulsuj\\u0105c\\u0105 niepokojem wsp\\u00f3\\u0142czesn\\u0105 kultur\\u0105, tekst dotyka napi\\u0119cia mi\\u0119dzy \\u201ewolno\\u015bci\\u0105 od\\u201d a \\u201ewolno\\u015bci\\u0105 do\\u201d\",\"inLanguage\":\"pl-PL\",\"isPartOf\":{\"@id\":\"https:\\\/\\\/wia.net.pl\\\/#website\"},\"breadcrumb\":{\"@id\":\"https:\\\/\\\/wia.net.pl\\\/index.php\\\/2025\\\/06\\\/03\\\/wolnosc-od-czy-wolnosc-do-dlaczego-boimy-sie-byc-wolni\\\/#breadcrumblist\"},\"author\":{\"@id\":\"https:\\\/\\\/wia.net.pl\\\/index.php\\\/author\\\/trinity\\\/#author\"},\"creator\":{\"@id\":\"https:\\\/\\\/wia.net.pl\\\/index.php\\\/author\\\/trinity\\\/#author\"},\"image\":{\"@type\":\"ImageObject\",\"url\":\"https:\\\/\\\/wia.net.pl\\\/wp-content\\\/uploads\\\/2025\\\/06\\\/5904543686912493217-1.jpg\",\"@id\":\"https:\\\/\\\/wia.net.pl\\\/index.php\\\/2025\\\/06\\\/03\\\/wolnosc-od-czy-wolnosc-do-dlaczego-boimy-sie-byc-wolni\\\/#mainImage\",\"width\":1280,\"height\":720},\"primaryImageOfPage\":{\"@id\":\"https:\\\/\\\/wia.net.pl\\\/index.php\\\/2025\\\/06\\\/03\\\/wolnosc-od-czy-wolnosc-do-dlaczego-boimy-sie-byc-wolni\\\/#mainImage\"},\"datePublished\":\"2025-06-03T09:49:53+02:00\",\"dateModified\":\"2026-01-22T02:08:23+01:00\"},{\"@type\":\"WebSite\",\"@id\":\"https:\\\/\\\/wia.net.pl\\\/#website\",\"url\":\"https:\\\/\\\/wia.net.pl\\\/\",\"name\":\"Wolno\\u015b\\u0107 i Anarchia\",\"description\":\"Ka\\u017cdy wewn\\u0119trznie jest anarchist\\u0105.\",\"inLanguage\":\"pl-PL\",\"publisher\":{\"@id\":\"https:\\\/\\\/wia.net.pl\\\/#person\"}}]}\n\t\t<\/script>\n\t\t<!-- All in One SEO -->\n\n","aioseo_head_json":{"title":"\u201eWolno\u015b\u0107 od czy wolno\u015b\u0107 do \u2013 Dlaczego boimy si\u0119 by\u0107 wolni\u201d - Wolno\u015b\u0107 i Anarchia","description":"Esej o wolno\u015bci w znaczeniu egzystencjalnym i spo\u0142ecznym, inspirowany my\u015bl\u0105 Fromma i wsp\u00f3\u0142czesn\u0105 kultur\u0105. Dla p\u0142atnych subskrybent\u00f3w Substack. Ten esej to refleksyjna, osobista podr\u00f3\u017c przez poj\u0119cie wolno\u015bci \u2013 nie jako politycznego sloganu, ale jako g\u0142\u0119boko ludzkiego do\u015bwiadczenia. Inspirowany my\u015bl\u0105 Ericha Fromma oraz pulsuj\u0105c\u0105 niepokojem wsp\u00f3\u0142czesn\u0105 kultur\u0105, tekst dotyka napi\u0119cia mi\u0119dzy \u201ewolno\u015bci\u0105 od\u201d a \u201ewolno\u015bci\u0105 do\u201d","canonical_url":"https:\/\/wia.net.pl\/index.php\/2025\/06\/03\/wolnosc-od-czy-wolnosc-do-dlaczego-boimy-sie-byc-wolni\/","robots":"max-image-preview:large","keywords":"","webmasterTools":{"miscellaneous":""},"schema":{"@context":"https:\/\/schema.org","@graph":[{"@type":"BlogPosting","@id":"https:\/\/wia.net.pl\/index.php\/2025\/06\/03\/wolnosc-od-czy-wolnosc-do-dlaczego-boimy-sie-byc-wolni\/#blogposting","name":"\u201eWolno\u015b\u0107 od czy wolno\u015b\u0107 do \u2013 Dlaczego boimy si\u0119 by\u0107 wolni\u201d - Wolno\u015b\u0107 i Anarchia","headline":"&#8222;Wolno\u015b\u0107 od czy wolno\u015b\u0107 do \u2013 Dlaczego boimy si\u0119 by\u0107 wolni&#8221;","author":{"@id":"https:\/\/wia.net.pl\/index.php\/author\/trinity\/#author"},"publisher":{"@id":"https:\/\/wia.net.pl\/#person"},"image":{"@type":"ImageObject","url":"https:\/\/wia.net.pl\/wp-content\/uploads\/2025\/06\/5904543686912493217-1.jpg","width":1280,"height":720},"datePublished":"2025-06-03T09:49:53+02:00","dateModified":"2026-01-22T02:08:23+01:00","inLanguage":"pl-PL","mainEntityOfPage":{"@id":"https:\/\/wia.net.pl\/index.php\/2025\/06\/03\/wolnosc-od-czy-wolnosc-do-dlaczego-boimy-sie-byc-wolni\/#webpage"},"isPartOf":{"@id":"https:\/\/wia.net.pl\/index.php\/2025\/06\/03\/wolnosc-od-czy-wolnosc-do-dlaczego-boimy-sie-byc-wolni\/#webpage"},"articleSection":"P\u0142atna subskrypcja Substack"},{"@type":"BreadcrumbList","@id":"https:\/\/wia.net.pl\/index.php\/2025\/06\/03\/wolnosc-od-czy-wolnosc-do-dlaczego-boimy-sie-byc-wolni\/#breadcrumblist","itemListElement":[{"@type":"ListItem","@id":"https:\/\/wia.net.pl#listItem","position":1,"name":"Home","item":"https:\/\/wia.net.pl","nextItem":{"@type":"ListItem","@id":"https:\/\/wia.net.pl\/index.php\/category\/platna-subskrypcja-substack\/#listItem","name":"P\u0142atna subskrypcja Substack"}},{"@type":"ListItem","@id":"https:\/\/wia.net.pl\/index.php\/category\/platna-subskrypcja-substack\/#listItem","position":2,"name":"P\u0142atna subskrypcja Substack","item":"https:\/\/wia.net.pl\/index.php\/category\/platna-subskrypcja-substack\/","nextItem":{"@type":"ListItem","@id":"https:\/\/wia.net.pl\/index.php\/2025\/06\/03\/wolnosc-od-czy-wolnosc-do-dlaczego-boimy-sie-byc-wolni\/#listItem","name":"&#8222;Wolno\u015b\u0107 od czy wolno\u015b\u0107 do \u2013 Dlaczego boimy si\u0119 by\u0107 wolni&#8221;"},"previousItem":{"@type":"ListItem","@id":"https:\/\/wia.net.pl#listItem","name":"Home"}},{"@type":"ListItem","@id":"https:\/\/wia.net.pl\/index.php\/2025\/06\/03\/wolnosc-od-czy-wolnosc-do-dlaczego-boimy-sie-byc-wolni\/#listItem","position":3,"name":"&#8222;Wolno\u015b\u0107 od czy wolno\u015b\u0107 do \u2013 Dlaczego boimy si\u0119 by\u0107 wolni&#8221;","previousItem":{"@type":"ListItem","@id":"https:\/\/wia.net.pl\/index.php\/category\/platna-subskrypcja-substack\/#listItem","name":"P\u0142atna subskrypcja Substack"}}]},{"@type":"Person","@id":"https:\/\/wia.net.pl\/#person","name":"Bart\u0142omiej Talarczyk","image":{"@type":"ImageObject","@id":"https:\/\/wia.net.pl\/index.php\/2025\/06\/03\/wolnosc-od-czy-wolnosc-do-dlaczego-boimy-sie-byc-wolni\/#personImage","url":"https:\/\/wia.net.pl\/wp-content\/uploads\/avatar-privacy\/cache\/user\/1\/7\/176a6b161c58363ff49b5c167264231f519f5c7fa183ca1f61e891769b6b56d5-96.jpg","width":96,"height":96,"caption":"Bart\u0142omiej Talarczyk"}},{"@type":"Person","@id":"https:\/\/wia.net.pl\/index.php\/author\/trinity\/#author","url":"https:\/\/wia.net.pl\/index.php\/author\/trinity\/","name":"trinity","image":{"@type":"ImageObject","@id":"https:\/\/wia.net.pl\/index.php\/2025\/06\/03\/wolnosc-od-czy-wolnosc-do-dlaczego-boimy-sie-byc-wolni\/#authorImage","url":"https:\/\/wia.net.pl\/wp-content\/uploads\/avatar-privacy\/cache\/user\/5\/f\/5f6547cf82495eaa10e100a6a45d5dbde2dfdc1be88557de2018fca705bdf6f1-96.jpg","width":96,"height":96,"caption":"trinity"}},{"@type":"WebPage","@id":"https:\/\/wia.net.pl\/index.php\/2025\/06\/03\/wolnosc-od-czy-wolnosc-do-dlaczego-boimy-sie-byc-wolni\/#webpage","url":"https:\/\/wia.net.pl\/index.php\/2025\/06\/03\/wolnosc-od-czy-wolnosc-do-dlaczego-boimy-sie-byc-wolni\/","name":"\u201eWolno\u015b\u0107 od czy wolno\u015b\u0107 do \u2013 Dlaczego boimy si\u0119 by\u0107 wolni\u201d - Wolno\u015b\u0107 i Anarchia","description":"Esej o wolno\u015bci w znaczeniu egzystencjalnym i spo\u0142ecznym, inspirowany my\u015bl\u0105 Fromma i wsp\u00f3\u0142czesn\u0105 kultur\u0105. Dla p\u0142atnych subskrybent\u00f3w Substack. Ten esej to refleksyjna, osobista podr\u00f3\u017c przez poj\u0119cie wolno\u015bci \u2013 nie jako politycznego sloganu, ale jako g\u0142\u0119boko ludzkiego do\u015bwiadczenia. Inspirowany my\u015bl\u0105 Ericha Fromma oraz pulsuj\u0105c\u0105 niepokojem wsp\u00f3\u0142czesn\u0105 kultur\u0105, tekst dotyka napi\u0119cia mi\u0119dzy \u201ewolno\u015bci\u0105 od\u201d a \u201ewolno\u015bci\u0105 do\u201d","inLanguage":"pl-PL","isPartOf":{"@id":"https:\/\/wia.net.pl\/#website"},"breadcrumb":{"@id":"https:\/\/wia.net.pl\/index.php\/2025\/06\/03\/wolnosc-od-czy-wolnosc-do-dlaczego-boimy-sie-byc-wolni\/#breadcrumblist"},"author":{"@id":"https:\/\/wia.net.pl\/index.php\/author\/trinity\/#author"},"creator":{"@id":"https:\/\/wia.net.pl\/index.php\/author\/trinity\/#author"},"image":{"@type":"ImageObject","url":"https:\/\/wia.net.pl\/wp-content\/uploads\/2025\/06\/5904543686912493217-1.jpg","@id":"https:\/\/wia.net.pl\/index.php\/2025\/06\/03\/wolnosc-od-czy-wolnosc-do-dlaczego-boimy-sie-byc-wolni\/#mainImage","width":1280,"height":720},"primaryImageOfPage":{"@id":"https:\/\/wia.net.pl\/index.php\/2025\/06\/03\/wolnosc-od-czy-wolnosc-do-dlaczego-boimy-sie-byc-wolni\/#mainImage"},"datePublished":"2025-06-03T09:49:53+02:00","dateModified":"2026-01-22T02:08:23+01:00"},{"@type":"WebSite","@id":"https:\/\/wia.net.pl\/#website","url":"https:\/\/wia.net.pl\/","name":"Wolno\u015b\u0107 i Anarchia","description":"Ka\u017cdy wewn\u0119trznie jest anarchist\u0105.","inLanguage":"pl-PL","publisher":{"@id":"https:\/\/wia.net.pl\/#person"}}]},"og:locale":"pl_PL","og:site_name":"Wolno\u015b\u0107 i Anarchia - Ka\u017cdy wewn\u0119trznie jest anarchist\u0105.","og:type":"article","og:title":"\u201eWolno\u015b\u0107 od czy wolno\u015b\u0107 do \u2013 Dlaczego boimy si\u0119 by\u0107 wolni\u201d - Wolno\u015b\u0107 i Anarchia","og:description":"Esej o wolno\u015bci w znaczeniu egzystencjalnym i spo\u0142ecznym, inspirowany my\u015bl\u0105 Fromma i wsp\u00f3\u0142czesn\u0105 kultur\u0105. Dla p\u0142atnych subskrybent\u00f3w Substack. Ten esej to refleksyjna, osobista podr\u00f3\u017c przez poj\u0119cie wolno\u015bci \u2013 nie jako politycznego sloganu, ale jako g\u0142\u0119boko ludzkiego do\u015bwiadczenia. Inspirowany my\u015bl\u0105 Ericha Fromma oraz pulsuj\u0105c\u0105 niepokojem wsp\u00f3\u0142czesn\u0105 kultur\u0105, tekst dotyka napi\u0119cia mi\u0119dzy \u201ewolno\u015bci\u0105 od\u201d a \u201ewolno\u015bci\u0105 do\u201d","og:url":"https:\/\/wia.net.pl\/index.php\/2025\/06\/03\/wolnosc-od-czy-wolnosc-do-dlaczego-boimy-sie-byc-wolni\/","og:image":"https:\/\/wia.net.pl\/wp-content\/uploads\/2023\/11\/cropped-freedom-i73367.jpg","og:image:secure_url":"https:\/\/wia.net.pl\/wp-content\/uploads\/2023\/11\/cropped-freedom-i73367.jpg","article:published_time":"2025-06-03T07:49:53+00:00","article:modified_time":"2026-01-22T01:08:23+00:00","twitter:card":"summary_large_image","twitter:title":"\u201eWolno\u015b\u0107 od czy wolno\u015b\u0107 do \u2013 Dlaczego boimy si\u0119 by\u0107 wolni\u201d - Wolno\u015b\u0107 i Anarchia","twitter:description":"Esej o wolno\u015bci w znaczeniu egzystencjalnym i spo\u0142ecznym, inspirowany my\u015bl\u0105 Fromma i wsp\u00f3\u0142czesn\u0105 kultur\u0105. Dla p\u0142atnych subskrybent\u00f3w Substack. Ten esej to refleksyjna, osobista podr\u00f3\u017c przez poj\u0119cie wolno\u015bci \u2013 nie jako politycznego sloganu, ale jako g\u0142\u0119boko ludzkiego do\u015bwiadczenia. Inspirowany my\u015bl\u0105 Ericha Fromma oraz pulsuj\u0105c\u0105 niepokojem wsp\u00f3\u0142czesn\u0105 kultur\u0105, tekst dotyka napi\u0119cia mi\u0119dzy \u201ewolno\u015bci\u0105 od\u201d a \u201ewolno\u015bci\u0105 do\u201d","twitter:image":"https:\/\/wia.net.pl\/wp-content\/uploads\/2023\/11\/cropped-freedom-i73367.jpg"},"aioseo_meta_data":{"post_id":"10113","title":null,"description":null,"keywords":null,"keyphrases":{"focus":{"keyphrase":"","score":0,"analysis":{"keyphraseInTitle":{"score":0,"maxScore":9,"error":1}}},"additional":[]},"primary_term":null,"canonical_url":null,"og_title":null,"og_description":null,"og_object_type":"default","og_image_type":"default","og_image_url":null,"og_image_width":null,"og_image_height":null,"og_image_custom_url":null,"og_image_custom_fields":null,"og_video":"","og_custom_url":null,"og_article_section":null,"og_article_tags":null,"twitter_use_og":false,"twitter_card":"default","twitter_image_type":"default","twitter_image_url":null,"twitter_image_custom_url":null,"twitter_image_custom_fields":null,"twitter_title":null,"twitter_description":null,"schema":{"blockGraphs":[],"customGraphs":[],"default":{"data":{"Article":[],"Course":[],"Dataset":[],"FAQPage":[],"Movie":[],"Person":[],"Product":[],"ProductReview":[],"Car":[],"Recipe":[],"Service":[],"SoftwareApplication":[],"WebPage":[]},"graphName":"BlogPosting","isEnabled":true},"graphs":[]},"schema_type":"default","schema_type_options":null,"pillar_content":false,"robots_default":true,"robots_noindex":false,"robots_noarchive":false,"robots_nosnippet":false,"robots_nofollow":false,"robots_noimageindex":false,"robots_noodp":false,"robots_notranslate":false,"robots_max_snippet":"-1","robots_max_videopreview":"-1","robots_max_imagepreview":"large","priority":null,"frequency":"default","local_seo":null,"breadcrumb_settings":null,"limit_modified_date":false,"ai":null,"created":"2025-06-03 07:49:54","updated":"2026-01-22 01:08:40","seo_analyzer_scan_date":null,"focus_keyword":null,"additional_keywords":null,"truseo_locale":null},"aioseo_breadcrumb":"<div class=\"aioseo-breadcrumbs\"><span class=\"aioseo-breadcrumb\">\n\t\t\t<a href=\"https:\/\/wia.net.pl\" title=\"Home\">Home<\/a>\n\t\t<\/span><span class=\"aioseo-breadcrumb-separator\">&raquo;<\/span><span class=\"aioseo-breadcrumb\">\n\t\t\t<a href=\"https:\/\/wia.net.pl\/index.php\/category\/platna-subskrypcja-substack\/\" title=\"P\u0142atna subskrypcja Substack\">P\u0142atna subskrypcja Substack<\/a>\n\t\t<\/span><span class=\"aioseo-breadcrumb-separator\">&raquo;<\/span><span class=\"aioseo-breadcrumb\">\n\t\t\t\u201eWolno\u015b\u0107 od czy wolno\u015b\u0107 do \u2013 Dlaczego boimy si\u0119 by\u0107 wolni\u201d\n\t\t<\/span><\/div>","aioseo_breadcrumb_json":[{"label":"Home","link":"https:\/\/wia.net.pl"},{"label":"P\u0142atna subskrypcja Substack","link":"https:\/\/wia.net.pl\/index.php\/category\/platna-subskrypcja-substack\/"},{"label":"&#8222;Wolno\u015b\u0107 od czy wolno\u015b\u0107 do \u2013 Dlaczego boimy si\u0119 by\u0107 wolni&#8221;","link":"https:\/\/wia.net.pl\/index.php\/2025\/06\/03\/wolnosc-od-czy-wolnosc-do-dlaczego-boimy-sie-byc-wolni\/"}],"_links":{"self":[{"href":"https:\/\/wia.net.pl\/index.php\/wp-json\/wp\/v2\/posts\/10113"}],"collection":[{"href":"https:\/\/wia.net.pl\/index.php\/wp-json\/wp\/v2\/posts"}],"about":[{"href":"https:\/\/wia.net.pl\/index.php\/wp-json\/wp\/v2\/types\/post"}],"author":[{"embeddable":true,"href":"https:\/\/wia.net.pl\/index.php\/wp-json\/wp\/v2\/users\/2"}],"replies":[{"embeddable":true,"href":"https:\/\/wia.net.pl\/index.php\/wp-json\/wp\/v2\/comments?post=10113"}],"version-history":[{"count":1,"href":"https:\/\/wia.net.pl\/index.php\/wp-json\/wp\/v2\/posts\/10113\/revisions"}],"predecessor-version":[{"id":10115,"href":"https:\/\/wia.net.pl\/index.php\/wp-json\/wp\/v2\/posts\/10113\/revisions\/10115"}],"wp:featuredmedia":[{"embeddable":true,"href":"https:\/\/wia.net.pl\/index.php\/wp-json\/wp\/v2\/media\/10114"}],"wp:attachment":[{"href":"https:\/\/wia.net.pl\/index.php\/wp-json\/wp\/v2\/media?parent=10113"}],"wp:term":[{"taxonomy":"category","embeddable":true,"href":"https:\/\/wia.net.pl\/index.php\/wp-json\/wp\/v2\/categories?post=10113"},{"taxonomy":"post_tag","embeddable":true,"href":"https:\/\/wia.net.pl\/index.php\/wp-json\/wp\/v2\/tags?post=10113"}],"curies":[{"name":"wp","href":"https:\/\/api.w.org\/{rel}","templated":true}]}}