{"id":10121,"date":"2025-06-03T12:42:47","date_gmt":"2025-06-03T10:42:47","guid":{"rendered":"https:\/\/wia.net.pl\/?p=10121"},"modified":"2026-01-22T02:08:23","modified_gmt":"2026-01-22T01:08:23","slug":"krotkie-spiecia-z-rzeczywistoscia-nowa-seria-na-substacku","status":"publish","type":"post","link":"https:\/\/wia.net.pl\/index.php\/2025\/06\/03\/krotkie-spiecia-z-rzeczywistoscia-nowa-seria-na-substacku\/","title":{"rendered":"&#8222;Kr\u00f3tkie spi\u0119cia z rzeczywisto\u015bci\u0105&#8221;- nowa seria na Substacku"},"content":{"rendered":"\n<p>\u201cKr\u00f3tkie spi\u0119cia z rzeczywisto\u015bci\u0105\u201d &#8211; To seria kr\u00f3tkich podcast\u00f3w, kt\u00f3re zabior\u0105 ci\u0119 w podr\u00f3\u017c przez tematy bliskie, ludzkie, cz\u0119sto zaskakuj\u0105ce \u2014 takie, kt\u00f3re mog\u0105 wydarzy\u0107 si\u0119 ka\u017cdemu z nas. To nie poradnik, to nie wyk\u0142ad \u2014 to raczej zbi\u00f3r \u017cyciowych moment\u00f3w, refleksji i ciekawostek, kt\u00f3re mijamy na co dzie\u0144, czasem nawet ich nie zauwa\u017caj\u0105c.<\/p>\n\n\n\n<p>Ka\u017cdy odcinek to osobna historia. Inny temat, inne pytanie, inna perspektywa. Zdarzenia, kt\u00f3re mog\u0142e\u015b kiedy\u015b prze\u017cy\u0107, albo kt\u00f3rych mog\u0142e\u015b by\u0107 tylko cichym \u015bwiadkiem \u2014 na przystanku, w rozmowie, w spojrzeniu kogo\u015b obcego.<\/p>\n\n\n\n<p>Pierwszy odcinek nosi tytu\u0142:&nbsp;<strong>\u201eLudzie, kt\u00f3rzy nigdy nie \u015bni\u0105 \u2014 czy to przypadek\u2026 czy ich umys\u0142 ju\u017c dawno si\u0119 wy\u0142\u0105czy\u0142?\u201d<\/strong>.<\/p>\n\n\n\n<p>I to w\u0142a\u015bnie od tej delikatnej, ale poruszaj\u0105cej przestrzeni zaczniemy.<\/p>\n\n\n\n<p>Je\u015bli masz kilka minut \u2014 zapraszam. Mo\u017ce znajdziesz tu kawa\u0142ek siebie.<\/p>\n\n\n\n<p>Je\u015bli czujesz, \u017ce to temat dla ciebie \u2014 zosta\u0144.<\/p>\n\n\n\n<p>Z mi\u0142o\u015bci\u0105,<\/p>\n\n\n\n<p><em>trinity<\/em><\/p>\n\n\n<div class=\"substack-post-embed\">\n<p lang=\"en\">Kr\u00f3tkie spi\u0119cia z rzeczywisto\u015bci\u0105 &#8211; Ludzie, kt\u00f3rzy nigdy nie \u015bni\u0105 by Wolno\u015b\u0107 i Anarchia<\/p>\n<p>Czy to przypadek\u2026 czy ich umys\u0142 ju\u017c dawno si\u0119 wy\u0142\u0105czy\u0142?<\/p>\n<p><a data-post-link href=\"https:\/\/wolnoscanarchia.substack.com\/p\/krotkie-spiecia-z-rzeczywistoscia\">Read on Substack<\/a><\/div>\n<p><script async src=\"https:\/\/substack.com\/embedjs\/embed.js\" charset=\"utf-8\"><\/script><\/p>\n","protected":false},"excerpt":{"rendered":"<p>\u201cKr\u00f3tkie spi\u0119cia z rzeczywisto\u015bci\u0105\u201d &#8211; To seria kr\u00f3tkich podcast\u00f3w, kt\u00f3re zabior\u0105 ci\u0119 w podr\u00f3\u017c przez tematy bliskie, ludzkie, cz\u0119sto zaskakuj\u0105ce \u2014 takie, kt\u00f3re mog\u0105 wydarzy\u0107 si\u0119 ka\u017cdemu z nas. To nie poradnik, to nie wyk\u0142ad \u2014 to raczej zbi\u00f3r \u017cyciowych&#8230; <\/p>\n","protected":false},"author":2,"featured_media":10122,"comment_status":"open","ping_status":"open","sticky":false,"template":"","format":"standard","meta":{"_acf_changed":false,"_bbp_topic_count":0,"_bbp_reply_count":0,"_bbp_total_topic_count":0,"_bbp_total_reply_count":0,"_bbp_voice_count":0,"_bbp_anonymous_reply_count":0,"_bbp_topic_count_hidden":0,"_bbp_reply_count_hidden":0,"_bbp_forum_subforum_count":0,"om_disable_all_campaigns":false,"_monsterinsights_skip_tracking":false,"footnotes":""},"categories":[186],"tags":[],"class_list":["post-10121","post","type-post","status-publish","format-standard","has-post-thumbnail","hentry","category-platna-subskrypcja-substack"],"acf":[],"aioseo_notices":[],"aioseo_head":"\n\t\t<!-- All in One SEO 5.0.1.1 - aioseo.com -->\n\t<meta name=\"description\" content=\"\u201cKr\u00f3tkie spi\u0119cia z rzeczywisto\u015bci\u0105\u201d - To seria kr\u00f3tkich podcast\u00f3w, kt\u00f3re zabior\u0105 ci\u0119 w podr\u00f3\u017c przez tematy bliskie, ludzkie, cz\u0119sto zaskakuj\u0105ce \u2014 takie, kt\u00f3re mog\u0105 wydarzy\u0107 si\u0119 ka\u017cdemu z nas. To nie poradnik, to nie wyk\u0142ad \u2014 to raczej zbi\u00f3r \u017cyciowych moment\u00f3w, refleksji i ciekawostek, kt\u00f3re mijamy na co dzie\u0144, czasem nawet ich nie zauwa\u017caj\u0105c. Ka\u017cdy\" \/>\n\t<meta name=\"robots\" content=\"max-image-preview:large\" \/>\n\t<meta name=\"author\" content=\"trinity\"\/>\n\t<link rel=\"canonical\" href=\"https:\/\/wia.net.pl\/index.php\/2025\/06\/03\/krotkie-spiecia-z-rzeczywistoscia-nowa-seria-na-substacku\/\" \/>\n\t<meta name=\"generator\" content=\"All in One SEO (AIOSEO) 5.0.1.1\" \/>\n\t\t<meta property=\"og:locale\" content=\"pl_PL\" \/>\n\t\t<meta property=\"og:site_name\" content=\"Wolno\u015b\u0107 i Anarchia - Ka\u017cdy wewn\u0119trznie jest anarchist\u0105.\" \/>\n\t\t<meta property=\"og:type\" content=\"article\" \/>\n\t\t<meta property=\"og:title\" content=\"\u201eKr\u00f3tkie spi\u0119cia z rzeczywisto\u015bci\u0105\u201d- nowa seria na Substacku - Wolno\u015b\u0107 i Anarchia\" \/>\n\t\t<meta property=\"og:description\" content=\"\u201cKr\u00f3tkie spi\u0119cia z rzeczywisto\u015bci\u0105\u201d - To seria kr\u00f3tkich podcast\u00f3w, kt\u00f3re zabior\u0105 ci\u0119 w podr\u00f3\u017c przez tematy bliskie, ludzkie, cz\u0119sto zaskakuj\u0105ce \u2014 takie, kt\u00f3re mog\u0105 wydarzy\u0107 si\u0119 ka\u017cdemu z nas. To nie poradnik, to nie wyk\u0142ad \u2014 to raczej zbi\u00f3r \u017cyciowych moment\u00f3w, refleksji i ciekawostek, kt\u00f3re mijamy na co dzie\u0144, czasem nawet ich nie zauwa\u017caj\u0105c. Ka\u017cdy\" \/>\n\t\t<meta property=\"og:url\" content=\"https:\/\/wia.net.pl\/index.php\/2025\/06\/03\/krotkie-spiecia-z-rzeczywistoscia-nowa-seria-na-substacku\/\" \/>\n\t\t<meta property=\"og:image\" content=\"https:\/\/wia.net.pl\/wp-content\/uploads\/2023\/11\/cropped-freedom-i73367.jpg\" \/>\n\t\t<meta property=\"og:image:secure_url\" content=\"https:\/\/wia.net.pl\/wp-content\/uploads\/2023\/11\/cropped-freedom-i73367.jpg\" \/>\n\t\t<meta property=\"article:published_time\" content=\"2025-06-03T10:42:47+00:00\" \/>\n\t\t<meta property=\"article:modified_time\" content=\"2026-01-22T01:08:23+00:00\" \/>\n\t\t<meta name=\"twitter:card\" content=\"summary_large_image\" \/>\n\t\t<meta name=\"twitter:title\" content=\"\u201eKr\u00f3tkie spi\u0119cia z rzeczywisto\u015bci\u0105\u201d- nowa seria na Substacku - Wolno\u015b\u0107 i Anarchia\" \/>\n\t\t<meta name=\"twitter:description\" content=\"\u201cKr\u00f3tkie spi\u0119cia z rzeczywisto\u015bci\u0105\u201d - To seria kr\u00f3tkich podcast\u00f3w, kt\u00f3re zabior\u0105 ci\u0119 w podr\u00f3\u017c przez tematy bliskie, ludzkie, cz\u0119sto zaskakuj\u0105ce \u2014 takie, kt\u00f3re mog\u0105 wydarzy\u0107 si\u0119 ka\u017cdemu z nas. To nie poradnik, to nie wyk\u0142ad \u2014 to raczej zbi\u00f3r \u017cyciowych moment\u00f3w, refleksji i ciekawostek, kt\u00f3re mijamy na co dzie\u0144, czasem nawet ich nie zauwa\u017caj\u0105c. Ka\u017cdy\" \/>\n\t\t<meta name=\"twitter:image\" content=\"https:\/\/wia.net.pl\/wp-content\/uploads\/2023\/11\/cropped-freedom-i73367.jpg\" \/>\n\t\t<script type=\"application\/ld+json\" class=\"aioseo-schema\">\n\t\t\t{\"@context\":\"https:\\\/\\\/schema.org\",\"@graph\":[{\"@type\":\"BlogPosting\",\"@id\":\"https:\\\/\\\/wia.net.pl\\\/index.php\\\/2025\\\/06\\\/03\\\/krotkie-spiecia-z-rzeczywistoscia-nowa-seria-na-substacku\\\/#blogposting\",\"name\":\"\\u201eKr\\u00f3tkie spi\\u0119cia z rzeczywisto\\u015bci\\u0105\\u201d- nowa seria na Substacku - Wolno\\u015b\\u0107 i Anarchia\",\"headline\":\"&#8222;Kr\\u00f3tkie spi\\u0119cia z rzeczywisto\\u015bci\\u0105&#8221;- nowa seria na Substacku\",\"author\":{\"@id\":\"https:\\\/\\\/wia.net.pl\\\/index.php\\\/author\\\/trinity\\\/#author\"},\"publisher\":{\"@id\":\"https:\\\/\\\/wia.net.pl\\\/#person\"},\"image\":{\"@type\":\"ImageObject\",\"url\":\"https:\\\/\\\/wia.net.pl\\\/wp-content\\\/uploads\\\/2025\\\/06\\\/Ludzie-ktorzy-nigdy-nie-snia-miniaturka.jpg\",\"width\":1920,\"height\":1080},\"datePublished\":\"2025-06-03T12:42:47+02:00\",\"dateModified\":\"2026-01-22T02:08:23+01:00\",\"inLanguage\":\"pl-PL\",\"mainEntityOfPage\":{\"@id\":\"https:\\\/\\\/wia.net.pl\\\/index.php\\\/2025\\\/06\\\/03\\\/krotkie-spiecia-z-rzeczywistoscia-nowa-seria-na-substacku\\\/#webpage\"},\"isPartOf\":{\"@id\":\"https:\\\/\\\/wia.net.pl\\\/index.php\\\/2025\\\/06\\\/03\\\/krotkie-spiecia-z-rzeczywistoscia-nowa-seria-na-substacku\\\/#webpage\"},\"articleSection\":\"P\\u0142atna subskrypcja Substack\"},{\"@type\":\"BreadcrumbList\",\"@id\":\"https:\\\/\\\/wia.net.pl\\\/index.php\\\/2025\\\/06\\\/03\\\/krotkie-spiecia-z-rzeczywistoscia-nowa-seria-na-substacku\\\/#breadcrumblist\",\"itemListElement\":[{\"@type\":\"ListItem\",\"@id\":\"https:\\\/\\\/wia.net.pl#listItem\",\"position\":1,\"name\":\"Home\",\"item\":\"https:\\\/\\\/wia.net.pl\",\"nextItem\":{\"@type\":\"ListItem\",\"@id\":\"https:\\\/\\\/wia.net.pl\\\/index.php\\\/category\\\/platna-subskrypcja-substack\\\/#listItem\",\"name\":\"P\\u0142atna subskrypcja Substack\"}},{\"@type\":\"ListItem\",\"@id\":\"https:\\\/\\\/wia.net.pl\\\/index.php\\\/category\\\/platna-subskrypcja-substack\\\/#listItem\",\"position\":2,\"name\":\"P\\u0142atna subskrypcja Substack\",\"item\":\"https:\\\/\\\/wia.net.pl\\\/index.php\\\/category\\\/platna-subskrypcja-substack\\\/\",\"nextItem\":{\"@type\":\"ListItem\",\"@id\":\"https:\\\/\\\/wia.net.pl\\\/index.php\\\/2025\\\/06\\\/03\\\/krotkie-spiecia-z-rzeczywistoscia-nowa-seria-na-substacku\\\/#listItem\",\"name\":\"&#8222;Kr\\u00f3tkie spi\\u0119cia z rzeczywisto\\u015bci\\u0105&#8221;- nowa seria na Substacku\"},\"previousItem\":{\"@type\":\"ListItem\",\"@id\":\"https:\\\/\\\/wia.net.pl#listItem\",\"name\":\"Home\"}},{\"@type\":\"ListItem\",\"@id\":\"https:\\\/\\\/wia.net.pl\\\/index.php\\\/2025\\\/06\\\/03\\\/krotkie-spiecia-z-rzeczywistoscia-nowa-seria-na-substacku\\\/#listItem\",\"position\":3,\"name\":\"&#8222;Kr\\u00f3tkie spi\\u0119cia z rzeczywisto\\u015bci\\u0105&#8221;- nowa seria na Substacku\",\"previousItem\":{\"@type\":\"ListItem\",\"@id\":\"https:\\\/\\\/wia.net.pl\\\/index.php\\\/category\\\/platna-subskrypcja-substack\\\/#listItem\",\"name\":\"P\\u0142atna subskrypcja Substack\"}}]},{\"@type\":\"Person\",\"@id\":\"https:\\\/\\\/wia.net.pl\\\/#person\",\"name\":\"Bart\\u0142omiej Talarczyk\",\"image\":{\"@type\":\"ImageObject\",\"@id\":\"https:\\\/\\\/wia.net.pl\\\/index.php\\\/2025\\\/06\\\/03\\\/krotkie-spiecia-z-rzeczywistoscia-nowa-seria-na-substacku\\\/#personImage\",\"url\":\"https:\\\/\\\/wia.net.pl\\\/wp-content\\\/uploads\\\/avatar-privacy\\\/cache\\\/user\\\/1\\\/7\\\/176a6b161c58363ff49b5c167264231f519f5c7fa183ca1f61e891769b6b56d5-96.jpg\",\"width\":96,\"height\":96,\"caption\":\"Bart\\u0142omiej Talarczyk\"}},{\"@type\":\"Person\",\"@id\":\"https:\\\/\\\/wia.net.pl\\\/index.php\\\/author\\\/trinity\\\/#author\",\"url\":\"https:\\\/\\\/wia.net.pl\\\/index.php\\\/author\\\/trinity\\\/\",\"name\":\"trinity\",\"image\":{\"@type\":\"ImageObject\",\"@id\":\"https:\\\/\\\/wia.net.pl\\\/index.php\\\/2025\\\/06\\\/03\\\/krotkie-spiecia-z-rzeczywistoscia-nowa-seria-na-substacku\\\/#authorImage\",\"url\":\"https:\\\/\\\/wia.net.pl\\\/wp-content\\\/uploads\\\/avatar-privacy\\\/cache\\\/user\\\/5\\\/f\\\/5f6547cf82495eaa10e100a6a45d5dbde2dfdc1be88557de2018fca705bdf6f1-96.jpg\",\"width\":96,\"height\":96,\"caption\":\"trinity\"}},{\"@type\":\"WebPage\",\"@id\":\"https:\\\/\\\/wia.net.pl\\\/index.php\\\/2025\\\/06\\\/03\\\/krotkie-spiecia-z-rzeczywistoscia-nowa-seria-na-substacku\\\/#webpage\",\"url\":\"https:\\\/\\\/wia.net.pl\\\/index.php\\\/2025\\\/06\\\/03\\\/krotkie-spiecia-z-rzeczywistoscia-nowa-seria-na-substacku\\\/\",\"name\":\"\\u201eKr\\u00f3tkie spi\\u0119cia z rzeczywisto\\u015bci\\u0105\\u201d- nowa seria na Substacku - Wolno\\u015b\\u0107 i Anarchia\",\"description\":\"\\u201cKr\\u00f3tkie spi\\u0119cia z rzeczywisto\\u015bci\\u0105\\u201d - To seria kr\\u00f3tkich podcast\\u00f3w, kt\\u00f3re zabior\\u0105 ci\\u0119 w podr\\u00f3\\u017c przez tematy bliskie, ludzkie, cz\\u0119sto zaskakuj\\u0105ce \\u2014 takie, kt\\u00f3re mog\\u0105 wydarzy\\u0107 si\\u0119 ka\\u017cdemu z nas. To nie poradnik, to nie wyk\\u0142ad \\u2014 to raczej zbi\\u00f3r \\u017cyciowych moment\\u00f3w, refleksji i ciekawostek, kt\\u00f3re mijamy na co dzie\\u0144, czasem nawet ich nie zauwa\\u017caj\\u0105c. Ka\\u017cdy\",\"inLanguage\":\"pl-PL\",\"isPartOf\":{\"@id\":\"https:\\\/\\\/wia.net.pl\\\/#website\"},\"breadcrumb\":{\"@id\":\"https:\\\/\\\/wia.net.pl\\\/index.php\\\/2025\\\/06\\\/03\\\/krotkie-spiecia-z-rzeczywistoscia-nowa-seria-na-substacku\\\/#breadcrumblist\"},\"author\":{\"@id\":\"https:\\\/\\\/wia.net.pl\\\/index.php\\\/author\\\/trinity\\\/#author\"},\"creator\":{\"@id\":\"https:\\\/\\\/wia.net.pl\\\/index.php\\\/author\\\/trinity\\\/#author\"},\"image\":{\"@type\":\"ImageObject\",\"url\":\"https:\\\/\\\/wia.net.pl\\\/wp-content\\\/uploads\\\/2025\\\/06\\\/Ludzie-ktorzy-nigdy-nie-snia-miniaturka.jpg\",\"@id\":\"https:\\\/\\\/wia.net.pl\\\/index.php\\\/2025\\\/06\\\/03\\\/krotkie-spiecia-z-rzeczywistoscia-nowa-seria-na-substacku\\\/#mainImage\",\"width\":1920,\"height\":1080},\"primaryImageOfPage\":{\"@id\":\"https:\\\/\\\/wia.net.pl\\\/index.php\\\/2025\\\/06\\\/03\\\/krotkie-spiecia-z-rzeczywistoscia-nowa-seria-na-substacku\\\/#mainImage\"},\"datePublished\":\"2025-06-03T12:42:47+02:00\",\"dateModified\":\"2026-01-22T02:08:23+01:00\"},{\"@type\":\"WebSite\",\"@id\":\"https:\\\/\\\/wia.net.pl\\\/#website\",\"url\":\"https:\\\/\\\/wia.net.pl\\\/\",\"name\":\"Wolno\\u015b\\u0107 i Anarchia\",\"description\":\"Ka\\u017cdy wewn\\u0119trznie jest anarchist\\u0105.\",\"inLanguage\":\"pl-PL\",\"publisher\":{\"@id\":\"https:\\\/\\\/wia.net.pl\\\/#person\"}}]}\n\t\t<\/script>\n\t\t<!-- All in One SEO -->\n\n","aioseo_head_json":{"title":"\u201eKr\u00f3tkie spi\u0119cia z rzeczywisto\u015bci\u0105\u201d- nowa seria na Substacku - Wolno\u015b\u0107 i Anarchia","description":"\u201cKr\u00f3tkie spi\u0119cia z rzeczywisto\u015bci\u0105\u201d - To seria kr\u00f3tkich podcast\u00f3w, kt\u00f3re zabior\u0105 ci\u0119 w podr\u00f3\u017c przez tematy bliskie, ludzkie, cz\u0119sto zaskakuj\u0105ce \u2014 takie, kt\u00f3re mog\u0105 wydarzy\u0107 si\u0119 ka\u017cdemu z nas. To nie poradnik, to nie wyk\u0142ad \u2014 to raczej zbi\u00f3r \u017cyciowych moment\u00f3w, refleksji i ciekawostek, kt\u00f3re mijamy na co dzie\u0144, czasem nawet ich nie zauwa\u017caj\u0105c. Ka\u017cdy","canonical_url":"https:\/\/wia.net.pl\/index.php\/2025\/06\/03\/krotkie-spiecia-z-rzeczywistoscia-nowa-seria-na-substacku\/","robots":"max-image-preview:large","keywords":"","webmasterTools":{"miscellaneous":""},"schema":{"@context":"https:\/\/schema.org","@graph":[{"@type":"BlogPosting","@id":"https:\/\/wia.net.pl\/index.php\/2025\/06\/03\/krotkie-spiecia-z-rzeczywistoscia-nowa-seria-na-substacku\/#blogposting","name":"\u201eKr\u00f3tkie spi\u0119cia z rzeczywisto\u015bci\u0105\u201d- nowa seria na Substacku - Wolno\u015b\u0107 i Anarchia","headline":"&#8222;Kr\u00f3tkie spi\u0119cia z rzeczywisto\u015bci\u0105&#8221;- nowa seria na Substacku","author":{"@id":"https:\/\/wia.net.pl\/index.php\/author\/trinity\/#author"},"publisher":{"@id":"https:\/\/wia.net.pl\/#person"},"image":{"@type":"ImageObject","url":"https:\/\/wia.net.pl\/wp-content\/uploads\/2025\/06\/Ludzie-ktorzy-nigdy-nie-snia-miniaturka.jpg","width":1920,"height":1080},"datePublished":"2025-06-03T12:42:47+02:00","dateModified":"2026-01-22T02:08:23+01:00","inLanguage":"pl-PL","mainEntityOfPage":{"@id":"https:\/\/wia.net.pl\/index.php\/2025\/06\/03\/krotkie-spiecia-z-rzeczywistoscia-nowa-seria-na-substacku\/#webpage"},"isPartOf":{"@id":"https:\/\/wia.net.pl\/index.php\/2025\/06\/03\/krotkie-spiecia-z-rzeczywistoscia-nowa-seria-na-substacku\/#webpage"},"articleSection":"P\u0142atna subskrypcja Substack"},{"@type":"BreadcrumbList","@id":"https:\/\/wia.net.pl\/index.php\/2025\/06\/03\/krotkie-spiecia-z-rzeczywistoscia-nowa-seria-na-substacku\/#breadcrumblist","itemListElement":[{"@type":"ListItem","@id":"https:\/\/wia.net.pl#listItem","position":1,"name":"Home","item":"https:\/\/wia.net.pl","nextItem":{"@type":"ListItem","@id":"https:\/\/wia.net.pl\/index.php\/category\/platna-subskrypcja-substack\/#listItem","name":"P\u0142atna subskrypcja Substack"}},{"@type":"ListItem","@id":"https:\/\/wia.net.pl\/index.php\/category\/platna-subskrypcja-substack\/#listItem","position":2,"name":"P\u0142atna subskrypcja Substack","item":"https:\/\/wia.net.pl\/index.php\/category\/platna-subskrypcja-substack\/","nextItem":{"@type":"ListItem","@id":"https:\/\/wia.net.pl\/index.php\/2025\/06\/03\/krotkie-spiecia-z-rzeczywistoscia-nowa-seria-na-substacku\/#listItem","name":"&#8222;Kr\u00f3tkie spi\u0119cia z rzeczywisto\u015bci\u0105&#8221;- nowa seria na Substacku"},"previousItem":{"@type":"ListItem","@id":"https:\/\/wia.net.pl#listItem","name":"Home"}},{"@type":"ListItem","@id":"https:\/\/wia.net.pl\/index.php\/2025\/06\/03\/krotkie-spiecia-z-rzeczywistoscia-nowa-seria-na-substacku\/#listItem","position":3,"name":"&#8222;Kr\u00f3tkie spi\u0119cia z rzeczywisto\u015bci\u0105&#8221;- nowa seria na Substacku","previousItem":{"@type":"ListItem","@id":"https:\/\/wia.net.pl\/index.php\/category\/platna-subskrypcja-substack\/#listItem","name":"P\u0142atna subskrypcja Substack"}}]},{"@type":"Person","@id":"https:\/\/wia.net.pl\/#person","name":"Bart\u0142omiej Talarczyk","image":{"@type":"ImageObject","@id":"https:\/\/wia.net.pl\/index.php\/2025\/06\/03\/krotkie-spiecia-z-rzeczywistoscia-nowa-seria-na-substacku\/#personImage","url":"https:\/\/wia.net.pl\/wp-content\/uploads\/avatar-privacy\/cache\/user\/1\/7\/176a6b161c58363ff49b5c167264231f519f5c7fa183ca1f61e891769b6b56d5-96.jpg","width":96,"height":96,"caption":"Bart\u0142omiej Talarczyk"}},{"@type":"Person","@id":"https:\/\/wia.net.pl\/index.php\/author\/trinity\/#author","url":"https:\/\/wia.net.pl\/index.php\/author\/trinity\/","name":"trinity","image":{"@type":"ImageObject","@id":"https:\/\/wia.net.pl\/index.php\/2025\/06\/03\/krotkie-spiecia-z-rzeczywistoscia-nowa-seria-na-substacku\/#authorImage","url":"https:\/\/wia.net.pl\/wp-content\/uploads\/avatar-privacy\/cache\/user\/5\/f\/5f6547cf82495eaa10e100a6a45d5dbde2dfdc1be88557de2018fca705bdf6f1-96.jpg","width":96,"height":96,"caption":"trinity"}},{"@type":"WebPage","@id":"https:\/\/wia.net.pl\/index.php\/2025\/06\/03\/krotkie-spiecia-z-rzeczywistoscia-nowa-seria-na-substacku\/#webpage","url":"https:\/\/wia.net.pl\/index.php\/2025\/06\/03\/krotkie-spiecia-z-rzeczywistoscia-nowa-seria-na-substacku\/","name":"\u201eKr\u00f3tkie spi\u0119cia z rzeczywisto\u015bci\u0105\u201d- nowa seria na Substacku - Wolno\u015b\u0107 i Anarchia","description":"\u201cKr\u00f3tkie spi\u0119cia z rzeczywisto\u015bci\u0105\u201d - To seria kr\u00f3tkich podcast\u00f3w, kt\u00f3re zabior\u0105 ci\u0119 w podr\u00f3\u017c przez tematy bliskie, ludzkie, cz\u0119sto zaskakuj\u0105ce \u2014 takie, kt\u00f3re mog\u0105 wydarzy\u0107 si\u0119 ka\u017cdemu z nas. To nie poradnik, to nie wyk\u0142ad \u2014 to raczej zbi\u00f3r \u017cyciowych moment\u00f3w, refleksji i ciekawostek, kt\u00f3re mijamy na co dzie\u0144, czasem nawet ich nie zauwa\u017caj\u0105c. Ka\u017cdy","inLanguage":"pl-PL","isPartOf":{"@id":"https:\/\/wia.net.pl\/#website"},"breadcrumb":{"@id":"https:\/\/wia.net.pl\/index.php\/2025\/06\/03\/krotkie-spiecia-z-rzeczywistoscia-nowa-seria-na-substacku\/#breadcrumblist"},"author":{"@id":"https:\/\/wia.net.pl\/index.php\/author\/trinity\/#author"},"creator":{"@id":"https:\/\/wia.net.pl\/index.php\/author\/trinity\/#author"},"image":{"@type":"ImageObject","url":"https:\/\/wia.net.pl\/wp-content\/uploads\/2025\/06\/Ludzie-ktorzy-nigdy-nie-snia-miniaturka.jpg","@id":"https:\/\/wia.net.pl\/index.php\/2025\/06\/03\/krotkie-spiecia-z-rzeczywistoscia-nowa-seria-na-substacku\/#mainImage","width":1920,"height":1080},"primaryImageOfPage":{"@id":"https:\/\/wia.net.pl\/index.php\/2025\/06\/03\/krotkie-spiecia-z-rzeczywistoscia-nowa-seria-na-substacku\/#mainImage"},"datePublished":"2025-06-03T12:42:47+02:00","dateModified":"2026-01-22T02:08:23+01:00"},{"@type":"WebSite","@id":"https:\/\/wia.net.pl\/#website","url":"https:\/\/wia.net.pl\/","name":"Wolno\u015b\u0107 i Anarchia","description":"Ka\u017cdy wewn\u0119trznie jest anarchist\u0105.","inLanguage":"pl-PL","publisher":{"@id":"https:\/\/wia.net.pl\/#person"}}]},"og:locale":"pl_PL","og:site_name":"Wolno\u015b\u0107 i Anarchia - Ka\u017cdy wewn\u0119trznie jest anarchist\u0105.","og:type":"article","og:title":"\u201eKr\u00f3tkie spi\u0119cia z rzeczywisto\u015bci\u0105\u201d- nowa seria na Substacku - Wolno\u015b\u0107 i Anarchia","og:description":"\u201cKr\u00f3tkie spi\u0119cia z rzeczywisto\u015bci\u0105\u201d - To seria kr\u00f3tkich podcast\u00f3w, kt\u00f3re zabior\u0105 ci\u0119 w podr\u00f3\u017c przez tematy bliskie, ludzkie, cz\u0119sto zaskakuj\u0105ce \u2014 takie, kt\u00f3re mog\u0105 wydarzy\u0107 si\u0119 ka\u017cdemu z nas. To nie poradnik, to nie wyk\u0142ad \u2014 to raczej zbi\u00f3r \u017cyciowych moment\u00f3w, refleksji i ciekawostek, kt\u00f3re mijamy na co dzie\u0144, czasem nawet ich nie zauwa\u017caj\u0105c. Ka\u017cdy","og:url":"https:\/\/wia.net.pl\/index.php\/2025\/06\/03\/krotkie-spiecia-z-rzeczywistoscia-nowa-seria-na-substacku\/","og:image":"https:\/\/wia.net.pl\/wp-content\/uploads\/2023\/11\/cropped-freedom-i73367.jpg","og:image:secure_url":"https:\/\/wia.net.pl\/wp-content\/uploads\/2023\/11\/cropped-freedom-i73367.jpg","article:published_time":"2025-06-03T10:42:47+00:00","article:modified_time":"2026-01-22T01:08:23+00:00","twitter:card":"summary_large_image","twitter:title":"\u201eKr\u00f3tkie spi\u0119cia z rzeczywisto\u015bci\u0105\u201d- nowa seria na Substacku - Wolno\u015b\u0107 i Anarchia","twitter:description":"\u201cKr\u00f3tkie spi\u0119cia z rzeczywisto\u015bci\u0105\u201d - To seria kr\u00f3tkich podcast\u00f3w, kt\u00f3re zabior\u0105 ci\u0119 w podr\u00f3\u017c przez tematy bliskie, ludzkie, cz\u0119sto zaskakuj\u0105ce \u2014 takie, kt\u00f3re mog\u0105 wydarzy\u0107 si\u0119 ka\u017cdemu z nas. To nie poradnik, to nie wyk\u0142ad \u2014 to raczej zbi\u00f3r \u017cyciowych moment\u00f3w, refleksji i ciekawostek, kt\u00f3re mijamy na co dzie\u0144, czasem nawet ich nie zauwa\u017caj\u0105c. Ka\u017cdy","twitter:image":"https:\/\/wia.net.pl\/wp-content\/uploads\/2023\/11\/cropped-freedom-i73367.jpg"},"aioseo_meta_data":{"post_id":"10121","title":null,"description":null,"keywords":null,"keyphrases":{"focus":{"keyphrase":"","score":0,"analysis":{"keyphraseInTitle":{"score":0,"maxScore":9,"error":1}}},"additional":[]},"primary_term":null,"canonical_url":null,"og_title":null,"og_description":null,"og_object_type":"default","og_image_type":"default","og_image_url":null,"og_image_width":null,"og_image_height":null,"og_image_custom_url":null,"og_image_custom_fields":null,"og_video":"","og_custom_url":null,"og_article_section":null,"og_article_tags":null,"twitter_use_og":false,"twitter_card":"default","twitter_image_type":"default","twitter_image_url":null,"twitter_image_custom_url":null,"twitter_image_custom_fields":null,"twitter_title":null,"twitter_description":null,"schema":{"blockGraphs":[],"customGraphs":[],"default":{"data":{"Article":[],"Course":[],"Dataset":[],"FAQPage":[],"Movie":[],"Person":[],"Product":[],"ProductReview":[],"Car":[],"Recipe":[],"Service":[],"SoftwareApplication":[],"WebPage":[]},"graphName":"BlogPosting","isEnabled":true},"graphs":[]},"schema_type":"default","schema_type_options":null,"pillar_content":false,"robots_default":true,"robots_noindex":false,"robots_noarchive":false,"robots_nosnippet":false,"robots_nofollow":false,"robots_noimageindex":false,"robots_noodp":false,"robots_notranslate":false,"robots_max_snippet":"-1","robots_max_videopreview":"-1","robots_max_imagepreview":"large","priority":null,"frequency":"default","local_seo":null,"breadcrumb_settings":null,"limit_modified_date":false,"ai":null,"created":"2025-06-03 10:42:48","updated":"2026-01-22 01:08:40","seo_analyzer_scan_date":null,"focus_keyword":null,"additional_keywords":null,"truseo_locale":null},"aioseo_breadcrumb":"<div class=\"aioseo-breadcrumbs\"><span class=\"aioseo-breadcrumb\">\n\t\t\t<a href=\"https:\/\/wia.net.pl\" title=\"Home\">Home<\/a>\n\t\t<\/span><span class=\"aioseo-breadcrumb-separator\">&raquo;<\/span><span class=\"aioseo-breadcrumb\">\n\t\t\t<a href=\"https:\/\/wia.net.pl\/index.php\/category\/platna-subskrypcja-substack\/\" title=\"P\u0142atna subskrypcja Substack\">P\u0142atna subskrypcja Substack<\/a>\n\t\t<\/span><span class=\"aioseo-breadcrumb-separator\">&raquo;<\/span><span class=\"aioseo-breadcrumb\">\n\t\t\t\u201eKr\u00f3tkie spi\u0119cia z rzeczywisto\u015bci\u0105\u201d- nowa seria na Substacku\n\t\t<\/span><\/div>","aioseo_breadcrumb_json":[{"label":"Home","link":"https:\/\/wia.net.pl"},{"label":"P\u0142atna subskrypcja Substack","link":"https:\/\/wia.net.pl\/index.php\/category\/platna-subskrypcja-substack\/"},{"label":"&#8222;Kr\u00f3tkie spi\u0119cia z rzeczywisto\u015bci\u0105&#8221;- nowa seria na Substacku","link":"https:\/\/wia.net.pl\/index.php\/2025\/06\/03\/krotkie-spiecia-z-rzeczywistoscia-nowa-seria-na-substacku\/"}],"_links":{"self":[{"href":"https:\/\/wia.net.pl\/index.php\/wp-json\/wp\/v2\/posts\/10121"}],"collection":[{"href":"https:\/\/wia.net.pl\/index.php\/wp-json\/wp\/v2\/posts"}],"about":[{"href":"https:\/\/wia.net.pl\/index.php\/wp-json\/wp\/v2\/types\/post"}],"author":[{"embeddable":true,"href":"https:\/\/wia.net.pl\/index.php\/wp-json\/wp\/v2\/users\/2"}],"replies":[{"embeddable":true,"href":"https:\/\/wia.net.pl\/index.php\/wp-json\/wp\/v2\/comments?post=10121"}],"version-history":[{"count":2,"href":"https:\/\/wia.net.pl\/index.php\/wp-json\/wp\/v2\/posts\/10121\/revisions"}],"predecessor-version":[{"id":10129,"href":"https:\/\/wia.net.pl\/index.php\/wp-json\/wp\/v2\/posts\/10121\/revisions\/10129"}],"wp:featuredmedia":[{"embeddable":true,"href":"https:\/\/wia.net.pl\/index.php\/wp-json\/wp\/v2\/media\/10122"}],"wp:attachment":[{"href":"https:\/\/wia.net.pl\/index.php\/wp-json\/wp\/v2\/media?parent=10121"}],"wp:term":[{"taxonomy":"category","embeddable":true,"href":"https:\/\/wia.net.pl\/index.php\/wp-json\/wp\/v2\/categories?post=10121"},{"taxonomy":"post_tag","embeddable":true,"href":"https:\/\/wia.net.pl\/index.php\/wp-json\/wp\/v2\/tags?post=10121"}],"curies":[{"name":"wp","href":"https:\/\/api.w.org\/{rel}","templated":true}]}}