{"id":10159,"date":"2025-06-05T19:10:30","date_gmt":"2025-06-05T17:10:30","guid":{"rendered":"https:\/\/wia.net.pl\/?p=10159"},"modified":"2025-06-05T19:10:31","modified_gmt":"2025-06-05T17:10:31","slug":"zgromadzenie-niezaleznych-2025-czesc-ii-david-icke","status":"publish","type":"post","link":"https:\/\/wia.net.pl\/index.php\/2025\/06\/05\/zgromadzenie-niezaleznych-2025-czesc-ii-david-icke\/","title":{"rendered":"Zgromadzenie Niezale\u017cnych 2025, cz\u0119\u015b\u0107 II &#8211; David Icke"},"content":{"rendered":"<p><iframe id=\"odysee-iframe\" style=\"width:100%; aspect-ratio:16 \/ 9;\" src=\"https:\/\/odysee.com\/%24\/embed\/%40wolnoscanarchia%3Ad%2Ficke-niezalezni-2025-czesc-2-%281%29%3A4?r=KqtnN3u2RSe5GxY7Tos527f1XGfjXD4u\" allowfullscreen><\/iframe><\/p>\n\n\n\n<p><br><strong>\u0179r\u00f3d\u0142o <a href=\"https:\/\/rumble.com\/v6uc87r-the-dot-connector-ep169-gathering-of-the-mavericks-2025-part-ii.html?e9s=src_v1_ucp\">https:\/\/rumble.com\/v6uc87r-the-dot-connector-ep169-gathering-of-the-mavericks-2025-part-ii.html?e9s=src_v1_ucp<\/a><\/strong><\/p>\n","protected":false},"excerpt":{"rendered":"<p>\u0179r\u00f3d\u0142o https:\/\/rumble.com\/v6uc87r-the-dot-connector-ep169-gathering-of-the-mavericks-2025-part-ii.html?e9s=src_v1_ucp<\/p>\n","protected":false},"author":2,"featured_media":10160,"comment_status":"open","ping_status":"open","sticky":false,"template":"","format":"standard","meta":{"_acf_changed":false,"_bbp_topic_count":0,"_bbp_reply_count":0,"_bbp_total_topic_count":0,"_bbp_total_reply_count":0,"_bbp_voice_count":0,"_bbp_anonymous_reply_count":0,"_bbp_topic_count_hidden":0,"_bbp_reply_count_hidden":0,"_bbp_forum_subforum_count":0,"om_disable_all_campaigns":false,"_monsterinsights_skip_tracking":false,"footnotes":""},"categories":[13],"tags":[],"class_list":["post-10159","post","type-post","status-publish","format-standard","has-post-thumbnail","hentry","category-prawdaoswiecie"],"acf":[],"aioseo_notices":[],"aioseo_head":"\n\t\t<!-- All in One SEO 5.0.1.1 - aioseo.com -->\n\t<meta name=\"description\" content=\"\u0179r\u00f3d\u0142o https:\/\/rumble.com\/v6uc87r-the-dot-connector-ep169-gathering-of-the-mavericks-2025-part-ii.html?e9s=src_v1_ucp\" \/>\n\t<meta name=\"robots\" content=\"max-image-preview:large\" \/>\n\t<meta name=\"author\" content=\"trinity\"\/>\n\t<link rel=\"canonical\" href=\"https:\/\/wia.net.pl\/index.php\/2025\/06\/05\/zgromadzenie-niezaleznych-2025-czesc-ii-david-icke\/\" \/>\n\t<meta name=\"generator\" content=\"All in One SEO (AIOSEO) 5.0.1.1\" \/>\n\t\t<meta property=\"og:locale\" content=\"pl_PL\" \/>\n\t\t<meta property=\"og:site_name\" content=\"Wolno\u015b\u0107 i Anarchia - Ka\u017cdy wewn\u0119trznie jest anarchist\u0105.\" \/>\n\t\t<meta property=\"og:type\" content=\"article\" \/>\n\t\t<meta property=\"og:title\" content=\"Zgromadzenie Niezale\u017cnych 2025, cz\u0119\u015b\u0107 II \u2013 David Icke - Wolno\u015b\u0107 i Anarchia\" \/>\n\t\t<meta property=\"og:description\" content=\"\u0179r\u00f3d\u0142o https:\/\/rumble.com\/v6uc87r-the-dot-connector-ep169-gathering-of-the-mavericks-2025-part-ii.html?e9s=src_v1_ucp\" \/>\n\t\t<meta property=\"og:url\" content=\"https:\/\/wia.net.pl\/index.php\/2025\/06\/05\/zgromadzenie-niezaleznych-2025-czesc-ii-david-icke\/\" \/>\n\t\t<meta property=\"og:image\" content=\"https:\/\/wia.net.pl\/wp-content\/uploads\/2023\/11\/cropped-freedom-i73367.jpg\" \/>\n\t\t<meta property=\"og:image:secure_url\" content=\"https:\/\/wia.net.pl\/wp-content\/uploads\/2023\/11\/cropped-freedom-i73367.jpg\" \/>\n\t\t<meta property=\"article:published_time\" content=\"2025-06-05T17:10:30+00:00\" \/>\n\t\t<meta property=\"article:modified_time\" content=\"2025-06-05T17:10:31+00:00\" \/>\n\t\t<meta name=\"twitter:card\" content=\"summary_large_image\" \/>\n\t\t<meta name=\"twitter:title\" content=\"Zgromadzenie Niezale\u017cnych 2025, cz\u0119\u015b\u0107 II \u2013 David Icke - Wolno\u015b\u0107 i Anarchia\" \/>\n\t\t<meta name=\"twitter:description\" content=\"\u0179r\u00f3d\u0142o https:\/\/rumble.com\/v6uc87r-the-dot-connector-ep169-gathering-of-the-mavericks-2025-part-ii.html?e9s=src_v1_ucp\" \/>\n\t\t<meta name=\"twitter:image\" content=\"https:\/\/wia.net.pl\/wp-content\/uploads\/2023\/11\/cropped-freedom-i73367.jpg\" \/>\n\t\t<script type=\"application\/ld+json\" class=\"aioseo-schema\">\n\t\t\t{\"@context\":\"https:\\\/\\\/schema.org\",\"@graph\":[{\"@type\":\"BlogPosting\",\"@id\":\"https:\\\/\\\/wia.net.pl\\\/index.php\\\/2025\\\/06\\\/05\\\/zgromadzenie-niezaleznych-2025-czesc-ii-david-icke\\\/#blogposting\",\"name\":\"Zgromadzenie Niezale\\u017cnych 2025, cz\\u0119\\u015b\\u0107 II \\u2013 David Icke - Wolno\\u015b\\u0107 i Anarchia\",\"headline\":\"Zgromadzenie Niezale\\u017cnych 2025, cz\\u0119\\u015b\\u0107 II &#8211; David Icke\",\"author\":{\"@id\":\"https:\\\/\\\/wia.net.pl\\\/index.php\\\/author\\\/trinity\\\/#author\"},\"publisher\":{\"@id\":\"https:\\\/\\\/wia.net.pl\\\/#person\"},\"image\":{\"@type\":\"ImageObject\",\"url\":\"https:\\\/\\\/wia.net.pl\\\/wp-content\\\/uploads\\\/2025\\\/06\\\/David-Icke-niezalezni-2.jpg\",\"width\":1920,\"height\":1080},\"datePublished\":\"2025-06-05T19:10:30+02:00\",\"dateModified\":\"2025-06-05T19:10:31+02:00\",\"inLanguage\":\"pl-PL\",\"mainEntityOfPage\":{\"@id\":\"https:\\\/\\\/wia.net.pl\\\/index.php\\\/2025\\\/06\\\/05\\\/zgromadzenie-niezaleznych-2025-czesc-ii-david-icke\\\/#webpage\"},\"isPartOf\":{\"@id\":\"https:\\\/\\\/wia.net.pl\\\/index.php\\\/2025\\\/06\\\/05\\\/zgromadzenie-niezaleznych-2025-czesc-ii-david-icke\\\/#webpage\"},\"articleSection\":\"Prawda o \\u015bwiecie\"},{\"@type\":\"BreadcrumbList\",\"@id\":\"https:\\\/\\\/wia.net.pl\\\/index.php\\\/2025\\\/06\\\/05\\\/zgromadzenie-niezaleznych-2025-czesc-ii-david-icke\\\/#breadcrumblist\",\"itemListElement\":[{\"@type\":\"ListItem\",\"@id\":\"https:\\\/\\\/wia.net.pl#listItem\",\"position\":1,\"name\":\"Home\",\"item\":\"https:\\\/\\\/wia.net.pl\",\"nextItem\":{\"@type\":\"ListItem\",\"@id\":\"https:\\\/\\\/wia.net.pl\\\/index.php\\\/category\\\/prawdaoswiecie\\\/#listItem\",\"name\":\"Prawda o \\u015bwiecie\"}},{\"@type\":\"ListItem\",\"@id\":\"https:\\\/\\\/wia.net.pl\\\/index.php\\\/category\\\/prawdaoswiecie\\\/#listItem\",\"position\":2,\"name\":\"Prawda o \\u015bwiecie\",\"item\":\"https:\\\/\\\/wia.net.pl\\\/index.php\\\/category\\\/prawdaoswiecie\\\/\",\"nextItem\":{\"@type\":\"ListItem\",\"@id\":\"https:\\\/\\\/wia.net.pl\\\/index.php\\\/2025\\\/06\\\/05\\\/zgromadzenie-niezaleznych-2025-czesc-ii-david-icke\\\/#listItem\",\"name\":\"Zgromadzenie Niezale\\u017cnych 2025, cz\\u0119\\u015b\\u0107 II &#8211; David Icke\"},\"previousItem\":{\"@type\":\"ListItem\",\"@id\":\"https:\\\/\\\/wia.net.pl#listItem\",\"name\":\"Home\"}},{\"@type\":\"ListItem\",\"@id\":\"https:\\\/\\\/wia.net.pl\\\/index.php\\\/2025\\\/06\\\/05\\\/zgromadzenie-niezaleznych-2025-czesc-ii-david-icke\\\/#listItem\",\"position\":3,\"name\":\"Zgromadzenie Niezale\\u017cnych 2025, cz\\u0119\\u015b\\u0107 II &#8211; David Icke\",\"previousItem\":{\"@type\":\"ListItem\",\"@id\":\"https:\\\/\\\/wia.net.pl\\\/index.php\\\/category\\\/prawdaoswiecie\\\/#listItem\",\"name\":\"Prawda o \\u015bwiecie\"}}]},{\"@type\":\"Person\",\"@id\":\"https:\\\/\\\/wia.net.pl\\\/#person\",\"name\":\"Bart\\u0142omiej Talarczyk\",\"image\":{\"@type\":\"ImageObject\",\"@id\":\"https:\\\/\\\/wia.net.pl\\\/index.php\\\/2025\\\/06\\\/05\\\/zgromadzenie-niezaleznych-2025-czesc-ii-david-icke\\\/#personImage\",\"url\":\"https:\\\/\\\/wia.net.pl\\\/wp-content\\\/uploads\\\/avatar-privacy\\\/cache\\\/user\\\/1\\\/7\\\/176a6b161c58363ff49b5c167264231f519f5c7fa183ca1f61e891769b6b56d5-96.jpg\",\"width\":96,\"height\":96,\"caption\":\"Bart\\u0142omiej Talarczyk\"}},{\"@type\":\"Person\",\"@id\":\"https:\\\/\\\/wia.net.pl\\\/index.php\\\/author\\\/trinity\\\/#author\",\"url\":\"https:\\\/\\\/wia.net.pl\\\/index.php\\\/author\\\/trinity\\\/\",\"name\":\"trinity\",\"image\":{\"@type\":\"ImageObject\",\"@id\":\"https:\\\/\\\/wia.net.pl\\\/index.php\\\/2025\\\/06\\\/05\\\/zgromadzenie-niezaleznych-2025-czesc-ii-david-icke\\\/#authorImage\",\"url\":\"https:\\\/\\\/wia.net.pl\\\/wp-content\\\/uploads\\\/avatar-privacy\\\/cache\\\/user\\\/5\\\/f\\\/5f6547cf82495eaa10e100a6a45d5dbde2dfdc1be88557de2018fca705bdf6f1-96.jpg\",\"width\":96,\"height\":96,\"caption\":\"trinity\"}},{\"@type\":\"WebPage\",\"@id\":\"https:\\\/\\\/wia.net.pl\\\/index.php\\\/2025\\\/06\\\/05\\\/zgromadzenie-niezaleznych-2025-czesc-ii-david-icke\\\/#webpage\",\"url\":\"https:\\\/\\\/wia.net.pl\\\/index.php\\\/2025\\\/06\\\/05\\\/zgromadzenie-niezaleznych-2025-czesc-ii-david-icke\\\/\",\"name\":\"Zgromadzenie Niezale\\u017cnych 2025, cz\\u0119\\u015b\\u0107 II \\u2013 David Icke - Wolno\\u015b\\u0107 i Anarchia\",\"description\":\"\\u0179r\\u00f3d\\u0142o https:\\\/\\\/rumble.com\\\/v6uc87r-the-dot-connector-ep169-gathering-of-the-mavericks-2025-part-ii.html?e9s=src_v1_ucp\",\"inLanguage\":\"pl-PL\",\"isPartOf\":{\"@id\":\"https:\\\/\\\/wia.net.pl\\\/#website\"},\"breadcrumb\":{\"@id\":\"https:\\\/\\\/wia.net.pl\\\/index.php\\\/2025\\\/06\\\/05\\\/zgromadzenie-niezaleznych-2025-czesc-ii-david-icke\\\/#breadcrumblist\"},\"author\":{\"@id\":\"https:\\\/\\\/wia.net.pl\\\/index.php\\\/author\\\/trinity\\\/#author\"},\"creator\":{\"@id\":\"https:\\\/\\\/wia.net.pl\\\/index.php\\\/author\\\/trinity\\\/#author\"},\"image\":{\"@type\":\"ImageObject\",\"url\":\"https:\\\/\\\/wia.net.pl\\\/wp-content\\\/uploads\\\/2025\\\/06\\\/David-Icke-niezalezni-2.jpg\",\"@id\":\"https:\\\/\\\/wia.net.pl\\\/index.php\\\/2025\\\/06\\\/05\\\/zgromadzenie-niezaleznych-2025-czesc-ii-david-icke\\\/#mainImage\",\"width\":1920,\"height\":1080},\"primaryImageOfPage\":{\"@id\":\"https:\\\/\\\/wia.net.pl\\\/index.php\\\/2025\\\/06\\\/05\\\/zgromadzenie-niezaleznych-2025-czesc-ii-david-icke\\\/#mainImage\"},\"datePublished\":\"2025-06-05T19:10:30+02:00\",\"dateModified\":\"2025-06-05T19:10:31+02:00\"},{\"@type\":\"WebSite\",\"@id\":\"https:\\\/\\\/wia.net.pl\\\/#website\",\"url\":\"https:\\\/\\\/wia.net.pl\\\/\",\"name\":\"Wolno\\u015b\\u0107 i Anarchia\",\"description\":\"Ka\\u017cdy wewn\\u0119trznie jest anarchist\\u0105.\",\"inLanguage\":\"pl-PL\",\"publisher\":{\"@id\":\"https:\\\/\\\/wia.net.pl\\\/#person\"}}]}\n\t\t<\/script>\n\t\t<!-- All in One SEO -->\n\n","aioseo_head_json":{"title":"Zgromadzenie Niezale\u017cnych 2025, cz\u0119\u015b\u0107 II \u2013 David Icke - Wolno\u015b\u0107 i Anarchia","description":"\u0179r\u00f3d\u0142o https:\/\/rumble.com\/v6uc87r-the-dot-connector-ep169-gathering-of-the-mavericks-2025-part-ii.html?e9s=src_v1_ucp","canonical_url":"https:\/\/wia.net.pl\/index.php\/2025\/06\/05\/zgromadzenie-niezaleznych-2025-czesc-ii-david-icke\/","robots":"max-image-preview:large","keywords":"","webmasterTools":{"miscellaneous":""},"schema":{"@context":"https:\/\/schema.org","@graph":[{"@type":"BlogPosting","@id":"https:\/\/wia.net.pl\/index.php\/2025\/06\/05\/zgromadzenie-niezaleznych-2025-czesc-ii-david-icke\/#blogposting","name":"Zgromadzenie Niezale\u017cnych 2025, cz\u0119\u015b\u0107 II \u2013 David Icke - Wolno\u015b\u0107 i Anarchia","headline":"Zgromadzenie Niezale\u017cnych 2025, cz\u0119\u015b\u0107 II &#8211; David Icke","author":{"@id":"https:\/\/wia.net.pl\/index.php\/author\/trinity\/#author"},"publisher":{"@id":"https:\/\/wia.net.pl\/#person"},"image":{"@type":"ImageObject","url":"https:\/\/wia.net.pl\/wp-content\/uploads\/2025\/06\/David-Icke-niezalezni-2.jpg","width":1920,"height":1080},"datePublished":"2025-06-05T19:10:30+02:00","dateModified":"2025-06-05T19:10:31+02:00","inLanguage":"pl-PL","mainEntityOfPage":{"@id":"https:\/\/wia.net.pl\/index.php\/2025\/06\/05\/zgromadzenie-niezaleznych-2025-czesc-ii-david-icke\/#webpage"},"isPartOf":{"@id":"https:\/\/wia.net.pl\/index.php\/2025\/06\/05\/zgromadzenie-niezaleznych-2025-czesc-ii-david-icke\/#webpage"},"articleSection":"Prawda o \u015bwiecie"},{"@type":"BreadcrumbList","@id":"https:\/\/wia.net.pl\/index.php\/2025\/06\/05\/zgromadzenie-niezaleznych-2025-czesc-ii-david-icke\/#breadcrumblist","itemListElement":[{"@type":"ListItem","@id":"https:\/\/wia.net.pl#listItem","position":1,"name":"Home","item":"https:\/\/wia.net.pl","nextItem":{"@type":"ListItem","@id":"https:\/\/wia.net.pl\/index.php\/category\/prawdaoswiecie\/#listItem","name":"Prawda o \u015bwiecie"}},{"@type":"ListItem","@id":"https:\/\/wia.net.pl\/index.php\/category\/prawdaoswiecie\/#listItem","position":2,"name":"Prawda o \u015bwiecie","item":"https:\/\/wia.net.pl\/index.php\/category\/prawdaoswiecie\/","nextItem":{"@type":"ListItem","@id":"https:\/\/wia.net.pl\/index.php\/2025\/06\/05\/zgromadzenie-niezaleznych-2025-czesc-ii-david-icke\/#listItem","name":"Zgromadzenie Niezale\u017cnych 2025, cz\u0119\u015b\u0107 II &#8211; David Icke"},"previousItem":{"@type":"ListItem","@id":"https:\/\/wia.net.pl#listItem","name":"Home"}},{"@type":"ListItem","@id":"https:\/\/wia.net.pl\/index.php\/2025\/06\/05\/zgromadzenie-niezaleznych-2025-czesc-ii-david-icke\/#listItem","position":3,"name":"Zgromadzenie Niezale\u017cnych 2025, cz\u0119\u015b\u0107 II &#8211; David Icke","previousItem":{"@type":"ListItem","@id":"https:\/\/wia.net.pl\/index.php\/category\/prawdaoswiecie\/#listItem","name":"Prawda o \u015bwiecie"}}]},{"@type":"Person","@id":"https:\/\/wia.net.pl\/#person","name":"Bart\u0142omiej Talarczyk","image":{"@type":"ImageObject","@id":"https:\/\/wia.net.pl\/index.php\/2025\/06\/05\/zgromadzenie-niezaleznych-2025-czesc-ii-david-icke\/#personImage","url":"https:\/\/wia.net.pl\/wp-content\/uploads\/avatar-privacy\/cache\/user\/1\/7\/176a6b161c58363ff49b5c167264231f519f5c7fa183ca1f61e891769b6b56d5-96.jpg","width":96,"height":96,"caption":"Bart\u0142omiej Talarczyk"}},{"@type":"Person","@id":"https:\/\/wia.net.pl\/index.php\/author\/trinity\/#author","url":"https:\/\/wia.net.pl\/index.php\/author\/trinity\/","name":"trinity","image":{"@type":"ImageObject","@id":"https:\/\/wia.net.pl\/index.php\/2025\/06\/05\/zgromadzenie-niezaleznych-2025-czesc-ii-david-icke\/#authorImage","url":"https:\/\/wia.net.pl\/wp-content\/uploads\/avatar-privacy\/cache\/user\/5\/f\/5f6547cf82495eaa10e100a6a45d5dbde2dfdc1be88557de2018fca705bdf6f1-96.jpg","width":96,"height":96,"caption":"trinity"}},{"@type":"WebPage","@id":"https:\/\/wia.net.pl\/index.php\/2025\/06\/05\/zgromadzenie-niezaleznych-2025-czesc-ii-david-icke\/#webpage","url":"https:\/\/wia.net.pl\/index.php\/2025\/06\/05\/zgromadzenie-niezaleznych-2025-czesc-ii-david-icke\/","name":"Zgromadzenie Niezale\u017cnych 2025, cz\u0119\u015b\u0107 II \u2013 David Icke - Wolno\u015b\u0107 i Anarchia","description":"\u0179r\u00f3d\u0142o https:\/\/rumble.com\/v6uc87r-the-dot-connector-ep169-gathering-of-the-mavericks-2025-part-ii.html?e9s=src_v1_ucp","inLanguage":"pl-PL","isPartOf":{"@id":"https:\/\/wia.net.pl\/#website"},"breadcrumb":{"@id":"https:\/\/wia.net.pl\/index.php\/2025\/06\/05\/zgromadzenie-niezaleznych-2025-czesc-ii-david-icke\/#breadcrumblist"},"author":{"@id":"https:\/\/wia.net.pl\/index.php\/author\/trinity\/#author"},"creator":{"@id":"https:\/\/wia.net.pl\/index.php\/author\/trinity\/#author"},"image":{"@type":"ImageObject","url":"https:\/\/wia.net.pl\/wp-content\/uploads\/2025\/06\/David-Icke-niezalezni-2.jpg","@id":"https:\/\/wia.net.pl\/index.php\/2025\/06\/05\/zgromadzenie-niezaleznych-2025-czesc-ii-david-icke\/#mainImage","width":1920,"height":1080},"primaryImageOfPage":{"@id":"https:\/\/wia.net.pl\/index.php\/2025\/06\/05\/zgromadzenie-niezaleznych-2025-czesc-ii-david-icke\/#mainImage"},"datePublished":"2025-06-05T19:10:30+02:00","dateModified":"2025-06-05T19:10:31+02:00"},{"@type":"WebSite","@id":"https:\/\/wia.net.pl\/#website","url":"https:\/\/wia.net.pl\/","name":"Wolno\u015b\u0107 i Anarchia","description":"Ka\u017cdy wewn\u0119trznie jest anarchist\u0105.","inLanguage":"pl-PL","publisher":{"@id":"https:\/\/wia.net.pl\/#person"}}]},"og:locale":"pl_PL","og:site_name":"Wolno\u015b\u0107 i Anarchia - Ka\u017cdy wewn\u0119trznie jest anarchist\u0105.","og:type":"article","og:title":"Zgromadzenie Niezale\u017cnych 2025, cz\u0119\u015b\u0107 II \u2013 David Icke - Wolno\u015b\u0107 i Anarchia","og:description":"\u0179r\u00f3d\u0142o https:\/\/rumble.com\/v6uc87r-the-dot-connector-ep169-gathering-of-the-mavericks-2025-part-ii.html?e9s=src_v1_ucp","og:url":"https:\/\/wia.net.pl\/index.php\/2025\/06\/05\/zgromadzenie-niezaleznych-2025-czesc-ii-david-icke\/","og:image":"https:\/\/wia.net.pl\/wp-content\/uploads\/2023\/11\/cropped-freedom-i73367.jpg","og:image:secure_url":"https:\/\/wia.net.pl\/wp-content\/uploads\/2023\/11\/cropped-freedom-i73367.jpg","article:published_time":"2025-06-05T17:10:30+00:00","article:modified_time":"2025-06-05T17:10:31+00:00","twitter:card":"summary_large_image","twitter:title":"Zgromadzenie Niezale\u017cnych 2025, cz\u0119\u015b\u0107 II \u2013 David Icke - Wolno\u015b\u0107 i Anarchia","twitter:description":"\u0179r\u00f3d\u0142o https:\/\/rumble.com\/v6uc87r-the-dot-connector-ep169-gathering-of-the-mavericks-2025-part-ii.html?e9s=src_v1_ucp","twitter:image":"https:\/\/wia.net.pl\/wp-content\/uploads\/2023\/11\/cropped-freedom-i73367.jpg"},"aioseo_meta_data":{"post_id":"10159","title":null,"description":null,"keywords":null,"keyphrases":{"focus":{"keyphrase":"","score":0,"analysis":{"keyphraseInTitle":{"score":0,"maxScore":9,"error":1}}},"additional":[]},"primary_term":null,"canonical_url":null,"og_title":null,"og_description":null,"og_object_type":"default","og_image_type":"default","og_image_url":null,"og_image_width":null,"og_image_height":null,"og_image_custom_url":null,"og_image_custom_fields":null,"og_video":"","og_custom_url":null,"og_article_section":null,"og_article_tags":null,"twitter_use_og":false,"twitter_card":"default","twitter_image_type":"default","twitter_image_url":null,"twitter_image_custom_url":null,"twitter_image_custom_fields":null,"twitter_title":null,"twitter_description":null,"schema":{"blockGraphs":[],"customGraphs":[],"default":{"data":{"Article":[],"Course":[],"Dataset":[],"FAQPage":[],"Movie":[],"Person":[],"Product":[],"ProductReview":[],"Car":[],"Recipe":[],"Service":[],"SoftwareApplication":[],"WebPage":[]},"graphName":"BlogPosting","isEnabled":true},"graphs":[]},"schema_type":"default","schema_type_options":null,"pillar_content":false,"robots_default":true,"robots_noindex":false,"robots_noarchive":false,"robots_nosnippet":false,"robots_nofollow":false,"robots_noimageindex":false,"robots_noodp":false,"robots_notranslate":false,"robots_max_snippet":"-1","robots_max_videopreview":"-1","robots_max_imagepreview":"large","priority":null,"frequency":"default","local_seo":null,"breadcrumb_settings":null,"limit_modified_date":false,"ai":null,"created":"2025-06-05 17:10:31","updated":"2025-06-05 17:17:47","seo_analyzer_scan_date":null,"focus_keyword":null,"additional_keywords":null,"truseo_locale":null},"aioseo_breadcrumb":"<div class=\"aioseo-breadcrumbs\"><span class=\"aioseo-breadcrumb\">\n\t\t\t<a href=\"https:\/\/wia.net.pl\" title=\"Home\">Home<\/a>\n\t\t<\/span><span class=\"aioseo-breadcrumb-separator\">&raquo;<\/span><span class=\"aioseo-breadcrumb\">\n\t\t\t<a href=\"https:\/\/wia.net.pl\/index.php\/category\/prawdaoswiecie\/\" title=\"Prawda o \u015bwiecie\">Prawda o \u015bwiecie<\/a>\n\t\t<\/span><span class=\"aioseo-breadcrumb-separator\">&raquo;<\/span><span class=\"aioseo-breadcrumb\">\n\t\t\tZgromadzenie Niezale\u017cnych 2025, cz\u0119\u015b\u0107 II \u2013 David Icke\n\t\t<\/span><\/div>","aioseo_breadcrumb_json":[{"label":"Home","link":"https:\/\/wia.net.pl"},{"label":"Prawda o \u015bwiecie","link":"https:\/\/wia.net.pl\/index.php\/category\/prawdaoswiecie\/"},{"label":"Zgromadzenie Niezale\u017cnych 2025, cz\u0119\u015b\u0107 II &#8211; David Icke","link":"https:\/\/wia.net.pl\/index.php\/2025\/06\/05\/zgromadzenie-niezaleznych-2025-czesc-ii-david-icke\/"}],"_links":{"self":[{"href":"https:\/\/wia.net.pl\/index.php\/wp-json\/wp\/v2\/posts\/10159"}],"collection":[{"href":"https:\/\/wia.net.pl\/index.php\/wp-json\/wp\/v2\/posts"}],"about":[{"href":"https:\/\/wia.net.pl\/index.php\/wp-json\/wp\/v2\/types\/post"}],"author":[{"embeddable":true,"href":"https:\/\/wia.net.pl\/index.php\/wp-json\/wp\/v2\/users\/2"}],"replies":[{"embeddable":true,"href":"https:\/\/wia.net.pl\/index.php\/wp-json\/wp\/v2\/comments?post=10159"}],"version-history":[{"count":1,"href":"https:\/\/wia.net.pl\/index.php\/wp-json\/wp\/v2\/posts\/10159\/revisions"}],"predecessor-version":[{"id":10161,"href":"https:\/\/wia.net.pl\/index.php\/wp-json\/wp\/v2\/posts\/10159\/revisions\/10161"}],"wp:featuredmedia":[{"embeddable":true,"href":"https:\/\/wia.net.pl\/index.php\/wp-json\/wp\/v2\/media\/10160"}],"wp:attachment":[{"href":"https:\/\/wia.net.pl\/index.php\/wp-json\/wp\/v2\/media?parent=10159"}],"wp:term":[{"taxonomy":"category","embeddable":true,"href":"https:\/\/wia.net.pl\/index.php\/wp-json\/wp\/v2\/categories?post=10159"},{"taxonomy":"post_tag","embeddable":true,"href":"https:\/\/wia.net.pl\/index.php\/wp-json\/wp\/v2\/tags?post=10159"}],"curies":[{"name":"wp","href":"https:\/\/api.w.org\/{rel}","templated":true}]}}