{"id":10162,"date":"2025-06-06T13:17:31","date_gmt":"2025-06-06T11:17:31","guid":{"rendered":"https:\/\/wia.net.pl\/?p=10162"},"modified":"2025-06-06T14:37:10","modified_gmt":"2025-06-06T12:37:10","slug":"5g-zagrozenia-dla-zdrowia-nowej-generacji","status":"publish","type":"post","link":"https:\/\/wia.net.pl\/index.php\/2025\/06\/06\/5g-zagrozenia-dla-zdrowia-nowej-generacji\/","title":{"rendered":"5G: Zagro\u017cenia dla zdrowia nowej generacji"},"content":{"rendered":"<p><iframe src=https:\/\/www.brighteon.com\/embed\/bfdd41f6-59d5-434e-957b-357bcd60b522 width='640' height='360' frameborder='0' allowfullscreen><\/iframe><\/p>\n\n\n<p><iframe id=\"odysee-iframe\" style=\"width:100%; aspect-ratio:16 \/ 9;\" src=\"https:\/\/odysee.com\/%24\/embed\/%40wolnoscanarchia%3Ad%2F5g-zagrozenie-dla-nowej-generacji-%281%29%3Ad?r=KqtnN3u2RSe5GxY7Tos527f1XGfjXD4u\" allowfullscreen><\/iframe><\/p>\n\n\n\n<p>We wszystkich badaniach nad promieniowaniem elektromagnetycznym odkryto r\u00f3wnie\u017c, \u017ce m\u00f3zgi dzieci absorbuj\u0105 dwa razy wi\u0119cej promieniowania elektromagnetycznego ni\u017c m\u00f3zgi doros\u0142ych. A bior\u0105c pod uwag\u0119 dzisiejsze normy u\u017cytkowania telefon\u00f3w kom\u00f3rkowych, mo\u017cna \u015bmia\u0142o powiedzie\u0107, \u017ce wi\u0119kszo\u015b\u0107 m\u0142odzie\u017cy w wieku powy\u017cej 10 lub 12 lat kwalifikuje si\u0119 jako intensywni u\u017cytkownicy. Badania wykaza\u0142y zwi\u0105zek mi\u0119dzy problemami behawioralnymi i problemami zdrowia psychicznego u dzieci a promieniowaniem elektromagnetycznym.<\/p>\n\n\n\n<p>Ca\u0142a ich to\u017csamo\u015b\u0107 znajduje si\u0119 w Internecie i od najm\u0142odszych lat s\u0105 manipulowani, aby my\u015ble\u0107 i dzia\u0142a\u0107 w okre\u015blony spos\u00f3b, jak cz\u0142onkowie roju, zdolni jedynie do my\u015blenia grupowego, zgodnie z definicj\u0105 wybranych przez nich platform. Te dzieciaki nie b\u0119d\u0105 zna\u0142y niczego innego poza kontrol\u0105. A spo\u0142eczne konsekwencje odej\u015bcia od roju s\u0105 ogromne.<\/p>\n\n\n\n<pre class=\"wp-block-preformatted\">\u0179r\u00f3d\u0142o <a href=\"https:\/\/odysee.com\/@TheSearch4Truth:8\/trim.56E63DA1-CBBC-4997-BDBD-EEDBBECF93D1:8\">https:\/\/odysee.com\/@TheSearch4Truth:8\/trim.56E63DA1-CBBC-4997-BDBD-EEDBBECF93D1:8<\/a><\/pre>\n","protected":false},"excerpt":{"rendered":"<p>We wszystkich badaniach nad promieniowaniem elektromagnetycznym odkryto r\u00f3wnie\u017c, \u017ce m\u00f3zgi dzieci absorbuj\u0105 dwa razy wi\u0119cej promieniowania elektromagnetycznego ni\u017c m\u00f3zgi doros\u0142ych. A bior\u0105c pod uwag\u0119 dzisiejsze normy u\u017cytkowania telefon\u00f3w kom\u00f3rkowych, mo\u017cna \u015bmia\u0142o powiedzie\u0107, \u017ce wi\u0119kszo\u015b\u0107 m\u0142odzie\u017cy w wieku powy\u017cej 10 lub&#8230; <\/p>\n","protected":false},"author":2,"featured_media":10163,"comment_status":"open","ping_status":"open","sticky":false,"template":"","format":"standard","meta":{"_acf_changed":false,"_bbp_topic_count":0,"_bbp_reply_count":0,"_bbp_total_topic_count":0,"_bbp_total_reply_count":0,"_bbp_voice_count":0,"_bbp_anonymous_reply_count":0,"_bbp_topic_count_hidden":0,"_bbp_reply_count_hidden":0,"_bbp_forum_subforum_count":0,"om_disable_all_campaigns":false,"_monsterinsights_skip_tracking":false,"footnotes":""},"categories":[95],"tags":[],"class_list":["post-10162","post","type-post","status-publish","format-standard","has-post-thumbnail","hentry","category-ufo-i-technologie"],"acf":[],"aioseo_notices":[],"aioseo_head":"\n\t\t<!-- All in One SEO 5.0.1.1 - aioseo.com -->\n\t<meta name=\"description\" content=\"We wszystkich badaniach nad promieniowaniem elektromagnetycznym odkryto r\u00f3wnie\u017c, \u017ce m\u00f3zgi dzieci absorbuj\u0105 dwa razy wi\u0119cej promieniowania elektromagnetycznego ni\u017c m\u00f3zgi doros\u0142ych. A bior\u0105c pod uwag\u0119 dzisiejsze normy u\u017cytkowania telefon\u00f3w kom\u00f3rkowych, mo\u017cna \u015bmia\u0142o powiedzie\u0107, \u017ce wi\u0119kszo\u015b\u0107 m\u0142odzie\u017cy w wieku powy\u017cej 10 lub 12 lat kwalifikuje si\u0119 jako intensywni u\u017cytkownicy. Badania wykaza\u0142y zwi\u0105zek mi\u0119dzy problemami behawioralnymi i problemami\" \/>\n\t<meta name=\"robots\" content=\"max-image-preview:large\" \/>\n\t<meta name=\"author\" content=\"trinity\"\/>\n\t<link rel=\"canonical\" href=\"https:\/\/wia.net.pl\/index.php\/2025\/06\/06\/5g-zagrozenia-dla-zdrowia-nowej-generacji\/\" \/>\n\t<meta name=\"generator\" content=\"All in One SEO (AIOSEO) 5.0.1.1\" \/>\n\t\t<meta property=\"og:locale\" content=\"pl_PL\" \/>\n\t\t<meta property=\"og:site_name\" content=\"Wolno\u015b\u0107 i Anarchia - Ka\u017cdy wewn\u0119trznie jest anarchist\u0105.\" \/>\n\t\t<meta property=\"og:type\" content=\"article\" \/>\n\t\t<meta property=\"og:title\" content=\"5G: Zagro\u017cenia dla zdrowia nowej generacji - Wolno\u015b\u0107 i Anarchia\" \/>\n\t\t<meta property=\"og:description\" content=\"We wszystkich badaniach nad promieniowaniem elektromagnetycznym odkryto r\u00f3wnie\u017c, \u017ce m\u00f3zgi dzieci absorbuj\u0105 dwa razy wi\u0119cej promieniowania elektromagnetycznego ni\u017c m\u00f3zgi doros\u0142ych. A bior\u0105c pod uwag\u0119 dzisiejsze normy u\u017cytkowania telefon\u00f3w kom\u00f3rkowych, mo\u017cna \u015bmia\u0142o powiedzie\u0107, \u017ce wi\u0119kszo\u015b\u0107 m\u0142odzie\u017cy w wieku powy\u017cej 10 lub 12 lat kwalifikuje si\u0119 jako intensywni u\u017cytkownicy. Badania wykaza\u0142y zwi\u0105zek mi\u0119dzy problemami behawioralnymi i problemami\" \/>\n\t\t<meta property=\"og:url\" content=\"https:\/\/wia.net.pl\/index.php\/2025\/06\/06\/5g-zagrozenia-dla-zdrowia-nowej-generacji\/\" \/>\n\t\t<meta property=\"og:image\" content=\"https:\/\/wia.net.pl\/wp-content\/uploads\/2023\/11\/cropped-freedom-i73367.jpg\" \/>\n\t\t<meta property=\"og:image:secure_url\" content=\"https:\/\/wia.net.pl\/wp-content\/uploads\/2023\/11\/cropped-freedom-i73367.jpg\" \/>\n\t\t<meta property=\"article:published_time\" content=\"2025-06-06T11:17:31+00:00\" \/>\n\t\t<meta property=\"article:modified_time\" content=\"2025-06-06T12:37:10+00:00\" \/>\n\t\t<meta name=\"twitter:card\" content=\"summary_large_image\" \/>\n\t\t<meta name=\"twitter:title\" content=\"5G: Zagro\u017cenia dla zdrowia nowej generacji - Wolno\u015b\u0107 i Anarchia\" \/>\n\t\t<meta name=\"twitter:description\" content=\"We wszystkich badaniach nad promieniowaniem elektromagnetycznym odkryto r\u00f3wnie\u017c, \u017ce m\u00f3zgi dzieci absorbuj\u0105 dwa razy wi\u0119cej promieniowania elektromagnetycznego ni\u017c m\u00f3zgi doros\u0142ych. A bior\u0105c pod uwag\u0119 dzisiejsze normy u\u017cytkowania telefon\u00f3w kom\u00f3rkowych, mo\u017cna \u015bmia\u0142o powiedzie\u0107, \u017ce wi\u0119kszo\u015b\u0107 m\u0142odzie\u017cy w wieku powy\u017cej 10 lub 12 lat kwalifikuje si\u0119 jako intensywni u\u017cytkownicy. Badania wykaza\u0142y zwi\u0105zek mi\u0119dzy problemami behawioralnymi i problemami\" \/>\n\t\t<meta name=\"twitter:image\" content=\"https:\/\/wia.net.pl\/wp-content\/uploads\/2023\/11\/cropped-freedom-i73367.jpg\" \/>\n\t\t<script type=\"application\/ld+json\" class=\"aioseo-schema\">\n\t\t\t{\"@context\":\"https:\\\/\\\/schema.org\",\"@graph\":[{\"@type\":\"BlogPosting\",\"@id\":\"https:\\\/\\\/wia.net.pl\\\/index.php\\\/2025\\\/06\\\/06\\\/5g-zagrozenia-dla-zdrowia-nowej-generacji\\\/#blogposting\",\"name\":\"5G: Zagro\\u017cenia dla zdrowia nowej generacji - Wolno\\u015b\\u0107 i Anarchia\",\"headline\":\"5G: Zagro\\u017cenia dla zdrowia nowej generacji\",\"author\":{\"@id\":\"https:\\\/\\\/wia.net.pl\\\/index.php\\\/author\\\/trinity\\\/#author\"},\"publisher\":{\"@id\":\"https:\\\/\\\/wia.net.pl\\\/#person\"},\"image\":{\"@type\":\"ImageObject\",\"url\":\"https:\\\/\\\/wia.net.pl\\\/wp-content\\\/uploads\\\/2025\\\/06\\\/5G-Zagrozenia-dla-zdrowia-nowej-generacji-miniaturka.jpg\",\"width\":1920,\"height\":1080},\"datePublished\":\"2025-06-06T13:17:31+02:00\",\"dateModified\":\"2025-06-06T14:37:10+02:00\",\"inLanguage\":\"pl-PL\",\"mainEntityOfPage\":{\"@id\":\"https:\\\/\\\/wia.net.pl\\\/index.php\\\/2025\\\/06\\\/06\\\/5g-zagrozenia-dla-zdrowia-nowej-generacji\\\/#webpage\"},\"isPartOf\":{\"@id\":\"https:\\\/\\\/wia.net.pl\\\/index.php\\\/2025\\\/06\\\/06\\\/5g-zagrozenia-dla-zdrowia-nowej-generacji\\\/#webpage\"},\"articleSection\":\"UFO i Technologie\"},{\"@type\":\"BreadcrumbList\",\"@id\":\"https:\\\/\\\/wia.net.pl\\\/index.php\\\/2025\\\/06\\\/06\\\/5g-zagrozenia-dla-zdrowia-nowej-generacji\\\/#breadcrumblist\",\"itemListElement\":[{\"@type\":\"ListItem\",\"@id\":\"https:\\\/\\\/wia.net.pl#listItem\",\"position\":1,\"name\":\"Home\",\"item\":\"https:\\\/\\\/wia.net.pl\",\"nextItem\":{\"@type\":\"ListItem\",\"@id\":\"https:\\\/\\\/wia.net.pl\\\/index.php\\\/category\\\/ufo-i-technologie\\\/#listItem\",\"name\":\"UFO i Technologie\"}},{\"@type\":\"ListItem\",\"@id\":\"https:\\\/\\\/wia.net.pl\\\/index.php\\\/category\\\/ufo-i-technologie\\\/#listItem\",\"position\":2,\"name\":\"UFO i Technologie\",\"item\":\"https:\\\/\\\/wia.net.pl\\\/index.php\\\/category\\\/ufo-i-technologie\\\/\",\"nextItem\":{\"@type\":\"ListItem\",\"@id\":\"https:\\\/\\\/wia.net.pl\\\/index.php\\\/2025\\\/06\\\/06\\\/5g-zagrozenia-dla-zdrowia-nowej-generacji\\\/#listItem\",\"name\":\"5G: Zagro\\u017cenia dla zdrowia nowej generacji\"},\"previousItem\":{\"@type\":\"ListItem\",\"@id\":\"https:\\\/\\\/wia.net.pl#listItem\",\"name\":\"Home\"}},{\"@type\":\"ListItem\",\"@id\":\"https:\\\/\\\/wia.net.pl\\\/index.php\\\/2025\\\/06\\\/06\\\/5g-zagrozenia-dla-zdrowia-nowej-generacji\\\/#listItem\",\"position\":3,\"name\":\"5G: Zagro\\u017cenia dla zdrowia nowej generacji\",\"previousItem\":{\"@type\":\"ListItem\",\"@id\":\"https:\\\/\\\/wia.net.pl\\\/index.php\\\/category\\\/ufo-i-technologie\\\/#listItem\",\"name\":\"UFO i Technologie\"}}]},{\"@type\":\"Person\",\"@id\":\"https:\\\/\\\/wia.net.pl\\\/#person\",\"name\":\"Bart\\u0142omiej Talarczyk\",\"image\":{\"@type\":\"ImageObject\",\"@id\":\"https:\\\/\\\/wia.net.pl\\\/index.php\\\/2025\\\/06\\\/06\\\/5g-zagrozenia-dla-zdrowia-nowej-generacji\\\/#personImage\",\"url\":\"https:\\\/\\\/wia.net.pl\\\/wp-content\\\/uploads\\\/avatar-privacy\\\/cache\\\/user\\\/1\\\/7\\\/176a6b161c58363ff49b5c167264231f519f5c7fa183ca1f61e891769b6b56d5-96.jpg\",\"width\":96,\"height\":96,\"caption\":\"Bart\\u0142omiej Talarczyk\"}},{\"@type\":\"Person\",\"@id\":\"https:\\\/\\\/wia.net.pl\\\/index.php\\\/author\\\/trinity\\\/#author\",\"url\":\"https:\\\/\\\/wia.net.pl\\\/index.php\\\/author\\\/trinity\\\/\",\"name\":\"trinity\",\"image\":{\"@type\":\"ImageObject\",\"@id\":\"https:\\\/\\\/wia.net.pl\\\/index.php\\\/2025\\\/06\\\/06\\\/5g-zagrozenia-dla-zdrowia-nowej-generacji\\\/#authorImage\",\"url\":\"https:\\\/\\\/wia.net.pl\\\/wp-content\\\/uploads\\\/avatar-privacy\\\/cache\\\/user\\\/5\\\/f\\\/5f6547cf82495eaa10e100a6a45d5dbde2dfdc1be88557de2018fca705bdf6f1-96.jpg\",\"width\":96,\"height\":96,\"caption\":\"trinity\"}},{\"@type\":\"WebPage\",\"@id\":\"https:\\\/\\\/wia.net.pl\\\/index.php\\\/2025\\\/06\\\/06\\\/5g-zagrozenia-dla-zdrowia-nowej-generacji\\\/#webpage\",\"url\":\"https:\\\/\\\/wia.net.pl\\\/index.php\\\/2025\\\/06\\\/06\\\/5g-zagrozenia-dla-zdrowia-nowej-generacji\\\/\",\"name\":\"5G: Zagro\\u017cenia dla zdrowia nowej generacji - Wolno\\u015b\\u0107 i Anarchia\",\"description\":\"We wszystkich badaniach nad promieniowaniem elektromagnetycznym odkryto r\\u00f3wnie\\u017c, \\u017ce m\\u00f3zgi dzieci absorbuj\\u0105 dwa razy wi\\u0119cej promieniowania elektromagnetycznego ni\\u017c m\\u00f3zgi doros\\u0142ych. A bior\\u0105c pod uwag\\u0119 dzisiejsze normy u\\u017cytkowania telefon\\u00f3w kom\\u00f3rkowych, mo\\u017cna \\u015bmia\\u0142o powiedzie\\u0107, \\u017ce wi\\u0119kszo\\u015b\\u0107 m\\u0142odzie\\u017cy w wieku powy\\u017cej 10 lub 12 lat kwalifikuje si\\u0119 jako intensywni u\\u017cytkownicy. Badania wykaza\\u0142y zwi\\u0105zek mi\\u0119dzy problemami behawioralnymi i problemami\",\"inLanguage\":\"pl-PL\",\"isPartOf\":{\"@id\":\"https:\\\/\\\/wia.net.pl\\\/#website\"},\"breadcrumb\":{\"@id\":\"https:\\\/\\\/wia.net.pl\\\/index.php\\\/2025\\\/06\\\/06\\\/5g-zagrozenia-dla-zdrowia-nowej-generacji\\\/#breadcrumblist\"},\"author\":{\"@id\":\"https:\\\/\\\/wia.net.pl\\\/index.php\\\/author\\\/trinity\\\/#author\"},\"creator\":{\"@id\":\"https:\\\/\\\/wia.net.pl\\\/index.php\\\/author\\\/trinity\\\/#author\"},\"image\":{\"@type\":\"ImageObject\",\"url\":\"https:\\\/\\\/wia.net.pl\\\/wp-content\\\/uploads\\\/2025\\\/06\\\/5G-Zagrozenia-dla-zdrowia-nowej-generacji-miniaturka.jpg\",\"@id\":\"https:\\\/\\\/wia.net.pl\\\/index.php\\\/2025\\\/06\\\/06\\\/5g-zagrozenia-dla-zdrowia-nowej-generacji\\\/#mainImage\",\"width\":1920,\"height\":1080},\"primaryImageOfPage\":{\"@id\":\"https:\\\/\\\/wia.net.pl\\\/index.php\\\/2025\\\/06\\\/06\\\/5g-zagrozenia-dla-zdrowia-nowej-generacji\\\/#mainImage\"},\"datePublished\":\"2025-06-06T13:17:31+02:00\",\"dateModified\":\"2025-06-06T14:37:10+02:00\"},{\"@type\":\"WebSite\",\"@id\":\"https:\\\/\\\/wia.net.pl\\\/#website\",\"url\":\"https:\\\/\\\/wia.net.pl\\\/\",\"name\":\"Wolno\\u015b\\u0107 i Anarchia\",\"description\":\"Ka\\u017cdy wewn\\u0119trznie jest anarchist\\u0105.\",\"inLanguage\":\"pl-PL\",\"publisher\":{\"@id\":\"https:\\\/\\\/wia.net.pl\\\/#person\"}}]}\n\t\t<\/script>\n\t\t<!-- All in One SEO -->\n\n","aioseo_head_json":{"title":"5G: Zagro\u017cenia dla zdrowia nowej generacji - Wolno\u015b\u0107 i Anarchia","description":"We wszystkich badaniach nad promieniowaniem elektromagnetycznym odkryto r\u00f3wnie\u017c, \u017ce m\u00f3zgi dzieci absorbuj\u0105 dwa razy wi\u0119cej promieniowania elektromagnetycznego ni\u017c m\u00f3zgi doros\u0142ych. A bior\u0105c pod uwag\u0119 dzisiejsze normy u\u017cytkowania telefon\u00f3w kom\u00f3rkowych, mo\u017cna \u015bmia\u0142o powiedzie\u0107, \u017ce wi\u0119kszo\u015b\u0107 m\u0142odzie\u017cy w wieku powy\u017cej 10 lub 12 lat kwalifikuje si\u0119 jako intensywni u\u017cytkownicy. Badania wykaza\u0142y zwi\u0105zek mi\u0119dzy problemami behawioralnymi i problemami","canonical_url":"https:\/\/wia.net.pl\/index.php\/2025\/06\/06\/5g-zagrozenia-dla-zdrowia-nowej-generacji\/","robots":"max-image-preview:large","keywords":"","webmasterTools":{"miscellaneous":""},"schema":{"@context":"https:\/\/schema.org","@graph":[{"@type":"BlogPosting","@id":"https:\/\/wia.net.pl\/index.php\/2025\/06\/06\/5g-zagrozenia-dla-zdrowia-nowej-generacji\/#blogposting","name":"5G: Zagro\u017cenia dla zdrowia nowej generacji - Wolno\u015b\u0107 i Anarchia","headline":"5G: Zagro\u017cenia dla zdrowia nowej generacji","author":{"@id":"https:\/\/wia.net.pl\/index.php\/author\/trinity\/#author"},"publisher":{"@id":"https:\/\/wia.net.pl\/#person"},"image":{"@type":"ImageObject","url":"https:\/\/wia.net.pl\/wp-content\/uploads\/2025\/06\/5G-Zagrozenia-dla-zdrowia-nowej-generacji-miniaturka.jpg","width":1920,"height":1080},"datePublished":"2025-06-06T13:17:31+02:00","dateModified":"2025-06-06T14:37:10+02:00","inLanguage":"pl-PL","mainEntityOfPage":{"@id":"https:\/\/wia.net.pl\/index.php\/2025\/06\/06\/5g-zagrozenia-dla-zdrowia-nowej-generacji\/#webpage"},"isPartOf":{"@id":"https:\/\/wia.net.pl\/index.php\/2025\/06\/06\/5g-zagrozenia-dla-zdrowia-nowej-generacji\/#webpage"},"articleSection":"UFO i Technologie"},{"@type":"BreadcrumbList","@id":"https:\/\/wia.net.pl\/index.php\/2025\/06\/06\/5g-zagrozenia-dla-zdrowia-nowej-generacji\/#breadcrumblist","itemListElement":[{"@type":"ListItem","@id":"https:\/\/wia.net.pl#listItem","position":1,"name":"Home","item":"https:\/\/wia.net.pl","nextItem":{"@type":"ListItem","@id":"https:\/\/wia.net.pl\/index.php\/category\/ufo-i-technologie\/#listItem","name":"UFO i Technologie"}},{"@type":"ListItem","@id":"https:\/\/wia.net.pl\/index.php\/category\/ufo-i-technologie\/#listItem","position":2,"name":"UFO i Technologie","item":"https:\/\/wia.net.pl\/index.php\/category\/ufo-i-technologie\/","nextItem":{"@type":"ListItem","@id":"https:\/\/wia.net.pl\/index.php\/2025\/06\/06\/5g-zagrozenia-dla-zdrowia-nowej-generacji\/#listItem","name":"5G: Zagro\u017cenia dla zdrowia nowej generacji"},"previousItem":{"@type":"ListItem","@id":"https:\/\/wia.net.pl#listItem","name":"Home"}},{"@type":"ListItem","@id":"https:\/\/wia.net.pl\/index.php\/2025\/06\/06\/5g-zagrozenia-dla-zdrowia-nowej-generacji\/#listItem","position":3,"name":"5G: Zagro\u017cenia dla zdrowia nowej generacji","previousItem":{"@type":"ListItem","@id":"https:\/\/wia.net.pl\/index.php\/category\/ufo-i-technologie\/#listItem","name":"UFO i Technologie"}}]},{"@type":"Person","@id":"https:\/\/wia.net.pl\/#person","name":"Bart\u0142omiej Talarczyk","image":{"@type":"ImageObject","@id":"https:\/\/wia.net.pl\/index.php\/2025\/06\/06\/5g-zagrozenia-dla-zdrowia-nowej-generacji\/#personImage","url":"https:\/\/wia.net.pl\/wp-content\/uploads\/avatar-privacy\/cache\/user\/1\/7\/176a6b161c58363ff49b5c167264231f519f5c7fa183ca1f61e891769b6b56d5-96.jpg","width":96,"height":96,"caption":"Bart\u0142omiej Talarczyk"}},{"@type":"Person","@id":"https:\/\/wia.net.pl\/index.php\/author\/trinity\/#author","url":"https:\/\/wia.net.pl\/index.php\/author\/trinity\/","name":"trinity","image":{"@type":"ImageObject","@id":"https:\/\/wia.net.pl\/index.php\/2025\/06\/06\/5g-zagrozenia-dla-zdrowia-nowej-generacji\/#authorImage","url":"https:\/\/wia.net.pl\/wp-content\/uploads\/avatar-privacy\/cache\/user\/5\/f\/5f6547cf82495eaa10e100a6a45d5dbde2dfdc1be88557de2018fca705bdf6f1-96.jpg","width":96,"height":96,"caption":"trinity"}},{"@type":"WebPage","@id":"https:\/\/wia.net.pl\/index.php\/2025\/06\/06\/5g-zagrozenia-dla-zdrowia-nowej-generacji\/#webpage","url":"https:\/\/wia.net.pl\/index.php\/2025\/06\/06\/5g-zagrozenia-dla-zdrowia-nowej-generacji\/","name":"5G: Zagro\u017cenia dla zdrowia nowej generacji - Wolno\u015b\u0107 i Anarchia","description":"We wszystkich badaniach nad promieniowaniem elektromagnetycznym odkryto r\u00f3wnie\u017c, \u017ce m\u00f3zgi dzieci absorbuj\u0105 dwa razy wi\u0119cej promieniowania elektromagnetycznego ni\u017c m\u00f3zgi doros\u0142ych. A bior\u0105c pod uwag\u0119 dzisiejsze normy u\u017cytkowania telefon\u00f3w kom\u00f3rkowych, mo\u017cna \u015bmia\u0142o powiedzie\u0107, \u017ce wi\u0119kszo\u015b\u0107 m\u0142odzie\u017cy w wieku powy\u017cej 10 lub 12 lat kwalifikuje si\u0119 jako intensywni u\u017cytkownicy. Badania wykaza\u0142y zwi\u0105zek mi\u0119dzy problemami behawioralnymi i problemami","inLanguage":"pl-PL","isPartOf":{"@id":"https:\/\/wia.net.pl\/#website"},"breadcrumb":{"@id":"https:\/\/wia.net.pl\/index.php\/2025\/06\/06\/5g-zagrozenia-dla-zdrowia-nowej-generacji\/#breadcrumblist"},"author":{"@id":"https:\/\/wia.net.pl\/index.php\/author\/trinity\/#author"},"creator":{"@id":"https:\/\/wia.net.pl\/index.php\/author\/trinity\/#author"},"image":{"@type":"ImageObject","url":"https:\/\/wia.net.pl\/wp-content\/uploads\/2025\/06\/5G-Zagrozenia-dla-zdrowia-nowej-generacji-miniaturka.jpg","@id":"https:\/\/wia.net.pl\/index.php\/2025\/06\/06\/5g-zagrozenia-dla-zdrowia-nowej-generacji\/#mainImage","width":1920,"height":1080},"primaryImageOfPage":{"@id":"https:\/\/wia.net.pl\/index.php\/2025\/06\/06\/5g-zagrozenia-dla-zdrowia-nowej-generacji\/#mainImage"},"datePublished":"2025-06-06T13:17:31+02:00","dateModified":"2025-06-06T14:37:10+02:00"},{"@type":"WebSite","@id":"https:\/\/wia.net.pl\/#website","url":"https:\/\/wia.net.pl\/","name":"Wolno\u015b\u0107 i Anarchia","description":"Ka\u017cdy wewn\u0119trznie jest anarchist\u0105.","inLanguage":"pl-PL","publisher":{"@id":"https:\/\/wia.net.pl\/#person"}}]},"og:locale":"pl_PL","og:site_name":"Wolno\u015b\u0107 i Anarchia - Ka\u017cdy wewn\u0119trznie jest anarchist\u0105.","og:type":"article","og:title":"5G: Zagro\u017cenia dla zdrowia nowej generacji - Wolno\u015b\u0107 i Anarchia","og:description":"We wszystkich badaniach nad promieniowaniem elektromagnetycznym odkryto r\u00f3wnie\u017c, \u017ce m\u00f3zgi dzieci absorbuj\u0105 dwa razy wi\u0119cej promieniowania elektromagnetycznego ni\u017c m\u00f3zgi doros\u0142ych. A bior\u0105c pod uwag\u0119 dzisiejsze normy u\u017cytkowania telefon\u00f3w kom\u00f3rkowych, mo\u017cna \u015bmia\u0142o powiedzie\u0107, \u017ce wi\u0119kszo\u015b\u0107 m\u0142odzie\u017cy w wieku powy\u017cej 10 lub 12 lat kwalifikuje si\u0119 jako intensywni u\u017cytkownicy. Badania wykaza\u0142y zwi\u0105zek mi\u0119dzy problemami behawioralnymi i problemami","og:url":"https:\/\/wia.net.pl\/index.php\/2025\/06\/06\/5g-zagrozenia-dla-zdrowia-nowej-generacji\/","og:image":"https:\/\/wia.net.pl\/wp-content\/uploads\/2023\/11\/cropped-freedom-i73367.jpg","og:image:secure_url":"https:\/\/wia.net.pl\/wp-content\/uploads\/2023\/11\/cropped-freedom-i73367.jpg","article:published_time":"2025-06-06T11:17:31+00:00","article:modified_time":"2025-06-06T12:37:10+00:00","twitter:card":"summary_large_image","twitter:title":"5G: Zagro\u017cenia dla zdrowia nowej generacji - Wolno\u015b\u0107 i Anarchia","twitter:description":"We wszystkich badaniach nad promieniowaniem elektromagnetycznym odkryto r\u00f3wnie\u017c, \u017ce m\u00f3zgi dzieci absorbuj\u0105 dwa razy wi\u0119cej promieniowania elektromagnetycznego ni\u017c m\u00f3zgi doros\u0142ych. A bior\u0105c pod uwag\u0119 dzisiejsze normy u\u017cytkowania telefon\u00f3w kom\u00f3rkowych, mo\u017cna \u015bmia\u0142o powiedzie\u0107, \u017ce wi\u0119kszo\u015b\u0107 m\u0142odzie\u017cy w wieku powy\u017cej 10 lub 12 lat kwalifikuje si\u0119 jako intensywni u\u017cytkownicy. Badania wykaza\u0142y zwi\u0105zek mi\u0119dzy problemami behawioralnymi i problemami","twitter:image":"https:\/\/wia.net.pl\/wp-content\/uploads\/2023\/11\/cropped-freedom-i73367.jpg"},"aioseo_meta_data":{"post_id":"10162","title":null,"description":null,"keywords":null,"keyphrases":{"focus":{"keyphrase":"","score":0,"analysis":{"keyphraseInTitle":{"score":0,"maxScore":9,"error":1}}},"additional":[]},"primary_term":null,"canonical_url":null,"og_title":null,"og_description":null,"og_object_type":"default","og_image_type":"default","og_image_url":null,"og_image_width":null,"og_image_height":null,"og_image_custom_url":null,"og_image_custom_fields":null,"og_video":"","og_custom_url":null,"og_article_section":null,"og_article_tags":null,"twitter_use_og":false,"twitter_card":"default","twitter_image_type":"default","twitter_image_url":null,"twitter_image_custom_url":null,"twitter_image_custom_fields":null,"twitter_title":null,"twitter_description":null,"schema":{"blockGraphs":[],"customGraphs":[],"default":{"data":{"Article":[],"Course":[],"Dataset":[],"FAQPage":[],"Movie":[],"Person":[],"Product":[],"ProductReview":[],"Car":[],"Recipe":[],"Service":[],"SoftwareApplication":[],"WebPage":[]},"graphName":"BlogPosting","isEnabled":true},"graphs":[]},"schema_type":"default","schema_type_options":null,"pillar_content":false,"robots_default":true,"robots_noindex":false,"robots_noarchive":false,"robots_nosnippet":false,"robots_nofollow":false,"robots_noimageindex":false,"robots_noodp":false,"robots_notranslate":false,"robots_max_snippet":"-1","robots_max_videopreview":"-1","robots_max_imagepreview":"large","priority":null,"frequency":"default","local_seo":null,"breadcrumb_settings":null,"limit_modified_date":false,"ai":null,"created":"2025-06-06 11:17:32","updated":"2025-06-06 12:38:18","seo_analyzer_scan_date":null,"focus_keyword":null,"additional_keywords":null,"truseo_locale":null},"aioseo_breadcrumb":"<div class=\"aioseo-breadcrumbs\"><span class=\"aioseo-breadcrumb\">\n\t\t\t<a href=\"https:\/\/wia.net.pl\" title=\"Home\">Home<\/a>\n\t\t<\/span><span class=\"aioseo-breadcrumb-separator\">&raquo;<\/span><span class=\"aioseo-breadcrumb\">\n\t\t\t<a href=\"https:\/\/wia.net.pl\/index.php\/category\/ufo-i-technologie\/\" title=\"UFO i Technologie\">UFO i Technologie<\/a>\n\t\t<\/span><span class=\"aioseo-breadcrumb-separator\">&raquo;<\/span><span class=\"aioseo-breadcrumb\">\n\t\t\t5G: Zagro\u017cenia dla zdrowia nowej generacji\n\t\t<\/span><\/div>","aioseo_breadcrumb_json":[{"label":"Home","link":"https:\/\/wia.net.pl"},{"label":"UFO i Technologie","link":"https:\/\/wia.net.pl\/index.php\/category\/ufo-i-technologie\/"},{"label":"5G: Zagro\u017cenia dla zdrowia nowej generacji","link":"https:\/\/wia.net.pl\/index.php\/2025\/06\/06\/5g-zagrozenia-dla-zdrowia-nowej-generacji\/"}],"_links":{"self":[{"href":"https:\/\/wia.net.pl\/index.php\/wp-json\/wp\/v2\/posts\/10162"}],"collection":[{"href":"https:\/\/wia.net.pl\/index.php\/wp-json\/wp\/v2\/posts"}],"about":[{"href":"https:\/\/wia.net.pl\/index.php\/wp-json\/wp\/v2\/types\/post"}],"author":[{"embeddable":true,"href":"https:\/\/wia.net.pl\/index.php\/wp-json\/wp\/v2\/users\/2"}],"replies":[{"embeddable":true,"href":"https:\/\/wia.net.pl\/index.php\/wp-json\/wp\/v2\/comments?post=10162"}],"version-history":[{"count":2,"href":"https:\/\/wia.net.pl\/index.php\/wp-json\/wp\/v2\/posts\/10162\/revisions"}],"predecessor-version":[{"id":10165,"href":"https:\/\/wia.net.pl\/index.php\/wp-json\/wp\/v2\/posts\/10162\/revisions\/10165"}],"wp:featuredmedia":[{"embeddable":true,"href":"https:\/\/wia.net.pl\/index.php\/wp-json\/wp\/v2\/media\/10163"}],"wp:attachment":[{"href":"https:\/\/wia.net.pl\/index.php\/wp-json\/wp\/v2\/media?parent=10162"}],"wp:term":[{"taxonomy":"category","embeddable":true,"href":"https:\/\/wia.net.pl\/index.php\/wp-json\/wp\/v2\/categories?post=10162"},{"taxonomy":"post_tag","embeddable":true,"href":"https:\/\/wia.net.pl\/index.php\/wp-json\/wp\/v2\/tags?post=10162"}],"curies":[{"name":"wp","href":"https:\/\/api.w.org\/{rel}","templated":true}]}}