{"id":10179,"date":"2025-06-08T21:58:43","date_gmt":"2025-06-08T19:58:43","guid":{"rendered":"https:\/\/wia.net.pl\/?p=10179"},"modified":"2025-06-13T03:24:27","modified_gmt":"2025-06-13T01:24:27","slug":"dochodzenie-w-sprawie-smierci-jeffrey-epstein","status":"publish","type":"post","link":"https:\/\/wia.net.pl\/index.php\/2025\/06\/08\/dochodzenie-w-sprawie-smierci-jeffrey-epstein\/","title":{"rendered":"Dochodzenie w sprawie \u015bmierci &#8211; Jeffrey EPSTEIN"},"content":{"rendered":"\n<p><strong>DOCHODZENIE W SPRAWIE \u015aMIERCI<\/strong><br><strong>Nowy cykl materia\u0142\u00f3w na Substacku<\/strong><\/p>\n\n\n\n<p>Materia\u0142 dla wszystkich subskrybent\u00f3w platformy Substack.<\/p>\n\n\n\n<p>W \u201e<strong>DOCHODZENIU W SPRAWIE \u015aMIERCI<\/strong>\u201d zagl\u0105damy za kulisy najwi\u0119kszych i najbardziej kontrowersyjnych zgon\u00f3w w \u015bwiecie show-biznesu. Analizowane s\u0105 nie tylko oficjalne raporty, ale i to, co zosta\u0142o przemilczane \u2014 sprzeczne relacje, dziwne okoliczno\u015bci, nag\u0142e zmiany w narracjach medialnych.<\/p>\n\n\n\n<p>To dziennikarskie \u015bledztwo.<br>Zadawane s\u0105 pytania, kt\u00f3rych boj\u0105 si\u0119 zadawa\u0107 inni.<br>Eksperci przygl\u0105daj\u0105 si\u0119 prawdzie, mitom i manipulacjom.<\/p>\n\n\n\n<p>Od ikon kina, przez gwiazdy muzyki, a\u017c po zapomniane postacie z drugiego planu \u2014 ka\u017cdy odcinek to autopsja symboliczna i dos\u0142owna. Czy by\u0142a to tragedia, nieszcz\u0119\u015bliwy wypadek, a mo\u017ce co\u015b wi\u0119cej?<\/p>\n\n\n\n<p>Je\u015bli fascynuje Ci\u0119 mroczna strona Hollywood i lubisz analizowa\u0107 to, co znajduje si\u0119 pod powierzchni\u0105 nag\u0142\u00f3wk\u00f3w \u2014 ten cykl jest dla Ciebie.<\/p>\n\n\n<div class=\"substack-post-embed\">\n<p lang=\"en\">Dochodzenie w sprawie \u015bmierci &#8211; Jeffrey EPSTEIN by Wolno\u015b\u0107 i Anarchia<\/p>\n<p>Przez dziesi\u0119ciolecia Epstein piel\u0119gnowa\u0142 kontakty z najpot\u0119\u017cniejszymi elitami \u015bwiata<\/p>\n<p><a data-post-link href=\"https:\/\/wolnoscanarchia.substack.com\/p\/dochodzenie-w-sprawie-smierci-jeffrey\">Read on Substack<\/a><\/div>\n<p><script async src=\"https:\/\/substack.com\/embedjs\/embed.js\" charset=\"utf-8\"><\/script><\/p>\n\n\n\n<p>W tym pierwszym odcinku z serii \u201c<strong>DOCHODZENIE W SPRAWIE \u015aMIERCI\u201d omawiana jest \u015bmier\u0107 Jeffreya Epsteina.<\/strong><\/p>\n\n\n\n<p>10 sierpnia 2019 r. multimilioner, finansista i skazany pedofil Jeffrey Epstein zosta\u0142 znaleziony martwy w swojej celi wi\u0119ziennej, oczekuj\u0105c na proces w sprawie handlu seksualnego nieletnimi.<\/p>\n\n\n\n<p>Jego \u015bmier\u0107 zosta\u0142a uznana za samob\u00f3jstwo przez powieszenie, ale raport z sekcji zw\u0142ok nie zosta\u0142 podany do wiadomo\u015bci publicznej.<\/p>\n\n\n\n<p>Pytania dotycz\u0105ce okoliczno\u015bci jego \u015bmierci pozosta\u0142y bez odpowiedzi, a luk\u0119 wype\u0142ni\u0142y teorie spiskowe.<\/p>\n\n\n\n<p>Jednak tym razem prawda mo\u017ce okaza\u0107 si\u0119 dziwniejsza ni\u017c fikcja. Przez dziesi\u0119ciolecia Epstein piel\u0119gnowa\u0142 kontakty z najpot\u0119\u017cniejszymi elitami \u015bwiata, jednocze\u015bnie wykorzystuj\u0105c nieletnie dziewczynki w rozleg\u0142ej piramidzie seksualnego wykorzystywania.<\/p>\n\n\n\n<p>Pojawiaj\u0105ce si\u0119 dowody sugeruj\u0105, \u017ce te obsesje by\u0142y powi\u0105zane \u2013 z szanta\u017cem.<\/p>\n","protected":false},"excerpt":{"rendered":"<p>DOCHODZENIE W SPRAWIE \u015aMIERCINowy cykl materia\u0142\u00f3w na Substacku Materia\u0142 dla wszystkich subskrybent\u00f3w platformy Substack. W \u201eDOCHODZENIU W SPRAWIE \u015aMIERCI\u201d zagl\u0105damy za kulisy najwi\u0119kszych i najbardziej kontrowersyjnych zgon\u00f3w w \u015bwiecie show-biznesu. Analizowane s\u0105 nie tylko oficjalne raporty, ale i to, co&#8230; <\/p>\n","protected":false},"author":2,"featured_media":10180,"comment_status":"open","ping_status":"open","sticky":false,"template":"","format":"standard","meta":{"_acf_changed":false,"_bbp_topic_count":0,"_bbp_reply_count":0,"_bbp_total_topic_count":0,"_bbp_total_reply_count":0,"_bbp_voice_count":0,"_bbp_anonymous_reply_count":0,"_bbp_topic_count_hidden":0,"_bbp_reply_count_hidden":0,"_bbp_forum_subforum_count":0,"om_disable_all_campaigns":false,"_monsterinsights_skip_tracking":false,"footnotes":""},"categories":[13],"tags":[],"class_list":["post-10179","post","type-post","status-publish","format-standard","has-post-thumbnail","hentry","category-prawdaoswiecie"],"acf":[],"aioseo_notices":[],"aioseo_head":"\n\t\t<!-- All in One SEO 5.0.1.1 - aioseo.com -->\n\t<meta name=\"description\" content=\"DOCHODZENIE W SPRAWIE \u015aMIERCINowy cykl materia\u0142\u00f3w na Substacku Materia\u0142 dla wszystkich subskrybent\u00f3w platformy Substack. W \u201eDOCHODZENIU W SPRAWIE \u015aMIERCI\u201d zagl\u0105damy za kulisy najwi\u0119kszych i najbardziej kontrowersyjnych zgon\u00f3w w \u015bwiecie show-biznesu. Analizowane s\u0105 nie tylko oficjalne raporty, ale i to, co zosta\u0142o przemilczane \u2014 sprzeczne relacje, dziwne okoliczno\u015bci, nag\u0142e zmiany w narracjach medialnych. To dziennikarskie \u015bledztwo.Zadawane\" \/>\n\t<meta name=\"robots\" content=\"max-image-preview:large\" \/>\n\t<meta name=\"author\" content=\"trinity\"\/>\n\t<link rel=\"canonical\" href=\"https:\/\/wia.net.pl\/index.php\/2025\/06\/08\/dochodzenie-w-sprawie-smierci-jeffrey-epstein\/\" \/>\n\t<meta name=\"generator\" content=\"All in One SEO (AIOSEO) 5.0.1.1\" \/>\n\t\t<meta property=\"og:locale\" content=\"pl_PL\" \/>\n\t\t<meta property=\"og:site_name\" content=\"Wolno\u015b\u0107 i Anarchia - Ka\u017cdy wewn\u0119trznie jest anarchist\u0105.\" \/>\n\t\t<meta property=\"og:type\" content=\"article\" \/>\n\t\t<meta property=\"og:title\" content=\"Dochodzenie w sprawie \u015bmierci \u2013 Jeffrey EPSTEIN - Wolno\u015b\u0107 i Anarchia\" \/>\n\t\t<meta property=\"og:description\" content=\"DOCHODZENIE W SPRAWIE \u015aMIERCINowy cykl materia\u0142\u00f3w na Substacku Materia\u0142 dla wszystkich subskrybent\u00f3w platformy Substack. W \u201eDOCHODZENIU W SPRAWIE \u015aMIERCI\u201d zagl\u0105damy za kulisy najwi\u0119kszych i najbardziej kontrowersyjnych zgon\u00f3w w \u015bwiecie show-biznesu. Analizowane s\u0105 nie tylko oficjalne raporty, ale i to, co zosta\u0142o przemilczane \u2014 sprzeczne relacje, dziwne okoliczno\u015bci, nag\u0142e zmiany w narracjach medialnych. To dziennikarskie \u015bledztwo.Zadawane\" \/>\n\t\t<meta property=\"og:url\" content=\"https:\/\/wia.net.pl\/index.php\/2025\/06\/08\/dochodzenie-w-sprawie-smierci-jeffrey-epstein\/\" \/>\n\t\t<meta property=\"og:image\" content=\"https:\/\/wia.net.pl\/wp-content\/uploads\/2023\/11\/cropped-freedom-i73367.jpg\" \/>\n\t\t<meta property=\"og:image:secure_url\" content=\"https:\/\/wia.net.pl\/wp-content\/uploads\/2023\/11\/cropped-freedom-i73367.jpg\" \/>\n\t\t<meta property=\"article:published_time\" content=\"2025-06-08T19:58:43+00:00\" \/>\n\t\t<meta property=\"article:modified_time\" content=\"2025-06-13T01:24:27+00:00\" \/>\n\t\t<meta name=\"twitter:card\" content=\"summary_large_image\" \/>\n\t\t<meta name=\"twitter:title\" content=\"Dochodzenie w sprawie \u015bmierci \u2013 Jeffrey EPSTEIN - Wolno\u015b\u0107 i Anarchia\" \/>\n\t\t<meta name=\"twitter:description\" content=\"DOCHODZENIE W SPRAWIE \u015aMIERCINowy cykl materia\u0142\u00f3w na Substacku Materia\u0142 dla wszystkich subskrybent\u00f3w platformy Substack. W \u201eDOCHODZENIU W SPRAWIE \u015aMIERCI\u201d zagl\u0105damy za kulisy najwi\u0119kszych i najbardziej kontrowersyjnych zgon\u00f3w w \u015bwiecie show-biznesu. Analizowane s\u0105 nie tylko oficjalne raporty, ale i to, co zosta\u0142o przemilczane \u2014 sprzeczne relacje, dziwne okoliczno\u015bci, nag\u0142e zmiany w narracjach medialnych. To dziennikarskie \u015bledztwo.Zadawane\" \/>\n\t\t<meta name=\"twitter:image\" content=\"https:\/\/wia.net.pl\/wp-content\/uploads\/2023\/11\/cropped-freedom-i73367.jpg\" \/>\n\t\t<script type=\"application\/ld+json\" class=\"aioseo-schema\">\n\t\t\t{\"@context\":\"https:\\\/\\\/schema.org\",\"@graph\":[{\"@type\":\"BlogPosting\",\"@id\":\"https:\\\/\\\/wia.net.pl\\\/index.php\\\/2025\\\/06\\\/08\\\/dochodzenie-w-sprawie-smierci-jeffrey-epstein\\\/#blogposting\",\"name\":\"Dochodzenie w sprawie \\u015bmierci \\u2013 Jeffrey EPSTEIN - Wolno\\u015b\\u0107 i Anarchia\",\"headline\":\"Dochodzenie w sprawie \\u015bmierci &#8211; Jeffrey EPSTEIN\",\"author\":{\"@id\":\"https:\\\/\\\/wia.net.pl\\\/index.php\\\/author\\\/trinity\\\/#author\"},\"publisher\":{\"@id\":\"https:\\\/\\\/wia.net.pl\\\/#person\"},\"image\":{\"@type\":\"ImageObject\",\"url\":\"https:\\\/\\\/wia.net.pl\\\/wp-content\\\/uploads\\\/2025\\\/06\\\/dochodzenie-w-sprawie-smierci-epstein.jpg\",\"width\":1920,\"height\":1080},\"datePublished\":\"2025-06-08T21:58:43+02:00\",\"dateModified\":\"2025-06-13T03:24:27+02:00\",\"inLanguage\":\"pl-PL\",\"mainEntityOfPage\":{\"@id\":\"https:\\\/\\\/wia.net.pl\\\/index.php\\\/2025\\\/06\\\/08\\\/dochodzenie-w-sprawie-smierci-jeffrey-epstein\\\/#webpage\"},\"isPartOf\":{\"@id\":\"https:\\\/\\\/wia.net.pl\\\/index.php\\\/2025\\\/06\\\/08\\\/dochodzenie-w-sprawie-smierci-jeffrey-epstein\\\/#webpage\"},\"articleSection\":\"Prawda o \\u015bwiecie\"},{\"@type\":\"BreadcrumbList\",\"@id\":\"https:\\\/\\\/wia.net.pl\\\/index.php\\\/2025\\\/06\\\/08\\\/dochodzenie-w-sprawie-smierci-jeffrey-epstein\\\/#breadcrumblist\",\"itemListElement\":[{\"@type\":\"ListItem\",\"@id\":\"https:\\\/\\\/wia.net.pl#listItem\",\"position\":1,\"name\":\"Home\",\"item\":\"https:\\\/\\\/wia.net.pl\",\"nextItem\":{\"@type\":\"ListItem\",\"@id\":\"https:\\\/\\\/wia.net.pl\\\/index.php\\\/category\\\/prawdaoswiecie\\\/#listItem\",\"name\":\"Prawda o \\u015bwiecie\"}},{\"@type\":\"ListItem\",\"@id\":\"https:\\\/\\\/wia.net.pl\\\/index.php\\\/category\\\/prawdaoswiecie\\\/#listItem\",\"position\":2,\"name\":\"Prawda o \\u015bwiecie\",\"item\":\"https:\\\/\\\/wia.net.pl\\\/index.php\\\/category\\\/prawdaoswiecie\\\/\",\"nextItem\":{\"@type\":\"ListItem\",\"@id\":\"https:\\\/\\\/wia.net.pl\\\/index.php\\\/2025\\\/06\\\/08\\\/dochodzenie-w-sprawie-smierci-jeffrey-epstein\\\/#listItem\",\"name\":\"Dochodzenie w sprawie \\u015bmierci &#8211; Jeffrey EPSTEIN\"},\"previousItem\":{\"@type\":\"ListItem\",\"@id\":\"https:\\\/\\\/wia.net.pl#listItem\",\"name\":\"Home\"}},{\"@type\":\"ListItem\",\"@id\":\"https:\\\/\\\/wia.net.pl\\\/index.php\\\/2025\\\/06\\\/08\\\/dochodzenie-w-sprawie-smierci-jeffrey-epstein\\\/#listItem\",\"position\":3,\"name\":\"Dochodzenie w sprawie \\u015bmierci &#8211; Jeffrey EPSTEIN\",\"previousItem\":{\"@type\":\"ListItem\",\"@id\":\"https:\\\/\\\/wia.net.pl\\\/index.php\\\/category\\\/prawdaoswiecie\\\/#listItem\",\"name\":\"Prawda o \\u015bwiecie\"}}]},{\"@type\":\"Person\",\"@id\":\"https:\\\/\\\/wia.net.pl\\\/#person\",\"name\":\"Bart\\u0142omiej Talarczyk\",\"image\":{\"@type\":\"ImageObject\",\"@id\":\"https:\\\/\\\/wia.net.pl\\\/index.php\\\/2025\\\/06\\\/08\\\/dochodzenie-w-sprawie-smierci-jeffrey-epstein\\\/#personImage\",\"url\":\"https:\\\/\\\/wia.net.pl\\\/wp-content\\\/uploads\\\/avatar-privacy\\\/cache\\\/user\\\/1\\\/7\\\/176a6b161c58363ff49b5c167264231f519f5c7fa183ca1f61e891769b6b56d5-96.jpg\",\"width\":96,\"height\":96,\"caption\":\"Bart\\u0142omiej Talarczyk\"}},{\"@type\":\"Person\",\"@id\":\"https:\\\/\\\/wia.net.pl\\\/index.php\\\/author\\\/trinity\\\/#author\",\"url\":\"https:\\\/\\\/wia.net.pl\\\/index.php\\\/author\\\/trinity\\\/\",\"name\":\"trinity\",\"image\":{\"@type\":\"ImageObject\",\"@id\":\"https:\\\/\\\/wia.net.pl\\\/index.php\\\/2025\\\/06\\\/08\\\/dochodzenie-w-sprawie-smierci-jeffrey-epstein\\\/#authorImage\",\"url\":\"https:\\\/\\\/wia.net.pl\\\/wp-content\\\/uploads\\\/avatar-privacy\\\/cache\\\/user\\\/5\\\/f\\\/5f6547cf82495eaa10e100a6a45d5dbde2dfdc1be88557de2018fca705bdf6f1-96.jpg\",\"width\":96,\"height\":96,\"caption\":\"trinity\"}},{\"@type\":\"WebPage\",\"@id\":\"https:\\\/\\\/wia.net.pl\\\/index.php\\\/2025\\\/06\\\/08\\\/dochodzenie-w-sprawie-smierci-jeffrey-epstein\\\/#webpage\",\"url\":\"https:\\\/\\\/wia.net.pl\\\/index.php\\\/2025\\\/06\\\/08\\\/dochodzenie-w-sprawie-smierci-jeffrey-epstein\\\/\",\"name\":\"Dochodzenie w sprawie \\u015bmierci \\u2013 Jeffrey EPSTEIN - Wolno\\u015b\\u0107 i Anarchia\",\"description\":\"DOCHODZENIE W SPRAWIE \\u015aMIERCINowy cykl materia\\u0142\\u00f3w na Substacku Materia\\u0142 dla wszystkich subskrybent\\u00f3w platformy Substack. W \\u201eDOCHODZENIU W SPRAWIE \\u015aMIERCI\\u201d zagl\\u0105damy za kulisy najwi\\u0119kszych i najbardziej kontrowersyjnych zgon\\u00f3w w \\u015bwiecie show-biznesu. Analizowane s\\u0105 nie tylko oficjalne raporty, ale i to, co zosta\\u0142o przemilczane \\u2014 sprzeczne relacje, dziwne okoliczno\\u015bci, nag\\u0142e zmiany w narracjach medialnych. To dziennikarskie \\u015bledztwo.Zadawane\",\"inLanguage\":\"pl-PL\",\"isPartOf\":{\"@id\":\"https:\\\/\\\/wia.net.pl\\\/#website\"},\"breadcrumb\":{\"@id\":\"https:\\\/\\\/wia.net.pl\\\/index.php\\\/2025\\\/06\\\/08\\\/dochodzenie-w-sprawie-smierci-jeffrey-epstein\\\/#breadcrumblist\"},\"author\":{\"@id\":\"https:\\\/\\\/wia.net.pl\\\/index.php\\\/author\\\/trinity\\\/#author\"},\"creator\":{\"@id\":\"https:\\\/\\\/wia.net.pl\\\/index.php\\\/author\\\/trinity\\\/#author\"},\"image\":{\"@type\":\"ImageObject\",\"url\":\"https:\\\/\\\/wia.net.pl\\\/wp-content\\\/uploads\\\/2025\\\/06\\\/dochodzenie-w-sprawie-smierci-epstein.jpg\",\"@id\":\"https:\\\/\\\/wia.net.pl\\\/index.php\\\/2025\\\/06\\\/08\\\/dochodzenie-w-sprawie-smierci-jeffrey-epstein\\\/#mainImage\",\"width\":1920,\"height\":1080},\"primaryImageOfPage\":{\"@id\":\"https:\\\/\\\/wia.net.pl\\\/index.php\\\/2025\\\/06\\\/08\\\/dochodzenie-w-sprawie-smierci-jeffrey-epstein\\\/#mainImage\"},\"datePublished\":\"2025-06-08T21:58:43+02:00\",\"dateModified\":\"2025-06-13T03:24:27+02:00\"},{\"@type\":\"WebSite\",\"@id\":\"https:\\\/\\\/wia.net.pl\\\/#website\",\"url\":\"https:\\\/\\\/wia.net.pl\\\/\",\"name\":\"Wolno\\u015b\\u0107 i Anarchia\",\"description\":\"Ka\\u017cdy wewn\\u0119trznie jest anarchist\\u0105.\",\"inLanguage\":\"pl-PL\",\"publisher\":{\"@id\":\"https:\\\/\\\/wia.net.pl\\\/#person\"}}]}\n\t\t<\/script>\n\t\t<!-- All in One SEO -->\n\n","aioseo_head_json":{"title":"Dochodzenie w sprawie \u015bmierci \u2013 Jeffrey EPSTEIN - Wolno\u015b\u0107 i Anarchia","description":"DOCHODZENIE W SPRAWIE \u015aMIERCINowy cykl materia\u0142\u00f3w na Substacku Materia\u0142 dla wszystkich subskrybent\u00f3w platformy Substack. W \u201eDOCHODZENIU W SPRAWIE \u015aMIERCI\u201d zagl\u0105damy za kulisy najwi\u0119kszych i najbardziej kontrowersyjnych zgon\u00f3w w \u015bwiecie show-biznesu. Analizowane s\u0105 nie tylko oficjalne raporty, ale i to, co zosta\u0142o przemilczane \u2014 sprzeczne relacje, dziwne okoliczno\u015bci, nag\u0142e zmiany w narracjach medialnych. To dziennikarskie \u015bledztwo.Zadawane","canonical_url":"https:\/\/wia.net.pl\/index.php\/2025\/06\/08\/dochodzenie-w-sprawie-smierci-jeffrey-epstein\/","robots":"max-image-preview:large","keywords":"","webmasterTools":{"miscellaneous":""},"schema":{"@context":"https:\/\/schema.org","@graph":[{"@type":"BlogPosting","@id":"https:\/\/wia.net.pl\/index.php\/2025\/06\/08\/dochodzenie-w-sprawie-smierci-jeffrey-epstein\/#blogposting","name":"Dochodzenie w sprawie \u015bmierci \u2013 Jeffrey EPSTEIN - Wolno\u015b\u0107 i Anarchia","headline":"Dochodzenie w sprawie \u015bmierci &#8211; Jeffrey EPSTEIN","author":{"@id":"https:\/\/wia.net.pl\/index.php\/author\/trinity\/#author"},"publisher":{"@id":"https:\/\/wia.net.pl\/#person"},"image":{"@type":"ImageObject","url":"https:\/\/wia.net.pl\/wp-content\/uploads\/2025\/06\/dochodzenie-w-sprawie-smierci-epstein.jpg","width":1920,"height":1080},"datePublished":"2025-06-08T21:58:43+02:00","dateModified":"2025-06-13T03:24:27+02:00","inLanguage":"pl-PL","mainEntityOfPage":{"@id":"https:\/\/wia.net.pl\/index.php\/2025\/06\/08\/dochodzenie-w-sprawie-smierci-jeffrey-epstein\/#webpage"},"isPartOf":{"@id":"https:\/\/wia.net.pl\/index.php\/2025\/06\/08\/dochodzenie-w-sprawie-smierci-jeffrey-epstein\/#webpage"},"articleSection":"Prawda o \u015bwiecie"},{"@type":"BreadcrumbList","@id":"https:\/\/wia.net.pl\/index.php\/2025\/06\/08\/dochodzenie-w-sprawie-smierci-jeffrey-epstein\/#breadcrumblist","itemListElement":[{"@type":"ListItem","@id":"https:\/\/wia.net.pl#listItem","position":1,"name":"Home","item":"https:\/\/wia.net.pl","nextItem":{"@type":"ListItem","@id":"https:\/\/wia.net.pl\/index.php\/category\/prawdaoswiecie\/#listItem","name":"Prawda o \u015bwiecie"}},{"@type":"ListItem","@id":"https:\/\/wia.net.pl\/index.php\/category\/prawdaoswiecie\/#listItem","position":2,"name":"Prawda o \u015bwiecie","item":"https:\/\/wia.net.pl\/index.php\/category\/prawdaoswiecie\/","nextItem":{"@type":"ListItem","@id":"https:\/\/wia.net.pl\/index.php\/2025\/06\/08\/dochodzenie-w-sprawie-smierci-jeffrey-epstein\/#listItem","name":"Dochodzenie w sprawie \u015bmierci &#8211; Jeffrey EPSTEIN"},"previousItem":{"@type":"ListItem","@id":"https:\/\/wia.net.pl#listItem","name":"Home"}},{"@type":"ListItem","@id":"https:\/\/wia.net.pl\/index.php\/2025\/06\/08\/dochodzenie-w-sprawie-smierci-jeffrey-epstein\/#listItem","position":3,"name":"Dochodzenie w sprawie \u015bmierci &#8211; Jeffrey EPSTEIN","previousItem":{"@type":"ListItem","@id":"https:\/\/wia.net.pl\/index.php\/category\/prawdaoswiecie\/#listItem","name":"Prawda o \u015bwiecie"}}]},{"@type":"Person","@id":"https:\/\/wia.net.pl\/#person","name":"Bart\u0142omiej Talarczyk","image":{"@type":"ImageObject","@id":"https:\/\/wia.net.pl\/index.php\/2025\/06\/08\/dochodzenie-w-sprawie-smierci-jeffrey-epstein\/#personImage","url":"https:\/\/wia.net.pl\/wp-content\/uploads\/avatar-privacy\/cache\/user\/1\/7\/176a6b161c58363ff49b5c167264231f519f5c7fa183ca1f61e891769b6b56d5-96.jpg","width":96,"height":96,"caption":"Bart\u0142omiej Talarczyk"}},{"@type":"Person","@id":"https:\/\/wia.net.pl\/index.php\/author\/trinity\/#author","url":"https:\/\/wia.net.pl\/index.php\/author\/trinity\/","name":"trinity","image":{"@type":"ImageObject","@id":"https:\/\/wia.net.pl\/index.php\/2025\/06\/08\/dochodzenie-w-sprawie-smierci-jeffrey-epstein\/#authorImage","url":"https:\/\/wia.net.pl\/wp-content\/uploads\/avatar-privacy\/cache\/user\/5\/f\/5f6547cf82495eaa10e100a6a45d5dbde2dfdc1be88557de2018fca705bdf6f1-96.jpg","width":96,"height":96,"caption":"trinity"}},{"@type":"WebPage","@id":"https:\/\/wia.net.pl\/index.php\/2025\/06\/08\/dochodzenie-w-sprawie-smierci-jeffrey-epstein\/#webpage","url":"https:\/\/wia.net.pl\/index.php\/2025\/06\/08\/dochodzenie-w-sprawie-smierci-jeffrey-epstein\/","name":"Dochodzenie w sprawie \u015bmierci \u2013 Jeffrey EPSTEIN - Wolno\u015b\u0107 i Anarchia","description":"DOCHODZENIE W SPRAWIE \u015aMIERCINowy cykl materia\u0142\u00f3w na Substacku Materia\u0142 dla wszystkich subskrybent\u00f3w platformy Substack. W \u201eDOCHODZENIU W SPRAWIE \u015aMIERCI\u201d zagl\u0105damy za kulisy najwi\u0119kszych i najbardziej kontrowersyjnych zgon\u00f3w w \u015bwiecie show-biznesu. Analizowane s\u0105 nie tylko oficjalne raporty, ale i to, co zosta\u0142o przemilczane \u2014 sprzeczne relacje, dziwne okoliczno\u015bci, nag\u0142e zmiany w narracjach medialnych. To dziennikarskie \u015bledztwo.Zadawane","inLanguage":"pl-PL","isPartOf":{"@id":"https:\/\/wia.net.pl\/#website"},"breadcrumb":{"@id":"https:\/\/wia.net.pl\/index.php\/2025\/06\/08\/dochodzenie-w-sprawie-smierci-jeffrey-epstein\/#breadcrumblist"},"author":{"@id":"https:\/\/wia.net.pl\/index.php\/author\/trinity\/#author"},"creator":{"@id":"https:\/\/wia.net.pl\/index.php\/author\/trinity\/#author"},"image":{"@type":"ImageObject","url":"https:\/\/wia.net.pl\/wp-content\/uploads\/2025\/06\/dochodzenie-w-sprawie-smierci-epstein.jpg","@id":"https:\/\/wia.net.pl\/index.php\/2025\/06\/08\/dochodzenie-w-sprawie-smierci-jeffrey-epstein\/#mainImage","width":1920,"height":1080},"primaryImageOfPage":{"@id":"https:\/\/wia.net.pl\/index.php\/2025\/06\/08\/dochodzenie-w-sprawie-smierci-jeffrey-epstein\/#mainImage"},"datePublished":"2025-06-08T21:58:43+02:00","dateModified":"2025-06-13T03:24:27+02:00"},{"@type":"WebSite","@id":"https:\/\/wia.net.pl\/#website","url":"https:\/\/wia.net.pl\/","name":"Wolno\u015b\u0107 i Anarchia","description":"Ka\u017cdy wewn\u0119trznie jest anarchist\u0105.","inLanguage":"pl-PL","publisher":{"@id":"https:\/\/wia.net.pl\/#person"}}]},"og:locale":"pl_PL","og:site_name":"Wolno\u015b\u0107 i Anarchia - Ka\u017cdy wewn\u0119trznie jest anarchist\u0105.","og:type":"article","og:title":"Dochodzenie w sprawie \u015bmierci \u2013 Jeffrey EPSTEIN - Wolno\u015b\u0107 i Anarchia","og:description":"DOCHODZENIE W SPRAWIE \u015aMIERCINowy cykl materia\u0142\u00f3w na Substacku Materia\u0142 dla wszystkich subskrybent\u00f3w platformy Substack. W \u201eDOCHODZENIU W SPRAWIE \u015aMIERCI\u201d zagl\u0105damy za kulisy najwi\u0119kszych i najbardziej kontrowersyjnych zgon\u00f3w w \u015bwiecie show-biznesu. Analizowane s\u0105 nie tylko oficjalne raporty, ale i to, co zosta\u0142o przemilczane \u2014 sprzeczne relacje, dziwne okoliczno\u015bci, nag\u0142e zmiany w narracjach medialnych. To dziennikarskie \u015bledztwo.Zadawane","og:url":"https:\/\/wia.net.pl\/index.php\/2025\/06\/08\/dochodzenie-w-sprawie-smierci-jeffrey-epstein\/","og:image":"https:\/\/wia.net.pl\/wp-content\/uploads\/2023\/11\/cropped-freedom-i73367.jpg","og:image:secure_url":"https:\/\/wia.net.pl\/wp-content\/uploads\/2023\/11\/cropped-freedom-i73367.jpg","article:published_time":"2025-06-08T19:58:43+00:00","article:modified_time":"2025-06-13T01:24:27+00:00","twitter:card":"summary_large_image","twitter:title":"Dochodzenie w sprawie \u015bmierci \u2013 Jeffrey EPSTEIN - Wolno\u015b\u0107 i Anarchia","twitter:description":"DOCHODZENIE W SPRAWIE \u015aMIERCINowy cykl materia\u0142\u00f3w na Substacku Materia\u0142 dla wszystkich subskrybent\u00f3w platformy Substack. W \u201eDOCHODZENIU W SPRAWIE \u015aMIERCI\u201d zagl\u0105damy za kulisy najwi\u0119kszych i najbardziej kontrowersyjnych zgon\u00f3w w \u015bwiecie show-biznesu. Analizowane s\u0105 nie tylko oficjalne raporty, ale i to, co zosta\u0142o przemilczane \u2014 sprzeczne relacje, dziwne okoliczno\u015bci, nag\u0142e zmiany w narracjach medialnych. To dziennikarskie \u015bledztwo.Zadawane","twitter:image":"https:\/\/wia.net.pl\/wp-content\/uploads\/2023\/11\/cropped-freedom-i73367.jpg"},"aioseo_meta_data":{"post_id":"10179","title":null,"description":null,"keywords":null,"keyphrases":{"focus":{"keyphrase":"","score":0,"analysis":{"keyphraseInTitle":{"score":0,"maxScore":9,"error":1}}},"additional":[]},"primary_term":null,"canonical_url":null,"og_title":null,"og_description":null,"og_object_type":"default","og_image_type":"default","og_image_url":null,"og_image_width":null,"og_image_height":null,"og_image_custom_url":null,"og_image_custom_fields":null,"og_video":"","og_custom_url":null,"og_article_section":null,"og_article_tags":null,"twitter_use_og":false,"twitter_card":"default","twitter_image_type":"default","twitter_image_url":null,"twitter_image_custom_url":null,"twitter_image_custom_fields":null,"twitter_title":null,"twitter_description":null,"schema":{"blockGraphs":[],"customGraphs":[],"default":{"data":{"Article":[],"Course":[],"Dataset":[],"FAQPage":[],"Movie":[],"Person":[],"Product":[],"ProductReview":[],"Car":[],"Recipe":[],"Service":[],"SoftwareApplication":[],"WebPage":[]},"graphName":"BlogPosting","isEnabled":true},"graphs":[]},"schema_type":"default","schema_type_options":null,"pillar_content":false,"robots_default":true,"robots_noindex":false,"robots_noarchive":false,"robots_nosnippet":false,"robots_nofollow":false,"robots_noimageindex":false,"robots_noodp":false,"robots_notranslate":false,"robots_max_snippet":"-1","robots_max_videopreview":"-1","robots_max_imagepreview":"large","priority":null,"frequency":"default","local_seo":null,"breadcrumb_settings":null,"limit_modified_date":false,"ai":null,"created":"2025-06-08 19:58:44","updated":"2025-06-13 01:28:29","seo_analyzer_scan_date":null,"focus_keyword":null,"additional_keywords":null,"truseo_locale":null},"aioseo_breadcrumb":"<div class=\"aioseo-breadcrumbs\"><span class=\"aioseo-breadcrumb\">\n\t\t\t<a href=\"https:\/\/wia.net.pl\" title=\"Home\">Home<\/a>\n\t\t<\/span><span class=\"aioseo-breadcrumb-separator\">&raquo;<\/span><span class=\"aioseo-breadcrumb\">\n\t\t\t<a href=\"https:\/\/wia.net.pl\/index.php\/category\/prawdaoswiecie\/\" title=\"Prawda o \u015bwiecie\">Prawda o \u015bwiecie<\/a>\n\t\t<\/span><span class=\"aioseo-breadcrumb-separator\">&raquo;<\/span><span class=\"aioseo-breadcrumb\">\n\t\t\tDochodzenie w sprawie \u015bmierci \u2013 Jeffrey EPSTEIN\n\t\t<\/span><\/div>","aioseo_breadcrumb_json":[{"label":"Home","link":"https:\/\/wia.net.pl"},{"label":"Prawda o \u015bwiecie","link":"https:\/\/wia.net.pl\/index.php\/category\/prawdaoswiecie\/"},{"label":"Dochodzenie w sprawie \u015bmierci &#8211; Jeffrey EPSTEIN","link":"https:\/\/wia.net.pl\/index.php\/2025\/06\/08\/dochodzenie-w-sprawie-smierci-jeffrey-epstein\/"}],"_links":{"self":[{"href":"https:\/\/wia.net.pl\/index.php\/wp-json\/wp\/v2\/posts\/10179"}],"collection":[{"href":"https:\/\/wia.net.pl\/index.php\/wp-json\/wp\/v2\/posts"}],"about":[{"href":"https:\/\/wia.net.pl\/index.php\/wp-json\/wp\/v2\/types\/post"}],"author":[{"embeddable":true,"href":"https:\/\/wia.net.pl\/index.php\/wp-json\/wp\/v2\/users\/2"}],"replies":[{"embeddable":true,"href":"https:\/\/wia.net.pl\/index.php\/wp-json\/wp\/v2\/comments?post=10179"}],"version-history":[{"count":1,"href":"https:\/\/wia.net.pl\/index.php\/wp-json\/wp\/v2\/posts\/10179\/revisions"}],"predecessor-version":[{"id":10181,"href":"https:\/\/wia.net.pl\/index.php\/wp-json\/wp\/v2\/posts\/10179\/revisions\/10181"}],"wp:featuredmedia":[{"embeddable":true,"href":"https:\/\/wia.net.pl\/index.php\/wp-json\/wp\/v2\/media\/10180"}],"wp:attachment":[{"href":"https:\/\/wia.net.pl\/index.php\/wp-json\/wp\/v2\/media?parent=10179"}],"wp:term":[{"taxonomy":"category","embeddable":true,"href":"https:\/\/wia.net.pl\/index.php\/wp-json\/wp\/v2\/categories?post=10179"},{"taxonomy":"post_tag","embeddable":true,"href":"https:\/\/wia.net.pl\/index.php\/wp-json\/wp\/v2\/tags?post=10179"}],"curies":[{"name":"wp","href":"https:\/\/api.w.org\/{rel}","templated":true}]}}