{"id":10222,"date":"2025-06-13T03:05:30","date_gmt":"2025-06-13T01:05:30","guid":{"rendered":"https:\/\/wia.net.pl\/?p=10222"},"modified":"2026-01-22T01:45:56","modified_gmt":"2026-01-22T00:45:56","slug":"zbiornik-jazni-duchowa-ekologia-odcinek-18-21","status":"publish","type":"post","link":"https:\/\/wia.net.pl\/index.php\/2025\/06\/13\/zbiornik-jazni-duchowa-ekologia-odcinek-18-21\/","title":{"rendered":"Zbiornik ja\u017ani \u2013 Duchowa ekologia \u2013 Odcinek 18\/21"},"content":{"rendered":"\n<p><strong>Zamkni\u0119cie kr\u0119gu \u2013 Ekologia ducha jako styl \u017cycia<\/strong><br><em>(Duchowo\u015b\u0107 nie jako \u015bcie\u017cka, ale spos\u00f3b bycia i oddychania. Jak wygl\u0105da codzienno\u015b\u0107 istoty, kt\u00f3ra nie zanieczyszcza pola?)<\/em><\/p>\n\n\n\n<p>Opracowanie w\u0142asne.<\/p>\n\n\n\n<figure class=\"wp-block-video\"><video controls poster=\"https:\/\/wia.net.pl\/wp-content\/uploads\/2025\/06\/duchowa-ekologia1820.jpg\" src=\"https:\/\/wia.net.pl\/wp-content\/uploads\/2025\/06\/Zbiornik-jazni-Duchowa-ekologia-Odcinek-18.mp4\"><\/video><\/figure>\n","protected":false},"excerpt":{"rendered":"<p>Zamkni\u0119cie kr\u0119gu \u2013 Ekologia ducha jako styl \u017cycia(Duchowo\u015b\u0107 nie jako \u015bcie\u017cka, ale spos\u00f3b bycia i oddychania. Jak wygl\u0105da codzienno\u015b\u0107 istoty, kt\u00f3ra nie zanieczyszcza pola?) Opracowanie w\u0142asne.<\/p>\n","protected":false},"author":3,"featured_media":10223,"comment_status":"open","ping_status":"open","sticky":false,"template":"","format":"standard","meta":{"_acf_changed":false,"_bbp_topic_count":0,"_bbp_reply_count":0,"_bbp_total_topic_count":0,"_bbp_total_reply_count":0,"_bbp_voice_count":0,"_bbp_anonymous_reply_count":0,"_bbp_topic_count_hidden":0,"_bbp_reply_count_hidden":0,"_bbp_forum_subforum_count":0,"om_disable_all_campaigns":false,"_monsterinsights_skip_tracking":false,"footnotes":""},"categories":[186],"tags":[68,63,42,71,26,23,32,22,70,62],"class_list":["post-10222","post","type-post","status-publish","format-standard","has-post-thumbnail","hentry","category-platna-subskrypcja-substack","tag-cesarstwo-rzymskie","tag-historia-ziemi","tag-illuminati","tag-kosciol-katolicki","tag-ludzkosc","tag-niewolnictwo","tag-rzad","tag-satanizm","tag-tajne-stowarzyszenia","tag-wszechswiat"],"acf":[],"aioseo_notices":[],"aioseo_head":"\n\t\t<!-- All in One SEO 5.0.1.1 - aioseo.com -->\n\t<meta name=\"description\" content=\"Zamkni\u0119cie kr\u0119gu \u2013 Ekologia ducha jako styl \u017cycia(Duchowo\u015b\u0107 nie jako \u015bcie\u017cka, ale spos\u00f3b bycia i oddychania. Jak wygl\u0105da codzienno\u015b\u0107 istoty, kt\u00f3ra nie zanieczyszcza pola?) Opracowanie w\u0142asne.\" \/>\n\t<meta name=\"robots\" content=\"max-image-preview:large\" \/>\n\t<meta name=\"author\" content=\"Bart\u0142omiej Talarczyk\"\/>\n\t<link rel=\"canonical\" href=\"https:\/\/wia.net.pl\/index.php\/2025\/06\/13\/zbiornik-jazni-duchowa-ekologia-odcinek-18-21\/\" \/>\n\t<meta name=\"generator\" content=\"All in One SEO (AIOSEO) 5.0.1.1\" \/>\n\t\t<meta property=\"og:locale\" content=\"pl_PL\" \/>\n\t\t<meta property=\"og:site_name\" content=\"Wolno\u015b\u0107 i Anarchia - Ka\u017cdy wewn\u0119trznie jest anarchist\u0105.\" \/>\n\t\t<meta property=\"og:type\" content=\"article\" \/>\n\t\t<meta property=\"og:title\" content=\"Zbiornik ja\u017ani \u2013 Duchowa ekologia \u2013 Odcinek 18\/21 - Wolno\u015b\u0107 i Anarchia\" \/>\n\t\t<meta property=\"og:description\" content=\"Zamkni\u0119cie kr\u0119gu \u2013 Ekologia ducha jako styl \u017cycia(Duchowo\u015b\u0107 nie jako \u015bcie\u017cka, ale spos\u00f3b bycia i oddychania. Jak wygl\u0105da codzienno\u015b\u0107 istoty, kt\u00f3ra nie zanieczyszcza pola?) Opracowanie w\u0142asne.\" \/>\n\t\t<meta property=\"og:url\" content=\"https:\/\/wia.net.pl\/index.php\/2025\/06\/13\/zbiornik-jazni-duchowa-ekologia-odcinek-18-21\/\" \/>\n\t\t<meta property=\"og:image\" content=\"https:\/\/wia.net.pl\/wp-content\/uploads\/2023\/11\/cropped-freedom-i73367.jpg\" \/>\n\t\t<meta property=\"og:image:secure_url\" content=\"https:\/\/wia.net.pl\/wp-content\/uploads\/2023\/11\/cropped-freedom-i73367.jpg\" \/>\n\t\t<meta property=\"article:published_time\" content=\"2025-06-13T01:05:30+00:00\" \/>\n\t\t<meta property=\"article:modified_time\" content=\"2026-01-22T00:45:56+00:00\" \/>\n\t\t<meta name=\"twitter:card\" content=\"summary_large_image\" \/>\n\t\t<meta name=\"twitter:title\" content=\"Zbiornik ja\u017ani \u2013 Duchowa ekologia \u2013 Odcinek 18\/21 - Wolno\u015b\u0107 i Anarchia\" \/>\n\t\t<meta name=\"twitter:description\" content=\"Zamkni\u0119cie kr\u0119gu \u2013 Ekologia ducha jako styl \u017cycia(Duchowo\u015b\u0107 nie jako \u015bcie\u017cka, ale spos\u00f3b bycia i oddychania. Jak wygl\u0105da codzienno\u015b\u0107 istoty, kt\u00f3ra nie zanieczyszcza pola?) Opracowanie w\u0142asne.\" \/>\n\t\t<meta name=\"twitter:image\" content=\"https:\/\/wia.net.pl\/wp-content\/uploads\/2023\/11\/cropped-freedom-i73367.jpg\" \/>\n\t\t<script type=\"application\/ld+json\" class=\"aioseo-schema\">\n\t\t\t{\"@context\":\"https:\\\/\\\/schema.org\",\"@graph\":[{\"@type\":\"BlogPosting\",\"@id\":\"https:\\\/\\\/wia.net.pl\\\/index.php\\\/2025\\\/06\\\/13\\\/zbiornik-jazni-duchowa-ekologia-odcinek-18-21\\\/#blogposting\",\"name\":\"Zbiornik ja\\u017ani \\u2013 Duchowa ekologia \\u2013 Odcinek 18\\\/21 - Wolno\\u015b\\u0107 i Anarchia\",\"headline\":\"Zbiornik ja\\u017ani \\u2013 Duchowa ekologia \\u2013 Odcinek 18\\\/21\",\"author\":{\"@id\":\"https:\\\/\\\/wia.net.pl\\\/index.php\\\/author\\\/talar\\\/#author\"},\"publisher\":{\"@id\":\"https:\\\/\\\/wia.net.pl\\\/#person\"},\"image\":{\"@type\":\"ImageObject\",\"url\":\"https:\\\/\\\/wia.net.pl\\\/wp-content\\\/uploads\\\/2025\\\/06\\\/duchowa-ekologia1820.jpg\",\"width\":1920,\"height\":1080},\"datePublished\":\"2025-06-13T03:05:30+02:00\",\"dateModified\":\"2026-01-22T01:45:56+01:00\",\"inLanguage\":\"pl-PL\",\"mainEntityOfPage\":{\"@id\":\"https:\\\/\\\/wia.net.pl\\\/index.php\\\/2025\\\/06\\\/13\\\/zbiornik-jazni-duchowa-ekologia-odcinek-18-21\\\/#webpage\"},\"isPartOf\":{\"@id\":\"https:\\\/\\\/wia.net.pl\\\/index.php\\\/2025\\\/06\\\/13\\\/zbiornik-jazni-duchowa-ekologia-odcinek-18-21\\\/#webpage\"},\"articleSection\":\"P\\u0142atna subskrypcja Substack, Cesarstwo Rzymskie, Historia ziemi, Illuminati, Ko\\u015bci\\u00f3\\u0142 katolicki, Ludzko\\u015b\\u0107, Niewolnictwo, Rz\\u0105d, Satanizm, Tajne stowarzyszenia, Wszech\\u015bwiat\"},{\"@type\":\"BreadcrumbList\",\"@id\":\"https:\\\/\\\/wia.net.pl\\\/index.php\\\/2025\\\/06\\\/13\\\/zbiornik-jazni-duchowa-ekologia-odcinek-18-21\\\/#breadcrumblist\",\"itemListElement\":[{\"@type\":\"ListItem\",\"@id\":\"https:\\\/\\\/wia.net.pl#listItem\",\"position\":1,\"name\":\"Home\",\"item\":\"https:\\\/\\\/wia.net.pl\",\"nextItem\":{\"@type\":\"ListItem\",\"@id\":\"https:\\\/\\\/wia.net.pl\\\/index.php\\\/category\\\/platna-subskrypcja-substack\\\/#listItem\",\"name\":\"P\\u0142atna subskrypcja Substack\"}},{\"@type\":\"ListItem\",\"@id\":\"https:\\\/\\\/wia.net.pl\\\/index.php\\\/category\\\/platna-subskrypcja-substack\\\/#listItem\",\"position\":2,\"name\":\"P\\u0142atna subskrypcja Substack\",\"item\":\"https:\\\/\\\/wia.net.pl\\\/index.php\\\/category\\\/platna-subskrypcja-substack\\\/\",\"nextItem\":{\"@type\":\"ListItem\",\"@id\":\"https:\\\/\\\/wia.net.pl\\\/index.php\\\/2025\\\/06\\\/13\\\/zbiornik-jazni-duchowa-ekologia-odcinek-18-21\\\/#listItem\",\"name\":\"Zbiornik ja\\u017ani \\u2013 Duchowa ekologia \\u2013 Odcinek 18\\\/21\"},\"previousItem\":{\"@type\":\"ListItem\",\"@id\":\"https:\\\/\\\/wia.net.pl#listItem\",\"name\":\"Home\"}},{\"@type\":\"ListItem\",\"@id\":\"https:\\\/\\\/wia.net.pl\\\/index.php\\\/2025\\\/06\\\/13\\\/zbiornik-jazni-duchowa-ekologia-odcinek-18-21\\\/#listItem\",\"position\":3,\"name\":\"Zbiornik ja\\u017ani \\u2013 Duchowa ekologia \\u2013 Odcinek 18\\\/21\",\"previousItem\":{\"@type\":\"ListItem\",\"@id\":\"https:\\\/\\\/wia.net.pl\\\/index.php\\\/category\\\/platna-subskrypcja-substack\\\/#listItem\",\"name\":\"P\\u0142atna subskrypcja Substack\"}}]},{\"@type\":\"Person\",\"@id\":\"https:\\\/\\\/wia.net.pl\\\/#person\",\"name\":\"Bart\\u0142omiej Talarczyk\",\"image\":{\"@type\":\"ImageObject\",\"@id\":\"https:\\\/\\\/wia.net.pl\\\/index.php\\\/2025\\\/06\\\/13\\\/zbiornik-jazni-duchowa-ekologia-odcinek-18-21\\\/#personImage\",\"url\":\"https:\\\/\\\/wia.net.pl\\\/wp-content\\\/uploads\\\/avatar-privacy\\\/cache\\\/user\\\/1\\\/7\\\/176a6b161c58363ff49b5c167264231f519f5c7fa183ca1f61e891769b6b56d5-96.jpg\",\"width\":96,\"height\":96,\"caption\":\"Bart\\u0142omiej Talarczyk\"}},{\"@type\":\"Person\",\"@id\":\"https:\\\/\\\/wia.net.pl\\\/index.php\\\/author\\\/talar\\\/#author\",\"url\":\"https:\\\/\\\/wia.net.pl\\\/index.php\\\/author\\\/talar\\\/\",\"name\":\"Bart\\u0142omiej Talarczyk\",\"image\":{\"@type\":\"ImageObject\",\"@id\":\"https:\\\/\\\/wia.net.pl\\\/index.php\\\/2025\\\/06\\\/13\\\/zbiornik-jazni-duchowa-ekologia-odcinek-18-21\\\/#authorImage\",\"url\":\"https:\\\/\\\/wia.net.pl\\\/wp-content\\\/uploads\\\/avatar-privacy\\\/cache\\\/user\\\/1\\\/7\\\/176a6b161c58363ff49b5c167264231f519f5c7fa183ca1f61e891769b6b56d5-96.jpg\",\"width\":96,\"height\":96,\"caption\":\"Bart\\u0142omiej Talarczyk\"}},{\"@type\":\"WebPage\",\"@id\":\"https:\\\/\\\/wia.net.pl\\\/index.php\\\/2025\\\/06\\\/13\\\/zbiornik-jazni-duchowa-ekologia-odcinek-18-21\\\/#webpage\",\"url\":\"https:\\\/\\\/wia.net.pl\\\/index.php\\\/2025\\\/06\\\/13\\\/zbiornik-jazni-duchowa-ekologia-odcinek-18-21\\\/\",\"name\":\"Zbiornik ja\\u017ani \\u2013 Duchowa ekologia \\u2013 Odcinek 18\\\/21 - Wolno\\u015b\\u0107 i Anarchia\",\"description\":\"Zamkni\\u0119cie kr\\u0119gu \\u2013 Ekologia ducha jako styl \\u017cycia(Duchowo\\u015b\\u0107 nie jako \\u015bcie\\u017cka, ale spos\\u00f3b bycia i oddychania. Jak wygl\\u0105da codzienno\\u015b\\u0107 istoty, kt\\u00f3ra nie zanieczyszcza pola?) Opracowanie w\\u0142asne.\",\"inLanguage\":\"pl-PL\",\"isPartOf\":{\"@id\":\"https:\\\/\\\/wia.net.pl\\\/#website\"},\"breadcrumb\":{\"@id\":\"https:\\\/\\\/wia.net.pl\\\/index.php\\\/2025\\\/06\\\/13\\\/zbiornik-jazni-duchowa-ekologia-odcinek-18-21\\\/#breadcrumblist\"},\"author\":{\"@id\":\"https:\\\/\\\/wia.net.pl\\\/index.php\\\/author\\\/talar\\\/#author\"},\"creator\":{\"@id\":\"https:\\\/\\\/wia.net.pl\\\/index.php\\\/author\\\/talar\\\/#author\"},\"image\":{\"@type\":\"ImageObject\",\"url\":\"https:\\\/\\\/wia.net.pl\\\/wp-content\\\/uploads\\\/2025\\\/06\\\/duchowa-ekologia1820.jpg\",\"@id\":\"https:\\\/\\\/wia.net.pl\\\/index.php\\\/2025\\\/06\\\/13\\\/zbiornik-jazni-duchowa-ekologia-odcinek-18-21\\\/#mainImage\",\"width\":1920,\"height\":1080},\"primaryImageOfPage\":{\"@id\":\"https:\\\/\\\/wia.net.pl\\\/index.php\\\/2025\\\/06\\\/13\\\/zbiornik-jazni-duchowa-ekologia-odcinek-18-21\\\/#mainImage\"},\"datePublished\":\"2025-06-13T03:05:30+02:00\",\"dateModified\":\"2026-01-22T01:45:56+01:00\"},{\"@type\":\"WebSite\",\"@id\":\"https:\\\/\\\/wia.net.pl\\\/#website\",\"url\":\"https:\\\/\\\/wia.net.pl\\\/\",\"name\":\"Wolno\\u015b\\u0107 i Anarchia\",\"description\":\"Ka\\u017cdy wewn\\u0119trznie jest anarchist\\u0105.\",\"inLanguage\":\"pl-PL\",\"publisher\":{\"@id\":\"https:\\\/\\\/wia.net.pl\\\/#person\"}}]}\n\t\t<\/script>\n\t\t<!-- All in One SEO -->\n\n","aioseo_head_json":{"title":"Zbiornik ja\u017ani \u2013 Duchowa ekologia \u2013 Odcinek 18\/21 - Wolno\u015b\u0107 i Anarchia","description":"Zamkni\u0119cie kr\u0119gu \u2013 Ekologia ducha jako styl \u017cycia(Duchowo\u015b\u0107 nie jako \u015bcie\u017cka, ale spos\u00f3b bycia i oddychania. Jak wygl\u0105da codzienno\u015b\u0107 istoty, kt\u00f3ra nie zanieczyszcza pola?) Opracowanie w\u0142asne.","canonical_url":"https:\/\/wia.net.pl\/index.php\/2025\/06\/13\/zbiornik-jazni-duchowa-ekologia-odcinek-18-21\/","robots":"max-image-preview:large","keywords":"","webmasterTools":{"miscellaneous":""},"schema":{"@context":"https:\/\/schema.org","@graph":[{"@type":"BlogPosting","@id":"https:\/\/wia.net.pl\/index.php\/2025\/06\/13\/zbiornik-jazni-duchowa-ekologia-odcinek-18-21\/#blogposting","name":"Zbiornik ja\u017ani \u2013 Duchowa ekologia \u2013 Odcinek 18\/21 - Wolno\u015b\u0107 i Anarchia","headline":"Zbiornik ja\u017ani \u2013 Duchowa ekologia \u2013 Odcinek 18\/21","author":{"@id":"https:\/\/wia.net.pl\/index.php\/author\/talar\/#author"},"publisher":{"@id":"https:\/\/wia.net.pl\/#person"},"image":{"@type":"ImageObject","url":"https:\/\/wia.net.pl\/wp-content\/uploads\/2025\/06\/duchowa-ekologia1820.jpg","width":1920,"height":1080},"datePublished":"2025-06-13T03:05:30+02:00","dateModified":"2026-01-22T01:45:56+01:00","inLanguage":"pl-PL","mainEntityOfPage":{"@id":"https:\/\/wia.net.pl\/index.php\/2025\/06\/13\/zbiornik-jazni-duchowa-ekologia-odcinek-18-21\/#webpage"},"isPartOf":{"@id":"https:\/\/wia.net.pl\/index.php\/2025\/06\/13\/zbiornik-jazni-duchowa-ekologia-odcinek-18-21\/#webpage"},"articleSection":"P\u0142atna subskrypcja Substack, Cesarstwo Rzymskie, Historia ziemi, Illuminati, Ko\u015bci\u00f3\u0142 katolicki, Ludzko\u015b\u0107, Niewolnictwo, Rz\u0105d, Satanizm, Tajne stowarzyszenia, Wszech\u015bwiat"},{"@type":"BreadcrumbList","@id":"https:\/\/wia.net.pl\/index.php\/2025\/06\/13\/zbiornik-jazni-duchowa-ekologia-odcinek-18-21\/#breadcrumblist","itemListElement":[{"@type":"ListItem","@id":"https:\/\/wia.net.pl#listItem","position":1,"name":"Home","item":"https:\/\/wia.net.pl","nextItem":{"@type":"ListItem","@id":"https:\/\/wia.net.pl\/index.php\/category\/platna-subskrypcja-substack\/#listItem","name":"P\u0142atna subskrypcja Substack"}},{"@type":"ListItem","@id":"https:\/\/wia.net.pl\/index.php\/category\/platna-subskrypcja-substack\/#listItem","position":2,"name":"P\u0142atna subskrypcja Substack","item":"https:\/\/wia.net.pl\/index.php\/category\/platna-subskrypcja-substack\/","nextItem":{"@type":"ListItem","@id":"https:\/\/wia.net.pl\/index.php\/2025\/06\/13\/zbiornik-jazni-duchowa-ekologia-odcinek-18-21\/#listItem","name":"Zbiornik ja\u017ani \u2013 Duchowa ekologia \u2013 Odcinek 18\/21"},"previousItem":{"@type":"ListItem","@id":"https:\/\/wia.net.pl#listItem","name":"Home"}},{"@type":"ListItem","@id":"https:\/\/wia.net.pl\/index.php\/2025\/06\/13\/zbiornik-jazni-duchowa-ekologia-odcinek-18-21\/#listItem","position":3,"name":"Zbiornik ja\u017ani \u2013 Duchowa ekologia \u2013 Odcinek 18\/21","previousItem":{"@type":"ListItem","@id":"https:\/\/wia.net.pl\/index.php\/category\/platna-subskrypcja-substack\/#listItem","name":"P\u0142atna subskrypcja Substack"}}]},{"@type":"Person","@id":"https:\/\/wia.net.pl\/#person","name":"Bart\u0142omiej Talarczyk","image":{"@type":"ImageObject","@id":"https:\/\/wia.net.pl\/index.php\/2025\/06\/13\/zbiornik-jazni-duchowa-ekologia-odcinek-18-21\/#personImage","url":"https:\/\/wia.net.pl\/wp-content\/uploads\/avatar-privacy\/cache\/user\/1\/7\/176a6b161c58363ff49b5c167264231f519f5c7fa183ca1f61e891769b6b56d5-96.jpg","width":96,"height":96,"caption":"Bart\u0142omiej Talarczyk"}},{"@type":"Person","@id":"https:\/\/wia.net.pl\/index.php\/author\/talar\/#author","url":"https:\/\/wia.net.pl\/index.php\/author\/talar\/","name":"Bart\u0142omiej Talarczyk","image":{"@type":"ImageObject","@id":"https:\/\/wia.net.pl\/index.php\/2025\/06\/13\/zbiornik-jazni-duchowa-ekologia-odcinek-18-21\/#authorImage","url":"https:\/\/wia.net.pl\/wp-content\/uploads\/avatar-privacy\/cache\/user\/1\/7\/176a6b161c58363ff49b5c167264231f519f5c7fa183ca1f61e891769b6b56d5-96.jpg","width":96,"height":96,"caption":"Bart\u0142omiej Talarczyk"}},{"@type":"WebPage","@id":"https:\/\/wia.net.pl\/index.php\/2025\/06\/13\/zbiornik-jazni-duchowa-ekologia-odcinek-18-21\/#webpage","url":"https:\/\/wia.net.pl\/index.php\/2025\/06\/13\/zbiornik-jazni-duchowa-ekologia-odcinek-18-21\/","name":"Zbiornik ja\u017ani \u2013 Duchowa ekologia \u2013 Odcinek 18\/21 - Wolno\u015b\u0107 i Anarchia","description":"Zamkni\u0119cie kr\u0119gu \u2013 Ekologia ducha jako styl \u017cycia(Duchowo\u015b\u0107 nie jako \u015bcie\u017cka, ale spos\u00f3b bycia i oddychania. Jak wygl\u0105da codzienno\u015b\u0107 istoty, kt\u00f3ra nie zanieczyszcza pola?) Opracowanie w\u0142asne.","inLanguage":"pl-PL","isPartOf":{"@id":"https:\/\/wia.net.pl\/#website"},"breadcrumb":{"@id":"https:\/\/wia.net.pl\/index.php\/2025\/06\/13\/zbiornik-jazni-duchowa-ekologia-odcinek-18-21\/#breadcrumblist"},"author":{"@id":"https:\/\/wia.net.pl\/index.php\/author\/talar\/#author"},"creator":{"@id":"https:\/\/wia.net.pl\/index.php\/author\/talar\/#author"},"image":{"@type":"ImageObject","url":"https:\/\/wia.net.pl\/wp-content\/uploads\/2025\/06\/duchowa-ekologia1820.jpg","@id":"https:\/\/wia.net.pl\/index.php\/2025\/06\/13\/zbiornik-jazni-duchowa-ekologia-odcinek-18-21\/#mainImage","width":1920,"height":1080},"primaryImageOfPage":{"@id":"https:\/\/wia.net.pl\/index.php\/2025\/06\/13\/zbiornik-jazni-duchowa-ekologia-odcinek-18-21\/#mainImage"},"datePublished":"2025-06-13T03:05:30+02:00","dateModified":"2026-01-22T01:45:56+01:00"},{"@type":"WebSite","@id":"https:\/\/wia.net.pl\/#website","url":"https:\/\/wia.net.pl\/","name":"Wolno\u015b\u0107 i Anarchia","description":"Ka\u017cdy wewn\u0119trznie jest anarchist\u0105.","inLanguage":"pl-PL","publisher":{"@id":"https:\/\/wia.net.pl\/#person"}}]},"og:locale":"pl_PL","og:site_name":"Wolno\u015b\u0107 i Anarchia - Ka\u017cdy wewn\u0119trznie jest anarchist\u0105.","og:type":"article","og:title":"Zbiornik ja\u017ani \u2013 Duchowa ekologia \u2013 Odcinek 18\/21 - Wolno\u015b\u0107 i Anarchia","og:description":"Zamkni\u0119cie kr\u0119gu \u2013 Ekologia ducha jako styl \u017cycia(Duchowo\u015b\u0107 nie jako \u015bcie\u017cka, ale spos\u00f3b bycia i oddychania. Jak wygl\u0105da codzienno\u015b\u0107 istoty, kt\u00f3ra nie zanieczyszcza pola?) Opracowanie w\u0142asne.","og:url":"https:\/\/wia.net.pl\/index.php\/2025\/06\/13\/zbiornik-jazni-duchowa-ekologia-odcinek-18-21\/","og:image":"https:\/\/wia.net.pl\/wp-content\/uploads\/2023\/11\/cropped-freedom-i73367.jpg","og:image:secure_url":"https:\/\/wia.net.pl\/wp-content\/uploads\/2023\/11\/cropped-freedom-i73367.jpg","article:published_time":"2025-06-13T01:05:30+00:00","article:modified_time":"2026-01-22T00:45:56+00:00","twitter:card":"summary_large_image","twitter:title":"Zbiornik ja\u017ani \u2013 Duchowa ekologia \u2013 Odcinek 18\/21 - Wolno\u015b\u0107 i Anarchia","twitter:description":"Zamkni\u0119cie kr\u0119gu \u2013 Ekologia ducha jako styl \u017cycia(Duchowo\u015b\u0107 nie jako \u015bcie\u017cka, ale spos\u00f3b bycia i oddychania. Jak wygl\u0105da codzienno\u015b\u0107 istoty, kt\u00f3ra nie zanieczyszcza pola?) Opracowanie w\u0142asne.","twitter:image":"https:\/\/wia.net.pl\/wp-content\/uploads\/2023\/11\/cropped-freedom-i73367.jpg"},"aioseo_meta_data":{"post_id":"10222","title":null,"description":null,"keywords":null,"keyphrases":{"focus":{"keyphrase":"","score":0,"analysis":{"keyphraseInTitle":{"score":0,"maxScore":9,"error":1}}},"additional":[]},"primary_term":null,"canonical_url":null,"og_title":null,"og_description":null,"og_object_type":"default","og_image_type":"default","og_image_url":null,"og_image_width":null,"og_image_height":null,"og_image_custom_url":null,"og_image_custom_fields":null,"og_video":"","og_custom_url":null,"og_article_section":null,"og_article_tags":null,"twitter_use_og":false,"twitter_card":"default","twitter_image_type":"default","twitter_image_url":null,"twitter_image_custom_url":null,"twitter_image_custom_fields":null,"twitter_title":null,"twitter_description":null,"schema":{"blockGraphs":[],"customGraphs":[],"default":{"data":{"Article":[],"Course":[],"Dataset":[],"FAQPage":[],"Movie":[],"Person":[],"Product":[],"ProductReview":[],"Car":[],"Recipe":[],"Service":[],"SoftwareApplication":[],"WebPage":[]},"graphName":"BlogPosting","isEnabled":true},"graphs":[]},"schema_type":"default","schema_type_options":null,"pillar_content":false,"robots_default":true,"robots_noindex":false,"robots_noarchive":false,"robots_nosnippet":false,"robots_nofollow":false,"robots_noimageindex":false,"robots_noodp":false,"robots_notranslate":false,"robots_max_snippet":"-1","robots_max_videopreview":"-1","robots_max_imagepreview":"large","priority":null,"frequency":"default","local_seo":null,"breadcrumb_settings":null,"limit_modified_date":false,"ai":null,"created":"2025-06-13 01:05:31","updated":"2026-01-22 01:03:08","seo_analyzer_scan_date":null,"focus_keyword":null,"additional_keywords":null,"truseo_locale":null},"aioseo_breadcrumb":"<div class=\"aioseo-breadcrumbs\"><span class=\"aioseo-breadcrumb\">\n\t\t\t<a href=\"https:\/\/wia.net.pl\" title=\"Home\">Home<\/a>\n\t\t<\/span><span class=\"aioseo-breadcrumb-separator\">&raquo;<\/span><span class=\"aioseo-breadcrumb\">\n\t\t\t<a href=\"https:\/\/wia.net.pl\/index.php\/category\/platna-subskrypcja-substack\/\" title=\"P\u0142atna subskrypcja Substack\">P\u0142atna subskrypcja Substack<\/a>\n\t\t<\/span><span class=\"aioseo-breadcrumb-separator\">&raquo;<\/span><span class=\"aioseo-breadcrumb\">\n\t\t\tZbiornik ja\u017ani \u2013 Duchowa ekologia \u2013 Odcinek 18\/21\n\t\t<\/span><\/div>","aioseo_breadcrumb_json":[{"label":"Home","link":"https:\/\/wia.net.pl"},{"label":"P\u0142atna subskrypcja Substack","link":"https:\/\/wia.net.pl\/index.php\/category\/platna-subskrypcja-substack\/"},{"label":"Zbiornik ja\u017ani \u2013 Duchowa ekologia \u2013 Odcinek 18\/21","link":"https:\/\/wia.net.pl\/index.php\/2025\/06\/13\/zbiornik-jazni-duchowa-ekologia-odcinek-18-21\/"}],"_links":{"self":[{"href":"https:\/\/wia.net.pl\/index.php\/wp-json\/wp\/v2\/posts\/10222"}],"collection":[{"href":"https:\/\/wia.net.pl\/index.php\/wp-json\/wp\/v2\/posts"}],"about":[{"href":"https:\/\/wia.net.pl\/index.php\/wp-json\/wp\/v2\/types\/post"}],"author":[{"embeddable":true,"href":"https:\/\/wia.net.pl\/index.php\/wp-json\/wp\/v2\/users\/3"}],"replies":[{"embeddable":true,"href":"https:\/\/wia.net.pl\/index.php\/wp-json\/wp\/v2\/comments?post=10222"}],"version-history":[{"count":1,"href":"https:\/\/wia.net.pl\/index.php\/wp-json\/wp\/v2\/posts\/10222\/revisions"}],"predecessor-version":[{"id":10225,"href":"https:\/\/wia.net.pl\/index.php\/wp-json\/wp\/v2\/posts\/10222\/revisions\/10225"}],"wp:featuredmedia":[{"embeddable":true,"href":"https:\/\/wia.net.pl\/index.php\/wp-json\/wp\/v2\/media\/10223"}],"wp:attachment":[{"href":"https:\/\/wia.net.pl\/index.php\/wp-json\/wp\/v2\/media?parent=10222"}],"wp:term":[{"taxonomy":"category","embeddable":true,"href":"https:\/\/wia.net.pl\/index.php\/wp-json\/wp\/v2\/categories?post=10222"},{"taxonomy":"post_tag","embeddable":true,"href":"https:\/\/wia.net.pl\/index.php\/wp-json\/wp\/v2\/tags?post=10222"}],"curies":[{"name":"wp","href":"https:\/\/api.w.org\/{rel}","templated":true}]}}