{"id":10222,"date":"2025-06-13T03:05:30","date_gmt":"2025-06-13T01:05:30","guid":{"rendered":"https:\/\/wia.net.pl\/?p=10222"},"modified":"2026-01-22T01:45:56","modified_gmt":"2026-01-22T00:45:56","slug":"zbiornik-jazni-duchowa-ekologia-odcinek-18-21","status":"publish","type":"post","link":"https:\/\/wia.net.pl\/index.php\/2025\/06\/13\/zbiornik-jazni-duchowa-ekologia-odcinek-18-21\/","title":{"rendered":"Zbiornik ja\u017ani \u2013 Duchowa ekologia \u2013 Odcinek 18\/21"},"content":{"rendered":"\n<p><strong>Zamkni\u0119cie kr\u0119gu \u2013 Ekologia ducha jako styl \u017cycia<\/strong><br><em>(Duchowo\u015b\u0107 nie jako \u015bcie\u017cka, ale spos\u00f3b bycia i oddychania. Jak wygl\u0105da codzienno\u015b\u0107 istoty, kt\u00f3ra nie zanieczyszcza pola?)<\/em><\/p>\n\n\n\n<p>Opracowanie w\u0142asne.<\/p>\n\n\n\n<figure class=\"wp-block-video\"><video controls poster=\"https:\/\/wia.net.pl\/wp-content\/uploads\/2025\/06\/duchowa-ekologia1820.jpg\" src=\"https:\/\/wia.net.pl\/wp-content\/uploads\/2025\/06\/Zbiornik-jazni-Duchowa-ekologia-Odcinek-18.mp4\"><\/video><\/figure>\n<div class=\"remoji_bar\"><div class=\"remoji_add_container\" data-remoji-id=\"10222\" data-remoji-type=\"post\"><div class=\"remoji_add_icon\"><\/div><\/div><div class=\"remoji_error_bar\" data-remoji-id=\"10222\" data-remoji-type=\"post\" style=\"display: none;\">Error happened.<\/div><\/div>","protected":false},"excerpt":{"rendered":"<p>Zamkni\u0119cie kr\u0119gu \u2013 Ekologia ducha jako styl \u017cycia(Duchowo\u015b\u0107 nie jako \u015bcie\u017cka, ale spos\u00f3b bycia i oddychania. Jak wygl\u0105da codzienno\u015b\u0107 istoty, kt\u00f3ra nie zanieczyszcza pola?) Opracowanie w\u0142asne. Error happened.<\/p>\n","protected":false},"author":3,"featured_media":10223,"comment_status":"open","ping_status":"open","sticky":false,"template":"","format":"standard","meta":{"_acf_changed":false,"_bbp_topic_count":0,"_bbp_reply_count":0,"_bbp_total_topic_count":0,"_bbp_total_reply_count":0,"_bbp_voice_count":0,"_bbp_anonymous_reply_count":0,"_bbp_topic_count_hidden":0,"_bbp_reply_count_hidden":0,"_bbp_forum_subforum_count":0,"om_disable_all_campaigns":false,"_monsterinsights_skip_tracking":false,"_monsterinsights_sitenote_active":false,"_monsterinsights_sitenote_note":"","_monsterinsights_sitenote_category":0,"footnotes":""},"categories":[186],"tags":[68,63,42,71,26,23,32,22,70,62],"class_list":["post-10222","post","type-post","status-publish","format-standard","has-post-thumbnail","hentry","category-platna-subskrypcja-substack","tag-cesarstwo-rzymskie","tag-historia-ziemi","tag-illuminati","tag-kosciol-katolicki","tag-ludzkosc","tag-niewolnictwo","tag-rzad","tag-satanizm","tag-tajne-stowarzyszenia","tag-wszechswiat"],"acf":[],"aioseo_notices":[],"_links":{"self":[{"href":"https:\/\/wia.net.pl\/index.php\/wp-json\/wp\/v2\/posts\/10222"}],"collection":[{"href":"https:\/\/wia.net.pl\/index.php\/wp-json\/wp\/v2\/posts"}],"about":[{"href":"https:\/\/wia.net.pl\/index.php\/wp-json\/wp\/v2\/types\/post"}],"author":[{"embeddable":true,"href":"https:\/\/wia.net.pl\/index.php\/wp-json\/wp\/v2\/users\/3"}],"replies":[{"embeddable":true,"href":"https:\/\/wia.net.pl\/index.php\/wp-json\/wp\/v2\/comments?post=10222"}],"version-history":[{"count":1,"href":"https:\/\/wia.net.pl\/index.php\/wp-json\/wp\/v2\/posts\/10222\/revisions"}],"predecessor-version":[{"id":10225,"href":"https:\/\/wia.net.pl\/index.php\/wp-json\/wp\/v2\/posts\/10222\/revisions\/10225"}],"wp:featuredmedia":[{"embeddable":true,"href":"https:\/\/wia.net.pl\/index.php\/wp-json\/wp\/v2\/media\/10223"}],"wp:attachment":[{"href":"https:\/\/wia.net.pl\/index.php\/wp-json\/wp\/v2\/media?parent=10222"}],"wp:term":[{"taxonomy":"category","embeddable":true,"href":"https:\/\/wia.net.pl\/index.php\/wp-json\/wp\/v2\/categories?post=10222"},{"taxonomy":"post_tag","embeddable":true,"href":"https:\/\/wia.net.pl\/index.php\/wp-json\/wp\/v2\/tags?post=10222"}],"curies":[{"name":"wp","href":"https:\/\/api.w.org\/{rel}","templated":true}]}}