{"id":10228,"date":"2025-06-13T13:29:30","date_gmt":"2025-06-13T11:29:30","guid":{"rendered":"https:\/\/wia.net.pl\/?p=10228"},"modified":"2026-01-22T02:05:47","modified_gmt":"2026-01-22T01:05:47","slug":"niewola-przekonan-wolni-czy-uwiezieni","status":"publish","type":"post","link":"https:\/\/wia.net.pl\/index.php\/2025\/06\/13\/niewola-przekonan-wolni-czy-uwiezieni\/","title":{"rendered":"Niewola przekona\u0144 &#8211; Wolni czy uwi\u0119zieni?"},"content":{"rendered":"\n<p>Esej opowiada o tym, jak nasze przekonania \u2014 cz\u0119sto nieu\u015bwiadomione, odziedziczone, wpojone od dziecka \u2014 kszta\u0142tuj\u0105 nasze \u017cycie, wybory, to\u017csamo\u015b\u0107 i poczucie w\u0142asnej warto\u015bci.<\/p>\n\n\n\n<p>Z czu\u0142o\u015bci\u0105 i odwag\u0105 demaskuje te wewn\u0119trzne g\u0142osy, kt\u00f3re nie s\u0105 naprawd\u0119 nasze, lecz pochodz\u0105 od innych: rodzic\u00f3w, spo\u0142ecze\u0144stwa, system\u00f3w. Stawia pytanie, czy mo\u017cemy m\u00f3wi\u0107 o wolno\u015bci, je\u015bli codziennie kieruj\u0105 nami niewidzialne schematy my\u015blenia.<\/p>\n\n\n\n<p>Jednocze\u015bnie esej niesie nadziej\u0119 \u2014 pokazuje, \u017ce ka\u017cdy z nas mo\u017ce odzyska\u0107 siebie, kwestionuj\u0105c to, co dot\u0105d wydawa\u0142o si\u0119 \u201eprawd\u0105\u201d. Wolno\u015b\u0107 nie przychodzi z zewn\u0105trz \u2014 rodzi si\u0119 z odwagi, by zapyta\u0107:&nbsp;<em>czy to, w co wierz\u0119, naprawd\u0119 mnie wspiera?<\/em><\/p>\n\n\n\n<p>To opowie\u015b\u0107 o przebudzeniu, o odpuszczaniu i powrocie do siebie. O mi\u0142o\u015bci, kt\u00f3ra zaczyna si\u0119 wtedy, gdy przestajemy by\u0107 tym, czego od nas oczekiwano.<\/p>\n\n\n<div class=\"substack-post-embed\">\n<p lang=\"en\">Niewola przekona\u0144 &#8211; Wolni czy uwi\u0119zieni? by Wolno\u015b\u0107 i Anarchia<\/p>\n<p>Czasem trzeba si\u0119 ca\u0142kowicie zgubi\u0107, \u017ceby w ko\u0144cu odnale\u017a\u0107 siebie tam, gdzie zawsze czeka\u0142a cisza<\/p>\n<p><a data-post-link href=\"https:\/\/wolnoscanarchia.substack.com\/p\/czy-jestesmy-wolni-jesli-jestesmy\">Read on Substack<\/a><\/div>\n<p><script async src=\"https:\/\/substack.com\/embedjs\/embed.js\" charset=\"utf-8\"><\/script><\/p>\n","protected":false},"excerpt":{"rendered":"<p>Esej opowiada o tym, jak nasze przekonania \u2014 cz\u0119sto nieu\u015bwiadomione, odziedziczone, wpojone od dziecka \u2014 kszta\u0142tuj\u0105 nasze \u017cycie, wybory, to\u017csamo\u015b\u0107 i poczucie w\u0142asnej warto\u015bci. Z czu\u0142o\u015bci\u0105 i odwag\u0105 demaskuje te wewn\u0119trzne g\u0142osy, kt\u00f3re nie s\u0105 naprawd\u0119 nasze, lecz pochodz\u0105 od&#8230; <\/p>\n","protected":false},"author":2,"featured_media":10229,"comment_status":"open","ping_status":"open","sticky":false,"template":"","format":"standard","meta":{"_acf_changed":false,"_bbp_topic_count":0,"_bbp_reply_count":0,"_bbp_total_topic_count":0,"_bbp_total_reply_count":0,"_bbp_voice_count":0,"_bbp_anonymous_reply_count":0,"_bbp_topic_count_hidden":0,"_bbp_reply_count_hidden":0,"_bbp_forum_subforum_count":0,"om_disable_all_campaigns":false,"_monsterinsights_skip_tracking":false,"footnotes":""},"categories":[186],"tags":[],"class_list":["post-10228","post","type-post","status-publish","format-standard","has-post-thumbnail","hentry","category-platna-subskrypcja-substack"],"acf":[],"aioseo_notices":[],"aioseo_head":"\n\t\t<!-- All in One SEO 5.0.1.1 - aioseo.com -->\n\t<meta name=\"description\" content=\"Esej opowiada o tym, jak nasze przekonania \u2014 cz\u0119sto nieu\u015bwiadomione, odziedziczone, wpojone od dziecka \u2014 kszta\u0142tuj\u0105 nasze \u017cycie, wybory, to\u017csamo\u015b\u0107 i poczucie w\u0142asnej warto\u015bci. Z czu\u0142o\u015bci\u0105 i odwag\u0105 demaskuje te wewn\u0119trzne g\u0142osy, kt\u00f3re nie s\u0105 naprawd\u0119 nasze, lecz pochodz\u0105 od innych: rodzic\u00f3w, spo\u0142ecze\u0144stwa, system\u00f3w. Stawia pytanie, czy mo\u017cemy m\u00f3wi\u0107 o wolno\u015bci, je\u015bli codziennie kieruj\u0105 nami\" \/>\n\t<meta name=\"robots\" content=\"max-image-preview:large\" \/>\n\t<meta name=\"author\" content=\"trinity\"\/>\n\t<link rel=\"canonical\" href=\"https:\/\/wia.net.pl\/index.php\/2025\/06\/13\/niewola-przekonan-wolni-czy-uwiezieni\/\" \/>\n\t<meta name=\"generator\" content=\"All in One SEO (AIOSEO) 5.0.1.1\" \/>\n\t\t<meta property=\"og:locale\" content=\"pl_PL\" \/>\n\t\t<meta property=\"og:site_name\" content=\"Wolno\u015b\u0107 i Anarchia - Ka\u017cdy wewn\u0119trznie jest anarchist\u0105.\" \/>\n\t\t<meta property=\"og:type\" content=\"article\" \/>\n\t\t<meta property=\"og:title\" content=\"Niewola przekona\u0144 \u2013 Wolni czy uwi\u0119zieni? - Wolno\u015b\u0107 i Anarchia\" \/>\n\t\t<meta property=\"og:description\" content=\"Esej opowiada o tym, jak nasze przekonania \u2014 cz\u0119sto nieu\u015bwiadomione, odziedziczone, wpojone od dziecka \u2014 kszta\u0142tuj\u0105 nasze \u017cycie, wybory, to\u017csamo\u015b\u0107 i poczucie w\u0142asnej warto\u015bci. Z czu\u0142o\u015bci\u0105 i odwag\u0105 demaskuje te wewn\u0119trzne g\u0142osy, kt\u00f3re nie s\u0105 naprawd\u0119 nasze, lecz pochodz\u0105 od innych: rodzic\u00f3w, spo\u0142ecze\u0144stwa, system\u00f3w. Stawia pytanie, czy mo\u017cemy m\u00f3wi\u0107 o wolno\u015bci, je\u015bli codziennie kieruj\u0105 nami\" \/>\n\t\t<meta property=\"og:url\" content=\"https:\/\/wia.net.pl\/index.php\/2025\/06\/13\/niewola-przekonan-wolni-czy-uwiezieni\/\" \/>\n\t\t<meta property=\"og:image\" content=\"https:\/\/wia.net.pl\/wp-content\/uploads\/2023\/11\/cropped-freedom-i73367.jpg\" \/>\n\t\t<meta property=\"og:image:secure_url\" content=\"https:\/\/wia.net.pl\/wp-content\/uploads\/2023\/11\/cropped-freedom-i73367.jpg\" \/>\n\t\t<meta property=\"article:published_time\" content=\"2025-06-13T11:29:30+00:00\" \/>\n\t\t<meta property=\"article:modified_time\" content=\"2026-01-22T01:05:47+00:00\" \/>\n\t\t<meta name=\"twitter:card\" content=\"summary_large_image\" \/>\n\t\t<meta name=\"twitter:title\" content=\"Niewola przekona\u0144 \u2013 Wolni czy uwi\u0119zieni? - Wolno\u015b\u0107 i Anarchia\" \/>\n\t\t<meta name=\"twitter:description\" content=\"Esej opowiada o tym, jak nasze przekonania \u2014 cz\u0119sto nieu\u015bwiadomione, odziedziczone, wpojone od dziecka \u2014 kszta\u0142tuj\u0105 nasze \u017cycie, wybory, to\u017csamo\u015b\u0107 i poczucie w\u0142asnej warto\u015bci. Z czu\u0142o\u015bci\u0105 i odwag\u0105 demaskuje te wewn\u0119trzne g\u0142osy, kt\u00f3re nie s\u0105 naprawd\u0119 nasze, lecz pochodz\u0105 od innych: rodzic\u00f3w, spo\u0142ecze\u0144stwa, system\u00f3w. Stawia pytanie, czy mo\u017cemy m\u00f3wi\u0107 o wolno\u015bci, je\u015bli codziennie kieruj\u0105 nami\" \/>\n\t\t<meta name=\"twitter:image\" content=\"https:\/\/wia.net.pl\/wp-content\/uploads\/2023\/11\/cropped-freedom-i73367.jpg\" \/>\n\t\t<script type=\"application\/ld+json\" class=\"aioseo-schema\">\n\t\t\t{\"@context\":\"https:\\\/\\\/schema.org\",\"@graph\":[{\"@type\":\"BlogPosting\",\"@id\":\"https:\\\/\\\/wia.net.pl\\\/index.php\\\/2025\\\/06\\\/13\\\/niewola-przekonan-wolni-czy-uwiezieni\\\/#blogposting\",\"name\":\"Niewola przekona\\u0144 \\u2013 Wolni czy uwi\\u0119zieni? - Wolno\\u015b\\u0107 i Anarchia\",\"headline\":\"Niewola przekona\\u0144 &#8211; Wolni czy uwi\\u0119zieni?\",\"author\":{\"@id\":\"https:\\\/\\\/wia.net.pl\\\/index.php\\\/author\\\/trinity\\\/#author\"},\"publisher\":{\"@id\":\"https:\\\/\\\/wia.net.pl\\\/#person\"},\"image\":{\"@type\":\"ImageObject\",\"url\":\"https:\\\/\\\/wia.net.pl\\\/wp-content\\\/uploads\\\/2025\\\/06\\\/5933567284897499113-1.jpg\",\"width\":1280,\"height\":720},\"datePublished\":\"2025-06-13T13:29:30+02:00\",\"dateModified\":\"2026-01-22T02:05:47+01:00\",\"inLanguage\":\"pl-PL\",\"mainEntityOfPage\":{\"@id\":\"https:\\\/\\\/wia.net.pl\\\/index.php\\\/2025\\\/06\\\/13\\\/niewola-przekonan-wolni-czy-uwiezieni\\\/#webpage\"},\"isPartOf\":{\"@id\":\"https:\\\/\\\/wia.net.pl\\\/index.php\\\/2025\\\/06\\\/13\\\/niewola-przekonan-wolni-czy-uwiezieni\\\/#webpage\"},\"articleSection\":\"P\\u0142atna subskrypcja Substack\"},{\"@type\":\"BreadcrumbList\",\"@id\":\"https:\\\/\\\/wia.net.pl\\\/index.php\\\/2025\\\/06\\\/13\\\/niewola-przekonan-wolni-czy-uwiezieni\\\/#breadcrumblist\",\"itemListElement\":[{\"@type\":\"ListItem\",\"@id\":\"https:\\\/\\\/wia.net.pl#listItem\",\"position\":1,\"name\":\"Home\",\"item\":\"https:\\\/\\\/wia.net.pl\",\"nextItem\":{\"@type\":\"ListItem\",\"@id\":\"https:\\\/\\\/wia.net.pl\\\/index.php\\\/category\\\/platna-subskrypcja-substack\\\/#listItem\",\"name\":\"P\\u0142atna subskrypcja Substack\"}},{\"@type\":\"ListItem\",\"@id\":\"https:\\\/\\\/wia.net.pl\\\/index.php\\\/category\\\/platna-subskrypcja-substack\\\/#listItem\",\"position\":2,\"name\":\"P\\u0142atna subskrypcja Substack\",\"item\":\"https:\\\/\\\/wia.net.pl\\\/index.php\\\/category\\\/platna-subskrypcja-substack\\\/\",\"nextItem\":{\"@type\":\"ListItem\",\"@id\":\"https:\\\/\\\/wia.net.pl\\\/index.php\\\/2025\\\/06\\\/13\\\/niewola-przekonan-wolni-czy-uwiezieni\\\/#listItem\",\"name\":\"Niewola przekona\\u0144 &#8211; Wolni czy uwi\\u0119zieni?\"},\"previousItem\":{\"@type\":\"ListItem\",\"@id\":\"https:\\\/\\\/wia.net.pl#listItem\",\"name\":\"Home\"}},{\"@type\":\"ListItem\",\"@id\":\"https:\\\/\\\/wia.net.pl\\\/index.php\\\/2025\\\/06\\\/13\\\/niewola-przekonan-wolni-czy-uwiezieni\\\/#listItem\",\"position\":3,\"name\":\"Niewola przekona\\u0144 &#8211; Wolni czy uwi\\u0119zieni?\",\"previousItem\":{\"@type\":\"ListItem\",\"@id\":\"https:\\\/\\\/wia.net.pl\\\/index.php\\\/category\\\/platna-subskrypcja-substack\\\/#listItem\",\"name\":\"P\\u0142atna subskrypcja Substack\"}}]},{\"@type\":\"Person\",\"@id\":\"https:\\\/\\\/wia.net.pl\\\/#person\",\"name\":\"Bart\\u0142omiej Talarczyk\",\"image\":{\"@type\":\"ImageObject\",\"@id\":\"https:\\\/\\\/wia.net.pl\\\/index.php\\\/2025\\\/06\\\/13\\\/niewola-przekonan-wolni-czy-uwiezieni\\\/#personImage\",\"url\":\"https:\\\/\\\/wia.net.pl\\\/wp-content\\\/uploads\\\/avatar-privacy\\\/cache\\\/user\\\/1\\\/7\\\/176a6b161c58363ff49b5c167264231f519f5c7fa183ca1f61e891769b6b56d5-96.jpg\",\"width\":96,\"height\":96,\"caption\":\"Bart\\u0142omiej Talarczyk\"}},{\"@type\":\"Person\",\"@id\":\"https:\\\/\\\/wia.net.pl\\\/index.php\\\/author\\\/trinity\\\/#author\",\"url\":\"https:\\\/\\\/wia.net.pl\\\/index.php\\\/author\\\/trinity\\\/\",\"name\":\"trinity\",\"image\":{\"@type\":\"ImageObject\",\"@id\":\"https:\\\/\\\/wia.net.pl\\\/index.php\\\/2025\\\/06\\\/13\\\/niewola-przekonan-wolni-czy-uwiezieni\\\/#authorImage\",\"url\":\"https:\\\/\\\/wia.net.pl\\\/wp-content\\\/uploads\\\/avatar-privacy\\\/cache\\\/user\\\/5\\\/f\\\/5f6547cf82495eaa10e100a6a45d5dbde2dfdc1be88557de2018fca705bdf6f1-96.jpg\",\"width\":96,\"height\":96,\"caption\":\"trinity\"}},{\"@type\":\"WebPage\",\"@id\":\"https:\\\/\\\/wia.net.pl\\\/index.php\\\/2025\\\/06\\\/13\\\/niewola-przekonan-wolni-czy-uwiezieni\\\/#webpage\",\"url\":\"https:\\\/\\\/wia.net.pl\\\/index.php\\\/2025\\\/06\\\/13\\\/niewola-przekonan-wolni-czy-uwiezieni\\\/\",\"name\":\"Niewola przekona\\u0144 \\u2013 Wolni czy uwi\\u0119zieni? - Wolno\\u015b\\u0107 i Anarchia\",\"description\":\"Esej opowiada o tym, jak nasze przekonania \\u2014 cz\\u0119sto nieu\\u015bwiadomione, odziedziczone, wpojone od dziecka \\u2014 kszta\\u0142tuj\\u0105 nasze \\u017cycie, wybory, to\\u017csamo\\u015b\\u0107 i poczucie w\\u0142asnej warto\\u015bci. Z czu\\u0142o\\u015bci\\u0105 i odwag\\u0105 demaskuje te wewn\\u0119trzne g\\u0142osy, kt\\u00f3re nie s\\u0105 naprawd\\u0119 nasze, lecz pochodz\\u0105 od innych: rodzic\\u00f3w, spo\\u0142ecze\\u0144stwa, system\\u00f3w. Stawia pytanie, czy mo\\u017cemy m\\u00f3wi\\u0107 o wolno\\u015bci, je\\u015bli codziennie kieruj\\u0105 nami\",\"inLanguage\":\"pl-PL\",\"isPartOf\":{\"@id\":\"https:\\\/\\\/wia.net.pl\\\/#website\"},\"breadcrumb\":{\"@id\":\"https:\\\/\\\/wia.net.pl\\\/index.php\\\/2025\\\/06\\\/13\\\/niewola-przekonan-wolni-czy-uwiezieni\\\/#breadcrumblist\"},\"author\":{\"@id\":\"https:\\\/\\\/wia.net.pl\\\/index.php\\\/author\\\/trinity\\\/#author\"},\"creator\":{\"@id\":\"https:\\\/\\\/wia.net.pl\\\/index.php\\\/author\\\/trinity\\\/#author\"},\"image\":{\"@type\":\"ImageObject\",\"url\":\"https:\\\/\\\/wia.net.pl\\\/wp-content\\\/uploads\\\/2025\\\/06\\\/5933567284897499113-1.jpg\",\"@id\":\"https:\\\/\\\/wia.net.pl\\\/index.php\\\/2025\\\/06\\\/13\\\/niewola-przekonan-wolni-czy-uwiezieni\\\/#mainImage\",\"width\":1280,\"height\":720},\"primaryImageOfPage\":{\"@id\":\"https:\\\/\\\/wia.net.pl\\\/index.php\\\/2025\\\/06\\\/13\\\/niewola-przekonan-wolni-czy-uwiezieni\\\/#mainImage\"},\"datePublished\":\"2025-06-13T13:29:30+02:00\",\"dateModified\":\"2026-01-22T02:05:47+01:00\"},{\"@type\":\"WebSite\",\"@id\":\"https:\\\/\\\/wia.net.pl\\\/#website\",\"url\":\"https:\\\/\\\/wia.net.pl\\\/\",\"name\":\"Wolno\\u015b\\u0107 i Anarchia\",\"description\":\"Ka\\u017cdy wewn\\u0119trznie jest anarchist\\u0105.\",\"inLanguage\":\"pl-PL\",\"publisher\":{\"@id\":\"https:\\\/\\\/wia.net.pl\\\/#person\"}}]}\n\t\t<\/script>\n\t\t<!-- All in One SEO -->\n\n","aioseo_head_json":{"title":"Niewola przekona\u0144 \u2013 Wolni czy uwi\u0119zieni? - Wolno\u015b\u0107 i Anarchia","description":"Esej opowiada o tym, jak nasze przekonania \u2014 cz\u0119sto nieu\u015bwiadomione, odziedziczone, wpojone od dziecka \u2014 kszta\u0142tuj\u0105 nasze \u017cycie, wybory, to\u017csamo\u015b\u0107 i poczucie w\u0142asnej warto\u015bci. Z czu\u0142o\u015bci\u0105 i odwag\u0105 demaskuje te wewn\u0119trzne g\u0142osy, kt\u00f3re nie s\u0105 naprawd\u0119 nasze, lecz pochodz\u0105 od innych: rodzic\u00f3w, spo\u0142ecze\u0144stwa, system\u00f3w. Stawia pytanie, czy mo\u017cemy m\u00f3wi\u0107 o wolno\u015bci, je\u015bli codziennie kieruj\u0105 nami","canonical_url":"https:\/\/wia.net.pl\/index.php\/2025\/06\/13\/niewola-przekonan-wolni-czy-uwiezieni\/","robots":"max-image-preview:large","keywords":"","webmasterTools":{"miscellaneous":""},"schema":{"@context":"https:\/\/schema.org","@graph":[{"@type":"BlogPosting","@id":"https:\/\/wia.net.pl\/index.php\/2025\/06\/13\/niewola-przekonan-wolni-czy-uwiezieni\/#blogposting","name":"Niewola przekona\u0144 \u2013 Wolni czy uwi\u0119zieni? - Wolno\u015b\u0107 i Anarchia","headline":"Niewola przekona\u0144 &#8211; Wolni czy uwi\u0119zieni?","author":{"@id":"https:\/\/wia.net.pl\/index.php\/author\/trinity\/#author"},"publisher":{"@id":"https:\/\/wia.net.pl\/#person"},"image":{"@type":"ImageObject","url":"https:\/\/wia.net.pl\/wp-content\/uploads\/2025\/06\/5933567284897499113-1.jpg","width":1280,"height":720},"datePublished":"2025-06-13T13:29:30+02:00","dateModified":"2026-01-22T02:05:47+01:00","inLanguage":"pl-PL","mainEntityOfPage":{"@id":"https:\/\/wia.net.pl\/index.php\/2025\/06\/13\/niewola-przekonan-wolni-czy-uwiezieni\/#webpage"},"isPartOf":{"@id":"https:\/\/wia.net.pl\/index.php\/2025\/06\/13\/niewola-przekonan-wolni-czy-uwiezieni\/#webpage"},"articleSection":"P\u0142atna subskrypcja Substack"},{"@type":"BreadcrumbList","@id":"https:\/\/wia.net.pl\/index.php\/2025\/06\/13\/niewola-przekonan-wolni-czy-uwiezieni\/#breadcrumblist","itemListElement":[{"@type":"ListItem","@id":"https:\/\/wia.net.pl#listItem","position":1,"name":"Home","item":"https:\/\/wia.net.pl","nextItem":{"@type":"ListItem","@id":"https:\/\/wia.net.pl\/index.php\/category\/platna-subskrypcja-substack\/#listItem","name":"P\u0142atna subskrypcja Substack"}},{"@type":"ListItem","@id":"https:\/\/wia.net.pl\/index.php\/category\/platna-subskrypcja-substack\/#listItem","position":2,"name":"P\u0142atna subskrypcja Substack","item":"https:\/\/wia.net.pl\/index.php\/category\/platna-subskrypcja-substack\/","nextItem":{"@type":"ListItem","@id":"https:\/\/wia.net.pl\/index.php\/2025\/06\/13\/niewola-przekonan-wolni-czy-uwiezieni\/#listItem","name":"Niewola przekona\u0144 &#8211; Wolni czy uwi\u0119zieni?"},"previousItem":{"@type":"ListItem","@id":"https:\/\/wia.net.pl#listItem","name":"Home"}},{"@type":"ListItem","@id":"https:\/\/wia.net.pl\/index.php\/2025\/06\/13\/niewola-przekonan-wolni-czy-uwiezieni\/#listItem","position":3,"name":"Niewola przekona\u0144 &#8211; Wolni czy uwi\u0119zieni?","previousItem":{"@type":"ListItem","@id":"https:\/\/wia.net.pl\/index.php\/category\/platna-subskrypcja-substack\/#listItem","name":"P\u0142atna subskrypcja Substack"}}]},{"@type":"Person","@id":"https:\/\/wia.net.pl\/#person","name":"Bart\u0142omiej Talarczyk","image":{"@type":"ImageObject","@id":"https:\/\/wia.net.pl\/index.php\/2025\/06\/13\/niewola-przekonan-wolni-czy-uwiezieni\/#personImage","url":"https:\/\/wia.net.pl\/wp-content\/uploads\/avatar-privacy\/cache\/user\/1\/7\/176a6b161c58363ff49b5c167264231f519f5c7fa183ca1f61e891769b6b56d5-96.jpg","width":96,"height":96,"caption":"Bart\u0142omiej Talarczyk"}},{"@type":"Person","@id":"https:\/\/wia.net.pl\/index.php\/author\/trinity\/#author","url":"https:\/\/wia.net.pl\/index.php\/author\/trinity\/","name":"trinity","image":{"@type":"ImageObject","@id":"https:\/\/wia.net.pl\/index.php\/2025\/06\/13\/niewola-przekonan-wolni-czy-uwiezieni\/#authorImage","url":"https:\/\/wia.net.pl\/wp-content\/uploads\/avatar-privacy\/cache\/user\/5\/f\/5f6547cf82495eaa10e100a6a45d5dbde2dfdc1be88557de2018fca705bdf6f1-96.jpg","width":96,"height":96,"caption":"trinity"}},{"@type":"WebPage","@id":"https:\/\/wia.net.pl\/index.php\/2025\/06\/13\/niewola-przekonan-wolni-czy-uwiezieni\/#webpage","url":"https:\/\/wia.net.pl\/index.php\/2025\/06\/13\/niewola-przekonan-wolni-czy-uwiezieni\/","name":"Niewola przekona\u0144 \u2013 Wolni czy uwi\u0119zieni? - Wolno\u015b\u0107 i Anarchia","description":"Esej opowiada o tym, jak nasze przekonania \u2014 cz\u0119sto nieu\u015bwiadomione, odziedziczone, wpojone od dziecka \u2014 kszta\u0142tuj\u0105 nasze \u017cycie, wybory, to\u017csamo\u015b\u0107 i poczucie w\u0142asnej warto\u015bci. Z czu\u0142o\u015bci\u0105 i odwag\u0105 demaskuje te wewn\u0119trzne g\u0142osy, kt\u00f3re nie s\u0105 naprawd\u0119 nasze, lecz pochodz\u0105 od innych: rodzic\u00f3w, spo\u0142ecze\u0144stwa, system\u00f3w. Stawia pytanie, czy mo\u017cemy m\u00f3wi\u0107 o wolno\u015bci, je\u015bli codziennie kieruj\u0105 nami","inLanguage":"pl-PL","isPartOf":{"@id":"https:\/\/wia.net.pl\/#website"},"breadcrumb":{"@id":"https:\/\/wia.net.pl\/index.php\/2025\/06\/13\/niewola-przekonan-wolni-czy-uwiezieni\/#breadcrumblist"},"author":{"@id":"https:\/\/wia.net.pl\/index.php\/author\/trinity\/#author"},"creator":{"@id":"https:\/\/wia.net.pl\/index.php\/author\/trinity\/#author"},"image":{"@type":"ImageObject","url":"https:\/\/wia.net.pl\/wp-content\/uploads\/2025\/06\/5933567284897499113-1.jpg","@id":"https:\/\/wia.net.pl\/index.php\/2025\/06\/13\/niewola-przekonan-wolni-czy-uwiezieni\/#mainImage","width":1280,"height":720},"primaryImageOfPage":{"@id":"https:\/\/wia.net.pl\/index.php\/2025\/06\/13\/niewola-przekonan-wolni-czy-uwiezieni\/#mainImage"},"datePublished":"2025-06-13T13:29:30+02:00","dateModified":"2026-01-22T02:05:47+01:00"},{"@type":"WebSite","@id":"https:\/\/wia.net.pl\/#website","url":"https:\/\/wia.net.pl\/","name":"Wolno\u015b\u0107 i Anarchia","description":"Ka\u017cdy wewn\u0119trznie jest anarchist\u0105.","inLanguage":"pl-PL","publisher":{"@id":"https:\/\/wia.net.pl\/#person"}}]},"og:locale":"pl_PL","og:site_name":"Wolno\u015b\u0107 i Anarchia - Ka\u017cdy wewn\u0119trznie jest anarchist\u0105.","og:type":"article","og:title":"Niewola przekona\u0144 \u2013 Wolni czy uwi\u0119zieni? - Wolno\u015b\u0107 i Anarchia","og:description":"Esej opowiada o tym, jak nasze przekonania \u2014 cz\u0119sto nieu\u015bwiadomione, odziedziczone, wpojone od dziecka \u2014 kszta\u0142tuj\u0105 nasze \u017cycie, wybory, to\u017csamo\u015b\u0107 i poczucie w\u0142asnej warto\u015bci. Z czu\u0142o\u015bci\u0105 i odwag\u0105 demaskuje te wewn\u0119trzne g\u0142osy, kt\u00f3re nie s\u0105 naprawd\u0119 nasze, lecz pochodz\u0105 od innych: rodzic\u00f3w, spo\u0142ecze\u0144stwa, system\u00f3w. Stawia pytanie, czy mo\u017cemy m\u00f3wi\u0107 o wolno\u015bci, je\u015bli codziennie kieruj\u0105 nami","og:url":"https:\/\/wia.net.pl\/index.php\/2025\/06\/13\/niewola-przekonan-wolni-czy-uwiezieni\/","og:image":"https:\/\/wia.net.pl\/wp-content\/uploads\/2023\/11\/cropped-freedom-i73367.jpg","og:image:secure_url":"https:\/\/wia.net.pl\/wp-content\/uploads\/2023\/11\/cropped-freedom-i73367.jpg","article:published_time":"2025-06-13T11:29:30+00:00","article:modified_time":"2026-01-22T01:05:47+00:00","twitter:card":"summary_large_image","twitter:title":"Niewola przekona\u0144 \u2013 Wolni czy uwi\u0119zieni? - Wolno\u015b\u0107 i Anarchia","twitter:description":"Esej opowiada o tym, jak nasze przekonania \u2014 cz\u0119sto nieu\u015bwiadomione, odziedziczone, wpojone od dziecka \u2014 kszta\u0142tuj\u0105 nasze \u017cycie, wybory, to\u017csamo\u015b\u0107 i poczucie w\u0142asnej warto\u015bci. Z czu\u0142o\u015bci\u0105 i odwag\u0105 demaskuje te wewn\u0119trzne g\u0142osy, kt\u00f3re nie s\u0105 naprawd\u0119 nasze, lecz pochodz\u0105 od innych: rodzic\u00f3w, spo\u0142ecze\u0144stwa, system\u00f3w. Stawia pytanie, czy mo\u017cemy m\u00f3wi\u0107 o wolno\u015bci, je\u015bli codziennie kieruj\u0105 nami","twitter:image":"https:\/\/wia.net.pl\/wp-content\/uploads\/2023\/11\/cropped-freedom-i73367.jpg"},"aioseo_meta_data":{"post_id":"10228","title":null,"description":null,"keywords":null,"keyphrases":{"focus":{"keyphrase":"","score":0,"analysis":{"keyphraseInTitle":{"score":0,"maxScore":9,"error":1}}},"additional":[]},"primary_term":null,"canonical_url":null,"og_title":null,"og_description":null,"og_object_type":"default","og_image_type":"default","og_image_url":null,"og_image_width":null,"og_image_height":null,"og_image_custom_url":null,"og_image_custom_fields":null,"og_video":"","og_custom_url":null,"og_article_section":null,"og_article_tags":null,"twitter_use_og":false,"twitter_card":"default","twitter_image_type":"default","twitter_image_url":null,"twitter_image_custom_url":null,"twitter_image_custom_fields":null,"twitter_title":null,"twitter_description":null,"schema":{"blockGraphs":[],"customGraphs":[],"default":{"data":{"Article":[],"Course":[],"Dataset":[],"FAQPage":[],"Movie":[],"Person":[],"Product":[],"ProductReview":[],"Car":[],"Recipe":[],"Service":[],"SoftwareApplication":[],"WebPage":[]},"graphName":"BlogPosting","isEnabled":true},"graphs":[]},"schema_type":"default","schema_type_options":null,"pillar_content":false,"robots_default":true,"robots_noindex":false,"robots_noarchive":false,"robots_nosnippet":false,"robots_nofollow":false,"robots_noimageindex":false,"robots_noodp":false,"robots_notranslate":false,"robots_max_snippet":"-1","robots_max_videopreview":"-1","robots_max_imagepreview":"large","priority":null,"frequency":"default","local_seo":null,"breadcrumb_settings":null,"limit_modified_date":false,"ai":{"faqs":[],"keyPoints":[],"titles":[],"descriptions":[],"socialPosts":{"email":[],"linkedin":[],"twitter":[],"facebook":[],"instagram":[]}},"created":"2025-06-13 11:29:31","updated":"2026-01-22 01:06:35","seo_analyzer_scan_date":null,"focus_keyword":null,"additional_keywords":null,"truseo_locale":null},"aioseo_breadcrumb":"<div class=\"aioseo-breadcrumbs\"><span class=\"aioseo-breadcrumb\">\n\t\t\t<a href=\"https:\/\/wia.net.pl\" title=\"Home\">Home<\/a>\n\t\t<\/span><span class=\"aioseo-breadcrumb-separator\">&raquo;<\/span><span class=\"aioseo-breadcrumb\">\n\t\t\t<a href=\"https:\/\/wia.net.pl\/index.php\/category\/platna-subskrypcja-substack\/\" title=\"P\u0142atna subskrypcja Substack\">P\u0142atna subskrypcja Substack<\/a>\n\t\t<\/span><span class=\"aioseo-breadcrumb-separator\">&raquo;<\/span><span class=\"aioseo-breadcrumb\">\n\t\t\tNiewola przekona\u0144 \u2013 Wolni czy uwi\u0119zieni?\n\t\t<\/span><\/div>","aioseo_breadcrumb_json":[{"label":"Home","link":"https:\/\/wia.net.pl"},{"label":"P\u0142atna subskrypcja Substack","link":"https:\/\/wia.net.pl\/index.php\/category\/platna-subskrypcja-substack\/"},{"label":"Niewola przekona\u0144 &#8211; Wolni czy uwi\u0119zieni?","link":"https:\/\/wia.net.pl\/index.php\/2025\/06\/13\/niewola-przekonan-wolni-czy-uwiezieni\/"}],"_links":{"self":[{"href":"https:\/\/wia.net.pl\/index.php\/wp-json\/wp\/v2\/posts\/10228"}],"collection":[{"href":"https:\/\/wia.net.pl\/index.php\/wp-json\/wp\/v2\/posts"}],"about":[{"href":"https:\/\/wia.net.pl\/index.php\/wp-json\/wp\/v2\/types\/post"}],"author":[{"embeddable":true,"href":"https:\/\/wia.net.pl\/index.php\/wp-json\/wp\/v2\/users\/2"}],"replies":[{"embeddable":true,"href":"https:\/\/wia.net.pl\/index.php\/wp-json\/wp\/v2\/comments?post=10228"}],"version-history":[{"count":1,"href":"https:\/\/wia.net.pl\/index.php\/wp-json\/wp\/v2\/posts\/10228\/revisions"}],"predecessor-version":[{"id":10230,"href":"https:\/\/wia.net.pl\/index.php\/wp-json\/wp\/v2\/posts\/10228\/revisions\/10230"}],"wp:featuredmedia":[{"embeddable":true,"href":"https:\/\/wia.net.pl\/index.php\/wp-json\/wp\/v2\/media\/10229"}],"wp:attachment":[{"href":"https:\/\/wia.net.pl\/index.php\/wp-json\/wp\/v2\/media?parent=10228"}],"wp:term":[{"taxonomy":"category","embeddable":true,"href":"https:\/\/wia.net.pl\/index.php\/wp-json\/wp\/v2\/categories?post=10228"},{"taxonomy":"post_tag","embeddable":true,"href":"https:\/\/wia.net.pl\/index.php\/wp-json\/wp\/v2\/tags?post=10228"}],"curies":[{"name":"wp","href":"https:\/\/api.w.org\/{rel}","templated":true}]}}