{"id":10277,"date":"2025-06-21T02:23:42","date_gmt":"2025-06-21T00:23:42","guid":{"rendered":"https:\/\/wia.net.pl\/?p=10277"},"modified":"2026-01-22T01:45:09","modified_gmt":"2026-01-22T00:45:09","slug":"zbiornik-jazni-duchowa-ekologia-odcinek-21-21","status":"publish","type":"post","link":"https:\/\/wia.net.pl\/index.php\/2025\/06\/21\/zbiornik-jazni-duchowa-ekologia-odcinek-21-21\/","title":{"rendered":"Zbiornik ja\u017ani \u2013 Duchowa ekologia \u2013 Odcinek 21\/21"},"content":{"rendered":"\n<p><strong>Przebudzenie Wsp\u00f3lnoty \u2013 Duchowe spo\u0142ecze\u0144stwo jako niebo na ziemi<\/strong><strong><br><\/strong><em>(Jak duchowe przebudzenie jednostek wp\u0142ywa na ca\u0142\u0105 wsp\u00f3lnot\u0119 i mo\u017ce zainspirowa\u0107 do stworzenia nowych struktur spo\u0142ecznych, oparte na wsp\u00f3\u0142czuciu i autentyczno\u015bci.)<\/em><\/p>\n\n\n\n<p><strong>Epilog  do ca\u0142ej serii.<\/strong><\/p>\n\n\n\n<p>Opracowanie w\u0142asne. Plik PDF z ca\u0142a seri\u0105 na platformie Substack.<\/p>\n\n\n\n<figure class=\"wp-block-video\"><video controls poster=\"https:\/\/wia.net.pl\/wp-content\/uploads\/2025\/06\/duchowa-ekologia2120.jpg\" src=\"https:\/\/wia.net.pl\/wp-content\/uploads\/2025\/06\/Zbiornik-jazni-\u2013-Duchowa-ekologia-\u2013-Odcinek-21.mp4\"><\/video><\/figure>\n<div class=\"remoji_bar\"><div class=\"remoji_add_container\" data-remoji-id=\"10277\" data-remoji-type=\"post\"><div class=\"remoji_add_icon\"><\/div><\/div><div class=\"remoji_error_bar\" data-remoji-id=\"10277\" data-remoji-type=\"post\" style=\"display: none;\">Error happened.<\/div><\/div>","protected":false},"excerpt":{"rendered":"<p>Przebudzenie Wsp\u00f3lnoty \u2013 Duchowe spo\u0142ecze\u0144stwo jako niebo na ziemi(Jak duchowe przebudzenie jednostek wp\u0142ywa na ca\u0142\u0105 wsp\u00f3lnot\u0119 i mo\u017ce zainspirowa\u0107 do stworzenia nowych struktur spo\u0142ecznych, oparte na wsp\u00f3\u0142czuciu i autentyczno\u015bci.) Epilog do ca\u0142ej serii. Opracowanie w\u0142asne. Plik PDF z ca\u0142a seri\u0105&#8230; <\/p>\n","protected":false},"author":3,"featured_media":10278,"comment_status":"open","ping_status":"open","sticky":false,"template":"","format":"standard","meta":{"_acf_changed":false,"_bbp_topic_count":0,"_bbp_reply_count":0,"_bbp_total_topic_count":0,"_bbp_total_reply_count":0,"_bbp_voice_count":0,"_bbp_anonymous_reply_count":0,"_bbp_topic_count_hidden":0,"_bbp_reply_count_hidden":0,"_bbp_forum_subforum_count":0,"om_disable_all_campaigns":false,"_monsterinsights_skip_tracking":false,"_monsterinsights_sitenote_active":false,"_monsterinsights_sitenote_note":"","_monsterinsights_sitenote_category":0,"footnotes":""},"categories":[186],"tags":[68,63,42,71,26,23,32,22,70,62],"class_list":["post-10277","post","type-post","status-publish","format-standard","has-post-thumbnail","hentry","category-platna-subskrypcja-substack","tag-cesarstwo-rzymskie","tag-historia-ziemi","tag-illuminati","tag-kosciol-katolicki","tag-ludzkosc","tag-niewolnictwo","tag-rzad","tag-satanizm","tag-tajne-stowarzyszenia","tag-wszechswiat"],"acf":[],"aioseo_notices":[],"_links":{"self":[{"href":"https:\/\/wia.net.pl\/index.php\/wp-json\/wp\/v2\/posts\/10277"}],"collection":[{"href":"https:\/\/wia.net.pl\/index.php\/wp-json\/wp\/v2\/posts"}],"about":[{"href":"https:\/\/wia.net.pl\/index.php\/wp-json\/wp\/v2\/types\/post"}],"author":[{"embeddable":true,"href":"https:\/\/wia.net.pl\/index.php\/wp-json\/wp\/v2\/users\/3"}],"replies":[{"embeddable":true,"href":"https:\/\/wia.net.pl\/index.php\/wp-json\/wp\/v2\/comments?post=10277"}],"version-history":[{"count":2,"href":"https:\/\/wia.net.pl\/index.php\/wp-json\/wp\/v2\/posts\/10277\/revisions"}],"predecessor-version":[{"id":10281,"href":"https:\/\/wia.net.pl\/index.php\/wp-json\/wp\/v2\/posts\/10277\/revisions\/10281"}],"wp:featuredmedia":[{"embeddable":true,"href":"https:\/\/wia.net.pl\/index.php\/wp-json\/wp\/v2\/media\/10278"}],"wp:attachment":[{"href":"https:\/\/wia.net.pl\/index.php\/wp-json\/wp\/v2\/media?parent=10277"}],"wp:term":[{"taxonomy":"category","embeddable":true,"href":"https:\/\/wia.net.pl\/index.php\/wp-json\/wp\/v2\/categories?post=10277"},{"taxonomy":"post_tag","embeddable":true,"href":"https:\/\/wia.net.pl\/index.php\/wp-json\/wp\/v2\/tags?post=10277"}],"curies":[{"name":"wp","href":"https:\/\/api.w.org\/{rel}","templated":true}]}}