{"id":10322,"date":"2025-06-27T20:07:17","date_gmt":"2025-06-27T18:07:17","guid":{"rendered":"https:\/\/wia.net.pl\/?p=10322"},"modified":"2026-01-22T01:45:07","modified_gmt":"2026-01-22T00:45:07","slug":"duchowa-suwerennosc-s02e02","status":"publish","type":"post","link":"https:\/\/wia.net.pl\/index.php\/2025\/06\/27\/duchowa-suwerennosc-s02e02\/","title":{"rendered":"Duchowa suwerenno\u015b\u0107 \u2013 S02E02"},"content":{"rendered":"\n<p><strong>Segment II \u2013 WEWN\u0118TRZNE WI\u0118ZIENIE<\/strong><\/p>\n\n\n\n<p><strong>\u201eNie mog\u0119 si\u0119 zatrzyma\u0107\u201d \u2013 Kult produktywno\u015bci jako nowa religia<\/strong><br>(O tym, jak nie umiej\u0105c by\u0107 w bezruchu, oddajemy w\u0142adz\u0119 nad sob\u0105.)<\/p>\n\n\n\n<ol start=\"6\" class=\"wp-block-list\"><\/ol>\n\n\n\n<p>Opracowanie w\u0142asne.<\/p>\n\n\n\n<figure class=\"wp-block-video\"><video controls poster=\"https:\/\/wia.net.pl\/wp-content\/uploads\/2025\/06\/Zwyczajne-zycie-niezwyczajna-wolnosc-7.jpg\" src=\"https:\/\/wia.net.pl\/wp-content\/uploads\/2025\/06\/Duchowa-suwerennosc-Oscinek-7.mp4\"><\/video><\/figure>\n","protected":false},"excerpt":{"rendered":"<p>Segment II \u2013 WEWN\u0118TRZNE WI\u0118ZIENIE \u201eNie mog\u0119 si\u0119 zatrzyma\u0107\u201d \u2013 Kult produktywno\u015bci jako nowa religia(O tym, jak nie umiej\u0105c by\u0107 w bezruchu, oddajemy w\u0142adz\u0119 nad sob\u0105.) Opracowanie w\u0142asne.<\/p>\n","protected":false},"author":3,"featured_media":10323,"comment_status":"open","ping_status":"open","sticky":false,"template":"","format":"standard","meta":{"_acf_changed":false,"_bbp_topic_count":0,"_bbp_reply_count":0,"_bbp_total_topic_count":0,"_bbp_total_reply_count":0,"_bbp_voice_count":0,"_bbp_anonymous_reply_count":0,"_bbp_topic_count_hidden":0,"_bbp_reply_count_hidden":0,"_bbp_forum_subforum_count":0,"om_disable_all_campaigns":false,"_monsterinsights_skip_tracking":false,"footnotes":""},"categories":[186],"tags":[68,63,42,71,26,23,32,22,70,62],"class_list":["post-10322","post","type-post","status-publish","format-standard","has-post-thumbnail","hentry","category-platna-subskrypcja-substack","tag-cesarstwo-rzymskie","tag-historia-ziemi","tag-illuminati","tag-kosciol-katolicki","tag-ludzkosc","tag-niewolnictwo","tag-rzad","tag-satanizm","tag-tajne-stowarzyszenia","tag-wszechswiat"],"acf":[],"aioseo_notices":[],"aioseo_head":"\n\t\t<!-- All in One SEO 5.0.1.1 - aioseo.com -->\n\t<meta name=\"description\" content=\"Segment II \u2013 WEWN\u0118TRZNE WI\u0118ZIENIE \u201eNie mog\u0119 si\u0119 zatrzyma\u0107\u201d \u2013 Kult produktywno\u015bci jako nowa religia(O tym, jak nie umiej\u0105c by\u0107 w bezruchu, oddajemy w\u0142adz\u0119 nad sob\u0105.) Opracowanie w\u0142asne.\" \/>\n\t<meta name=\"robots\" content=\"max-image-preview:large\" \/>\n\t<meta name=\"author\" content=\"Bart\u0142omiej Talarczyk\"\/>\n\t<link rel=\"canonical\" href=\"https:\/\/wia.net.pl\/index.php\/2025\/06\/27\/duchowa-suwerennosc-s02e02\/\" \/>\n\t<meta name=\"generator\" content=\"All in One SEO (AIOSEO) 5.0.1.1\" \/>\n\t\t<meta property=\"og:locale\" content=\"pl_PL\" \/>\n\t\t<meta property=\"og:site_name\" content=\"Wolno\u015b\u0107 i Anarchia - Ka\u017cdy wewn\u0119trznie jest anarchist\u0105.\" \/>\n\t\t<meta property=\"og:type\" content=\"article\" \/>\n\t\t<meta property=\"og:title\" content=\"Duchowa suwerenno\u015b\u0107 \u2013 S02E02 - Wolno\u015b\u0107 i Anarchia\" \/>\n\t\t<meta property=\"og:description\" content=\"Segment II \u2013 WEWN\u0118TRZNE WI\u0118ZIENIE \u201eNie mog\u0119 si\u0119 zatrzyma\u0107\u201d \u2013 Kult produktywno\u015bci jako nowa religia(O tym, jak nie umiej\u0105c by\u0107 w bezruchu, oddajemy w\u0142adz\u0119 nad sob\u0105.) Opracowanie w\u0142asne.\" \/>\n\t\t<meta property=\"og:url\" content=\"https:\/\/wia.net.pl\/index.php\/2025\/06\/27\/duchowa-suwerennosc-s02e02\/\" \/>\n\t\t<meta property=\"og:image\" content=\"https:\/\/wia.net.pl\/wp-content\/uploads\/2023\/11\/cropped-freedom-i73367.jpg\" \/>\n\t\t<meta property=\"og:image:secure_url\" content=\"https:\/\/wia.net.pl\/wp-content\/uploads\/2023\/11\/cropped-freedom-i73367.jpg\" \/>\n\t\t<meta property=\"article:published_time\" content=\"2025-06-27T18:07:17+00:00\" \/>\n\t\t<meta property=\"article:modified_time\" content=\"2026-01-22T00:45:07+00:00\" \/>\n\t\t<meta name=\"twitter:card\" content=\"summary_large_image\" \/>\n\t\t<meta name=\"twitter:title\" content=\"Duchowa suwerenno\u015b\u0107 \u2013 S02E02 - Wolno\u015b\u0107 i Anarchia\" \/>\n\t\t<meta name=\"twitter:description\" content=\"Segment II \u2013 WEWN\u0118TRZNE WI\u0118ZIENIE \u201eNie mog\u0119 si\u0119 zatrzyma\u0107\u201d \u2013 Kult produktywno\u015bci jako nowa religia(O tym, jak nie umiej\u0105c by\u0107 w bezruchu, oddajemy w\u0142adz\u0119 nad sob\u0105.) Opracowanie w\u0142asne.\" \/>\n\t\t<meta name=\"twitter:image\" content=\"https:\/\/wia.net.pl\/wp-content\/uploads\/2023\/11\/cropped-freedom-i73367.jpg\" \/>\n\t\t<script type=\"application\/ld+json\" class=\"aioseo-schema\">\n\t\t\t{\"@context\":\"https:\\\/\\\/schema.org\",\"@graph\":[{\"@type\":\"BlogPosting\",\"@id\":\"https:\\\/\\\/wia.net.pl\\\/index.php\\\/2025\\\/06\\\/27\\\/duchowa-suwerennosc-s02e02\\\/#blogposting\",\"name\":\"Duchowa suwerenno\\u015b\\u0107 \\u2013 S02E02 - Wolno\\u015b\\u0107 i Anarchia\",\"headline\":\"Duchowa suwerenno\\u015b\\u0107 \\u2013 S02E02\",\"author\":{\"@id\":\"https:\\\/\\\/wia.net.pl\\\/index.php\\\/author\\\/talar\\\/#author\"},\"publisher\":{\"@id\":\"https:\\\/\\\/wia.net.pl\\\/#person\"},\"image\":{\"@type\":\"ImageObject\",\"url\":\"https:\\\/\\\/wia.net.pl\\\/wp-content\\\/uploads\\\/2025\\\/06\\\/Zwyczajne-zycie-niezwyczajna-wolnosc-7.jpg\",\"width\":1920,\"height\":1080},\"datePublished\":\"2025-06-27T20:07:17+02:00\",\"dateModified\":\"2026-01-22T01:45:07+01:00\",\"inLanguage\":\"pl-PL\",\"mainEntityOfPage\":{\"@id\":\"https:\\\/\\\/wia.net.pl\\\/index.php\\\/2025\\\/06\\\/27\\\/duchowa-suwerennosc-s02e02\\\/#webpage\"},\"isPartOf\":{\"@id\":\"https:\\\/\\\/wia.net.pl\\\/index.php\\\/2025\\\/06\\\/27\\\/duchowa-suwerennosc-s02e02\\\/#webpage\"},\"articleSection\":\"P\\u0142atna subskrypcja Substack, Cesarstwo Rzymskie, Historia ziemi, Illuminati, Ko\\u015bci\\u00f3\\u0142 katolicki, Ludzko\\u015b\\u0107, Niewolnictwo, Rz\\u0105d, Satanizm, Tajne stowarzyszenia, Wszech\\u015bwiat\"},{\"@type\":\"BreadcrumbList\",\"@id\":\"https:\\\/\\\/wia.net.pl\\\/index.php\\\/2025\\\/06\\\/27\\\/duchowa-suwerennosc-s02e02\\\/#breadcrumblist\",\"itemListElement\":[{\"@type\":\"ListItem\",\"@id\":\"https:\\\/\\\/wia.net.pl#listItem\",\"position\":1,\"name\":\"Home\",\"item\":\"https:\\\/\\\/wia.net.pl\",\"nextItem\":{\"@type\":\"ListItem\",\"@id\":\"https:\\\/\\\/wia.net.pl\\\/index.php\\\/category\\\/platna-subskrypcja-substack\\\/#listItem\",\"name\":\"P\\u0142atna subskrypcja Substack\"}},{\"@type\":\"ListItem\",\"@id\":\"https:\\\/\\\/wia.net.pl\\\/index.php\\\/category\\\/platna-subskrypcja-substack\\\/#listItem\",\"position\":2,\"name\":\"P\\u0142atna subskrypcja Substack\",\"item\":\"https:\\\/\\\/wia.net.pl\\\/index.php\\\/category\\\/platna-subskrypcja-substack\\\/\",\"nextItem\":{\"@type\":\"ListItem\",\"@id\":\"https:\\\/\\\/wia.net.pl\\\/index.php\\\/2025\\\/06\\\/27\\\/duchowa-suwerennosc-s02e02\\\/#listItem\",\"name\":\"Duchowa suwerenno\\u015b\\u0107 \\u2013 S02E02\"},\"previousItem\":{\"@type\":\"ListItem\",\"@id\":\"https:\\\/\\\/wia.net.pl#listItem\",\"name\":\"Home\"}},{\"@type\":\"ListItem\",\"@id\":\"https:\\\/\\\/wia.net.pl\\\/index.php\\\/2025\\\/06\\\/27\\\/duchowa-suwerennosc-s02e02\\\/#listItem\",\"position\":3,\"name\":\"Duchowa suwerenno\\u015b\\u0107 \\u2013 S02E02\",\"previousItem\":{\"@type\":\"ListItem\",\"@id\":\"https:\\\/\\\/wia.net.pl\\\/index.php\\\/category\\\/platna-subskrypcja-substack\\\/#listItem\",\"name\":\"P\\u0142atna subskrypcja Substack\"}}]},{\"@type\":\"Person\",\"@id\":\"https:\\\/\\\/wia.net.pl\\\/#person\",\"name\":\"Bart\\u0142omiej Talarczyk\",\"image\":{\"@type\":\"ImageObject\",\"@id\":\"https:\\\/\\\/wia.net.pl\\\/index.php\\\/2025\\\/06\\\/27\\\/duchowa-suwerennosc-s02e02\\\/#personImage\",\"url\":\"https:\\\/\\\/wia.net.pl\\\/wp-content\\\/uploads\\\/avatar-privacy\\\/cache\\\/user\\\/1\\\/7\\\/176a6b161c58363ff49b5c167264231f519f5c7fa183ca1f61e891769b6b56d5-96.jpg\",\"width\":96,\"height\":96,\"caption\":\"Bart\\u0142omiej Talarczyk\"}},{\"@type\":\"Person\",\"@id\":\"https:\\\/\\\/wia.net.pl\\\/index.php\\\/author\\\/talar\\\/#author\",\"url\":\"https:\\\/\\\/wia.net.pl\\\/index.php\\\/author\\\/talar\\\/\",\"name\":\"Bart\\u0142omiej Talarczyk\",\"image\":{\"@type\":\"ImageObject\",\"@id\":\"https:\\\/\\\/wia.net.pl\\\/index.php\\\/2025\\\/06\\\/27\\\/duchowa-suwerennosc-s02e02\\\/#authorImage\",\"url\":\"https:\\\/\\\/wia.net.pl\\\/wp-content\\\/uploads\\\/avatar-privacy\\\/cache\\\/user\\\/1\\\/7\\\/176a6b161c58363ff49b5c167264231f519f5c7fa183ca1f61e891769b6b56d5-96.jpg\",\"width\":96,\"height\":96,\"caption\":\"Bart\\u0142omiej Talarczyk\"}},{\"@type\":\"WebPage\",\"@id\":\"https:\\\/\\\/wia.net.pl\\\/index.php\\\/2025\\\/06\\\/27\\\/duchowa-suwerennosc-s02e02\\\/#webpage\",\"url\":\"https:\\\/\\\/wia.net.pl\\\/index.php\\\/2025\\\/06\\\/27\\\/duchowa-suwerennosc-s02e02\\\/\",\"name\":\"Duchowa suwerenno\\u015b\\u0107 \\u2013 S02E02 - Wolno\\u015b\\u0107 i Anarchia\",\"description\":\"Segment II \\u2013 WEWN\\u0118TRZNE WI\\u0118ZIENIE \\u201eNie mog\\u0119 si\\u0119 zatrzyma\\u0107\\u201d \\u2013 Kult produktywno\\u015bci jako nowa religia(O tym, jak nie umiej\\u0105c by\\u0107 w bezruchu, oddajemy w\\u0142adz\\u0119 nad sob\\u0105.) Opracowanie w\\u0142asne.\",\"inLanguage\":\"pl-PL\",\"isPartOf\":{\"@id\":\"https:\\\/\\\/wia.net.pl\\\/#website\"},\"breadcrumb\":{\"@id\":\"https:\\\/\\\/wia.net.pl\\\/index.php\\\/2025\\\/06\\\/27\\\/duchowa-suwerennosc-s02e02\\\/#breadcrumblist\"},\"author\":{\"@id\":\"https:\\\/\\\/wia.net.pl\\\/index.php\\\/author\\\/talar\\\/#author\"},\"creator\":{\"@id\":\"https:\\\/\\\/wia.net.pl\\\/index.php\\\/author\\\/talar\\\/#author\"},\"image\":{\"@type\":\"ImageObject\",\"url\":\"https:\\\/\\\/wia.net.pl\\\/wp-content\\\/uploads\\\/2025\\\/06\\\/Zwyczajne-zycie-niezwyczajna-wolnosc-7.jpg\",\"@id\":\"https:\\\/\\\/wia.net.pl\\\/index.php\\\/2025\\\/06\\\/27\\\/duchowa-suwerennosc-s02e02\\\/#mainImage\",\"width\":1920,\"height\":1080},\"primaryImageOfPage\":{\"@id\":\"https:\\\/\\\/wia.net.pl\\\/index.php\\\/2025\\\/06\\\/27\\\/duchowa-suwerennosc-s02e02\\\/#mainImage\"},\"datePublished\":\"2025-06-27T20:07:17+02:00\",\"dateModified\":\"2026-01-22T01:45:07+01:00\"},{\"@type\":\"WebSite\",\"@id\":\"https:\\\/\\\/wia.net.pl\\\/#website\",\"url\":\"https:\\\/\\\/wia.net.pl\\\/\",\"name\":\"Wolno\\u015b\\u0107 i Anarchia\",\"description\":\"Ka\\u017cdy wewn\\u0119trznie jest anarchist\\u0105.\",\"inLanguage\":\"pl-PL\",\"publisher\":{\"@id\":\"https:\\\/\\\/wia.net.pl\\\/#person\"}}]}\n\t\t<\/script>\n\t\t<!-- All in One SEO -->\n\n","aioseo_head_json":{"title":"Duchowa suwerenno\u015b\u0107 \u2013 S02E02 - Wolno\u015b\u0107 i Anarchia","description":"Segment II \u2013 WEWN\u0118TRZNE WI\u0118ZIENIE \u201eNie mog\u0119 si\u0119 zatrzyma\u0107\u201d \u2013 Kult produktywno\u015bci jako nowa religia(O tym, jak nie umiej\u0105c by\u0107 w bezruchu, oddajemy w\u0142adz\u0119 nad sob\u0105.) Opracowanie w\u0142asne.","canonical_url":"https:\/\/wia.net.pl\/index.php\/2025\/06\/27\/duchowa-suwerennosc-s02e02\/","robots":"max-image-preview:large","keywords":"","webmasterTools":{"miscellaneous":""},"schema":{"@context":"https:\/\/schema.org","@graph":[{"@type":"BlogPosting","@id":"https:\/\/wia.net.pl\/index.php\/2025\/06\/27\/duchowa-suwerennosc-s02e02\/#blogposting","name":"Duchowa suwerenno\u015b\u0107 \u2013 S02E02 - Wolno\u015b\u0107 i Anarchia","headline":"Duchowa suwerenno\u015b\u0107 \u2013 S02E02","author":{"@id":"https:\/\/wia.net.pl\/index.php\/author\/talar\/#author"},"publisher":{"@id":"https:\/\/wia.net.pl\/#person"},"image":{"@type":"ImageObject","url":"https:\/\/wia.net.pl\/wp-content\/uploads\/2025\/06\/Zwyczajne-zycie-niezwyczajna-wolnosc-7.jpg","width":1920,"height":1080},"datePublished":"2025-06-27T20:07:17+02:00","dateModified":"2026-01-22T01:45:07+01:00","inLanguage":"pl-PL","mainEntityOfPage":{"@id":"https:\/\/wia.net.pl\/index.php\/2025\/06\/27\/duchowa-suwerennosc-s02e02\/#webpage"},"isPartOf":{"@id":"https:\/\/wia.net.pl\/index.php\/2025\/06\/27\/duchowa-suwerennosc-s02e02\/#webpage"},"articleSection":"P\u0142atna subskrypcja Substack, Cesarstwo Rzymskie, Historia ziemi, Illuminati, Ko\u015bci\u00f3\u0142 katolicki, Ludzko\u015b\u0107, Niewolnictwo, Rz\u0105d, Satanizm, Tajne stowarzyszenia, Wszech\u015bwiat"},{"@type":"BreadcrumbList","@id":"https:\/\/wia.net.pl\/index.php\/2025\/06\/27\/duchowa-suwerennosc-s02e02\/#breadcrumblist","itemListElement":[{"@type":"ListItem","@id":"https:\/\/wia.net.pl#listItem","position":1,"name":"Home","item":"https:\/\/wia.net.pl","nextItem":{"@type":"ListItem","@id":"https:\/\/wia.net.pl\/index.php\/category\/platna-subskrypcja-substack\/#listItem","name":"P\u0142atna subskrypcja Substack"}},{"@type":"ListItem","@id":"https:\/\/wia.net.pl\/index.php\/category\/platna-subskrypcja-substack\/#listItem","position":2,"name":"P\u0142atna subskrypcja Substack","item":"https:\/\/wia.net.pl\/index.php\/category\/platna-subskrypcja-substack\/","nextItem":{"@type":"ListItem","@id":"https:\/\/wia.net.pl\/index.php\/2025\/06\/27\/duchowa-suwerennosc-s02e02\/#listItem","name":"Duchowa suwerenno\u015b\u0107 \u2013 S02E02"},"previousItem":{"@type":"ListItem","@id":"https:\/\/wia.net.pl#listItem","name":"Home"}},{"@type":"ListItem","@id":"https:\/\/wia.net.pl\/index.php\/2025\/06\/27\/duchowa-suwerennosc-s02e02\/#listItem","position":3,"name":"Duchowa suwerenno\u015b\u0107 \u2013 S02E02","previousItem":{"@type":"ListItem","@id":"https:\/\/wia.net.pl\/index.php\/category\/platna-subskrypcja-substack\/#listItem","name":"P\u0142atna subskrypcja Substack"}}]},{"@type":"Person","@id":"https:\/\/wia.net.pl\/#person","name":"Bart\u0142omiej Talarczyk","image":{"@type":"ImageObject","@id":"https:\/\/wia.net.pl\/index.php\/2025\/06\/27\/duchowa-suwerennosc-s02e02\/#personImage","url":"https:\/\/wia.net.pl\/wp-content\/uploads\/avatar-privacy\/cache\/user\/1\/7\/176a6b161c58363ff49b5c167264231f519f5c7fa183ca1f61e891769b6b56d5-96.jpg","width":96,"height":96,"caption":"Bart\u0142omiej Talarczyk"}},{"@type":"Person","@id":"https:\/\/wia.net.pl\/index.php\/author\/talar\/#author","url":"https:\/\/wia.net.pl\/index.php\/author\/talar\/","name":"Bart\u0142omiej Talarczyk","image":{"@type":"ImageObject","@id":"https:\/\/wia.net.pl\/index.php\/2025\/06\/27\/duchowa-suwerennosc-s02e02\/#authorImage","url":"https:\/\/wia.net.pl\/wp-content\/uploads\/avatar-privacy\/cache\/user\/1\/7\/176a6b161c58363ff49b5c167264231f519f5c7fa183ca1f61e891769b6b56d5-96.jpg","width":96,"height":96,"caption":"Bart\u0142omiej Talarczyk"}},{"@type":"WebPage","@id":"https:\/\/wia.net.pl\/index.php\/2025\/06\/27\/duchowa-suwerennosc-s02e02\/#webpage","url":"https:\/\/wia.net.pl\/index.php\/2025\/06\/27\/duchowa-suwerennosc-s02e02\/","name":"Duchowa suwerenno\u015b\u0107 \u2013 S02E02 - Wolno\u015b\u0107 i Anarchia","description":"Segment II \u2013 WEWN\u0118TRZNE WI\u0118ZIENIE \u201eNie mog\u0119 si\u0119 zatrzyma\u0107\u201d \u2013 Kult produktywno\u015bci jako nowa religia(O tym, jak nie umiej\u0105c by\u0107 w bezruchu, oddajemy w\u0142adz\u0119 nad sob\u0105.) Opracowanie w\u0142asne.","inLanguage":"pl-PL","isPartOf":{"@id":"https:\/\/wia.net.pl\/#website"},"breadcrumb":{"@id":"https:\/\/wia.net.pl\/index.php\/2025\/06\/27\/duchowa-suwerennosc-s02e02\/#breadcrumblist"},"author":{"@id":"https:\/\/wia.net.pl\/index.php\/author\/talar\/#author"},"creator":{"@id":"https:\/\/wia.net.pl\/index.php\/author\/talar\/#author"},"image":{"@type":"ImageObject","url":"https:\/\/wia.net.pl\/wp-content\/uploads\/2025\/06\/Zwyczajne-zycie-niezwyczajna-wolnosc-7.jpg","@id":"https:\/\/wia.net.pl\/index.php\/2025\/06\/27\/duchowa-suwerennosc-s02e02\/#mainImage","width":1920,"height":1080},"primaryImageOfPage":{"@id":"https:\/\/wia.net.pl\/index.php\/2025\/06\/27\/duchowa-suwerennosc-s02e02\/#mainImage"},"datePublished":"2025-06-27T20:07:17+02:00","dateModified":"2026-01-22T01:45:07+01:00"},{"@type":"WebSite","@id":"https:\/\/wia.net.pl\/#website","url":"https:\/\/wia.net.pl\/","name":"Wolno\u015b\u0107 i Anarchia","description":"Ka\u017cdy wewn\u0119trznie jest anarchist\u0105.","inLanguage":"pl-PL","publisher":{"@id":"https:\/\/wia.net.pl\/#person"}}]},"og:locale":"pl_PL","og:site_name":"Wolno\u015b\u0107 i Anarchia - Ka\u017cdy wewn\u0119trznie jest anarchist\u0105.","og:type":"article","og:title":"Duchowa suwerenno\u015b\u0107 \u2013 S02E02 - Wolno\u015b\u0107 i Anarchia","og:description":"Segment II \u2013 WEWN\u0118TRZNE WI\u0118ZIENIE \u201eNie mog\u0119 si\u0119 zatrzyma\u0107\u201d \u2013 Kult produktywno\u015bci jako nowa religia(O tym, jak nie umiej\u0105c by\u0107 w bezruchu, oddajemy w\u0142adz\u0119 nad sob\u0105.) Opracowanie w\u0142asne.","og:url":"https:\/\/wia.net.pl\/index.php\/2025\/06\/27\/duchowa-suwerennosc-s02e02\/","og:image":"https:\/\/wia.net.pl\/wp-content\/uploads\/2023\/11\/cropped-freedom-i73367.jpg","og:image:secure_url":"https:\/\/wia.net.pl\/wp-content\/uploads\/2023\/11\/cropped-freedom-i73367.jpg","article:published_time":"2025-06-27T18:07:17+00:00","article:modified_time":"2026-01-22T00:45:07+00:00","twitter:card":"summary_large_image","twitter:title":"Duchowa suwerenno\u015b\u0107 \u2013 S02E02 - Wolno\u015b\u0107 i Anarchia","twitter:description":"Segment II \u2013 WEWN\u0118TRZNE WI\u0118ZIENIE \u201eNie mog\u0119 si\u0119 zatrzyma\u0107\u201d \u2013 Kult produktywno\u015bci jako nowa religia(O tym, jak nie umiej\u0105c by\u0107 w bezruchu, oddajemy w\u0142adz\u0119 nad sob\u0105.) Opracowanie w\u0142asne.","twitter:image":"https:\/\/wia.net.pl\/wp-content\/uploads\/2023\/11\/cropped-freedom-i73367.jpg"},"aioseo_meta_data":{"post_id":"10322","title":null,"description":null,"keywords":null,"keyphrases":{"focus":{"keyphrase":"","score":0,"analysis":{"keyphraseInTitle":{"score":0,"maxScore":9,"error":1}}},"additional":[]},"primary_term":null,"canonical_url":null,"og_title":null,"og_description":null,"og_object_type":"default","og_image_type":"default","og_image_url":null,"og_image_width":null,"og_image_height":null,"og_image_custom_url":null,"og_image_custom_fields":null,"og_video":"","og_custom_url":null,"og_article_section":null,"og_article_tags":null,"twitter_use_og":false,"twitter_card":"default","twitter_image_type":"default","twitter_image_url":null,"twitter_image_custom_url":null,"twitter_image_custom_fields":null,"twitter_title":null,"twitter_description":null,"schema":{"blockGraphs":[],"customGraphs":[],"default":{"data":{"Article":[],"Course":[],"Dataset":[],"FAQPage":[],"Movie":[],"Person":[],"Product":[],"ProductReview":[],"Car":[],"Recipe":[],"Service":[],"SoftwareApplication":[],"WebPage":[]},"graphName":"BlogPosting","isEnabled":true},"graphs":[]},"schema_type":"default","schema_type_options":null,"pillar_content":false,"robots_default":true,"robots_noindex":false,"robots_noarchive":false,"robots_nosnippet":false,"robots_nofollow":false,"robots_noimageindex":false,"robots_noodp":false,"robots_notranslate":false,"robots_max_snippet":"-1","robots_max_videopreview":"-1","robots_max_imagepreview":"large","priority":null,"frequency":"default","local_seo":null,"breadcrumb_settings":null,"limit_modified_date":false,"ai":null,"created":"2025-06-27 18:07:18","updated":"2026-01-22 01:03:48","seo_analyzer_scan_date":null,"focus_keyword":null,"additional_keywords":null,"truseo_locale":null},"aioseo_breadcrumb":"<div class=\"aioseo-breadcrumbs\"><span class=\"aioseo-breadcrumb\">\n\t\t\t<a href=\"https:\/\/wia.net.pl\" title=\"Home\">Home<\/a>\n\t\t<\/span><span class=\"aioseo-breadcrumb-separator\">&raquo;<\/span><span class=\"aioseo-breadcrumb\">\n\t\t\t<a href=\"https:\/\/wia.net.pl\/index.php\/category\/platna-subskrypcja-substack\/\" title=\"P\u0142atna subskrypcja Substack\">P\u0142atna subskrypcja Substack<\/a>\n\t\t<\/span><span class=\"aioseo-breadcrumb-separator\">&raquo;<\/span><span class=\"aioseo-breadcrumb\">\n\t\t\tDuchowa suwerenno\u015b\u0107 \u2013 S02E02\n\t\t<\/span><\/div>","aioseo_breadcrumb_json":[{"label":"Home","link":"https:\/\/wia.net.pl"},{"label":"P\u0142atna subskrypcja Substack","link":"https:\/\/wia.net.pl\/index.php\/category\/platna-subskrypcja-substack\/"},{"label":"Duchowa suwerenno\u015b\u0107 \u2013 S02E02","link":"https:\/\/wia.net.pl\/index.php\/2025\/06\/27\/duchowa-suwerennosc-s02e02\/"}],"_links":{"self":[{"href":"https:\/\/wia.net.pl\/index.php\/wp-json\/wp\/v2\/posts\/10322"}],"collection":[{"href":"https:\/\/wia.net.pl\/index.php\/wp-json\/wp\/v2\/posts"}],"about":[{"href":"https:\/\/wia.net.pl\/index.php\/wp-json\/wp\/v2\/types\/post"}],"author":[{"embeddable":true,"href":"https:\/\/wia.net.pl\/index.php\/wp-json\/wp\/v2\/users\/3"}],"replies":[{"embeddable":true,"href":"https:\/\/wia.net.pl\/index.php\/wp-json\/wp\/v2\/comments?post=10322"}],"version-history":[{"count":1,"href":"https:\/\/wia.net.pl\/index.php\/wp-json\/wp\/v2\/posts\/10322\/revisions"}],"predecessor-version":[{"id":10325,"href":"https:\/\/wia.net.pl\/index.php\/wp-json\/wp\/v2\/posts\/10322\/revisions\/10325"}],"wp:featuredmedia":[{"embeddable":true,"href":"https:\/\/wia.net.pl\/index.php\/wp-json\/wp\/v2\/media\/10323"}],"wp:attachment":[{"href":"https:\/\/wia.net.pl\/index.php\/wp-json\/wp\/v2\/media?parent=10322"}],"wp:term":[{"taxonomy":"category","embeddable":true,"href":"https:\/\/wia.net.pl\/index.php\/wp-json\/wp\/v2\/categories?post=10322"},{"taxonomy":"post_tag","embeddable":true,"href":"https:\/\/wia.net.pl\/index.php\/wp-json\/wp\/v2\/tags?post=10322"}],"curies":[{"name":"wp","href":"https:\/\/api.w.org\/{rel}","templated":true}]}}