{"id":10332,"date":"2025-06-27T21:15:02","date_gmt":"2025-06-27T19:15:02","guid":{"rendered":"https:\/\/wia.net.pl\/?p=10332"},"modified":"2025-06-27T21:15:02","modified_gmt":"2025-06-27T19:15:02","slug":"energia-orgonowa-spotkanie-z-jaroslawem-fiebigiem","status":"publish","type":"post","link":"https:\/\/wia.net.pl\/index.php\/2025\/06\/27\/energia-orgonowa-spotkanie-z-jaroslawem-fiebigiem\/","title":{"rendered":"Energia Orgonowa &#8211; Spotkanie z Jaros\u0142awem Fiebigiem"},"content":{"rendered":"\n<p>Prelekcja odby\u0142a si\u0119 podczas X Festiwalu Topinmburu (22-23.03.2025)<\/p>\n\n\n\n<figure class=\"wp-block-embed is-type-video is-provider-youtube wp-block-embed-youtube wp-embed-aspect-16-9 wp-has-aspect-ratio\"><div class=\"wp-block-embed__wrapper\">\n<iframe loading=\"lazy\" title=\"Jarek Fiebig DZIA\u0141A ORGONOWE\" width=\"858\" height=\"483\" src=\"https:\/\/www.youtube.com\/embed\/_cgt01BqjNk?feature=oembed\" frameborder=\"0\" allow=\"accelerometer; autoplay; clipboard-write; encrypted-media; gyroscope; picture-in-picture; web-share\" referrerpolicy=\"strict-origin-when-cross-origin\" allowfullscreen><\/iframe>\n<\/div><\/figure>\n\n\n\n<p>Nagranie odby\u0142o si\u0119 na kanale <br>Pati NetTyMy https:\/\/www.youtube.com\/watch?v=_cgt01BqjNk<\/p>\n\n\n\n<p>Kana\u0142 Youtube Jaros\u0142\u0105w Fiebig&nbsp;<a href=\"https:\/\/www.youtube.com\/@jarosawfiebig7017\/videos\">https:\/\/www.youtube.com\/@jarosawfiebig7017\/videos<\/a><\/p>\n\n\n\n<p>Profil Facebook Jaros\u0142aw Fiebig&nbsp;<a href=\"https:\/\/www.facebook.com\/profile.php?id=100078674836540\">https:\/\/www.facebook.com\/profile.php?id=100078674836540<\/a><\/p>\n\n\n\n<p>Je\u015bli by kto\u015b chcia\u0142 wspom\u00f3c Jaros\u0142awa Fiebiga w jego pracach i projektach a s\u0105 fenomenalne, podaj\u0119 numer konta<\/p>\n\n\n\n<p>Tel pod Revolut 502 609 123<\/p>\n\n\n\n<p>Jaros\u0142aw Fiebig<\/p>\n\n\n\n<p>67291000060000000004284536<\/p>\n\n\n\n<p>W razie pyta\u0144 prosz\u0119 dzwoni\u0107 pod numer telefonu 792693198, bardzo ch\u0119tnie Jaros\u0142aw pomo\u017ce.<\/p>\n\n\n\n<p>Jaros\u0142aw Fiebig skonstruowa\u0142 w Polsce dzia\u0142o orgonowe, inspirowane teoriami Wilhelma Reicha i wczesnych prekursor\u00f3w, m.in. Franciszka Rychnowskiego.<\/p>\n\n\n\n<p>Wed\u0142ug relacji Jaros\u0142awa Fiebiga, jego misj\u0105 jest \u201eoczyszczanie nieba\u201d poprzez likwidacj\u0119 chemtrails\u00f3w, co ma wspomaga\u0107 wzrost plon\u00f3w, poprawia\u0107 pogod\u0119 i stan powietrza.<\/p>\n\n\n\n<p>Twierdzi, \u017ce po jego eksperymentach pojawi\u0142y si\u0119: \u015bwie\u017csze powietrze, ozon, aktywno\u015b\u0107 pszcz\u00f3\u0142, szerszeni oraz intensywniejsza ziele\u0144.<\/p>\n\n\n\n<p>Ostrzega, \u017ce dzia\u0142anie urz\u0105dzenia wymaga ostro\u017cno\u015bci \u2013 bez r\u0119kawic mo\u017cna dozna\u0107 silnych b\u00f3l\u00f3w g\u0142owy przez kilkana\u015bcie dni.<\/p>\n\n\n\n<p>Nagranie i monta\u017c.: Patrycja (NetTyMy) Zapraszam do subskrypcji kana\u0142u @Nettymy @NetTyMy_music Serdecznie dzi\u0119kuje za udost\u0119pnienia i polecenia<\/p>\n\n\n\n<p>WSPARCIE KANA\u0141U NetTyMy: 1\/ <a href=\"https:\/\/www.youtube.com\/redirect?event=video_description&amp;redir_token=QUFFLUhqbjYxdFFhdnU4cXRkZWUxUzVNdWZzVW1iYm1iUXxBQ3Jtc0ttcVZ6UFlxVHNMdlNFem5ZLTFzd1FNWUJyOV9EMFNpVlVzNWt1bGFyNF9NREtEc1Nib2s0TmFwSU9WRm9adUcyVXRTc3ByWEFyYlFjbDZUVkNGck9mVDJwSHZPbGstWEZ4T0wzWlk2b3ZxTEhlVmZFQQ&amp;q=https%3A%2F%2Fbuycoffee.to%2Fnettymy&amp;v=_cgt01BqjNk\" target=\"_blank\" rel=\"noreferrer noopener\">https:\/\/buycoffee.to\/nettymy<\/a> 2\/ www.paypal.com\/donate\/business=VLC7ZQ9XUZ7SQ&amp;no_recurring=0&amp;currency_code=PLN<\/p>\n<div class=\"remoji_bar\"><div class=\"remoji_add_container\" data-remoji-id=\"10332\" data-remoji-type=\"post\"><div class=\"remoji_add_icon\"><\/div><\/div><div class=\"remoji_error_bar\" data-remoji-id=\"10332\" data-remoji-type=\"post\" style=\"display: none;\">Error happened.<\/div><\/div>","protected":false},"excerpt":{"rendered":"<p>Prelekcja odby\u0142a si\u0119 podczas X Festiwalu Topinmburu (22-23.03.2025) Nagranie odby\u0142o si\u0119 na kanale Pati NetTyMy https:\/\/www.youtube.com\/watch?v=_cgt01BqjNk Kana\u0142 Youtube Jaros\u0142\u0105w Fiebig&nbsp;https:\/\/www.youtube.com\/@jarosawfiebig7017\/videos Profil Facebook Jaros\u0142aw Fiebig&nbsp;https:\/\/www.facebook.com\/profile.php?id=100078674836540 Je\u015bli by kto\u015b chcia\u0142 wspom\u00f3c Jaros\u0142awa Fiebiga w jego pracach i projektach a s\u0105 fenomenalne, podaj\u0119&#8230; <\/p>\n","protected":false},"author":2,"featured_media":10333,"comment_status":"open","ping_status":"open","sticky":false,"template":"","format":"standard","meta":{"_acf_changed":false,"_bbp_topic_count":0,"_bbp_reply_count":0,"_bbp_total_topic_count":0,"_bbp_total_reply_count":0,"_bbp_voice_count":0,"_bbp_anonymous_reply_count":0,"_bbp_topic_count_hidden":0,"_bbp_reply_count_hidden":0,"_bbp_forum_subforum_count":0,"om_disable_all_campaigns":false,"_monsterinsights_skip_tracking":false,"_monsterinsights_sitenote_active":false,"_monsterinsights_sitenote_note":"","_monsterinsights_sitenote_category":0,"footnotes":""},"categories":[8],"tags":[],"class_list":["post-10332","post","type-post","status-publish","format-standard","has-post-thumbnail","hentry","category-prelekcjewywiady"],"acf":[],"aioseo_notices":[],"_links":{"self":[{"href":"https:\/\/wia.net.pl\/index.php\/wp-json\/wp\/v2\/posts\/10332"}],"collection":[{"href":"https:\/\/wia.net.pl\/index.php\/wp-json\/wp\/v2\/posts"}],"about":[{"href":"https:\/\/wia.net.pl\/index.php\/wp-json\/wp\/v2\/types\/post"}],"author":[{"embeddable":true,"href":"https:\/\/wia.net.pl\/index.php\/wp-json\/wp\/v2\/users\/2"}],"replies":[{"embeddable":true,"href":"https:\/\/wia.net.pl\/index.php\/wp-json\/wp\/v2\/comments?post=10332"}],"version-history":[{"count":1,"href":"https:\/\/wia.net.pl\/index.php\/wp-json\/wp\/v2\/posts\/10332\/revisions"}],"predecessor-version":[{"id":10334,"href":"https:\/\/wia.net.pl\/index.php\/wp-json\/wp\/v2\/posts\/10332\/revisions\/10334"}],"wp:featuredmedia":[{"embeddable":true,"href":"https:\/\/wia.net.pl\/index.php\/wp-json\/wp\/v2\/media\/10333"}],"wp:attachment":[{"href":"https:\/\/wia.net.pl\/index.php\/wp-json\/wp\/v2\/media?parent=10332"}],"wp:term":[{"taxonomy":"category","embeddable":true,"href":"https:\/\/wia.net.pl\/index.php\/wp-json\/wp\/v2\/categories?post=10332"},{"taxonomy":"post_tag","embeddable":true,"href":"https:\/\/wia.net.pl\/index.php\/wp-json\/wp\/v2\/tags?post=10332"}],"curies":[{"name":"wp","href":"https:\/\/api.w.org\/{rel}","templated":true}]}}