{"id":10406,"date":"2025-07-20T10:29:46","date_gmt":"2025-07-20T08:29:46","guid":{"rendered":"https:\/\/wia.net.pl\/?p=10406"},"modified":"2025-07-20T10:29:47","modified_gmt":"2025-07-20T08:29:47","slug":"slowenia-zatwierdzila-ustawe-legalizujaca-eutanazje","status":"publish","type":"post","link":"https:\/\/wia.net.pl\/index.php\/2025\/07\/20\/slowenia-zatwierdzila-ustawe-legalizujaca-eutanazje\/","title":{"rendered":"S\u0142owenia zatwierdzi\u0142a ustaw\u0119 legalizuj\u0105c\u0105 eutanazj\u0119"},"content":{"rendered":"\n<p><em>Autorstwa\u00a0<a href=\"https:\/\/expose-news.com\/author\/rhoda-wilson\/\">Rhody Wilson<\/a>\u00a0na\u00a0<a href=\"https:\/\/expose-news.com\/2025\/07\/19\/slovenian-parliament-legalises-euthanasia\/\"><time datetime=\"2025-07-19T16:19:04+01:00\">19 lipca 2025 r<\/time><\/a><\/em><\/p>\n\n\n\n<p><strong><em>The Expos\u00e9<\/em><\/strong><\/p>\n\n\n\n<figure class=\"wp-block-image size-large\"><img loading=\"lazy\" decoding=\"async\" width=\"1024\" height=\"576\" src=\"https:\/\/wia.net.pl\/wp-content\/uploads\/2025\/07\/Slowenia-zatwierdzila-ustawe-legalizujaca-eutanazje-1024x576.jpg\" alt=\"\" class=\"wp-image-10408\" srcset=\"https:\/\/wia.net.pl\/wp-content\/uploads\/2025\/07\/Slowenia-zatwierdzila-ustawe-legalizujaca-eutanazje-1024x576.jpg 1024w, https:\/\/wia.net.pl\/wp-content\/uploads\/2025\/07\/Slowenia-zatwierdzila-ustawe-legalizujaca-eutanazje-300x169.jpg 300w, https:\/\/wia.net.pl\/wp-content\/uploads\/2025\/07\/Slowenia-zatwierdzila-ustawe-legalizujaca-eutanazje-768x432.jpg 768w, https:\/\/wia.net.pl\/wp-content\/uploads\/2025\/07\/Slowenia-zatwierdzila-ustawe-legalizujaca-eutanazje-1536x864.jpg 1536w, https:\/\/wia.net.pl\/wp-content\/uploads\/2025\/07\/Slowenia-zatwierdzila-ustawe-legalizujaca-eutanazje-480x270.jpg 480w, https:\/\/wia.net.pl\/wp-content\/uploads\/2025\/07\/Slowenia-zatwierdzila-ustawe-legalizujaca-eutanazje.jpg 1920w\" sizes=\"(max-width: 1024px) 100vw, 1024px\" \/><\/figure>\n\n\n\n<p><strong>S\u0142owenia sta\u0142a si\u0119 pierwszym krajem Europy Wschodniej, kt\u00f3ry zalegalizowa\u0142 wspomagane samob\u00f3jstwo dla doros\u0142ych os\u00f3b nieuleczalnie chorych.<\/strong><\/p>\n\n\n\n<p><strong>Wydaje si\u0119, \u017ce mo\u017cna zaobserwowa\u0107 pewien schemat: eutanazj\u0119 sponsorowan\u0105 przez pa\u0144stwo rz\u0105dy wprowadzaj\u0105 wy\u0142\u0105cznie w krajach zachodnich, gdzie \u017cyje wi\u0119kszo\u015b\u0107 \u015bwiatowej mniejszo\u015bci.<\/strong><\/p>\n\n\n\n<h3 class=\"wp-block-heading\"><strong>S\u0142owenia oficjalnie do\u0142\u0105cza do ruchu eutanazji<\/strong><\/h3>\n\n\n\n<p>S\u0142owenia przyj\u0119\u0142a ustaw\u0119 legalizuj\u0105c\u0105 wspomagane samob\u00f3jstwo dla os\u00f3b nieuleczalnie chorych, staj\u0105c si\u0119 pierwszym krajem Europy Wschodniej, kt\u00f3ry wprowadzi\u0142 tak\u0105 zmian\u0119.<\/p>\n\n\n\n<p>Ustawa zosta\u0142a uchwalona przez parlament S\u0142owenii 50 g\u0142osami za, 34 przeciw i trzema wstrzymuj\u0105cymi si\u0119. Wdro\u017cenie ustawy nie nast\u0105pi natychmiast, poniewa\u017c procedury i mechanizmy nadzoru s\u0105 wci\u0105\u017c opracowywane.<\/p>\n\n\n\n<p>Ustawa ta jest nast\u0119pstwem przeprowadzonego&nbsp;<a href=\"https:\/\/www.rtvslo.si\/slovenija\/referendumi-2024\/volivci-podprli-pravico-do-pomoci-pri-prostovoljnem-koncanju-zivljenja\/711219\">w ubieg\u0142ym roku referendum konsultacyjnego,<\/a>&nbsp;w kt\u00f3rym 55% g\u0142osuj\u0105cych opowiedzia\u0142o si\u0119 za prawem do autonomii w kwestii ko\u0144ca \u017cycia, co w\u0142a\u015bciwie nazywa si\u0119 eutanazj\u0105.<\/p>\n\n\n\n<p>\u201eWbrew opinii publicznej, \u015brodowisko medyczne w S\u0142owenii jest zdecydowanie przeciwne legalizacji wspomaganego samob\u00f3jstwa, powo\u0142uj\u0105c si\u0119 na w\u0105tpliwo\u015bci etyczne zwi\u0105zane z t\u0105 praktyk\u0105 i podkre\u015blaj\u0105c znaczenie zaanga\u017cowania lekarzy w ratowanie \u017cycia, a nie pomaganie w jego odbieraniu\u201d \u2013&nbsp;<a href=\"https:\/\/www.liveaction.org\/news\/slovenia-voters-pass-assisted-suicide-referendum\/\">zauwa\u017cy\u0142a&nbsp;<\/a><a href=\"https:\/\/www.liveaction.org\/news\/slovenia-voters-pass-assisted-suicide-referendum\/\"><em>organizacja Live Action<\/em><\/a>&nbsp;kr\u00f3tko po referendum.<\/p>\n\n\n\n<p>Konserwatywna S\u0142owe\u0144ska Partia Demokratyczna (SDS) pot\u0119pi\u0142a projekt ustawy, twierdz\u0105c, \u017ce \u201eotwiera on drzwi kulturze \u015bmierci, utracie godno\u015bci ludzkiej i minimalizowaniu warto\u015bci \u017cycia, w szczeg\u00f3lno\u015bci \u017cycia os\u00f3b najs\u0142abszych\u201d.<\/p>\n\n\n\n<p>Grupa obro\u0144c\u00f3w praw obywatelskich sprzeciwiaj\u0105ca si\u0119 nowemu prawu zobowi\u0105za\u0142a si\u0119 w pi\u0105tek, \u017ce b\u0119dzie zabiega\u0107 o poparcie spo\u0142eczne dla potencjalnej pr\u00f3by wymuszenia referendum w sprawie tego \u015brodka.<\/p>\n\n\n\n<p>S\u0142owenia do\u0142\u0105cza do kraj\u00f3w takich jak Kanada, Niemcy, Belgia, Szwajcaria, Holandia, Australia i Kolumbia, kt\u00f3re zalegalizowa\u0142y eutanazj\u0119. W zesz\u0142ym miesi\u0105cu brytyjski parlament r\u00f3wnie\u017c zag\u0142osowa\u0142 za legalizacj\u0105 eutanazji, cho\u0107 ustawa musi jeszcze zosta\u0107 zatwierdzona przez Izb\u0119 Lord\u00f3w. W Stanach Zjednoczonych 11 stan\u00f3w zezwala na medyczn\u0105 pomoc w samob\u00f3jstwie. Waszyngton r\u00f3wnie\u017c zezwala na wspomagane samob\u00f3jstwo.<\/p>\n\n\n\n<p>\u0179r\u00f3d\u0142a i zasoby:<\/p>\n\n\n\n<ul class=\"wp-block-list\">\n<li><a href=\"https:\/\/www.hli.org\/2024\/03\/government-of-slovenia-euthanasia-referendum\/\">Rz\u0105d S\u0142owenii chce referendum w sprawie eutanazji<\/a>\u00a0, Human Life International, 12 kwietnia 2024 r.<\/li>\n\n\n\n<li><a href=\"https:\/\/www.foxnews.com\/world\/slovenia-approves-law-legalize-assisted-dying-terminally-ill-adults\">S\u0142owenia zatwierdza ustaw\u0119 legalizuj\u0105c\u0105 wspomagane umieranie dla os\u00f3b doros\u0142ych w stanie terminalnym<\/a>\u00a0, Fox News, 19 lipca 2025 r.<\/li>\n\n\n\n<li><a href=\"https:\/\/www.aljazeera.com\/news\/2025\/7\/18\/slovenian-lawmakers-vote-to-make-assisted-dying-legal?traffic_source=rss\">Parlament S\u0142owenii g\u0142osuje za legalizacj\u0105 wspomaganego samob\u00f3jstwa<\/a>\u00a0, Al Jazeera, 18 lipca 2025 r.<\/li>\n<\/ul>\n\n\n\n<h3 class=\"wp-block-heading\"><strong>Tylko rz\u0105dy, w kt\u00f3rych \u017cyje mniejszo\u015b\u0107 globalna, chc\u0105 eutanazji<\/strong><\/h3>\n\n\n\n<p>Brytyjskie Stowarzyszenie Medyczne (BMA), zwi\u0105zek zawodowy i organizacja zawodowa lekarzy i student\u00f3w medycyny w Wielkiej Brytanii, przygotowa\u0142o infografik\u0119 i towarzysz\u0105c\u0105 jej tabel\u0119 \u201e&nbsp;<a href=\"https:\/\/www.bma.org.uk\/media\/6706\/bma-where-is-pad-permitted-internationally.pdf\">przepis\u00f3w dotycz\u0105cych wspomaganego samob\u00f3jstwa na \u015bwiecie<\/a>&nbsp;\u201d. Przedstawiono w niej jurysdykcje mi\u0119dzynarodowe, w kt\u00f3rych eutanazja jest legalna, i por\u00f3wnano sytuacj\u0119 w kilku krajach.&nbsp;<\/p>\n\n\n\n<p>Dokument BMA nie jest datowany, ale s\u0105dz\u0105c po adnotacji nad tabel\u0105: \u201eUstawa w Nowej Zelandii, kt\u00f3ra wchodzi w \u017cycie 7 listopada 2021 r.\u201d, mo\u017cemy wnioskowa\u0107, \u017ce zosta\u0142 sporz\u0105dzony i opublikowany przed t\u0105 dat\u0105. Dost\u0119p do dokumentu mo\u017cna uzyska\u0107 na stronie internetowej BMA po\u015bwi\u0119conej&nbsp;<a href=\"https:\/\/www.bma.org.uk\/advice-and-support\/ethics\/end-of-life\/physician-assisted-dying\/\">eutanazji wspomaganej przez lekarza<\/a>&nbsp;.<\/p>\n\n\n\n<p>Dla ka\u017cdego, kto ceni \u015bwi\u0119to\u015b\u0107 \u017cycia, jest to przygn\u0119biaj\u0105ca lektura.<\/p>\n\n\n\n<figure class=\"wp-block-image\"><img decoding=\"async\" src=\"https:\/\/i0.wp.com\/expose-news.com\/wp-content\/uploads\/2025\/07\/image-66.png?resize=639%2C452&amp;ssl=1\" alt=\"\" class=\"wp-image-368504\" title=\"obraz - The Expose\"\/><figcaption class=\"wp-element-caption\"><a href=\"https:\/\/www.bma.org.uk\/media\/ctkc34y3\/bmawhere-is-pad-permitted-internationally.pdf\">Przepisy dotycz\u0105ce wspomaganego samob\u00f3jstwa na \u015bwiecie<\/a>&nbsp;(BMA)<\/figcaption><\/figure>\n\n\n\n<p>Termin \u201ebia\u0142y\u201d w odniesieniu do rasy jest zazwyczaj u\u017cywany do okre\u015blenia os\u00f3b o dominuj\u0105cym europejskim pochodzeniu. Dok\u0142adna liczba os\u00f3b rasy bia\u0142ej na \u015bwiecie jest trudna do ustalenia ze wzgl\u0119du na zr\u00f3\u017cnicowane definicje i metody spisowe, ale szacunki wskazuj\u0105, \u017ce stanowi\u0105 one od 10% do 15% globalnej populacji. Niekt\u00f3re \u017ar\u00f3d\u0142a podaj\u0105, \u017ce odsetek ten mo\u017ce wynosi\u0107 zaledwie 7%, w zale\u017cno\u015bci od definicji \u201ebia\u0142ego\u201d. Szacunkowy sk\u0142ad etniczny poszczeg\u00f3lnych kraj\u00f3w mo\u017cna znale\u017a\u0107&nbsp;<a href=\"https:\/\/www.cia.gov\/the-world-factbook\/field\/ethnic-groups\/\">TUTAJ<\/a>&nbsp;.<\/p>\n\n\n\n<p>W 2024 roku&nbsp;<a href=\"https:\/\/archive.is\/vugYD\"><em>\u201eThe Rutland Herald\u201d<\/em>&nbsp;poda\u0142<\/a>&nbsp;, \u017ce tylko 16% \u015bwiatowej populacji to biali; gazeta nie poda\u0142a \u017ar\u00f3d\u0142a tego szacunku. W 2019 roku&nbsp;<a href=\"https:\/\/harpers.org\/harpers-index\/2019\/01\/percentage-of-the-global-population-that-is-white-of-european-descent-16\/\">Harper&#8217;s Index poda\u0142<\/a>&nbsp;t\u0119 sam\u0105 informacj\u0119, nie podaj\u0105c \u017ar\u00f3d\u0142a. Komentuj\u0105c odpowied\u017a na pytanie \u201e&nbsp;<a href=\"https:\/\/www.quora.com\/What-is-the-number-of-White-people-in-the-world\">Ile jest bia\u0142ych ludzi na \u015bwiecie?<\/a>&nbsp;\u201d, opublikowane na Quora, White Data stwierdzi\u0142:<\/p>\n\n\n\n<blockquote class=\"wp-block-quote is-layout-flow wp-block-quote-is-layout-flow\">\n<p>Pewien Chris Woodberry po\u015bwi\u0119ci\u0142 czas na oszacowanie liczebno\u015bci bia\u0142ej populacji na \u015bwiecie, co da\u0142o wynik 760 milion\u00f3w, co stanowi 10% rzeczywistej populacji \u015bwiata wynosz\u0105cej 7,5 miliarda. Moim zdaniem, ten szacunek jest bardzo hojny, uwzgl\u0119dniaj\u0105c wielu Latynos\u00f3w, Uralczyk\u00f3w i bia\u0142ych miesza\u0144c\u00f3w. Niekt\u00f3re \u017ar\u00f3d\u0142a podaj\u0105 8% (600 milion\u00f3w), co uwa\u017cam za znacznie bardziej wiarygodne.<\/p>\n\n\n\n<p>Kiedy studiowa\u0142em to kilka miesi\u0119cy temu, doszed\u0142em do liczby, kt\u00f3ra moim zdaniem jest bliska rzeczywistej liczbie bia\u0142ej populacji. Liczba, kt\u00f3r\u0105 otrzyma\u0142em, to nieco ponad 490 milion\u00f3w, ponad 490 milion\u00f3w bia\u0142ych ludzi w Europie i okolicach.<a href=\"https:\/\/www.whitedate.net\/how-many-white-people-are-there-in-the-world\/\"><mark>Ilu jest bia\u0142ych ludzi na \u015bwiecie?<\/mark><\/a>Bia\u0142e dane<\/p>\n<\/blockquote>\n\n\n\n<p>Wiele dyskusji pr\u00f3buje ustali\u0107 proporcje bia\u0142ej ludno\u015bci na \u015bwiecie, w tym&nbsp;<a href=\"https:\/\/www.quora.com\/What-percentage-of-the-world-is-made-up-of-white-people-1\">TUTAJ<\/a>&nbsp;,&nbsp;<a href=\"https:\/\/www.quora.com\/What-percentage-of-the-world-population-is-of-white-European-descent\">TUTAJ<\/a>&nbsp;i ta, kt\u00f3ra zainspirowa\u0142a poni\u017cszy&nbsp;<a href=\"https:\/\/www.reddit.com\/r\/centrist\/comments\/1gdk4cn\/why_the_global_percentage_of_white_people_is_much\/\">komentarz opublikowany na Reddicie<\/a>&nbsp;w pa\u017adzierniku 2024 roku. Ten komentarz wprowadza r\u00f3wnie\u017c termin \u201eglobalna wi\u0119kszo\u015b\u0107\u201d (kliknij osadzony obraz, aby przeczyta\u0107, co mia\u0142 do powiedzenia komentator):<\/p>\n\n\n\n<p><a href=\"https:\/\/embed.reddit.com\/r\/centrist\/comments\/1gdk4cn\/why_the_global_percentage_of_white_people_is_much\/?embed=true&amp;ref_source=embed&amp;ref=share&amp;utm_medium=widgets&amp;utm_source=embedv2&amp;utm_term=23&amp;utm_name=post_embed&amp;embed_host_url=https%3A%2F%2Fexpose-news.com%2F2025%2F07%2F19%2Fslovenian-parliament-legalises-euthanasia%2F\">https:\/\/embed.reddit.com\/r\/centrist\/comments\/1gdk4cn\/why_the_global_percentage_of_white_people_is_much\/?embed=true&amp;ref_source=embed&amp;ref=share&amp;utm_medium=widgets&amp;utm_source=embedv2&amp;utm_term=23&amp;utm_name=post_embed&amp;embed_host_url=https%3A%2F%2Fexpose-news.com%2F2025%2F07%2F19%2Fslovenian-parliament-legalises-euthanasia%2F<\/a><\/p>\n\n\n\n<p>\u201eGlobalna wi\u0119kszo\u015b\u0107\u201d odnosi si\u0119 do os\u00f3b pochodzenia afryka\u0144skiego, azjatyckiego, \u201erdzennego\u201d, latynoameryka\u0144skiego lub o mieszanym pochodzeniu, kt\u00f3re&nbsp;<a href=\"https:\/\/encycloreader.org\/r\/wikipedia.php?q=Global_majority\">wed\u0142ug Wikipedii<\/a>&nbsp;stanowi\u0105 oko\u0142o 85% populacji \u015bwiata . U\u017cycie s\u0142owa \u201erdzenny\u201d w Wikipedii jest obci\u0105\u017cone konotacjami rasowymi, poniewa\u017c w Wielkiej Brytanii biali ludzie s\u0105 rdzennymi mieszka\u0144cami; fakt ten jest cz\u0119sto ignorowany.<\/p>\n\n\n\n<p>Pomijaj\u0105c aktywizm Wikipedii na rzecz \u201esprawiedliwo\u015bci spo\u0142ecznej\u201d, z definicji globalnej wi\u0119kszo\u015bci mo\u017cemy wywnioskowa\u0107, \u017ce \u201eglobalna mniejszo\u015b\u0107\u201d odnosi si\u0119 do 15% \u015bwiatowej populacji, czyli os\u00f3b bia\u0142ych, cho\u0107 niekt\u00f3rzy mog\u0105 u\u017cywa\u0107 terminu \u201eglobalna mniejszo\u015b\u0107\u201d do opisania grupy sprawuj\u0105cej w\u0142adz\u0119 za po\u015brednictwem organizacji transnarodowych, korporacji, instytucji finansowych, rz\u0105d\u00f3w i korporacji mi\u0119dzynarodowych, lub do opisu grup \u201erdzennych\u201d. Potwierdza to brytyjskie Stowarzyszenie Praktyk\u00f3w Prawa Imigracyjnego (ILPA).&nbsp;<\/p>\n\n\n\n<p><a href=\"https:\/\/ilpa.org.uk\/people-of-the-global-majority\/\">ILPA stwierdza<\/a>&nbsp;: \u201eLudzie globalnej wi\u0119kszo\u015bci\u201d \u201eodnosz\u0105 si\u0119 do wszystkich grup etnicznych z wyj\u0105tkiem bia\u0142ych Brytyjczyk\u00f3w i innych bia\u0142ych grup, w tym bia\u0142ych mniejszo\u015bci. Obejmuje to osoby z czarnych, azjatyckich, mieszanych i innych grup etnicznych, kt\u00f3re s\u0105 cz\u0119sto okre\u015blane jako \u00bbmniejszo\u015bci etniczne\u00ab. Globalnie grupy te stanowi\u0105 obecnie oko\u0142o osiemdziesi\u0119ciu procent (80%) \u015bwiatowej populacji\u201d.<\/p>\n\n\n\n<p>Niezale\u017cnie od tego, jak postrzegamy \u201ebia\u0142ych\u201d i jakich \u017ar\u00f3de\u0142 u\u017cywamy do oszacowania proporcji, biali ludzie stanowi\u0105 \u201eglobaln\u0105 mniejszo\u015b\u0107\u201d.<\/p>\n\n\n\n<p>Wed\u0142ug szacunk\u00f3w White Data najwi\u0119ksze skupisko bia\u0142ej populacji znajduje si\u0119 w Europie (490 milion\u00f3w ludzi), co jest zgodne z oczekiwaniami, a nast\u0119pnie w Stanach Zjednoczonych (190 milion\u00f3w), Kanadzie (27,8 miliona), Australii (9 milion\u00f3w), Afryce (5,6 miliona), Nowej Zelandii i innych krajach Oceanii (3 miliony), Brazylii i Argentynie (21 milion\u00f3w, ta liczba nie jest pewna) oraz innych krajach, wliczaj\u0105c w to niedoszacowania (13,6 miliona, obliczone jako pozosta\u0142a cz\u0119\u015b\u0107).<\/p>\n\n\n\n<p>Je\u015bli spojrzymy teraz ponownie na infografik\u0119 opublikowan\u0105 przez BMA, musimy zada\u0107 sobie pytanie: dlaczego tylko w krajach, w kt\u00f3rych wi\u0119kszo\u015b\u0107 populacji stanowi globaln\u0105 mniejszo\u015b\u0107, rz\u0105dy wprowadzaj\u0105 przepisy dotycz\u0105ce eutanazji, kt\u00f3re zach\u0119caj\u0105 i chroni\u0105 lekarzy i piel\u0119gniarki o morderczych sk\u0142onno\u015bciach? Czy to w\u0142a\u015bnie lewica nazywa \u201epost\u0119pem\u201d?<\/p>\n\n\n\n<pre class=\"wp-block-preformatted\">\u0179r\u00f3d\u0142o <a href=\"https:\/\/expose-news.com\/2025\/07\/19\/slovenian-parliament-legalises-euthanasia\/\">https:\/\/expose-news.com\/2025\/07\/19\/slovenian-parliament-legalises-euthanasia\/<\/a><\/pre>\n","protected":false},"excerpt":{"rendered":"<p>Autorstwa\u00a0Rhody Wilson\u00a0na\u00a019 lipca 2025 r The Expos\u00e9 S\u0142owenia sta\u0142a si\u0119 pierwszym krajem Europy Wschodniej, kt\u00f3ry zalegalizowa\u0142 wspomagane samob\u00f3jstwo dla doros\u0142ych os\u00f3b nieuleczalnie chorych. Wydaje si\u0119, \u017ce mo\u017cna zaobserwowa\u0107 pewien schemat: eutanazj\u0119 sponsorowan\u0105 przez pa\u0144stwo rz\u0105dy wprowadzaj\u0105 wy\u0142\u0105cznie w krajach zachodnich,&#8230; <\/p>\n","protected":false},"author":2,"featured_media":10408,"comment_status":"open","ping_status":"open","sticky":false,"template":"","format":"standard","meta":{"_acf_changed":false,"_bbp_topic_count":0,"_bbp_reply_count":0,"_bbp_total_topic_count":0,"_bbp_total_reply_count":0,"_bbp_voice_count":0,"_bbp_anonymous_reply_count":0,"_bbp_topic_count_hidden":0,"_bbp_reply_count_hidden":0,"_bbp_forum_subforum_count":0,"om_disable_all_campaigns":false,"_monsterinsights_skip_tracking":false,"footnotes":""},"categories":[93],"tags":[],"class_list":["post-10406","post","type-post","status-publish","format-standard","has-post-thumbnail","hentry","category-artykuly"],"acf":[],"aioseo_notices":[],"aioseo_head":"\n\t\t<!-- All in One SEO 5.0.1.1 - aioseo.com -->\n\t<meta name=\"description\" content=\"Autorstwa Rhody Wilson na 19 lipca 2025 r The Expos\u00e9 S\u0142owenia sta\u0142a si\u0119 pierwszym krajem Europy Wschodniej, kt\u00f3ry zalegalizowa\u0142 wspomagane samob\u00f3jstwo dla doros\u0142ych os\u00f3b nieuleczalnie chorych. Wydaje si\u0119, \u017ce mo\u017cna zaobserwowa\u0107 pewien schemat: eutanazj\u0119 sponsorowan\u0105 przez pa\u0144stwo rz\u0105dy wprowadzaj\u0105 wy\u0142\u0105cznie w krajach zachodnich, gdzie \u017cyje wi\u0119kszo\u015b\u0107 \u015bwiatowej mniejszo\u015bci. S\u0142owenia oficjalnie do\u0142\u0105cza do ruchu eutanazji S\u0142owenia przyj\u0119\u0142a ustaw\u0119 legalizuj\u0105c\u0105\" \/>\n\t<meta name=\"robots\" content=\"max-image-preview:large\" \/>\n\t<meta name=\"author\" content=\"trinity\"\/>\n\t<link rel=\"canonical\" href=\"https:\/\/wia.net.pl\/index.php\/2025\/07\/20\/slowenia-zatwierdzila-ustawe-legalizujaca-eutanazje\/\" \/>\n\t<meta name=\"generator\" content=\"All in One SEO (AIOSEO) 5.0.1.1\" \/>\n\t\t<meta property=\"og:locale\" content=\"pl_PL\" \/>\n\t\t<meta property=\"og:site_name\" content=\"Wolno\u015b\u0107 i Anarchia - Ka\u017cdy wewn\u0119trznie jest anarchist\u0105.\" \/>\n\t\t<meta property=\"og:type\" content=\"article\" \/>\n\t\t<meta property=\"og:title\" content=\"S\u0142owenia zatwierdzi\u0142a ustaw\u0119 legalizuj\u0105c\u0105 eutanazj\u0119 - Wolno\u015b\u0107 i Anarchia\" \/>\n\t\t<meta property=\"og:description\" content=\"Autorstwa Rhody Wilson na 19 lipca 2025 r The Expos\u00e9 S\u0142owenia sta\u0142a si\u0119 pierwszym krajem Europy Wschodniej, kt\u00f3ry zalegalizowa\u0142 wspomagane samob\u00f3jstwo dla doros\u0142ych os\u00f3b nieuleczalnie chorych. Wydaje si\u0119, \u017ce mo\u017cna zaobserwowa\u0107 pewien schemat: eutanazj\u0119 sponsorowan\u0105 przez pa\u0144stwo rz\u0105dy wprowadzaj\u0105 wy\u0142\u0105cznie w krajach zachodnich, gdzie \u017cyje wi\u0119kszo\u015b\u0107 \u015bwiatowej mniejszo\u015bci. S\u0142owenia oficjalnie do\u0142\u0105cza do ruchu eutanazji S\u0142owenia przyj\u0119\u0142a ustaw\u0119 legalizuj\u0105c\u0105\" \/>\n\t\t<meta property=\"og:url\" content=\"https:\/\/wia.net.pl\/index.php\/2025\/07\/20\/slowenia-zatwierdzila-ustawe-legalizujaca-eutanazje\/\" \/>\n\t\t<meta property=\"og:image\" content=\"https:\/\/wia.net.pl\/wp-content\/uploads\/2023\/11\/cropped-freedom-i73367.jpg\" \/>\n\t\t<meta property=\"og:image:secure_url\" content=\"https:\/\/wia.net.pl\/wp-content\/uploads\/2023\/11\/cropped-freedom-i73367.jpg\" \/>\n\t\t<meta property=\"article:published_time\" content=\"2025-07-20T08:29:46+00:00\" \/>\n\t\t<meta property=\"article:modified_time\" content=\"2025-07-20T08:29:47+00:00\" \/>\n\t\t<meta name=\"twitter:card\" content=\"summary_large_image\" \/>\n\t\t<meta name=\"twitter:title\" content=\"S\u0142owenia zatwierdzi\u0142a ustaw\u0119 legalizuj\u0105c\u0105 eutanazj\u0119 - Wolno\u015b\u0107 i Anarchia\" \/>\n\t\t<meta name=\"twitter:description\" content=\"Autorstwa Rhody Wilson na 19 lipca 2025 r The Expos\u00e9 S\u0142owenia sta\u0142a si\u0119 pierwszym krajem Europy Wschodniej, kt\u00f3ry zalegalizowa\u0142 wspomagane samob\u00f3jstwo dla doros\u0142ych os\u00f3b nieuleczalnie chorych. Wydaje si\u0119, \u017ce mo\u017cna zaobserwowa\u0107 pewien schemat: eutanazj\u0119 sponsorowan\u0105 przez pa\u0144stwo rz\u0105dy wprowadzaj\u0105 wy\u0142\u0105cznie w krajach zachodnich, gdzie \u017cyje wi\u0119kszo\u015b\u0107 \u015bwiatowej mniejszo\u015bci. S\u0142owenia oficjalnie do\u0142\u0105cza do ruchu eutanazji S\u0142owenia przyj\u0119\u0142a ustaw\u0119 legalizuj\u0105c\u0105\" \/>\n\t\t<meta name=\"twitter:image\" content=\"https:\/\/wia.net.pl\/wp-content\/uploads\/2023\/11\/cropped-freedom-i73367.jpg\" \/>\n\t\t<script type=\"application\/ld+json\" class=\"aioseo-schema\">\n\t\t\t{\"@context\":\"https:\\\/\\\/schema.org\",\"@graph\":[{\"@type\":\"BlogPosting\",\"@id\":\"https:\\\/\\\/wia.net.pl\\\/index.php\\\/2025\\\/07\\\/20\\\/slowenia-zatwierdzila-ustawe-legalizujaca-eutanazje\\\/#blogposting\",\"name\":\"S\\u0142owenia zatwierdzi\\u0142a ustaw\\u0119 legalizuj\\u0105c\\u0105 eutanazj\\u0119 - Wolno\\u015b\\u0107 i Anarchia\",\"headline\":\"S\\u0142owenia zatwierdzi\\u0142a ustaw\\u0119 legalizuj\\u0105c\\u0105 eutanazj\\u0119\",\"author\":{\"@id\":\"https:\\\/\\\/wia.net.pl\\\/index.php\\\/author\\\/trinity\\\/#author\"},\"publisher\":{\"@id\":\"https:\\\/\\\/wia.net.pl\\\/#person\"},\"image\":{\"@type\":\"ImageObject\",\"url\":\"https:\\\/\\\/wia.net.pl\\\/wp-content\\\/uploads\\\/2025\\\/07\\\/Slowenia-zatwierdzila-ustawe-legalizujaca-eutanazje.jpg\",\"width\":1920,\"height\":1080},\"datePublished\":\"2025-07-20T10:29:46+02:00\",\"dateModified\":\"2025-07-20T10:29:47+02:00\",\"inLanguage\":\"pl-PL\",\"mainEntityOfPage\":{\"@id\":\"https:\\\/\\\/wia.net.pl\\\/index.php\\\/2025\\\/07\\\/20\\\/slowenia-zatwierdzila-ustawe-legalizujaca-eutanazje\\\/#webpage\"},\"isPartOf\":{\"@id\":\"https:\\\/\\\/wia.net.pl\\\/index.php\\\/2025\\\/07\\\/20\\\/slowenia-zatwierdzila-ustawe-legalizujaca-eutanazje\\\/#webpage\"},\"articleSection\":\"Artyku\\u0142y\"},{\"@type\":\"BreadcrumbList\",\"@id\":\"https:\\\/\\\/wia.net.pl\\\/index.php\\\/2025\\\/07\\\/20\\\/slowenia-zatwierdzila-ustawe-legalizujaca-eutanazje\\\/#breadcrumblist\",\"itemListElement\":[{\"@type\":\"ListItem\",\"@id\":\"https:\\\/\\\/wia.net.pl#listItem\",\"position\":1,\"name\":\"Home\",\"item\":\"https:\\\/\\\/wia.net.pl\",\"nextItem\":{\"@type\":\"ListItem\",\"@id\":\"https:\\\/\\\/wia.net.pl\\\/index.php\\\/category\\\/artykuly\\\/#listItem\",\"name\":\"Artyku\\u0142y\"}},{\"@type\":\"ListItem\",\"@id\":\"https:\\\/\\\/wia.net.pl\\\/index.php\\\/category\\\/artykuly\\\/#listItem\",\"position\":2,\"name\":\"Artyku\\u0142y\",\"item\":\"https:\\\/\\\/wia.net.pl\\\/index.php\\\/category\\\/artykuly\\\/\",\"nextItem\":{\"@type\":\"ListItem\",\"@id\":\"https:\\\/\\\/wia.net.pl\\\/index.php\\\/2025\\\/07\\\/20\\\/slowenia-zatwierdzila-ustawe-legalizujaca-eutanazje\\\/#listItem\",\"name\":\"S\\u0142owenia zatwierdzi\\u0142a ustaw\\u0119 legalizuj\\u0105c\\u0105 eutanazj\\u0119\"},\"previousItem\":{\"@type\":\"ListItem\",\"@id\":\"https:\\\/\\\/wia.net.pl#listItem\",\"name\":\"Home\"}},{\"@type\":\"ListItem\",\"@id\":\"https:\\\/\\\/wia.net.pl\\\/index.php\\\/2025\\\/07\\\/20\\\/slowenia-zatwierdzila-ustawe-legalizujaca-eutanazje\\\/#listItem\",\"position\":3,\"name\":\"S\\u0142owenia zatwierdzi\\u0142a ustaw\\u0119 legalizuj\\u0105c\\u0105 eutanazj\\u0119\",\"previousItem\":{\"@type\":\"ListItem\",\"@id\":\"https:\\\/\\\/wia.net.pl\\\/index.php\\\/category\\\/artykuly\\\/#listItem\",\"name\":\"Artyku\\u0142y\"}}]},{\"@type\":\"Person\",\"@id\":\"https:\\\/\\\/wia.net.pl\\\/#person\",\"name\":\"Bart\\u0142omiej Talarczyk\",\"image\":{\"@type\":\"ImageObject\",\"@id\":\"https:\\\/\\\/wia.net.pl\\\/index.php\\\/2025\\\/07\\\/20\\\/slowenia-zatwierdzila-ustawe-legalizujaca-eutanazje\\\/#personImage\",\"url\":\"https:\\\/\\\/wia.net.pl\\\/wp-content\\\/uploads\\\/avatar-privacy\\\/cache\\\/user\\\/1\\\/7\\\/176a6b161c58363ff49b5c167264231f519f5c7fa183ca1f61e891769b6b56d5-96.jpg\",\"width\":96,\"height\":96,\"caption\":\"Bart\\u0142omiej Talarczyk\"}},{\"@type\":\"Person\",\"@id\":\"https:\\\/\\\/wia.net.pl\\\/index.php\\\/author\\\/trinity\\\/#author\",\"url\":\"https:\\\/\\\/wia.net.pl\\\/index.php\\\/author\\\/trinity\\\/\",\"name\":\"trinity\",\"image\":{\"@type\":\"ImageObject\",\"@id\":\"https:\\\/\\\/wia.net.pl\\\/index.php\\\/2025\\\/07\\\/20\\\/slowenia-zatwierdzila-ustawe-legalizujaca-eutanazje\\\/#authorImage\",\"url\":\"https:\\\/\\\/wia.net.pl\\\/wp-content\\\/uploads\\\/avatar-privacy\\\/cache\\\/user\\\/5\\\/f\\\/5f6547cf82495eaa10e100a6a45d5dbde2dfdc1be88557de2018fca705bdf6f1-96.jpg\",\"width\":96,\"height\":96,\"caption\":\"trinity\"}},{\"@type\":\"WebPage\",\"@id\":\"https:\\\/\\\/wia.net.pl\\\/index.php\\\/2025\\\/07\\\/20\\\/slowenia-zatwierdzila-ustawe-legalizujaca-eutanazje\\\/#webpage\",\"url\":\"https:\\\/\\\/wia.net.pl\\\/index.php\\\/2025\\\/07\\\/20\\\/slowenia-zatwierdzila-ustawe-legalizujaca-eutanazje\\\/\",\"name\":\"S\\u0142owenia zatwierdzi\\u0142a ustaw\\u0119 legalizuj\\u0105c\\u0105 eutanazj\\u0119 - Wolno\\u015b\\u0107 i Anarchia\",\"description\":\"Autorstwa Rhody Wilson na 19 lipca 2025 r The Expos\\u00e9 S\\u0142owenia sta\\u0142a si\\u0119 pierwszym krajem Europy Wschodniej, kt\\u00f3ry zalegalizowa\\u0142 wspomagane samob\\u00f3jstwo dla doros\\u0142ych os\\u00f3b nieuleczalnie chorych. Wydaje si\\u0119, \\u017ce mo\\u017cna zaobserwowa\\u0107 pewien schemat: eutanazj\\u0119 sponsorowan\\u0105 przez pa\\u0144stwo rz\\u0105dy wprowadzaj\\u0105 wy\\u0142\\u0105cznie w krajach zachodnich, gdzie \\u017cyje wi\\u0119kszo\\u015b\\u0107 \\u015bwiatowej mniejszo\\u015bci. S\\u0142owenia oficjalnie do\\u0142\\u0105cza do ruchu eutanazji S\\u0142owenia przyj\\u0119\\u0142a ustaw\\u0119 legalizuj\\u0105c\\u0105\",\"inLanguage\":\"pl-PL\",\"isPartOf\":{\"@id\":\"https:\\\/\\\/wia.net.pl\\\/#website\"},\"breadcrumb\":{\"@id\":\"https:\\\/\\\/wia.net.pl\\\/index.php\\\/2025\\\/07\\\/20\\\/slowenia-zatwierdzila-ustawe-legalizujaca-eutanazje\\\/#breadcrumblist\"},\"author\":{\"@id\":\"https:\\\/\\\/wia.net.pl\\\/index.php\\\/author\\\/trinity\\\/#author\"},\"creator\":{\"@id\":\"https:\\\/\\\/wia.net.pl\\\/index.php\\\/author\\\/trinity\\\/#author\"},\"image\":{\"@type\":\"ImageObject\",\"url\":\"https:\\\/\\\/wia.net.pl\\\/wp-content\\\/uploads\\\/2025\\\/07\\\/Slowenia-zatwierdzila-ustawe-legalizujaca-eutanazje.jpg\",\"@id\":\"https:\\\/\\\/wia.net.pl\\\/index.php\\\/2025\\\/07\\\/20\\\/slowenia-zatwierdzila-ustawe-legalizujaca-eutanazje\\\/#mainImage\",\"width\":1920,\"height\":1080},\"primaryImageOfPage\":{\"@id\":\"https:\\\/\\\/wia.net.pl\\\/index.php\\\/2025\\\/07\\\/20\\\/slowenia-zatwierdzila-ustawe-legalizujaca-eutanazje\\\/#mainImage\"},\"datePublished\":\"2025-07-20T10:29:46+02:00\",\"dateModified\":\"2025-07-20T10:29:47+02:00\"},{\"@type\":\"WebSite\",\"@id\":\"https:\\\/\\\/wia.net.pl\\\/#website\",\"url\":\"https:\\\/\\\/wia.net.pl\\\/\",\"name\":\"Wolno\\u015b\\u0107 i Anarchia\",\"description\":\"Ka\\u017cdy wewn\\u0119trznie jest anarchist\\u0105.\",\"inLanguage\":\"pl-PL\",\"publisher\":{\"@id\":\"https:\\\/\\\/wia.net.pl\\\/#person\"}}]}\n\t\t<\/script>\n\t\t<!-- All in One SEO -->\n\n","aioseo_head_json":{"title":"S\u0142owenia zatwierdzi\u0142a ustaw\u0119 legalizuj\u0105c\u0105 eutanazj\u0119 - Wolno\u015b\u0107 i Anarchia","description":"Autorstwa Rhody Wilson na 19 lipca 2025 r The Expos\u00e9 S\u0142owenia sta\u0142a si\u0119 pierwszym krajem Europy Wschodniej, kt\u00f3ry zalegalizowa\u0142 wspomagane samob\u00f3jstwo dla doros\u0142ych os\u00f3b nieuleczalnie chorych. Wydaje si\u0119, \u017ce mo\u017cna zaobserwowa\u0107 pewien schemat: eutanazj\u0119 sponsorowan\u0105 przez pa\u0144stwo rz\u0105dy wprowadzaj\u0105 wy\u0142\u0105cznie w krajach zachodnich, gdzie \u017cyje wi\u0119kszo\u015b\u0107 \u015bwiatowej mniejszo\u015bci. S\u0142owenia oficjalnie do\u0142\u0105cza do ruchu eutanazji S\u0142owenia przyj\u0119\u0142a ustaw\u0119 legalizuj\u0105c\u0105","canonical_url":"https:\/\/wia.net.pl\/index.php\/2025\/07\/20\/slowenia-zatwierdzila-ustawe-legalizujaca-eutanazje\/","robots":"max-image-preview:large","keywords":"","webmasterTools":{"miscellaneous":""},"schema":{"@context":"https:\/\/schema.org","@graph":[{"@type":"BlogPosting","@id":"https:\/\/wia.net.pl\/index.php\/2025\/07\/20\/slowenia-zatwierdzila-ustawe-legalizujaca-eutanazje\/#blogposting","name":"S\u0142owenia zatwierdzi\u0142a ustaw\u0119 legalizuj\u0105c\u0105 eutanazj\u0119 - Wolno\u015b\u0107 i Anarchia","headline":"S\u0142owenia zatwierdzi\u0142a ustaw\u0119 legalizuj\u0105c\u0105 eutanazj\u0119","author":{"@id":"https:\/\/wia.net.pl\/index.php\/author\/trinity\/#author"},"publisher":{"@id":"https:\/\/wia.net.pl\/#person"},"image":{"@type":"ImageObject","url":"https:\/\/wia.net.pl\/wp-content\/uploads\/2025\/07\/Slowenia-zatwierdzila-ustawe-legalizujaca-eutanazje.jpg","width":1920,"height":1080},"datePublished":"2025-07-20T10:29:46+02:00","dateModified":"2025-07-20T10:29:47+02:00","inLanguage":"pl-PL","mainEntityOfPage":{"@id":"https:\/\/wia.net.pl\/index.php\/2025\/07\/20\/slowenia-zatwierdzila-ustawe-legalizujaca-eutanazje\/#webpage"},"isPartOf":{"@id":"https:\/\/wia.net.pl\/index.php\/2025\/07\/20\/slowenia-zatwierdzila-ustawe-legalizujaca-eutanazje\/#webpage"},"articleSection":"Artyku\u0142y"},{"@type":"BreadcrumbList","@id":"https:\/\/wia.net.pl\/index.php\/2025\/07\/20\/slowenia-zatwierdzila-ustawe-legalizujaca-eutanazje\/#breadcrumblist","itemListElement":[{"@type":"ListItem","@id":"https:\/\/wia.net.pl#listItem","position":1,"name":"Home","item":"https:\/\/wia.net.pl","nextItem":{"@type":"ListItem","@id":"https:\/\/wia.net.pl\/index.php\/category\/artykuly\/#listItem","name":"Artyku\u0142y"}},{"@type":"ListItem","@id":"https:\/\/wia.net.pl\/index.php\/category\/artykuly\/#listItem","position":2,"name":"Artyku\u0142y","item":"https:\/\/wia.net.pl\/index.php\/category\/artykuly\/","nextItem":{"@type":"ListItem","@id":"https:\/\/wia.net.pl\/index.php\/2025\/07\/20\/slowenia-zatwierdzila-ustawe-legalizujaca-eutanazje\/#listItem","name":"S\u0142owenia zatwierdzi\u0142a ustaw\u0119 legalizuj\u0105c\u0105 eutanazj\u0119"},"previousItem":{"@type":"ListItem","@id":"https:\/\/wia.net.pl#listItem","name":"Home"}},{"@type":"ListItem","@id":"https:\/\/wia.net.pl\/index.php\/2025\/07\/20\/slowenia-zatwierdzila-ustawe-legalizujaca-eutanazje\/#listItem","position":3,"name":"S\u0142owenia zatwierdzi\u0142a ustaw\u0119 legalizuj\u0105c\u0105 eutanazj\u0119","previousItem":{"@type":"ListItem","@id":"https:\/\/wia.net.pl\/index.php\/category\/artykuly\/#listItem","name":"Artyku\u0142y"}}]},{"@type":"Person","@id":"https:\/\/wia.net.pl\/#person","name":"Bart\u0142omiej Talarczyk","image":{"@type":"ImageObject","@id":"https:\/\/wia.net.pl\/index.php\/2025\/07\/20\/slowenia-zatwierdzila-ustawe-legalizujaca-eutanazje\/#personImage","url":"https:\/\/wia.net.pl\/wp-content\/uploads\/avatar-privacy\/cache\/user\/1\/7\/176a6b161c58363ff49b5c167264231f519f5c7fa183ca1f61e891769b6b56d5-96.jpg","width":96,"height":96,"caption":"Bart\u0142omiej Talarczyk"}},{"@type":"Person","@id":"https:\/\/wia.net.pl\/index.php\/author\/trinity\/#author","url":"https:\/\/wia.net.pl\/index.php\/author\/trinity\/","name":"trinity","image":{"@type":"ImageObject","@id":"https:\/\/wia.net.pl\/index.php\/2025\/07\/20\/slowenia-zatwierdzila-ustawe-legalizujaca-eutanazje\/#authorImage","url":"https:\/\/wia.net.pl\/wp-content\/uploads\/avatar-privacy\/cache\/user\/5\/f\/5f6547cf82495eaa10e100a6a45d5dbde2dfdc1be88557de2018fca705bdf6f1-96.jpg","width":96,"height":96,"caption":"trinity"}},{"@type":"WebPage","@id":"https:\/\/wia.net.pl\/index.php\/2025\/07\/20\/slowenia-zatwierdzila-ustawe-legalizujaca-eutanazje\/#webpage","url":"https:\/\/wia.net.pl\/index.php\/2025\/07\/20\/slowenia-zatwierdzila-ustawe-legalizujaca-eutanazje\/","name":"S\u0142owenia zatwierdzi\u0142a ustaw\u0119 legalizuj\u0105c\u0105 eutanazj\u0119 - Wolno\u015b\u0107 i Anarchia","description":"Autorstwa Rhody Wilson na 19 lipca 2025 r The Expos\u00e9 S\u0142owenia sta\u0142a si\u0119 pierwszym krajem Europy Wschodniej, kt\u00f3ry zalegalizowa\u0142 wspomagane samob\u00f3jstwo dla doros\u0142ych os\u00f3b nieuleczalnie chorych. Wydaje si\u0119, \u017ce mo\u017cna zaobserwowa\u0107 pewien schemat: eutanazj\u0119 sponsorowan\u0105 przez pa\u0144stwo rz\u0105dy wprowadzaj\u0105 wy\u0142\u0105cznie w krajach zachodnich, gdzie \u017cyje wi\u0119kszo\u015b\u0107 \u015bwiatowej mniejszo\u015bci. S\u0142owenia oficjalnie do\u0142\u0105cza do ruchu eutanazji S\u0142owenia przyj\u0119\u0142a ustaw\u0119 legalizuj\u0105c\u0105","inLanguage":"pl-PL","isPartOf":{"@id":"https:\/\/wia.net.pl\/#website"},"breadcrumb":{"@id":"https:\/\/wia.net.pl\/index.php\/2025\/07\/20\/slowenia-zatwierdzila-ustawe-legalizujaca-eutanazje\/#breadcrumblist"},"author":{"@id":"https:\/\/wia.net.pl\/index.php\/author\/trinity\/#author"},"creator":{"@id":"https:\/\/wia.net.pl\/index.php\/author\/trinity\/#author"},"image":{"@type":"ImageObject","url":"https:\/\/wia.net.pl\/wp-content\/uploads\/2025\/07\/Slowenia-zatwierdzila-ustawe-legalizujaca-eutanazje.jpg","@id":"https:\/\/wia.net.pl\/index.php\/2025\/07\/20\/slowenia-zatwierdzila-ustawe-legalizujaca-eutanazje\/#mainImage","width":1920,"height":1080},"primaryImageOfPage":{"@id":"https:\/\/wia.net.pl\/index.php\/2025\/07\/20\/slowenia-zatwierdzila-ustawe-legalizujaca-eutanazje\/#mainImage"},"datePublished":"2025-07-20T10:29:46+02:00","dateModified":"2025-07-20T10:29:47+02:00"},{"@type":"WebSite","@id":"https:\/\/wia.net.pl\/#website","url":"https:\/\/wia.net.pl\/","name":"Wolno\u015b\u0107 i Anarchia","description":"Ka\u017cdy wewn\u0119trznie jest anarchist\u0105.","inLanguage":"pl-PL","publisher":{"@id":"https:\/\/wia.net.pl\/#person"}}]},"og:locale":"pl_PL","og:site_name":"Wolno\u015b\u0107 i Anarchia - Ka\u017cdy wewn\u0119trznie jest anarchist\u0105.","og:type":"article","og:title":"S\u0142owenia zatwierdzi\u0142a ustaw\u0119 legalizuj\u0105c\u0105 eutanazj\u0119 - Wolno\u015b\u0107 i Anarchia","og:description":"Autorstwa Rhody Wilson na 19 lipca 2025 r The Expos\u00e9 S\u0142owenia sta\u0142a si\u0119 pierwszym krajem Europy Wschodniej, kt\u00f3ry zalegalizowa\u0142 wspomagane samob\u00f3jstwo dla doros\u0142ych os\u00f3b nieuleczalnie chorych. Wydaje si\u0119, \u017ce mo\u017cna zaobserwowa\u0107 pewien schemat: eutanazj\u0119 sponsorowan\u0105 przez pa\u0144stwo rz\u0105dy wprowadzaj\u0105 wy\u0142\u0105cznie w krajach zachodnich, gdzie \u017cyje wi\u0119kszo\u015b\u0107 \u015bwiatowej mniejszo\u015bci. S\u0142owenia oficjalnie do\u0142\u0105cza do ruchu eutanazji S\u0142owenia przyj\u0119\u0142a ustaw\u0119 legalizuj\u0105c\u0105","og:url":"https:\/\/wia.net.pl\/index.php\/2025\/07\/20\/slowenia-zatwierdzila-ustawe-legalizujaca-eutanazje\/","og:image":"https:\/\/wia.net.pl\/wp-content\/uploads\/2023\/11\/cropped-freedom-i73367.jpg","og:image:secure_url":"https:\/\/wia.net.pl\/wp-content\/uploads\/2023\/11\/cropped-freedom-i73367.jpg","article:published_time":"2025-07-20T08:29:46+00:00","article:modified_time":"2025-07-20T08:29:47+00:00","twitter:card":"summary_large_image","twitter:title":"S\u0142owenia zatwierdzi\u0142a ustaw\u0119 legalizuj\u0105c\u0105 eutanazj\u0119 - Wolno\u015b\u0107 i Anarchia","twitter:description":"Autorstwa Rhody Wilson na 19 lipca 2025 r The Expos\u00e9 S\u0142owenia sta\u0142a si\u0119 pierwszym krajem Europy Wschodniej, kt\u00f3ry zalegalizowa\u0142 wspomagane samob\u00f3jstwo dla doros\u0142ych os\u00f3b nieuleczalnie chorych. Wydaje si\u0119, \u017ce mo\u017cna zaobserwowa\u0107 pewien schemat: eutanazj\u0119 sponsorowan\u0105 przez pa\u0144stwo rz\u0105dy wprowadzaj\u0105 wy\u0142\u0105cznie w krajach zachodnich, gdzie \u017cyje wi\u0119kszo\u015b\u0107 \u015bwiatowej mniejszo\u015bci. S\u0142owenia oficjalnie do\u0142\u0105cza do ruchu eutanazji S\u0142owenia przyj\u0119\u0142a ustaw\u0119 legalizuj\u0105c\u0105","twitter:image":"https:\/\/wia.net.pl\/wp-content\/uploads\/2023\/11\/cropped-freedom-i73367.jpg"},"aioseo_meta_data":{"post_id":"10406","title":null,"description":null,"keywords":null,"keyphrases":{"focus":[],"additional":[]},"primary_term":null,"canonical_url":null,"og_title":null,"og_description":null,"og_object_type":"default","og_image_type":"default","og_image_url":null,"og_image_width":null,"og_image_height":null,"og_image_custom_url":null,"og_image_custom_fields":null,"og_video":"","og_custom_url":null,"og_article_section":null,"og_article_tags":null,"twitter_use_og":false,"twitter_card":"default","twitter_image_type":"default","twitter_image_url":null,"twitter_image_custom_url":null,"twitter_image_custom_fields":null,"twitter_title":null,"twitter_description":null,"schema":{"blockGraphs":[],"customGraphs":[],"default":{"data":{"Article":[],"Course":[],"Dataset":[],"FAQPage":[],"Movie":[],"Person":[],"Product":[],"ProductReview":[],"Car":[],"Recipe":[],"Service":[],"SoftwareApplication":[],"WebPage":[]},"graphName":"BlogPosting","isEnabled":true},"graphs":[]},"schema_type":"default","schema_type_options":null,"pillar_content":false,"robots_default":true,"robots_noindex":false,"robots_noarchive":false,"robots_nosnippet":false,"robots_nofollow":false,"robots_noimageindex":false,"robots_noodp":false,"robots_notranslate":false,"robots_max_snippet":"-1","robots_max_videopreview":"-1","robots_max_imagepreview":"large","priority":null,"frequency":"default","local_seo":null,"breadcrumb_settings":null,"limit_modified_date":false,"ai":{"faqs":[],"keyPoints":[],"titles":[],"descriptions":[],"socialPosts":{"email":[],"linkedin":[],"twitter":[],"facebook":[],"instagram":[]}},"created":"2025-07-20 08:17:28","updated":"2026-08-17 14:52:25","seo_analyzer_scan_date":null,"focus_keyword":null,"additional_keywords":null,"truseo_locale":null},"aioseo_breadcrumb":"<div class=\"aioseo-breadcrumbs\"><span class=\"aioseo-breadcrumb\">\n\t\t\t<a href=\"https:\/\/wia.net.pl\" title=\"Home\">Home<\/a>\n\t\t<\/span><span class=\"aioseo-breadcrumb-separator\">&raquo;<\/span><span class=\"aioseo-breadcrumb\">\n\t\t\t<a href=\"https:\/\/wia.net.pl\/index.php\/category\/artykuly\/\" title=\"Artyku\u0142y\">Artyku\u0142y<\/a>\n\t\t<\/span><span class=\"aioseo-breadcrumb-separator\">&raquo;<\/span><span class=\"aioseo-breadcrumb\">\n\t\t\tS\u0142owenia zatwierdzi\u0142a ustaw\u0119 legalizuj\u0105c\u0105 eutanazj\u0119\n\t\t<\/span><\/div>","aioseo_breadcrumb_json":[{"label":"Home","link":"https:\/\/wia.net.pl"},{"label":"Artyku\u0142y","link":"https:\/\/wia.net.pl\/index.php\/category\/artykuly\/"},{"label":"S\u0142owenia zatwierdzi\u0142a ustaw\u0119 legalizuj\u0105c\u0105 eutanazj\u0119","link":"https:\/\/wia.net.pl\/index.php\/2025\/07\/20\/slowenia-zatwierdzila-ustawe-legalizujaca-eutanazje\/"}],"_links":{"self":[{"href":"https:\/\/wia.net.pl\/index.php\/wp-json\/wp\/v2\/posts\/10406"}],"collection":[{"href":"https:\/\/wia.net.pl\/index.php\/wp-json\/wp\/v2\/posts"}],"about":[{"href":"https:\/\/wia.net.pl\/index.php\/wp-json\/wp\/v2\/types\/post"}],"author":[{"embeddable":true,"href":"https:\/\/wia.net.pl\/index.php\/wp-json\/wp\/v2\/users\/2"}],"replies":[{"embeddable":true,"href":"https:\/\/wia.net.pl\/index.php\/wp-json\/wp\/v2\/comments?post=10406"}],"version-history":[{"count":2,"href":"https:\/\/wia.net.pl\/index.php\/wp-json\/wp\/v2\/posts\/10406\/revisions"}],"predecessor-version":[{"id":10409,"href":"https:\/\/wia.net.pl\/index.php\/wp-json\/wp\/v2\/posts\/10406\/revisions\/10409"}],"wp:featuredmedia":[{"embeddable":true,"href":"https:\/\/wia.net.pl\/index.php\/wp-json\/wp\/v2\/media\/10408"}],"wp:attachment":[{"href":"https:\/\/wia.net.pl\/index.php\/wp-json\/wp\/v2\/media?parent=10406"}],"wp:term":[{"taxonomy":"category","embeddable":true,"href":"https:\/\/wia.net.pl\/index.php\/wp-json\/wp\/v2\/categories?post=10406"},{"taxonomy":"post_tag","embeddable":true,"href":"https:\/\/wia.net.pl\/index.php\/wp-json\/wp\/v2\/tags?post=10406"}],"curies":[{"name":"wp","href":"https:\/\/api.w.org\/{rel}","templated":true}]}}