{"id":10480,"date":"2025-08-02T23:16:56","date_gmt":"2025-08-02T21:16:56","guid":{"rendered":"https:\/\/wia.net.pl\/?p=10480"},"modified":"2026-01-22T01:54:49","modified_gmt":"2026-01-22T00:54:49","slug":"obrocili-nas-przeciwko-sobie-abysmy-nie-obrocili-sie-przeciw-nim","status":"publish","type":"post","link":"https:\/\/wia.net.pl\/index.php\/2025\/08\/02\/obrocili-nas-przeciwko-sobie-abysmy-nie-obrocili-sie-przeciw-nim\/","title":{"rendered":"Obr\u00f3cili nas przeciwko sobie, aby\u015bmy nie obr\u00f3cili si\u0119 przeciw nim"},"content":{"rendered":"\n<p><br>Opowie\u015b\u0107 o tym, jak przez wieki elity u\u017cywa\u0142y \u015bwiatopogl\u0105du do kontroli \u2013 i jak anarchia mo\u017ce sta\u0107 si\u0119 odpowiedzi\u0105.<\/p>\n\n\n\n<p>Opracowanie w\u0142asne.<\/p>\n\n\n\n<figure class=\"wp-block-video\"><video controls poster=\"https:\/\/wia.net.pl\/wp-content\/uploads\/2025\/08\/Obrocili-nas-przeciwko-sobie-abysmy-nie-obrocili-sie-przeciw-nim.jpg\" src=\"https:\/\/wia.net.pl\/wp-content\/uploads\/2025\/08\/Obrocili-nas-przeciwko-sobie-abysmy-nie-obrocili-sie-przeciw-nim.mp4\"><\/video><\/figure>\n","protected":false},"excerpt":{"rendered":"<p>Opowie\u015b\u0107 o tym, jak przez wieki elity u\u017cywa\u0142y \u015bwiatopogl\u0105du do kontroli \u2013 i jak anarchia mo\u017ce sta\u0107 si\u0119 odpowiedzi\u0105. Opracowanie w\u0142asne.<\/p>\n","protected":false},"author":3,"featured_media":10481,"comment_status":"open","ping_status":"open","sticky":false,"template":"","format":"standard","meta":{"_acf_changed":false,"_bbp_topic_count":0,"_bbp_reply_count":0,"_bbp_total_topic_count":0,"_bbp_total_reply_count":0,"_bbp_voice_count":0,"_bbp_anonymous_reply_count":0,"_bbp_topic_count_hidden":0,"_bbp_reply_count_hidden":0,"_bbp_forum_subforum_count":0,"om_disable_all_campaigns":false,"_monsterinsights_skip_tracking":false,"footnotes":""},"categories":[13,16],"tags":[68,63,42,71,26,23,32,22,70,62],"class_list":["post-10480","post","type-post","status-publish","format-standard","has-post-thumbnail","hentry","category-prawdaoswiecie","category-prawonaturalne","tag-cesarstwo-rzymskie","tag-historia-ziemi","tag-illuminati","tag-kosciol-katolicki","tag-ludzkosc","tag-niewolnictwo","tag-rzad","tag-satanizm","tag-tajne-stowarzyszenia","tag-wszechswiat"],"acf":[],"aioseo_notices":[],"aioseo_head":"\n\t\t<!-- All in One SEO 5.0.1.1 - aioseo.com -->\n\t<meta name=\"description\" content=\"Opowie\u015b\u0107 o tym, jak przez wieki elity u\u017cywa\u0142y \u015bwiatopogl\u0105du do kontroli \u2013 i jak anarchia mo\u017ce sta\u0107 si\u0119 odpowiedzi\u0105. Opracowanie w\u0142asne.\" \/>\n\t<meta name=\"robots\" content=\"max-image-preview:large\" \/>\n\t<meta name=\"author\" content=\"Bart\u0142omiej Talarczyk\"\/>\n\t<link rel=\"canonical\" href=\"https:\/\/wia.net.pl\/index.php\/2025\/08\/02\/obrocili-nas-przeciwko-sobie-abysmy-nie-obrocili-sie-przeciw-nim\/\" \/>\n\t<meta name=\"generator\" content=\"All in One SEO (AIOSEO) 5.0.1.1\" \/>\n\t\t<meta property=\"og:locale\" content=\"pl_PL\" \/>\n\t\t<meta property=\"og:site_name\" content=\"Wolno\u015b\u0107 i Anarchia - Ka\u017cdy wewn\u0119trznie jest anarchist\u0105.\" \/>\n\t\t<meta property=\"og:type\" content=\"article\" \/>\n\t\t<meta property=\"og:title\" content=\"Obr\u00f3cili nas przeciwko sobie, aby\u015bmy nie obr\u00f3cili si\u0119 przeciw nim - Wolno\u015b\u0107 i Anarchia\" \/>\n\t\t<meta property=\"og:description\" content=\"Opowie\u015b\u0107 o tym, jak przez wieki elity u\u017cywa\u0142y \u015bwiatopogl\u0105du do kontroli \u2013 i jak anarchia mo\u017ce sta\u0107 si\u0119 odpowiedzi\u0105. Opracowanie w\u0142asne.\" \/>\n\t\t<meta property=\"og:url\" content=\"https:\/\/wia.net.pl\/index.php\/2025\/08\/02\/obrocili-nas-przeciwko-sobie-abysmy-nie-obrocili-sie-przeciw-nim\/\" \/>\n\t\t<meta property=\"og:image\" content=\"https:\/\/wia.net.pl\/wp-content\/uploads\/2023\/11\/cropped-freedom-i73367.jpg\" \/>\n\t\t<meta property=\"og:image:secure_url\" content=\"https:\/\/wia.net.pl\/wp-content\/uploads\/2023\/11\/cropped-freedom-i73367.jpg\" \/>\n\t\t<meta property=\"article:published_time\" content=\"2025-08-02T21:16:56+00:00\" \/>\n\t\t<meta property=\"article:modified_time\" content=\"2026-01-22T00:54:49+00:00\" \/>\n\t\t<meta name=\"twitter:card\" content=\"summary_large_image\" \/>\n\t\t<meta name=\"twitter:title\" content=\"Obr\u00f3cili nas przeciwko sobie, aby\u015bmy nie obr\u00f3cili si\u0119 przeciw nim - Wolno\u015b\u0107 i Anarchia\" \/>\n\t\t<meta name=\"twitter:description\" content=\"Opowie\u015b\u0107 o tym, jak przez wieki elity u\u017cywa\u0142y \u015bwiatopogl\u0105du do kontroli \u2013 i jak anarchia mo\u017ce sta\u0107 si\u0119 odpowiedzi\u0105. Opracowanie w\u0142asne.\" \/>\n\t\t<meta name=\"twitter:image\" content=\"https:\/\/wia.net.pl\/wp-content\/uploads\/2023\/11\/cropped-freedom-i73367.jpg\" \/>\n\t\t<script type=\"application\/ld+json\" class=\"aioseo-schema\">\n\t\t\t{\"@context\":\"https:\\\/\\\/schema.org\",\"@graph\":[{\"@type\":\"BlogPosting\",\"@id\":\"https:\\\/\\\/wia.net.pl\\\/index.php\\\/2025\\\/08\\\/02\\\/obrocili-nas-przeciwko-sobie-abysmy-nie-obrocili-sie-przeciw-nim\\\/#blogposting\",\"name\":\"Obr\\u00f3cili nas przeciwko sobie, aby\\u015bmy nie obr\\u00f3cili si\\u0119 przeciw nim - Wolno\\u015b\\u0107 i Anarchia\",\"headline\":\"Obr\\u00f3cili nas przeciwko sobie, aby\\u015bmy nie obr\\u00f3cili si\\u0119 przeciw nim\",\"author\":{\"@id\":\"https:\\\/\\\/wia.net.pl\\\/index.php\\\/author\\\/talar\\\/#author\"},\"publisher\":{\"@id\":\"https:\\\/\\\/wia.net.pl\\\/#person\"},\"image\":{\"@type\":\"ImageObject\",\"url\":\"https:\\\/\\\/wia.net.pl\\\/wp-content\\\/uploads\\\/2025\\\/08\\\/Obrocili-nas-przeciwko-sobie-abysmy-nie-obrocili-sie-przeciw-nim.jpg\",\"width\":1920,\"height\":1080},\"datePublished\":\"2025-08-02T23:16:56+02:00\",\"dateModified\":\"2026-01-22T01:54:49+01:00\",\"inLanguage\":\"pl-PL\",\"mainEntityOfPage\":{\"@id\":\"https:\\\/\\\/wia.net.pl\\\/index.php\\\/2025\\\/08\\\/02\\\/obrocili-nas-przeciwko-sobie-abysmy-nie-obrocili-sie-przeciw-nim\\\/#webpage\"},\"isPartOf\":{\"@id\":\"https:\\\/\\\/wia.net.pl\\\/index.php\\\/2025\\\/08\\\/02\\\/obrocili-nas-przeciwko-sobie-abysmy-nie-obrocili-sie-przeciw-nim\\\/#webpage\"},\"articleSection\":\"Prawda o \\u015bwiecie, Prawo naturalne, Cesarstwo Rzymskie, Historia ziemi, Illuminati, Ko\\u015bci\\u00f3\\u0142 katolicki, Ludzko\\u015b\\u0107, Niewolnictwo, Rz\\u0105d, Satanizm, Tajne stowarzyszenia, Wszech\\u015bwiat\"},{\"@type\":\"BreadcrumbList\",\"@id\":\"https:\\\/\\\/wia.net.pl\\\/index.php\\\/2025\\\/08\\\/02\\\/obrocili-nas-przeciwko-sobie-abysmy-nie-obrocili-sie-przeciw-nim\\\/#breadcrumblist\",\"itemListElement\":[{\"@type\":\"ListItem\",\"@id\":\"https:\\\/\\\/wia.net.pl#listItem\",\"position\":1,\"name\":\"Home\",\"item\":\"https:\\\/\\\/wia.net.pl\",\"nextItem\":{\"@type\":\"ListItem\",\"@id\":\"https:\\\/\\\/wia.net.pl\\\/index.php\\\/category\\\/prawdaoswiecie\\\/#listItem\",\"name\":\"Prawda o \\u015bwiecie\"}},{\"@type\":\"ListItem\",\"@id\":\"https:\\\/\\\/wia.net.pl\\\/index.php\\\/category\\\/prawdaoswiecie\\\/#listItem\",\"position\":2,\"name\":\"Prawda o \\u015bwiecie\",\"item\":\"https:\\\/\\\/wia.net.pl\\\/index.php\\\/category\\\/prawdaoswiecie\\\/\",\"nextItem\":{\"@type\":\"ListItem\",\"@id\":\"https:\\\/\\\/wia.net.pl\\\/index.php\\\/2025\\\/08\\\/02\\\/obrocili-nas-przeciwko-sobie-abysmy-nie-obrocili-sie-przeciw-nim\\\/#listItem\",\"name\":\"Obr\\u00f3cili nas przeciwko sobie, aby\\u015bmy nie obr\\u00f3cili si\\u0119 przeciw nim\"},\"previousItem\":{\"@type\":\"ListItem\",\"@id\":\"https:\\\/\\\/wia.net.pl#listItem\",\"name\":\"Home\"}},{\"@type\":\"ListItem\",\"@id\":\"https:\\\/\\\/wia.net.pl\\\/index.php\\\/2025\\\/08\\\/02\\\/obrocili-nas-przeciwko-sobie-abysmy-nie-obrocili-sie-przeciw-nim\\\/#listItem\",\"position\":3,\"name\":\"Obr\\u00f3cili nas przeciwko sobie, aby\\u015bmy nie obr\\u00f3cili si\\u0119 przeciw nim\",\"previousItem\":{\"@type\":\"ListItem\",\"@id\":\"https:\\\/\\\/wia.net.pl\\\/index.php\\\/category\\\/prawdaoswiecie\\\/#listItem\",\"name\":\"Prawda o \\u015bwiecie\"}}]},{\"@type\":\"Person\",\"@id\":\"https:\\\/\\\/wia.net.pl\\\/#person\",\"name\":\"Bart\\u0142omiej Talarczyk\",\"image\":{\"@type\":\"ImageObject\",\"@id\":\"https:\\\/\\\/wia.net.pl\\\/index.php\\\/2025\\\/08\\\/02\\\/obrocili-nas-przeciwko-sobie-abysmy-nie-obrocili-sie-przeciw-nim\\\/#personImage\",\"url\":\"https:\\\/\\\/wia.net.pl\\\/wp-content\\\/uploads\\\/avatar-privacy\\\/cache\\\/user\\\/1\\\/7\\\/176a6b161c58363ff49b5c167264231f519f5c7fa183ca1f61e891769b6b56d5-96.jpg\",\"width\":96,\"height\":96,\"caption\":\"Bart\\u0142omiej Talarczyk\"}},{\"@type\":\"Person\",\"@id\":\"https:\\\/\\\/wia.net.pl\\\/index.php\\\/author\\\/talar\\\/#author\",\"url\":\"https:\\\/\\\/wia.net.pl\\\/index.php\\\/author\\\/talar\\\/\",\"name\":\"Bart\\u0142omiej Talarczyk\",\"image\":{\"@type\":\"ImageObject\",\"@id\":\"https:\\\/\\\/wia.net.pl\\\/index.php\\\/2025\\\/08\\\/02\\\/obrocili-nas-przeciwko-sobie-abysmy-nie-obrocili-sie-przeciw-nim\\\/#authorImage\",\"url\":\"https:\\\/\\\/wia.net.pl\\\/wp-content\\\/uploads\\\/avatar-privacy\\\/cache\\\/user\\\/1\\\/7\\\/176a6b161c58363ff49b5c167264231f519f5c7fa183ca1f61e891769b6b56d5-96.jpg\",\"width\":96,\"height\":96,\"caption\":\"Bart\\u0142omiej Talarczyk\"}},{\"@type\":\"WebPage\",\"@id\":\"https:\\\/\\\/wia.net.pl\\\/index.php\\\/2025\\\/08\\\/02\\\/obrocili-nas-przeciwko-sobie-abysmy-nie-obrocili-sie-przeciw-nim\\\/#webpage\",\"url\":\"https:\\\/\\\/wia.net.pl\\\/index.php\\\/2025\\\/08\\\/02\\\/obrocili-nas-przeciwko-sobie-abysmy-nie-obrocili-sie-przeciw-nim\\\/\",\"name\":\"Obr\\u00f3cili nas przeciwko sobie, aby\\u015bmy nie obr\\u00f3cili si\\u0119 przeciw nim - Wolno\\u015b\\u0107 i Anarchia\",\"description\":\"Opowie\\u015b\\u0107 o tym, jak przez wieki elity u\\u017cywa\\u0142y \\u015bwiatopogl\\u0105du do kontroli \\u2013 i jak anarchia mo\\u017ce sta\\u0107 si\\u0119 odpowiedzi\\u0105. Opracowanie w\\u0142asne.\",\"inLanguage\":\"pl-PL\",\"isPartOf\":{\"@id\":\"https:\\\/\\\/wia.net.pl\\\/#website\"},\"breadcrumb\":{\"@id\":\"https:\\\/\\\/wia.net.pl\\\/index.php\\\/2025\\\/08\\\/02\\\/obrocili-nas-przeciwko-sobie-abysmy-nie-obrocili-sie-przeciw-nim\\\/#breadcrumblist\"},\"author\":{\"@id\":\"https:\\\/\\\/wia.net.pl\\\/index.php\\\/author\\\/talar\\\/#author\"},\"creator\":{\"@id\":\"https:\\\/\\\/wia.net.pl\\\/index.php\\\/author\\\/talar\\\/#author\"},\"image\":{\"@type\":\"ImageObject\",\"url\":\"https:\\\/\\\/wia.net.pl\\\/wp-content\\\/uploads\\\/2025\\\/08\\\/Obrocili-nas-przeciwko-sobie-abysmy-nie-obrocili-sie-przeciw-nim.jpg\",\"@id\":\"https:\\\/\\\/wia.net.pl\\\/index.php\\\/2025\\\/08\\\/02\\\/obrocili-nas-przeciwko-sobie-abysmy-nie-obrocili-sie-przeciw-nim\\\/#mainImage\",\"width\":1920,\"height\":1080},\"primaryImageOfPage\":{\"@id\":\"https:\\\/\\\/wia.net.pl\\\/index.php\\\/2025\\\/08\\\/02\\\/obrocili-nas-przeciwko-sobie-abysmy-nie-obrocili-sie-przeciw-nim\\\/#mainImage\"},\"datePublished\":\"2025-08-02T23:16:56+02:00\",\"dateModified\":\"2026-01-22T01:54:49+01:00\"},{\"@type\":\"WebSite\",\"@id\":\"https:\\\/\\\/wia.net.pl\\\/#website\",\"url\":\"https:\\\/\\\/wia.net.pl\\\/\",\"name\":\"Wolno\\u015b\\u0107 i Anarchia\",\"description\":\"Ka\\u017cdy wewn\\u0119trznie jest anarchist\\u0105.\",\"inLanguage\":\"pl-PL\",\"publisher\":{\"@id\":\"https:\\\/\\\/wia.net.pl\\\/#person\"}}]}\n\t\t<\/script>\n\t\t<!-- All in One SEO -->\n\n","aioseo_head_json":{"title":"Obr\u00f3cili nas przeciwko sobie, aby\u015bmy nie obr\u00f3cili si\u0119 przeciw nim - Wolno\u015b\u0107 i Anarchia","description":"Opowie\u015b\u0107 o tym, jak przez wieki elity u\u017cywa\u0142y \u015bwiatopogl\u0105du do kontroli \u2013 i jak anarchia mo\u017ce sta\u0107 si\u0119 odpowiedzi\u0105. Opracowanie w\u0142asne.","canonical_url":"https:\/\/wia.net.pl\/index.php\/2025\/08\/02\/obrocili-nas-przeciwko-sobie-abysmy-nie-obrocili-sie-przeciw-nim\/","robots":"max-image-preview:large","keywords":"","webmasterTools":{"miscellaneous":""},"schema":{"@context":"https:\/\/schema.org","@graph":[{"@type":"BlogPosting","@id":"https:\/\/wia.net.pl\/index.php\/2025\/08\/02\/obrocili-nas-przeciwko-sobie-abysmy-nie-obrocili-sie-przeciw-nim\/#blogposting","name":"Obr\u00f3cili nas przeciwko sobie, aby\u015bmy nie obr\u00f3cili si\u0119 przeciw nim - Wolno\u015b\u0107 i Anarchia","headline":"Obr\u00f3cili nas przeciwko sobie, aby\u015bmy nie obr\u00f3cili si\u0119 przeciw nim","author":{"@id":"https:\/\/wia.net.pl\/index.php\/author\/talar\/#author"},"publisher":{"@id":"https:\/\/wia.net.pl\/#person"},"image":{"@type":"ImageObject","url":"https:\/\/wia.net.pl\/wp-content\/uploads\/2025\/08\/Obrocili-nas-przeciwko-sobie-abysmy-nie-obrocili-sie-przeciw-nim.jpg","width":1920,"height":1080},"datePublished":"2025-08-02T23:16:56+02:00","dateModified":"2026-01-22T01:54:49+01:00","inLanguage":"pl-PL","mainEntityOfPage":{"@id":"https:\/\/wia.net.pl\/index.php\/2025\/08\/02\/obrocili-nas-przeciwko-sobie-abysmy-nie-obrocili-sie-przeciw-nim\/#webpage"},"isPartOf":{"@id":"https:\/\/wia.net.pl\/index.php\/2025\/08\/02\/obrocili-nas-przeciwko-sobie-abysmy-nie-obrocili-sie-przeciw-nim\/#webpage"},"articleSection":"Prawda o \u015bwiecie, Prawo naturalne, Cesarstwo Rzymskie, Historia ziemi, Illuminati, Ko\u015bci\u00f3\u0142 katolicki, Ludzko\u015b\u0107, Niewolnictwo, Rz\u0105d, Satanizm, Tajne stowarzyszenia, Wszech\u015bwiat"},{"@type":"BreadcrumbList","@id":"https:\/\/wia.net.pl\/index.php\/2025\/08\/02\/obrocili-nas-przeciwko-sobie-abysmy-nie-obrocili-sie-przeciw-nim\/#breadcrumblist","itemListElement":[{"@type":"ListItem","@id":"https:\/\/wia.net.pl#listItem","position":1,"name":"Home","item":"https:\/\/wia.net.pl","nextItem":{"@type":"ListItem","@id":"https:\/\/wia.net.pl\/index.php\/category\/prawdaoswiecie\/#listItem","name":"Prawda o \u015bwiecie"}},{"@type":"ListItem","@id":"https:\/\/wia.net.pl\/index.php\/category\/prawdaoswiecie\/#listItem","position":2,"name":"Prawda o \u015bwiecie","item":"https:\/\/wia.net.pl\/index.php\/category\/prawdaoswiecie\/","nextItem":{"@type":"ListItem","@id":"https:\/\/wia.net.pl\/index.php\/2025\/08\/02\/obrocili-nas-przeciwko-sobie-abysmy-nie-obrocili-sie-przeciw-nim\/#listItem","name":"Obr\u00f3cili nas przeciwko sobie, aby\u015bmy nie obr\u00f3cili si\u0119 przeciw nim"},"previousItem":{"@type":"ListItem","@id":"https:\/\/wia.net.pl#listItem","name":"Home"}},{"@type":"ListItem","@id":"https:\/\/wia.net.pl\/index.php\/2025\/08\/02\/obrocili-nas-przeciwko-sobie-abysmy-nie-obrocili-sie-przeciw-nim\/#listItem","position":3,"name":"Obr\u00f3cili nas przeciwko sobie, aby\u015bmy nie obr\u00f3cili si\u0119 przeciw nim","previousItem":{"@type":"ListItem","@id":"https:\/\/wia.net.pl\/index.php\/category\/prawdaoswiecie\/#listItem","name":"Prawda o \u015bwiecie"}}]},{"@type":"Person","@id":"https:\/\/wia.net.pl\/#person","name":"Bart\u0142omiej Talarczyk","image":{"@type":"ImageObject","@id":"https:\/\/wia.net.pl\/index.php\/2025\/08\/02\/obrocili-nas-przeciwko-sobie-abysmy-nie-obrocili-sie-przeciw-nim\/#personImage","url":"https:\/\/wia.net.pl\/wp-content\/uploads\/avatar-privacy\/cache\/user\/1\/7\/176a6b161c58363ff49b5c167264231f519f5c7fa183ca1f61e891769b6b56d5-96.jpg","width":96,"height":96,"caption":"Bart\u0142omiej Talarczyk"}},{"@type":"Person","@id":"https:\/\/wia.net.pl\/index.php\/author\/talar\/#author","url":"https:\/\/wia.net.pl\/index.php\/author\/talar\/","name":"Bart\u0142omiej Talarczyk","image":{"@type":"ImageObject","@id":"https:\/\/wia.net.pl\/index.php\/2025\/08\/02\/obrocili-nas-przeciwko-sobie-abysmy-nie-obrocili-sie-przeciw-nim\/#authorImage","url":"https:\/\/wia.net.pl\/wp-content\/uploads\/avatar-privacy\/cache\/user\/1\/7\/176a6b161c58363ff49b5c167264231f519f5c7fa183ca1f61e891769b6b56d5-96.jpg","width":96,"height":96,"caption":"Bart\u0142omiej Talarczyk"}},{"@type":"WebPage","@id":"https:\/\/wia.net.pl\/index.php\/2025\/08\/02\/obrocili-nas-przeciwko-sobie-abysmy-nie-obrocili-sie-przeciw-nim\/#webpage","url":"https:\/\/wia.net.pl\/index.php\/2025\/08\/02\/obrocili-nas-przeciwko-sobie-abysmy-nie-obrocili-sie-przeciw-nim\/","name":"Obr\u00f3cili nas przeciwko sobie, aby\u015bmy nie obr\u00f3cili si\u0119 przeciw nim - Wolno\u015b\u0107 i Anarchia","description":"Opowie\u015b\u0107 o tym, jak przez wieki elity u\u017cywa\u0142y \u015bwiatopogl\u0105du do kontroli \u2013 i jak anarchia mo\u017ce sta\u0107 si\u0119 odpowiedzi\u0105. Opracowanie w\u0142asne.","inLanguage":"pl-PL","isPartOf":{"@id":"https:\/\/wia.net.pl\/#website"},"breadcrumb":{"@id":"https:\/\/wia.net.pl\/index.php\/2025\/08\/02\/obrocili-nas-przeciwko-sobie-abysmy-nie-obrocili-sie-przeciw-nim\/#breadcrumblist"},"author":{"@id":"https:\/\/wia.net.pl\/index.php\/author\/talar\/#author"},"creator":{"@id":"https:\/\/wia.net.pl\/index.php\/author\/talar\/#author"},"image":{"@type":"ImageObject","url":"https:\/\/wia.net.pl\/wp-content\/uploads\/2025\/08\/Obrocili-nas-przeciwko-sobie-abysmy-nie-obrocili-sie-przeciw-nim.jpg","@id":"https:\/\/wia.net.pl\/index.php\/2025\/08\/02\/obrocili-nas-przeciwko-sobie-abysmy-nie-obrocili-sie-przeciw-nim\/#mainImage","width":1920,"height":1080},"primaryImageOfPage":{"@id":"https:\/\/wia.net.pl\/index.php\/2025\/08\/02\/obrocili-nas-przeciwko-sobie-abysmy-nie-obrocili-sie-przeciw-nim\/#mainImage"},"datePublished":"2025-08-02T23:16:56+02:00","dateModified":"2026-01-22T01:54:49+01:00"},{"@type":"WebSite","@id":"https:\/\/wia.net.pl\/#website","url":"https:\/\/wia.net.pl\/","name":"Wolno\u015b\u0107 i Anarchia","description":"Ka\u017cdy wewn\u0119trznie jest anarchist\u0105.","inLanguage":"pl-PL","publisher":{"@id":"https:\/\/wia.net.pl\/#person"}}]},"og:locale":"pl_PL","og:site_name":"Wolno\u015b\u0107 i Anarchia - Ka\u017cdy wewn\u0119trznie jest anarchist\u0105.","og:type":"article","og:title":"Obr\u00f3cili nas przeciwko sobie, aby\u015bmy nie obr\u00f3cili si\u0119 przeciw nim - Wolno\u015b\u0107 i Anarchia","og:description":"Opowie\u015b\u0107 o tym, jak przez wieki elity u\u017cywa\u0142y \u015bwiatopogl\u0105du do kontroli \u2013 i jak anarchia mo\u017ce sta\u0107 si\u0119 odpowiedzi\u0105. Opracowanie w\u0142asne.","og:url":"https:\/\/wia.net.pl\/index.php\/2025\/08\/02\/obrocili-nas-przeciwko-sobie-abysmy-nie-obrocili-sie-przeciw-nim\/","og:image":"https:\/\/wia.net.pl\/wp-content\/uploads\/2023\/11\/cropped-freedom-i73367.jpg","og:image:secure_url":"https:\/\/wia.net.pl\/wp-content\/uploads\/2023\/11\/cropped-freedom-i73367.jpg","article:published_time":"2025-08-02T21:16:56+00:00","article:modified_time":"2026-01-22T00:54:49+00:00","twitter:card":"summary_large_image","twitter:title":"Obr\u00f3cili nas przeciwko sobie, aby\u015bmy nie obr\u00f3cili si\u0119 przeciw nim - Wolno\u015b\u0107 i Anarchia","twitter:description":"Opowie\u015b\u0107 o tym, jak przez wieki elity u\u017cywa\u0142y \u015bwiatopogl\u0105du do kontroli \u2013 i jak anarchia mo\u017ce sta\u0107 si\u0119 odpowiedzi\u0105. Opracowanie w\u0142asne.","twitter:image":"https:\/\/wia.net.pl\/wp-content\/uploads\/2023\/11\/cropped-freedom-i73367.jpg"},"aioseo_meta_data":{"post_id":"10480","title":null,"description":null,"keywords":null,"keyphrases":{"focus":{"keyphrase":"","score":0,"analysis":{"keyphraseInTitle":{"score":0,"maxScore":9,"error":1}}},"additional":[]},"primary_term":null,"canonical_url":null,"og_title":null,"og_description":null,"og_object_type":"default","og_image_type":"default","og_image_url":null,"og_image_width":null,"og_image_height":null,"og_image_custom_url":null,"og_image_custom_fields":null,"og_video":"","og_custom_url":null,"og_article_section":null,"og_article_tags":null,"twitter_use_og":false,"twitter_card":"default","twitter_image_type":"default","twitter_image_url":null,"twitter_image_custom_url":null,"twitter_image_custom_fields":null,"twitter_title":null,"twitter_description":null,"schema":{"blockGraphs":[],"customGraphs":[],"default":{"data":{"Article":[],"Course":[],"Dataset":[],"FAQPage":[],"Movie":[],"Person":[],"Product":[],"ProductReview":[],"Car":[],"Recipe":[],"Service":[],"SoftwareApplication":[],"WebPage":[]},"graphName":"BlogPosting","isEnabled":true},"graphs":[]},"schema_type":"default","schema_type_options":null,"pillar_content":false,"robots_default":true,"robots_noindex":false,"robots_noarchive":false,"robots_nosnippet":false,"robots_nofollow":false,"robots_noimageindex":false,"robots_noodp":false,"robots_notranslate":false,"robots_max_snippet":"-1","robots_max_videopreview":"-1","robots_max_imagepreview":"large","priority":null,"frequency":"default","local_seo":null,"breadcrumb_settings":null,"limit_modified_date":false,"ai":{"faqs":[],"keyPoints":[],"titles":[],"descriptions":[],"socialPosts":{"email":[],"linkedin":[],"twitter":[],"facebook":[],"instagram":[]}},"created":"2025-08-02 21:16:57","updated":"2026-01-22 01:04:22","seo_analyzer_scan_date":null,"focus_keyword":null,"additional_keywords":null,"truseo_locale":null},"aioseo_breadcrumb":"<div class=\"aioseo-breadcrumbs\"><span class=\"aioseo-breadcrumb\">\n\t\t\t<a href=\"https:\/\/wia.net.pl\" title=\"Home\">Home<\/a>\n\t\t<\/span><span class=\"aioseo-breadcrumb-separator\">&raquo;<\/span><span class=\"aioseo-breadcrumb\">\n\t\t\t<a href=\"https:\/\/wia.net.pl\/index.php\/category\/prawdaoswiecie\/\" title=\"Prawda o \u015bwiecie\">Prawda o \u015bwiecie<\/a>\n\t\t<\/span><span class=\"aioseo-breadcrumb-separator\">&raquo;<\/span><span class=\"aioseo-breadcrumb\">\n\t\t\tObr\u00f3cili nas przeciwko sobie, aby\u015bmy nie obr\u00f3cili si\u0119 przeciw nim\n\t\t<\/span><\/div>","aioseo_breadcrumb_json":[{"label":"Home","link":"https:\/\/wia.net.pl"},{"label":"Prawda o \u015bwiecie","link":"https:\/\/wia.net.pl\/index.php\/category\/prawdaoswiecie\/"},{"label":"Obr\u00f3cili nas przeciwko sobie, aby\u015bmy nie obr\u00f3cili si\u0119 przeciw nim","link":"https:\/\/wia.net.pl\/index.php\/2025\/08\/02\/obrocili-nas-przeciwko-sobie-abysmy-nie-obrocili-sie-przeciw-nim\/"}],"_links":{"self":[{"href":"https:\/\/wia.net.pl\/index.php\/wp-json\/wp\/v2\/posts\/10480"}],"collection":[{"href":"https:\/\/wia.net.pl\/index.php\/wp-json\/wp\/v2\/posts"}],"about":[{"href":"https:\/\/wia.net.pl\/index.php\/wp-json\/wp\/v2\/types\/post"}],"author":[{"embeddable":true,"href":"https:\/\/wia.net.pl\/index.php\/wp-json\/wp\/v2\/users\/3"}],"replies":[{"embeddable":true,"href":"https:\/\/wia.net.pl\/index.php\/wp-json\/wp\/v2\/comments?post=10480"}],"version-history":[{"count":1,"href":"https:\/\/wia.net.pl\/index.php\/wp-json\/wp\/v2\/posts\/10480\/revisions"}],"predecessor-version":[{"id":10483,"href":"https:\/\/wia.net.pl\/index.php\/wp-json\/wp\/v2\/posts\/10480\/revisions\/10483"}],"wp:featuredmedia":[{"embeddable":true,"href":"https:\/\/wia.net.pl\/index.php\/wp-json\/wp\/v2\/media\/10481"}],"wp:attachment":[{"href":"https:\/\/wia.net.pl\/index.php\/wp-json\/wp\/v2\/media?parent=10480"}],"wp:term":[{"taxonomy":"category","embeddable":true,"href":"https:\/\/wia.net.pl\/index.php\/wp-json\/wp\/v2\/categories?post=10480"},{"taxonomy":"post_tag","embeddable":true,"href":"https:\/\/wia.net.pl\/index.php\/wp-json\/wp\/v2\/tags?post=10480"}],"curies":[{"name":"wp","href":"https:\/\/api.w.org\/{rel}","templated":true}]}}