{"id":10480,"date":"2025-08-02T23:16:56","date_gmt":"2025-08-02T21:16:56","guid":{"rendered":"https:\/\/wia.net.pl\/?p=10480"},"modified":"2026-01-22T01:54:49","modified_gmt":"2026-01-22T00:54:49","slug":"obrocili-nas-przeciwko-sobie-abysmy-nie-obrocili-sie-przeciw-nim","status":"publish","type":"post","link":"https:\/\/wia.net.pl\/index.php\/2025\/08\/02\/obrocili-nas-przeciwko-sobie-abysmy-nie-obrocili-sie-przeciw-nim\/","title":{"rendered":"Obr\u00f3cili nas przeciwko sobie, aby\u015bmy nie obr\u00f3cili si\u0119 przeciw nim"},"content":{"rendered":"\n<p><br>Opowie\u015b\u0107 o tym, jak przez wieki elity u\u017cywa\u0142y \u015bwiatopogl\u0105du do kontroli \u2013 i jak anarchia mo\u017ce sta\u0107 si\u0119 odpowiedzi\u0105.<\/p>\n\n\n\n<p>Opracowanie w\u0142asne.<\/p>\n\n\n\n<figure class=\"wp-block-video\"><video controls poster=\"https:\/\/wia.net.pl\/wp-content\/uploads\/2025\/08\/Obrocili-nas-przeciwko-sobie-abysmy-nie-obrocili-sie-przeciw-nim.jpg\" src=\"https:\/\/wia.net.pl\/wp-content\/uploads\/2025\/08\/Obrocili-nas-przeciwko-sobie-abysmy-nie-obrocili-sie-przeciw-nim.mp4\"><\/video><\/figure>\n<div class=\"remoji_bar\"><div class=\"remoji_add_container\" data-remoji-id=\"10480\" data-remoji-type=\"post\"><div class=\"remoji_add_icon\"><\/div><\/div><div class=\"remoji_error_bar\" data-remoji-id=\"10480\" data-remoji-type=\"post\" style=\"display: none;\">Error happened.<\/div><\/div>","protected":false},"excerpt":{"rendered":"<p>Opowie\u015b\u0107 o tym, jak przez wieki elity u\u017cywa\u0142y \u015bwiatopogl\u0105du do kontroli \u2013 i jak anarchia mo\u017ce sta\u0107 si\u0119 odpowiedzi\u0105. Opracowanie w\u0142asne. Error happened.<\/p>\n","protected":false},"author":3,"featured_media":10481,"comment_status":"open","ping_status":"open","sticky":false,"template":"","format":"standard","meta":{"_acf_changed":false,"_bbp_topic_count":0,"_bbp_reply_count":0,"_bbp_total_topic_count":0,"_bbp_total_reply_count":0,"_bbp_voice_count":0,"_bbp_anonymous_reply_count":0,"_bbp_topic_count_hidden":0,"_bbp_reply_count_hidden":0,"_bbp_forum_subforum_count":0,"om_disable_all_campaigns":false,"_monsterinsights_skip_tracking":false,"_monsterinsights_sitenote_active":false,"_monsterinsights_sitenote_note":"","_monsterinsights_sitenote_category":0,"footnotes":""},"categories":[13,16],"tags":[68,63,42,71,26,23,32,22,70,62],"class_list":["post-10480","post","type-post","status-publish","format-standard","has-post-thumbnail","hentry","category-prawdaoswiecie","category-prawonaturalne","tag-cesarstwo-rzymskie","tag-historia-ziemi","tag-illuminati","tag-kosciol-katolicki","tag-ludzkosc","tag-niewolnictwo","tag-rzad","tag-satanizm","tag-tajne-stowarzyszenia","tag-wszechswiat"],"acf":[],"aioseo_notices":[],"_links":{"self":[{"href":"https:\/\/wia.net.pl\/index.php\/wp-json\/wp\/v2\/posts\/10480"}],"collection":[{"href":"https:\/\/wia.net.pl\/index.php\/wp-json\/wp\/v2\/posts"}],"about":[{"href":"https:\/\/wia.net.pl\/index.php\/wp-json\/wp\/v2\/types\/post"}],"author":[{"embeddable":true,"href":"https:\/\/wia.net.pl\/index.php\/wp-json\/wp\/v2\/users\/3"}],"replies":[{"embeddable":true,"href":"https:\/\/wia.net.pl\/index.php\/wp-json\/wp\/v2\/comments?post=10480"}],"version-history":[{"count":1,"href":"https:\/\/wia.net.pl\/index.php\/wp-json\/wp\/v2\/posts\/10480\/revisions"}],"predecessor-version":[{"id":10483,"href":"https:\/\/wia.net.pl\/index.php\/wp-json\/wp\/v2\/posts\/10480\/revisions\/10483"}],"wp:featuredmedia":[{"embeddable":true,"href":"https:\/\/wia.net.pl\/index.php\/wp-json\/wp\/v2\/media\/10481"}],"wp:attachment":[{"href":"https:\/\/wia.net.pl\/index.php\/wp-json\/wp\/v2\/media?parent=10480"}],"wp:term":[{"taxonomy":"category","embeddable":true,"href":"https:\/\/wia.net.pl\/index.php\/wp-json\/wp\/v2\/categories?post=10480"},{"taxonomy":"post_tag","embeddable":true,"href":"https:\/\/wia.net.pl\/index.php\/wp-json\/wp\/v2\/tags?post=10480"}],"curies":[{"name":"wp","href":"https:\/\/api.w.org\/{rel}","templated":true}]}}