{"id":10526,"date":"2025-08-09T16:09:27","date_gmt":"2025-08-09T14:09:27","guid":{"rendered":"https:\/\/wia.net.pl\/?p=10526"},"modified":"2026-01-22T01:55:29","modified_gmt":"2026-01-22T00:55:29","slug":"fenomen-maxa-spiersa-podroz-ku-prawdzie-i-wolnosci","status":"publish","type":"post","link":"https:\/\/wia.net.pl\/index.php\/2025\/08\/09\/fenomen-maxa-spiersa-podroz-ku-prawdzie-i-wolnosci\/","title":{"rendered":"Fenomen Maxa Spiersa &#8211; Podr\u00f3\u017c ku prawdzie i wolno\u015bci"},"content":{"rendered":"\n<p>Opracowanie w\u0142asne na platformie Substack<\/p>\n\n\n<div class=\"substack-post-embed\">\n<p lang=\"en\">Fenomen Maxa Spiersa &#8211; Przebudzenie w cieniu tajemnic \u2014 Podr\u00f3\u017c ku prawdzie i wolno\u015bci  by Wolno\u015b\u0107 i Anarchia<\/p>\n<p>W\u0142asne opracowanie.<\/p>\n<p><a data-post-link href=\"https:\/\/wolnoscanarchia.substack.com\/p\/przebudzenie-w-cieniu-tajemnic-podroz\">Read on Substack<\/a><\/div>\n<p><script async src=\"https:\/\/substack.com\/embedjs\/embed.js\" charset=\"utf-8\"><\/script><\/p>\n\n\n\n<p><em>Fenomen Maxa Spiersa wyr\u00f3s\u0142 z tego, \u017ce m\u00f3wi\u0142 o rzeczach, kt\u00f3re \u0142\u0105czy\u0142y w\u0105tki pozaziemskie, okultystyczne i geopolityczne w jedn\u0105 opowie\u015b\u0107 o globalnej iluzji.<\/em><\/p>\n\n\n\n<p><em>Spos\u00f3b, w jaki przedstawia\u0142 te tre\u015bci, mia\u0142 w sobie pierwiastek mistycznego \u015bwiadectwa \u2013 opowie\u015bci kogo\u015b, kto twierdzi, \u017ce do\u015bwiadczy\u0142 tej \u201eukrytej wojny\u201d od \u015brodka.<\/em><\/p>\n\n\n\n<p><em>To, w po\u0142\u0105czeniu z aur\u0105 niebezpiecze\u0144stwa wok\u00f3\u0142 jego osoby i tajemniczymi okoliczno\u015bciami \u015bmierci, sprawi\u0142o, \u017ce jego przes\u0142anie zacz\u0119\u0142o funkcjonowa\u0107 jak nowoczesny mit inicjacyjny, wzywaj\u0105cy do przebudzenia \u015bwiadomo\u015bci i wej\u015bcia na drog\u0119 samopoznania poza granicami narzuconej rzeczywisto\u015bci.<\/em><\/p>\n<div class=\"remoji_bar\"><div class=\"remoji_add_container\" data-remoji-id=\"10526\" data-remoji-type=\"post\"><div class=\"remoji_add_icon\"><\/div><\/div><div class=\"remoji_error_bar\" data-remoji-id=\"10526\" data-remoji-type=\"post\" style=\"display: none;\">Error happened.<\/div><\/div>","protected":false},"excerpt":{"rendered":"<p>Opracowanie w\u0142asne na platformie Substack Fenomen Maxa Spiersa wyr\u00f3s\u0142 z tego, \u017ce m\u00f3wi\u0142 o rzeczach, kt\u00f3re \u0142\u0105czy\u0142y w\u0105tki pozaziemskie, okultystyczne i geopolityczne w jedn\u0105 opowie\u015b\u0107 o globalnej iluzji. Spos\u00f3b, w jaki przedstawia\u0142 te tre\u015bci, mia\u0142 w sobie pierwiastek mistycznego \u015bwiadectwa&#8230; <\/p>\n","protected":false},"author":2,"featured_media":10527,"comment_status":"open","ping_status":"open","sticky":false,"template":"","format":"standard","meta":{"_acf_changed":false,"_bbp_topic_count":0,"_bbp_reply_count":0,"_bbp_total_topic_count":0,"_bbp_total_reply_count":0,"_bbp_voice_count":0,"_bbp_anonymous_reply_count":0,"_bbp_topic_count_hidden":0,"_bbp_reply_count_hidden":0,"_bbp_forum_subforum_count":0,"om_disable_all_campaigns":false,"_monsterinsights_skip_tracking":false,"_monsterinsights_sitenote_active":false,"_monsterinsights_sitenote_note":"","_monsterinsights_sitenote_category":0,"footnotes":""},"categories":[8],"tags":[],"class_list":["post-10526","post","type-post","status-publish","format-standard","has-post-thumbnail","hentry","category-prelekcjewywiady"],"acf":[],"aioseo_notices":[],"_links":{"self":[{"href":"https:\/\/wia.net.pl\/index.php\/wp-json\/wp\/v2\/posts\/10526"}],"collection":[{"href":"https:\/\/wia.net.pl\/index.php\/wp-json\/wp\/v2\/posts"}],"about":[{"href":"https:\/\/wia.net.pl\/index.php\/wp-json\/wp\/v2\/types\/post"}],"author":[{"embeddable":true,"href":"https:\/\/wia.net.pl\/index.php\/wp-json\/wp\/v2\/users\/2"}],"replies":[{"embeddable":true,"href":"https:\/\/wia.net.pl\/index.php\/wp-json\/wp\/v2\/comments?post=10526"}],"version-history":[{"count":1,"href":"https:\/\/wia.net.pl\/index.php\/wp-json\/wp\/v2\/posts\/10526\/revisions"}],"predecessor-version":[{"id":10528,"href":"https:\/\/wia.net.pl\/index.php\/wp-json\/wp\/v2\/posts\/10526\/revisions\/10528"}],"wp:featuredmedia":[{"embeddable":true,"href":"https:\/\/wia.net.pl\/index.php\/wp-json\/wp\/v2\/media\/10527"}],"wp:attachment":[{"href":"https:\/\/wia.net.pl\/index.php\/wp-json\/wp\/v2\/media?parent=10526"}],"wp:term":[{"taxonomy":"category","embeddable":true,"href":"https:\/\/wia.net.pl\/index.php\/wp-json\/wp\/v2\/categories?post=10526"},{"taxonomy":"post_tag","embeddable":true,"href":"https:\/\/wia.net.pl\/index.php\/wp-json\/wp\/v2\/tags?post=10526"}],"curies":[{"name":"wp","href":"https:\/\/api.w.org\/{rel}","templated":true}]}}