{"id":10536,"date":"2025-08-12T00:18:38","date_gmt":"2025-08-11T22:18:38","guid":{"rendered":"https:\/\/wia.net.pl\/?p=10536"},"modified":"2025-08-12T00:19:12","modified_gmt":"2025-08-11T22:19:12","slug":"mauro-biglino-elohim-stworzyli-nas-abysmy-pracowali-w-ich-gan-eden","status":"publish","type":"post","link":"https:\/\/wia.net.pl\/index.php\/2025\/08\/12\/mauro-biglino-elohim-stworzyli-nas-abysmy-pracowali-w-ich-gan-eden\/","title":{"rendered":"Mauro Biglino &#8211; Elohim stworzyli nas, aby\u015bmy pracowali w ich Gan-Eden"},"content":{"rendered":"\n<p>\u0179r\u00f3d\u0142o: <a href=\"https:\/\/www.youtube.com\/@The5thKind\" target=\"_blank\" rel=\"noopener\" title=\"\">https:\/\/www.youtube.com\/@The5thKind<\/a><\/p>\n\n\n<p><iframe id=\"odysee-iframe\" style=\"width:100%; aspect-ratio:16 \/ 9;\" src=\"https:\/\/odysee.com\/%24\/embed\/%40wolnoscanarchia%3Ad%2FMauro-Biglino---Elohim-stworzyli-nas%2C-aby%C5%9Bmy-pracowali-w-ich-Gan-Eden%3Aa?r=KqtnN3u2RSe5GxY7Tos527f1XGfjXD4u\" allowfullscreen><\/iframe><\/p>\n<div class=\"remoji_bar\"><div class=\"remoji_add_container\" data-remoji-id=\"10536\" data-remoji-type=\"post\"><div class=\"remoji_add_icon\"><\/div><\/div><div class=\"remoji_error_bar\" data-remoji-id=\"10536\" data-remoji-type=\"post\" style=\"display: none;\">Error happened.<\/div><\/div>","protected":false},"excerpt":{"rendered":"<p>\u0179r\u00f3d\u0142o: https:\/\/www.youtube.com\/@The5thKind Error happened.<\/p>\n","protected":false},"author":3,"featured_media":10537,"comment_status":"open","ping_status":"open","sticky":false,"template":"","format":"standard","meta":{"_acf_changed":false,"_bbp_topic_count":0,"_bbp_reply_count":0,"_bbp_total_topic_count":0,"_bbp_total_reply_count":0,"_bbp_voice_count":0,"_bbp_anonymous_reply_count":0,"_bbp_topic_count_hidden":0,"_bbp_reply_count_hidden":0,"_bbp_forum_subforum_count":0,"om_disable_all_campaigns":false,"_monsterinsights_skip_tracking":false,"_monsterinsights_sitenote_active":false,"_monsterinsights_sitenote_note":"","_monsterinsights_sitenote_category":0,"footnotes":""},"categories":[96],"tags":[68,63,42,71,26,23,32,22,70,62],"class_list":["post-10536","post","type-post","status-publish","format-standard","has-post-thumbnail","hentry","category-religie","tag-cesarstwo-rzymskie","tag-historia-ziemi","tag-illuminati","tag-kosciol-katolicki","tag-ludzkosc","tag-niewolnictwo","tag-rzad","tag-satanizm","tag-tajne-stowarzyszenia","tag-wszechswiat"],"acf":[],"aioseo_notices":[],"_links":{"self":[{"href":"https:\/\/wia.net.pl\/index.php\/wp-json\/wp\/v2\/posts\/10536"}],"collection":[{"href":"https:\/\/wia.net.pl\/index.php\/wp-json\/wp\/v2\/posts"}],"about":[{"href":"https:\/\/wia.net.pl\/index.php\/wp-json\/wp\/v2\/types\/post"}],"author":[{"embeddable":true,"href":"https:\/\/wia.net.pl\/index.php\/wp-json\/wp\/v2\/users\/3"}],"replies":[{"embeddable":true,"href":"https:\/\/wia.net.pl\/index.php\/wp-json\/wp\/v2\/comments?post=10536"}],"version-history":[{"count":2,"href":"https:\/\/wia.net.pl\/index.php\/wp-json\/wp\/v2\/posts\/10536\/revisions"}],"predecessor-version":[{"id":10539,"href":"https:\/\/wia.net.pl\/index.php\/wp-json\/wp\/v2\/posts\/10536\/revisions\/10539"}],"wp:featuredmedia":[{"embeddable":true,"href":"https:\/\/wia.net.pl\/index.php\/wp-json\/wp\/v2\/media\/10537"}],"wp:attachment":[{"href":"https:\/\/wia.net.pl\/index.php\/wp-json\/wp\/v2\/media?parent=10536"}],"wp:term":[{"taxonomy":"category","embeddable":true,"href":"https:\/\/wia.net.pl\/index.php\/wp-json\/wp\/v2\/categories?post=10536"},{"taxonomy":"post_tag","embeddable":true,"href":"https:\/\/wia.net.pl\/index.php\/wp-json\/wp\/v2\/tags?post=10536"}],"curies":[{"name":"wp","href":"https:\/\/api.w.org\/{rel}","templated":true}]}}