{"id":1055,"date":"2023-06-02T14:16:54","date_gmt":"2023-06-02T12:16:54","guid":{"rendered":"https:\/\/wia.net.pl\/?p=1055"},"modified":"2023-06-02T14:16:55","modified_gmt":"2023-06-02T12:16:55","slug":"czarny-szescian-i-starozytna-bogini","status":"publish","type":"post","link":"https:\/\/wia.net.pl\/index.php\/2023\/06\/02\/czarny-szescian-i-starozytna-bogini\/","title":{"rendered":"Czarny sze\u015bcian i Staro\u017cytna Bogini"},"content":{"rendered":"\n<p>W klasycznym micie greckim i rzymskim r\u00f3\u017cne boginie reprezentowa\u0142y Ziemi\u0119, pory roku, uprawy i p\u0142odno\u015b\u0107. Bogini matka jest personifikacj\u0105 macierzy\u0144stwa i jest zwykle uto\u017csamiana z Ziemi\u0105 lub \u015bwiatem przyrody, czasami okre\u015blana jako Matka Ziemia lub jako Ziemia Matka. Koncepcja ta jest komplementarna do &#8222;Ojca Nieba&#8221; lub &#8221; Niebia\u0144skiego Ojca&#8221;.<\/p>\n\n\n\n<p>W Teozofii bogini Ziemi nazywana jest &#8222;Planetarnym Logosem Ziemi&#8221;. Bywa uto\u017csamiana z Potr\u00f3jn\u0105 Bogini\u0105, kt\u00f3ra przyjmuje posta\u0107 archetyp\u00f3w Maiden, Mother i Crone. Opisywana jest jako Matka Ziemia, Matka Natura, zwi\u0105zana z Ksi\u0119\u017cycem, Wenus, Ziemi\u0105 i Morzem.<\/p>\n\n\n\n<p>Czasami nazywana Gaj\u0105, Carl Jung zasugerowa\u0142, \u017ce archetypowa matka by\u0142a cz\u0119\u015bci\u0105 zbiorowej nie\u015bwiadomo\u015bci wszystkich ludzi i drzwiami do tego, co niewidzialne. G\u00f3rnopaleolityczne figurki Wenus zosta\u0142y wyja\u015bnione jako przedstawienia bogini ziemi, a w mitologii nordyckiej Frigg lub Freya jest opisana jako \u017cona boga Odyna, i sk\u0105d mamy nazw\u0119 dla pi\u0105tku.<\/p>\n\n\n\n<p>\u0179R\u00d3D\u0141O: <\/p>\n\n\n\n<p>Kana\u0142 Atlantean gardens \u2013 https:\/\/www.youtube.com\/c\/AtlanteangardensOrg <\/p>\n\n\n\n<p>Kana\u0142 Robert Sepehr \u2013 https:\/\/www.youtube.com\/user\/818encino<\/p>\n\n\n\n<figure class=\"wp-block-embed is-type-video is-provider-youtube wp-block-embed-youtube wp-embed-aspect-16-9 wp-has-aspect-ratio\"><div class=\"wp-block-embed__wrapper\">\n<iframe loading=\"lazy\" title=\"Czarny sze\u015bcian i Staro\u017cytna Bogini\" width=\"858\" height=\"483\" src=\"https:\/\/www.youtube.com\/embed\/IQNTnYbYUow?feature=oembed\" frameborder=\"0\" allow=\"accelerometer; autoplay; clipboard-write; encrypted-media; gyroscope; picture-in-picture; web-share\" allowfullscreen><\/iframe>\n<\/div><\/figure>\n<div class=\"remoji_bar\"><div class=\"remoji_add_container\" data-remoji-id=\"1055\" data-remoji-type=\"post\"><div class=\"remoji_add_icon\"><\/div><\/div><div class=\"remoji_error_bar\" data-remoji-id=\"1055\" data-remoji-type=\"post\" style=\"display: none;\">Error happened.<\/div><\/div>","protected":false},"excerpt":{"rendered":"<p>W klasycznym micie greckim i rzymskim r\u00f3\u017cne boginie reprezentowa\u0142y Ziemi\u0119, pory roku, uprawy i p\u0142odno\u015b\u0107. Bogini matka jest personifikacj\u0105 macierzy\u0144stwa i jest zwykle uto\u017csamiana z Ziemi\u0105 lub \u015bwiatem przyrody, czasami okre\u015blana jako Matka Ziemia lub jako Ziemia Matka. Koncepcja ta&#8230; <\/p>\n","protected":false},"author":3,"featured_media":1056,"comment_status":"open","ping_status":"open","sticky":false,"template":"","format":"standard","meta":{"_acf_changed":false,"_bbp_topic_count":0,"_bbp_reply_count":0,"_bbp_total_topic_count":0,"_bbp_total_reply_count":0,"_bbp_voice_count":0,"_bbp_anonymous_reply_count":0,"_bbp_topic_count_hidden":0,"_bbp_reply_count_hidden":0,"_bbp_forum_subforum_count":0,"om_disable_all_campaigns":false,"_monsterinsights_skip_tracking":false,"_monsterinsights_sitenote_active":false,"_monsterinsights_sitenote_note":"","_monsterinsights_sitenote_category":0,"footnotes":""},"categories":[11],"tags":[89,68,63,42,71,67,88,32,70],"class_list":["post-1055","post","type-post","status-publish","format-standard","has-post-thumbnail","hentry","category-antropologia","tag-atlantean-gardens","tag-cesarstwo-rzymskie","tag-historia-ziemi","tag-illuminati","tag-kosciol-katolicki","tag-religie","tag-robert-sepehr","tag-rzad","tag-tajne-stowarzyszenia"],"acf":[],"aioseo_notices":[],"_links":{"self":[{"href":"https:\/\/wia.net.pl\/index.php\/wp-json\/wp\/v2\/posts\/1055"}],"collection":[{"href":"https:\/\/wia.net.pl\/index.php\/wp-json\/wp\/v2\/posts"}],"about":[{"href":"https:\/\/wia.net.pl\/index.php\/wp-json\/wp\/v2\/types\/post"}],"author":[{"embeddable":true,"href":"https:\/\/wia.net.pl\/index.php\/wp-json\/wp\/v2\/users\/3"}],"replies":[{"embeddable":true,"href":"https:\/\/wia.net.pl\/index.php\/wp-json\/wp\/v2\/comments?post=1055"}],"version-history":[{"count":1,"href":"https:\/\/wia.net.pl\/index.php\/wp-json\/wp\/v2\/posts\/1055\/revisions"}],"predecessor-version":[{"id":1057,"href":"https:\/\/wia.net.pl\/index.php\/wp-json\/wp\/v2\/posts\/1055\/revisions\/1057"}],"wp:featuredmedia":[{"embeddable":true,"href":"https:\/\/wia.net.pl\/index.php\/wp-json\/wp\/v2\/media\/1056"}],"wp:attachment":[{"href":"https:\/\/wia.net.pl\/index.php\/wp-json\/wp\/v2\/media?parent=1055"}],"wp:term":[{"taxonomy":"category","embeddable":true,"href":"https:\/\/wia.net.pl\/index.php\/wp-json\/wp\/v2\/categories?post=1055"},{"taxonomy":"post_tag","embeddable":true,"href":"https:\/\/wia.net.pl\/index.php\/wp-json\/wp\/v2\/tags?post=1055"}],"curies":[{"name":"wp","href":"https:\/\/api.w.org\/{rel}","templated":true}]}}