{"id":10557,"date":"2025-08-14T00:23:38","date_gmt":"2025-08-13T22:23:38","guid":{"rendered":"https:\/\/wia.net.pl\/?p=10557"},"modified":"2026-01-22T01:57:50","modified_gmt":"2026-01-22T00:57:50","slug":"podstawowe-zagadnienia-max-spiers-sarah-adams-2015","status":"publish","type":"post","link":"https:\/\/wia.net.pl\/index.php\/2025\/08\/14\/podstawowe-zagadnienia-max-spiers-sarah-adams-2015\/","title":{"rendered":"Podstawowe zagadnienia &#8211; Max Spiers, Sarah Adams &#8211; 2015"},"content":{"rendered":"<p><iframe id=\"odysee-iframe\" style=\"width:100%; aspect-ratio:16 \/ 9;\" src=\"https:\/\/odysee.com\/%24\/embed\/%40wolnoscanarchia%3Ad%2Fmax-i-sara-bases-2015-GOTOWE-%281%29%3Af?r=KqtnN3u2RSe5GxY7Tos527f1XGfjXD4u\" allowfullscreen><\/iframe><\/p>\n\n\n\n<pre class=\"wp-block-preformatted\">W p\u00f3\u0142nocnej Europie osoby z grup\u0105 krwi RH ujemn\u0105 by\u0142y odporne na d\u017cum\u0119, czarn\u0105 \u015bmier\u0107, a czarna \u015bmier\u0107 jest praktycznie synonimem wirusowego zapalenia w\u0105troby typu C. <br><br>Je\u015bli wi\u0119c kto\u015b mia\u0142, nie wszyscy, to nie oznacza, \u017ce wszyscy z grup\u0105 krwi RH ujemn\u0105 maj\u0105 t\u0119 odporno\u015b\u0107, ale oko\u0142o 70% do 80% jest odpornych na wirusowe zapalenie w\u0105troby typu B i C, czyli naprawd\u0119 du\u017co os\u00f3b. <br><br>Chcia\u0142abym jeszcze doda\u0107, \u017ce je\u015bli masz wi\u0119cej miedzi w organizmie, je\u015bli masz wi\u0119cej miedzi we krwi, to przyjmuj\u0105c suplementy, powiniene\u015b wybiera\u0107 raczej suplementy na bazie miedzi ni\u017c \u017celaza, poniewa\u017c suplementy \u017celaza mog\u0105 by\u0107 nieco szkodliwe dla os\u00f3b z wi\u0119ksz\u0105 ilo\u015bci\u0105 miedzi w organizmie.<br><br><br>\u0179r\u00f3d\u0142o https:\/\/www.youtube.com\/watch?v=NpnX2LDoTSo<br><\/pre>\n<div class=\"remoji_bar\"><div class=\"remoji_add_container\" data-remoji-id=\"10557\" data-remoji-type=\"post\"><div class=\"remoji_add_icon\"><\/div><\/div><div class=\"remoji_error_bar\" data-remoji-id=\"10557\" data-remoji-type=\"post\" style=\"display: none;\">Error happened.<\/div><\/div>","protected":false},"excerpt":{"rendered":"<p>W p\u00f3\u0142nocnej Europie osoby z grup\u0105 krwi RH ujemn\u0105 by\u0142y odporne na d\u017cum\u0119, czarn\u0105 \u015bmier\u0107, a czarna \u015bmier\u0107 jest praktycznie synonimem wirusowego zapalenia w\u0105troby typu C. Je\u015bli wi\u0119c kto\u015b mia\u0142, nie wszyscy, to nie oznacza, \u017ce wszyscy z grup\u0105 krwi&#8230; <\/p>\n","protected":false},"author":2,"featured_media":10558,"comment_status":"open","ping_status":"open","sticky":false,"template":"","format":"standard","meta":{"_acf_changed":false,"_bbp_topic_count":0,"_bbp_reply_count":0,"_bbp_total_topic_count":0,"_bbp_total_reply_count":0,"_bbp_voice_count":0,"_bbp_anonymous_reply_count":0,"_bbp_topic_count_hidden":0,"_bbp_reply_count_hidden":0,"_bbp_forum_subforum_count":0,"om_disable_all_campaigns":false,"_monsterinsights_skip_tracking":false,"_monsterinsights_sitenote_active":false,"_monsterinsights_sitenote_note":"","_monsterinsights_sitenote_category":0,"footnotes":""},"categories":[8],"tags":[],"class_list":["post-10557","post","type-post","status-publish","format-standard","has-post-thumbnail","hentry","category-prelekcjewywiady"],"acf":[],"aioseo_notices":[],"_links":{"self":[{"href":"https:\/\/wia.net.pl\/index.php\/wp-json\/wp\/v2\/posts\/10557"}],"collection":[{"href":"https:\/\/wia.net.pl\/index.php\/wp-json\/wp\/v2\/posts"}],"about":[{"href":"https:\/\/wia.net.pl\/index.php\/wp-json\/wp\/v2\/types\/post"}],"author":[{"embeddable":true,"href":"https:\/\/wia.net.pl\/index.php\/wp-json\/wp\/v2\/users\/2"}],"replies":[{"embeddable":true,"href":"https:\/\/wia.net.pl\/index.php\/wp-json\/wp\/v2\/comments?post=10557"}],"version-history":[{"count":1,"href":"https:\/\/wia.net.pl\/index.php\/wp-json\/wp\/v2\/posts\/10557\/revisions"}],"predecessor-version":[{"id":10559,"href":"https:\/\/wia.net.pl\/index.php\/wp-json\/wp\/v2\/posts\/10557\/revisions\/10559"}],"wp:featuredmedia":[{"embeddable":true,"href":"https:\/\/wia.net.pl\/index.php\/wp-json\/wp\/v2\/media\/10558"}],"wp:attachment":[{"href":"https:\/\/wia.net.pl\/index.php\/wp-json\/wp\/v2\/media?parent=10557"}],"wp:term":[{"taxonomy":"category","embeddable":true,"href":"https:\/\/wia.net.pl\/index.php\/wp-json\/wp\/v2\/categories?post=10557"},{"taxonomy":"post_tag","embeddable":true,"href":"https:\/\/wia.net.pl\/index.php\/wp-json\/wp\/v2\/tags?post=10557"}],"curies":[{"name":"wp","href":"https:\/\/api.w.org\/{rel}","templated":true}]}}