{"id":10671,"date":"2025-09-07T23:35:10","date_gmt":"2025-09-07T21:35:10","guid":{"rendered":"https:\/\/wia.net.pl\/?p=10671"},"modified":"2026-01-22T01:53:35","modified_gmt":"2026-01-22T00:53:35","slug":"ogien-ktory-rodzi-swiatlo-nowy-ty","status":"publish","type":"post","link":"https:\/\/wia.net.pl\/index.php\/2025\/09\/07\/ogien-ktory-rodzi-swiatlo-nowy-ty\/","title":{"rendered":"Ogie\u0144, Kt\u00f3ry Rodzi \u015awiat\u0142o &#8211; Nowy &#8222;Ty&#8221;"},"content":{"rendered":"\n<p>Dla p\u0142atnych subskrybent\u00f3w platformy Substack.<\/p>\n\n\n\n<p>Opracowanie w\u0142asne<\/p>\n\n\n\n<p>Ten esej zabiera s\u0142uchacza w podr\u00f3\u017c przez najciemniejsze zakamarki ludzkiego cierpienia, ukazuj\u0105c je jako ukryty dar zdolny przemieni\u0107 \u017cycie.<\/p>\n\n\n\n<p>To <a><\/a>opowie\u015b\u0107 o odwadze, transformacji i sile, kt\u00f3ra rodzi si\u0119 z ran i \u0142ez.<\/p>\n\n\n\n<p>Ka\u017cda strona staje si\u0119 przewodnikiem dla tych, kt\u00f3rzy chc\u0105 odnale\u017a\u0107 \u015bwiat\u0142o w ciemno\u015bci, odkry\u0107 sens w\u0142asnego b\u00f3lu i przekszta\u0142ci\u0107 go w moc, daj\u0105c nadziej\u0119 sobie i innym.<\/p>\n\n\n\n<p>To rytua\u0142 s\u0142\u00f3w, kt\u00f3ry inspiruje, porusza i uzdrawia.<\/p>\n\n\n<div class=\"substack-post-embed\">\n<p lang=\"en\">Ogie\u0144, Kt\u00f3ry Rodzi \u015awiat\u0142o &#8211; Nowy &#8222;Ty&#8221; Odrodzony z Popio\u0142\u00f3w by Wolno\u015b\u0107 i Anarchia<\/p>\n<p>Co, je\u015bli twoje najwi\u0119ksze cierpienie jest sekretnym darem, kt\u00f3ry czeka, aby odmieni\u0107 ca\u0142e twoje \u017cycie? <\/p>\n<p><a data-post-link href=\"https:\/\/wolnoscanarchia.substack.com\/p\/ogien-ktory-rodzi-swiato-nowy-ty\">Read on Substack<\/a><\/div>\n<p><script async src=\"https:\/\/substack.com\/embedjs\/embed.js\" charset=\"utf-8\"><\/script><\/p>\n","protected":false},"excerpt":{"rendered":"<p>Dla p\u0142atnych subskrybent\u00f3w platformy Substack. Opracowanie w\u0142asne Ten esej zabiera s\u0142uchacza w podr\u00f3\u017c przez najciemniejsze zakamarki ludzkiego cierpienia, ukazuj\u0105c je jako ukryty dar zdolny przemieni\u0107 \u017cycie. To opowie\u015b\u0107 o odwadze, transformacji i sile, kt\u00f3ra rodzi si\u0119 z ran i \u0142ez&#8230;. <\/p>\n","protected":false},"author":2,"featured_media":10673,"comment_status":"open","ping_status":"open","sticky":false,"template":"","format":"standard","meta":{"_acf_changed":false,"_bbp_topic_count":0,"_bbp_reply_count":0,"_bbp_total_topic_count":0,"_bbp_total_reply_count":0,"_bbp_voice_count":0,"_bbp_anonymous_reply_count":0,"_bbp_topic_count_hidden":0,"_bbp_reply_count_hidden":0,"_bbp_forum_subforum_count":0,"om_disable_all_campaigns":false,"_monsterinsights_skip_tracking":false,"footnotes":""},"categories":[186],"tags":[],"class_list":["post-10671","post","type-post","status-publish","format-standard","has-post-thumbnail","hentry","category-platna-subskrypcja-substack"],"acf":[],"aioseo_notices":[],"aioseo_head":"\n\t\t<!-- All in One SEO 5.0.1.1 - aioseo.com -->\n\t<meta name=\"description\" content=\"Dla p\u0142atnych subskrybent\u00f3w platformy Substack. Opracowanie w\u0142asne Ten esej zabiera s\u0142uchacza w podr\u00f3\u017c przez najciemniejsze zakamarki ludzkiego cierpienia, ukazuj\u0105c je jako ukryty dar zdolny przemieni\u0107 \u017cycie. To opowie\u015b\u0107 o odwadze, transformacji i sile, kt\u00f3ra rodzi si\u0119 z ran i \u0142ez. Ka\u017cda strona staje si\u0119 przewodnikiem dla tych, kt\u00f3rzy chc\u0105 odnale\u017a\u0107 \u015bwiat\u0142o w ciemno\u015bci, odkry\u0107 sens\" \/>\n\t<meta name=\"robots\" content=\"max-image-preview:large\" \/>\n\t<meta name=\"author\" content=\"trinity\"\/>\n\t<link rel=\"canonical\" href=\"https:\/\/wia.net.pl\/index.php\/2025\/09\/07\/ogien-ktory-rodzi-swiatlo-nowy-ty\/\" \/>\n\t<meta name=\"generator\" content=\"All in One SEO (AIOSEO) 5.0.1.1\" \/>\n\t\t<meta property=\"og:locale\" content=\"pl_PL\" \/>\n\t\t<meta property=\"og:site_name\" content=\"Wolno\u015b\u0107 i Anarchia - Ka\u017cdy wewn\u0119trznie jest anarchist\u0105.\" \/>\n\t\t<meta property=\"og:type\" content=\"article\" \/>\n\t\t<meta property=\"og:title\" content=\"Ogie\u0144, Kt\u00f3ry Rodzi \u015awiat\u0142o \u2013 Nowy \u201eTy\u201d - Wolno\u015b\u0107 i Anarchia\" \/>\n\t\t<meta property=\"og:description\" content=\"Dla p\u0142atnych subskrybent\u00f3w platformy Substack. Opracowanie w\u0142asne Ten esej zabiera s\u0142uchacza w podr\u00f3\u017c przez najciemniejsze zakamarki ludzkiego cierpienia, ukazuj\u0105c je jako ukryty dar zdolny przemieni\u0107 \u017cycie. To opowie\u015b\u0107 o odwadze, transformacji i sile, kt\u00f3ra rodzi si\u0119 z ran i \u0142ez. Ka\u017cda strona staje si\u0119 przewodnikiem dla tych, kt\u00f3rzy chc\u0105 odnale\u017a\u0107 \u015bwiat\u0142o w ciemno\u015bci, odkry\u0107 sens\" \/>\n\t\t<meta property=\"og:url\" content=\"https:\/\/wia.net.pl\/index.php\/2025\/09\/07\/ogien-ktory-rodzi-swiatlo-nowy-ty\/\" \/>\n\t\t<meta property=\"og:image\" content=\"https:\/\/wia.net.pl\/wp-content\/uploads\/2023\/11\/cropped-freedom-i73367.jpg\" \/>\n\t\t<meta property=\"og:image:secure_url\" content=\"https:\/\/wia.net.pl\/wp-content\/uploads\/2023\/11\/cropped-freedom-i73367.jpg\" \/>\n\t\t<meta property=\"article:published_time\" content=\"2025-09-07T21:35:10+00:00\" \/>\n\t\t<meta property=\"article:modified_time\" content=\"2026-01-22T00:53:35+00:00\" \/>\n\t\t<meta name=\"twitter:card\" content=\"summary_large_image\" \/>\n\t\t<meta name=\"twitter:title\" content=\"Ogie\u0144, Kt\u00f3ry Rodzi \u015awiat\u0142o \u2013 Nowy \u201eTy\u201d - Wolno\u015b\u0107 i Anarchia\" \/>\n\t\t<meta name=\"twitter:description\" content=\"Dla p\u0142atnych subskrybent\u00f3w platformy Substack. Opracowanie w\u0142asne Ten esej zabiera s\u0142uchacza w podr\u00f3\u017c przez najciemniejsze zakamarki ludzkiego cierpienia, ukazuj\u0105c je jako ukryty dar zdolny przemieni\u0107 \u017cycie. To opowie\u015b\u0107 o odwadze, transformacji i sile, kt\u00f3ra rodzi si\u0119 z ran i \u0142ez. Ka\u017cda strona staje si\u0119 przewodnikiem dla tych, kt\u00f3rzy chc\u0105 odnale\u017a\u0107 \u015bwiat\u0142o w ciemno\u015bci, odkry\u0107 sens\" \/>\n\t\t<meta name=\"twitter:image\" content=\"https:\/\/wia.net.pl\/wp-content\/uploads\/2023\/11\/cropped-freedom-i73367.jpg\" \/>\n\t\t<script type=\"application\/ld+json\" class=\"aioseo-schema\">\n\t\t\t{\"@context\":\"https:\\\/\\\/schema.org\",\"@graph\":[{\"@type\":\"BlogPosting\",\"@id\":\"https:\\\/\\\/wia.net.pl\\\/index.php\\\/2025\\\/09\\\/07\\\/ogien-ktory-rodzi-swiatlo-nowy-ty\\\/#blogposting\",\"name\":\"Ogie\\u0144, Kt\\u00f3ry Rodzi \\u015awiat\\u0142o \\u2013 Nowy \\u201eTy\\u201d - Wolno\\u015b\\u0107 i Anarchia\",\"headline\":\"Ogie\\u0144, Kt\\u00f3ry Rodzi \\u015awiat\\u0142o &#8211; Nowy &#8222;Ty&#8221;\",\"author\":{\"@id\":\"https:\\\/\\\/wia.net.pl\\\/index.php\\\/author\\\/trinity\\\/#author\"},\"publisher\":{\"@id\":\"https:\\\/\\\/wia.net.pl\\\/#person\"},\"image\":{\"@type\":\"ImageObject\",\"url\":\"https:\\\/\\\/wia.net.pl\\\/wp-content\\\/uploads\\\/2025\\\/09\\\/nowy-ty-z-popiolow.jpg\",\"width\":1920,\"height\":1080},\"datePublished\":\"2025-09-07T23:35:10+02:00\",\"dateModified\":\"2026-01-22T01:53:35+01:00\",\"inLanguage\":\"pl-PL\",\"mainEntityOfPage\":{\"@id\":\"https:\\\/\\\/wia.net.pl\\\/index.php\\\/2025\\\/09\\\/07\\\/ogien-ktory-rodzi-swiatlo-nowy-ty\\\/#webpage\"},\"isPartOf\":{\"@id\":\"https:\\\/\\\/wia.net.pl\\\/index.php\\\/2025\\\/09\\\/07\\\/ogien-ktory-rodzi-swiatlo-nowy-ty\\\/#webpage\"},\"articleSection\":\"P\\u0142atna subskrypcja Substack\"},{\"@type\":\"BreadcrumbList\",\"@id\":\"https:\\\/\\\/wia.net.pl\\\/index.php\\\/2025\\\/09\\\/07\\\/ogien-ktory-rodzi-swiatlo-nowy-ty\\\/#breadcrumblist\",\"itemListElement\":[{\"@type\":\"ListItem\",\"@id\":\"https:\\\/\\\/wia.net.pl#listItem\",\"position\":1,\"name\":\"Home\",\"item\":\"https:\\\/\\\/wia.net.pl\",\"nextItem\":{\"@type\":\"ListItem\",\"@id\":\"https:\\\/\\\/wia.net.pl\\\/index.php\\\/category\\\/platna-subskrypcja-substack\\\/#listItem\",\"name\":\"P\\u0142atna subskrypcja Substack\"}},{\"@type\":\"ListItem\",\"@id\":\"https:\\\/\\\/wia.net.pl\\\/index.php\\\/category\\\/platna-subskrypcja-substack\\\/#listItem\",\"position\":2,\"name\":\"P\\u0142atna subskrypcja Substack\",\"item\":\"https:\\\/\\\/wia.net.pl\\\/index.php\\\/category\\\/platna-subskrypcja-substack\\\/\",\"nextItem\":{\"@type\":\"ListItem\",\"@id\":\"https:\\\/\\\/wia.net.pl\\\/index.php\\\/2025\\\/09\\\/07\\\/ogien-ktory-rodzi-swiatlo-nowy-ty\\\/#listItem\",\"name\":\"Ogie\\u0144, Kt\\u00f3ry Rodzi \\u015awiat\\u0142o &#8211; Nowy &#8222;Ty&#8221;\"},\"previousItem\":{\"@type\":\"ListItem\",\"@id\":\"https:\\\/\\\/wia.net.pl#listItem\",\"name\":\"Home\"}},{\"@type\":\"ListItem\",\"@id\":\"https:\\\/\\\/wia.net.pl\\\/index.php\\\/2025\\\/09\\\/07\\\/ogien-ktory-rodzi-swiatlo-nowy-ty\\\/#listItem\",\"position\":3,\"name\":\"Ogie\\u0144, Kt\\u00f3ry Rodzi \\u015awiat\\u0142o &#8211; Nowy &#8222;Ty&#8221;\",\"previousItem\":{\"@type\":\"ListItem\",\"@id\":\"https:\\\/\\\/wia.net.pl\\\/index.php\\\/category\\\/platna-subskrypcja-substack\\\/#listItem\",\"name\":\"P\\u0142atna subskrypcja Substack\"}}]},{\"@type\":\"Person\",\"@id\":\"https:\\\/\\\/wia.net.pl\\\/#person\",\"name\":\"Bart\\u0142omiej Talarczyk\",\"image\":{\"@type\":\"ImageObject\",\"@id\":\"https:\\\/\\\/wia.net.pl\\\/index.php\\\/2025\\\/09\\\/07\\\/ogien-ktory-rodzi-swiatlo-nowy-ty\\\/#personImage\",\"url\":\"https:\\\/\\\/wia.net.pl\\\/wp-content\\\/uploads\\\/avatar-privacy\\\/cache\\\/user\\\/1\\\/7\\\/176a6b161c58363ff49b5c167264231f519f5c7fa183ca1f61e891769b6b56d5-96.jpg\",\"width\":96,\"height\":96,\"caption\":\"Bart\\u0142omiej Talarczyk\"}},{\"@type\":\"Person\",\"@id\":\"https:\\\/\\\/wia.net.pl\\\/index.php\\\/author\\\/trinity\\\/#author\",\"url\":\"https:\\\/\\\/wia.net.pl\\\/index.php\\\/author\\\/trinity\\\/\",\"name\":\"trinity\",\"image\":{\"@type\":\"ImageObject\",\"@id\":\"https:\\\/\\\/wia.net.pl\\\/index.php\\\/2025\\\/09\\\/07\\\/ogien-ktory-rodzi-swiatlo-nowy-ty\\\/#authorImage\",\"url\":\"https:\\\/\\\/wia.net.pl\\\/wp-content\\\/uploads\\\/avatar-privacy\\\/cache\\\/user\\\/5\\\/f\\\/5f6547cf82495eaa10e100a6a45d5dbde2dfdc1be88557de2018fca705bdf6f1-96.jpg\",\"width\":96,\"height\":96,\"caption\":\"trinity\"}},{\"@type\":\"WebPage\",\"@id\":\"https:\\\/\\\/wia.net.pl\\\/index.php\\\/2025\\\/09\\\/07\\\/ogien-ktory-rodzi-swiatlo-nowy-ty\\\/#webpage\",\"url\":\"https:\\\/\\\/wia.net.pl\\\/index.php\\\/2025\\\/09\\\/07\\\/ogien-ktory-rodzi-swiatlo-nowy-ty\\\/\",\"name\":\"Ogie\\u0144, Kt\\u00f3ry Rodzi \\u015awiat\\u0142o \\u2013 Nowy \\u201eTy\\u201d - Wolno\\u015b\\u0107 i Anarchia\",\"description\":\"Dla p\\u0142atnych subskrybent\\u00f3w platformy Substack. Opracowanie w\\u0142asne Ten esej zabiera s\\u0142uchacza w podr\\u00f3\\u017c przez najciemniejsze zakamarki ludzkiego cierpienia, ukazuj\\u0105c je jako ukryty dar zdolny przemieni\\u0107 \\u017cycie. To opowie\\u015b\\u0107 o odwadze, transformacji i sile, kt\\u00f3ra rodzi si\\u0119 z ran i \\u0142ez. Ka\\u017cda strona staje si\\u0119 przewodnikiem dla tych, kt\\u00f3rzy chc\\u0105 odnale\\u017a\\u0107 \\u015bwiat\\u0142o w ciemno\\u015bci, odkry\\u0107 sens\",\"inLanguage\":\"pl-PL\",\"isPartOf\":{\"@id\":\"https:\\\/\\\/wia.net.pl\\\/#website\"},\"breadcrumb\":{\"@id\":\"https:\\\/\\\/wia.net.pl\\\/index.php\\\/2025\\\/09\\\/07\\\/ogien-ktory-rodzi-swiatlo-nowy-ty\\\/#breadcrumblist\"},\"author\":{\"@id\":\"https:\\\/\\\/wia.net.pl\\\/index.php\\\/author\\\/trinity\\\/#author\"},\"creator\":{\"@id\":\"https:\\\/\\\/wia.net.pl\\\/index.php\\\/author\\\/trinity\\\/#author\"},\"image\":{\"@type\":\"ImageObject\",\"url\":\"https:\\\/\\\/wia.net.pl\\\/wp-content\\\/uploads\\\/2025\\\/09\\\/nowy-ty-z-popiolow.jpg\",\"@id\":\"https:\\\/\\\/wia.net.pl\\\/index.php\\\/2025\\\/09\\\/07\\\/ogien-ktory-rodzi-swiatlo-nowy-ty\\\/#mainImage\",\"width\":1920,\"height\":1080},\"primaryImageOfPage\":{\"@id\":\"https:\\\/\\\/wia.net.pl\\\/index.php\\\/2025\\\/09\\\/07\\\/ogien-ktory-rodzi-swiatlo-nowy-ty\\\/#mainImage\"},\"datePublished\":\"2025-09-07T23:35:10+02:00\",\"dateModified\":\"2026-01-22T01:53:35+01:00\"},{\"@type\":\"WebSite\",\"@id\":\"https:\\\/\\\/wia.net.pl\\\/#website\",\"url\":\"https:\\\/\\\/wia.net.pl\\\/\",\"name\":\"Wolno\\u015b\\u0107 i Anarchia\",\"description\":\"Ka\\u017cdy wewn\\u0119trznie jest anarchist\\u0105.\",\"inLanguage\":\"pl-PL\",\"publisher\":{\"@id\":\"https:\\\/\\\/wia.net.pl\\\/#person\"}}]}\n\t\t<\/script>\n\t\t<!-- All in One SEO -->\n\n","aioseo_head_json":{"title":"Ogie\u0144, Kt\u00f3ry Rodzi \u015awiat\u0142o \u2013 Nowy \u201eTy\u201d - Wolno\u015b\u0107 i Anarchia","description":"Dla p\u0142atnych subskrybent\u00f3w platformy Substack. Opracowanie w\u0142asne Ten esej zabiera s\u0142uchacza w podr\u00f3\u017c przez najciemniejsze zakamarki ludzkiego cierpienia, ukazuj\u0105c je jako ukryty dar zdolny przemieni\u0107 \u017cycie. To opowie\u015b\u0107 o odwadze, transformacji i sile, kt\u00f3ra rodzi si\u0119 z ran i \u0142ez. Ka\u017cda strona staje si\u0119 przewodnikiem dla tych, kt\u00f3rzy chc\u0105 odnale\u017a\u0107 \u015bwiat\u0142o w ciemno\u015bci, odkry\u0107 sens","canonical_url":"https:\/\/wia.net.pl\/index.php\/2025\/09\/07\/ogien-ktory-rodzi-swiatlo-nowy-ty\/","robots":"max-image-preview:large","keywords":"","webmasterTools":{"miscellaneous":""},"schema":{"@context":"https:\/\/schema.org","@graph":[{"@type":"BlogPosting","@id":"https:\/\/wia.net.pl\/index.php\/2025\/09\/07\/ogien-ktory-rodzi-swiatlo-nowy-ty\/#blogposting","name":"Ogie\u0144, Kt\u00f3ry Rodzi \u015awiat\u0142o \u2013 Nowy \u201eTy\u201d - Wolno\u015b\u0107 i Anarchia","headline":"Ogie\u0144, Kt\u00f3ry Rodzi \u015awiat\u0142o &#8211; Nowy &#8222;Ty&#8221;","author":{"@id":"https:\/\/wia.net.pl\/index.php\/author\/trinity\/#author"},"publisher":{"@id":"https:\/\/wia.net.pl\/#person"},"image":{"@type":"ImageObject","url":"https:\/\/wia.net.pl\/wp-content\/uploads\/2025\/09\/nowy-ty-z-popiolow.jpg","width":1920,"height":1080},"datePublished":"2025-09-07T23:35:10+02:00","dateModified":"2026-01-22T01:53:35+01:00","inLanguage":"pl-PL","mainEntityOfPage":{"@id":"https:\/\/wia.net.pl\/index.php\/2025\/09\/07\/ogien-ktory-rodzi-swiatlo-nowy-ty\/#webpage"},"isPartOf":{"@id":"https:\/\/wia.net.pl\/index.php\/2025\/09\/07\/ogien-ktory-rodzi-swiatlo-nowy-ty\/#webpage"},"articleSection":"P\u0142atna subskrypcja Substack"},{"@type":"BreadcrumbList","@id":"https:\/\/wia.net.pl\/index.php\/2025\/09\/07\/ogien-ktory-rodzi-swiatlo-nowy-ty\/#breadcrumblist","itemListElement":[{"@type":"ListItem","@id":"https:\/\/wia.net.pl#listItem","position":1,"name":"Home","item":"https:\/\/wia.net.pl","nextItem":{"@type":"ListItem","@id":"https:\/\/wia.net.pl\/index.php\/category\/platna-subskrypcja-substack\/#listItem","name":"P\u0142atna subskrypcja Substack"}},{"@type":"ListItem","@id":"https:\/\/wia.net.pl\/index.php\/category\/platna-subskrypcja-substack\/#listItem","position":2,"name":"P\u0142atna subskrypcja Substack","item":"https:\/\/wia.net.pl\/index.php\/category\/platna-subskrypcja-substack\/","nextItem":{"@type":"ListItem","@id":"https:\/\/wia.net.pl\/index.php\/2025\/09\/07\/ogien-ktory-rodzi-swiatlo-nowy-ty\/#listItem","name":"Ogie\u0144, Kt\u00f3ry Rodzi \u015awiat\u0142o &#8211; Nowy &#8222;Ty&#8221;"},"previousItem":{"@type":"ListItem","@id":"https:\/\/wia.net.pl#listItem","name":"Home"}},{"@type":"ListItem","@id":"https:\/\/wia.net.pl\/index.php\/2025\/09\/07\/ogien-ktory-rodzi-swiatlo-nowy-ty\/#listItem","position":3,"name":"Ogie\u0144, Kt\u00f3ry Rodzi \u015awiat\u0142o &#8211; Nowy &#8222;Ty&#8221;","previousItem":{"@type":"ListItem","@id":"https:\/\/wia.net.pl\/index.php\/category\/platna-subskrypcja-substack\/#listItem","name":"P\u0142atna subskrypcja Substack"}}]},{"@type":"Person","@id":"https:\/\/wia.net.pl\/#person","name":"Bart\u0142omiej Talarczyk","image":{"@type":"ImageObject","@id":"https:\/\/wia.net.pl\/index.php\/2025\/09\/07\/ogien-ktory-rodzi-swiatlo-nowy-ty\/#personImage","url":"https:\/\/wia.net.pl\/wp-content\/uploads\/avatar-privacy\/cache\/user\/1\/7\/176a6b161c58363ff49b5c167264231f519f5c7fa183ca1f61e891769b6b56d5-96.jpg","width":96,"height":96,"caption":"Bart\u0142omiej Talarczyk"}},{"@type":"Person","@id":"https:\/\/wia.net.pl\/index.php\/author\/trinity\/#author","url":"https:\/\/wia.net.pl\/index.php\/author\/trinity\/","name":"trinity","image":{"@type":"ImageObject","@id":"https:\/\/wia.net.pl\/index.php\/2025\/09\/07\/ogien-ktory-rodzi-swiatlo-nowy-ty\/#authorImage","url":"https:\/\/wia.net.pl\/wp-content\/uploads\/avatar-privacy\/cache\/user\/5\/f\/5f6547cf82495eaa10e100a6a45d5dbde2dfdc1be88557de2018fca705bdf6f1-96.jpg","width":96,"height":96,"caption":"trinity"}},{"@type":"WebPage","@id":"https:\/\/wia.net.pl\/index.php\/2025\/09\/07\/ogien-ktory-rodzi-swiatlo-nowy-ty\/#webpage","url":"https:\/\/wia.net.pl\/index.php\/2025\/09\/07\/ogien-ktory-rodzi-swiatlo-nowy-ty\/","name":"Ogie\u0144, Kt\u00f3ry Rodzi \u015awiat\u0142o \u2013 Nowy \u201eTy\u201d - Wolno\u015b\u0107 i Anarchia","description":"Dla p\u0142atnych subskrybent\u00f3w platformy Substack. Opracowanie w\u0142asne Ten esej zabiera s\u0142uchacza w podr\u00f3\u017c przez najciemniejsze zakamarki ludzkiego cierpienia, ukazuj\u0105c je jako ukryty dar zdolny przemieni\u0107 \u017cycie. To opowie\u015b\u0107 o odwadze, transformacji i sile, kt\u00f3ra rodzi si\u0119 z ran i \u0142ez. Ka\u017cda strona staje si\u0119 przewodnikiem dla tych, kt\u00f3rzy chc\u0105 odnale\u017a\u0107 \u015bwiat\u0142o w ciemno\u015bci, odkry\u0107 sens","inLanguage":"pl-PL","isPartOf":{"@id":"https:\/\/wia.net.pl\/#website"},"breadcrumb":{"@id":"https:\/\/wia.net.pl\/index.php\/2025\/09\/07\/ogien-ktory-rodzi-swiatlo-nowy-ty\/#breadcrumblist"},"author":{"@id":"https:\/\/wia.net.pl\/index.php\/author\/trinity\/#author"},"creator":{"@id":"https:\/\/wia.net.pl\/index.php\/author\/trinity\/#author"},"image":{"@type":"ImageObject","url":"https:\/\/wia.net.pl\/wp-content\/uploads\/2025\/09\/nowy-ty-z-popiolow.jpg","@id":"https:\/\/wia.net.pl\/index.php\/2025\/09\/07\/ogien-ktory-rodzi-swiatlo-nowy-ty\/#mainImage","width":1920,"height":1080},"primaryImageOfPage":{"@id":"https:\/\/wia.net.pl\/index.php\/2025\/09\/07\/ogien-ktory-rodzi-swiatlo-nowy-ty\/#mainImage"},"datePublished":"2025-09-07T23:35:10+02:00","dateModified":"2026-01-22T01:53:35+01:00"},{"@type":"WebSite","@id":"https:\/\/wia.net.pl\/#website","url":"https:\/\/wia.net.pl\/","name":"Wolno\u015b\u0107 i Anarchia","description":"Ka\u017cdy wewn\u0119trznie jest anarchist\u0105.","inLanguage":"pl-PL","publisher":{"@id":"https:\/\/wia.net.pl\/#person"}}]},"og:locale":"pl_PL","og:site_name":"Wolno\u015b\u0107 i Anarchia - Ka\u017cdy wewn\u0119trznie jest anarchist\u0105.","og:type":"article","og:title":"Ogie\u0144, Kt\u00f3ry Rodzi \u015awiat\u0142o \u2013 Nowy \u201eTy\u201d - Wolno\u015b\u0107 i Anarchia","og:description":"Dla p\u0142atnych subskrybent\u00f3w platformy Substack. Opracowanie w\u0142asne Ten esej zabiera s\u0142uchacza w podr\u00f3\u017c przez najciemniejsze zakamarki ludzkiego cierpienia, ukazuj\u0105c je jako ukryty dar zdolny przemieni\u0107 \u017cycie. To opowie\u015b\u0107 o odwadze, transformacji i sile, kt\u00f3ra rodzi si\u0119 z ran i \u0142ez. Ka\u017cda strona staje si\u0119 przewodnikiem dla tych, kt\u00f3rzy chc\u0105 odnale\u017a\u0107 \u015bwiat\u0142o w ciemno\u015bci, odkry\u0107 sens","og:url":"https:\/\/wia.net.pl\/index.php\/2025\/09\/07\/ogien-ktory-rodzi-swiatlo-nowy-ty\/","og:image":"https:\/\/wia.net.pl\/wp-content\/uploads\/2023\/11\/cropped-freedom-i73367.jpg","og:image:secure_url":"https:\/\/wia.net.pl\/wp-content\/uploads\/2023\/11\/cropped-freedom-i73367.jpg","article:published_time":"2025-09-07T21:35:10+00:00","article:modified_time":"2026-01-22T00:53:35+00:00","twitter:card":"summary_large_image","twitter:title":"Ogie\u0144, Kt\u00f3ry Rodzi \u015awiat\u0142o \u2013 Nowy \u201eTy\u201d - Wolno\u015b\u0107 i Anarchia","twitter:description":"Dla p\u0142atnych subskrybent\u00f3w platformy Substack. Opracowanie w\u0142asne Ten esej zabiera s\u0142uchacza w podr\u00f3\u017c przez najciemniejsze zakamarki ludzkiego cierpienia, ukazuj\u0105c je jako ukryty dar zdolny przemieni\u0107 \u017cycie. To opowie\u015b\u0107 o odwadze, transformacji i sile, kt\u00f3ra rodzi si\u0119 z ran i \u0142ez. Ka\u017cda strona staje si\u0119 przewodnikiem dla tych, kt\u00f3rzy chc\u0105 odnale\u017a\u0107 \u015bwiat\u0142o w ciemno\u015bci, odkry\u0107 sens","twitter:image":"https:\/\/wia.net.pl\/wp-content\/uploads\/2023\/11\/cropped-freedom-i73367.jpg"},"aioseo_meta_data":{"post_id":"10671","title":null,"description":null,"keywords":null,"keyphrases":{"focus":{"keyphrase":"","score":0,"analysis":{"keyphraseInTitle":{"score":0,"maxScore":9,"error":1}}},"additional":[]},"primary_term":null,"canonical_url":null,"og_title":null,"og_description":null,"og_object_type":"default","og_image_type":"default","og_image_url":null,"og_image_width":null,"og_image_height":null,"og_image_custom_url":null,"og_image_custom_fields":null,"og_video":"","og_custom_url":null,"og_article_section":null,"og_article_tags":null,"twitter_use_og":false,"twitter_card":"default","twitter_image_type":"default","twitter_image_url":null,"twitter_image_custom_url":null,"twitter_image_custom_fields":null,"twitter_title":null,"twitter_description":null,"schema":{"blockGraphs":[],"customGraphs":[],"default":{"data":{"Article":[],"Course":[],"Dataset":[],"FAQPage":[],"Movie":[],"Person":[],"Product":[],"ProductReview":[],"Car":[],"Recipe":[],"Service":[],"SoftwareApplication":[],"WebPage":[]},"graphName":"BlogPosting","isEnabled":true},"graphs":[]},"schema_type":"default","schema_type_options":null,"pillar_content":false,"robots_default":true,"robots_noindex":false,"robots_noarchive":false,"robots_nosnippet":false,"robots_nofollow":false,"robots_noimageindex":false,"robots_noodp":false,"robots_notranslate":false,"robots_max_snippet":"-1","robots_max_videopreview":"-1","robots_max_imagepreview":"large","priority":null,"frequency":"default","local_seo":null,"breadcrumb_settings":null,"limit_modified_date":false,"ai":{"faqs":[],"keyPoints":[],"titles":[],"descriptions":[],"socialPosts":{"email":[],"linkedin":[],"twitter":[],"facebook":[],"instagram":[]}},"created":"2025-09-07 21:35:12","updated":"2026-01-22 01:05:32","seo_analyzer_scan_date":null,"focus_keyword":null,"additional_keywords":null,"truseo_locale":null},"aioseo_breadcrumb":"<div class=\"aioseo-breadcrumbs\"><span class=\"aioseo-breadcrumb\">\n\t\t\t<a href=\"https:\/\/wia.net.pl\" title=\"Home\">Home<\/a>\n\t\t<\/span><span class=\"aioseo-breadcrumb-separator\">&raquo;<\/span><span class=\"aioseo-breadcrumb\">\n\t\t\t<a href=\"https:\/\/wia.net.pl\/index.php\/category\/platna-subskrypcja-substack\/\" title=\"P\u0142atna subskrypcja Substack\">P\u0142atna subskrypcja Substack<\/a>\n\t\t<\/span><span class=\"aioseo-breadcrumb-separator\">&raquo;<\/span><span class=\"aioseo-breadcrumb\">\n\t\t\tOgie\u0144, Kt\u00f3ry Rodzi \u015awiat\u0142o \u2013 Nowy \u201eTy\u201d\n\t\t<\/span><\/div>","aioseo_breadcrumb_json":[{"label":"Home","link":"https:\/\/wia.net.pl"},{"label":"P\u0142atna subskrypcja Substack","link":"https:\/\/wia.net.pl\/index.php\/category\/platna-subskrypcja-substack\/"},{"label":"Ogie\u0144, Kt\u00f3ry Rodzi \u015awiat\u0142o &#8211; Nowy &#8222;Ty&#8221;","link":"https:\/\/wia.net.pl\/index.php\/2025\/09\/07\/ogien-ktory-rodzi-swiatlo-nowy-ty\/"}],"_links":{"self":[{"href":"https:\/\/wia.net.pl\/index.php\/wp-json\/wp\/v2\/posts\/10671"}],"collection":[{"href":"https:\/\/wia.net.pl\/index.php\/wp-json\/wp\/v2\/posts"}],"about":[{"href":"https:\/\/wia.net.pl\/index.php\/wp-json\/wp\/v2\/types\/post"}],"author":[{"embeddable":true,"href":"https:\/\/wia.net.pl\/index.php\/wp-json\/wp\/v2\/users\/2"}],"replies":[{"embeddable":true,"href":"https:\/\/wia.net.pl\/index.php\/wp-json\/wp\/v2\/comments?post=10671"}],"version-history":[{"count":2,"href":"https:\/\/wia.net.pl\/index.php\/wp-json\/wp\/v2\/posts\/10671\/revisions"}],"predecessor-version":[{"id":10674,"href":"https:\/\/wia.net.pl\/index.php\/wp-json\/wp\/v2\/posts\/10671\/revisions\/10674"}],"wp:featuredmedia":[{"embeddable":true,"href":"https:\/\/wia.net.pl\/index.php\/wp-json\/wp\/v2\/media\/10673"}],"wp:attachment":[{"href":"https:\/\/wia.net.pl\/index.php\/wp-json\/wp\/v2\/media?parent=10671"}],"wp:term":[{"taxonomy":"category","embeddable":true,"href":"https:\/\/wia.net.pl\/index.php\/wp-json\/wp\/v2\/categories?post=10671"},{"taxonomy":"post_tag","embeddable":true,"href":"https:\/\/wia.net.pl\/index.php\/wp-json\/wp\/v2\/tags?post=10671"}],"curies":[{"name":"wp","href":"https:\/\/api.w.org\/{rel}","templated":true}]}}