{"id":10675,"date":"2025-09-10T18:17:50","date_gmt":"2025-09-10T16:17:50","guid":{"rendered":"https:\/\/wia.net.pl\/?p=10675"},"modified":"2026-01-22T01:49:59","modified_gmt":"2026-01-22T00:49:59","slug":"rozdzial-vii-dezinformacja-bron-xxi-wieku","status":"publish","type":"post","link":"https:\/\/wia.net.pl\/index.php\/2025\/09\/10\/rozdzial-vii-dezinformacja-bron-xxi-wieku\/","title":{"rendered":"Rozdzia\u0142 VII &#8211; Dezinformacja: Bro\u0144 XXI wieku"},"content":{"rendered":"\n<p>CYKL: CYFROWA APOKALIPSA \u2013 ROZDZIAL VII<\/p>\n\n\n\n<p>Dezinformacja: Bro\u0144 XXI wieku<\/p>\n\n\n\n<p>Materia\u0142 dla p\u0142atnych subskrybent\u00f3w Substack.<\/p>\n\n\n\n<p>Opracowanie w\u0142asne<\/p>\n\n\n<div class=\"substack-post-embed\">\n<p lang=\"en\">Cyfrowa Apokalipsa &#8211; Dezinformacja: Bro\u0144 XXI wieku &#8211; Rozdzia\u0142 7\/8 by Wolno\u015b\u0107 i Anarchia<\/p>\n<p>Chodzi o to, by przesta\u0107 ufa\u0107 komukolwiek i czemukolwiek. Bo je\u015bli nie wiesz, co jest prawd\u0105, \u0142atwiej jest ci\u0119 prowadzi\u0107<\/p>\n<p><a data-post-link href=\"https:\/\/wolnoscanarchia.substack.com\/p\/cyfrowa-apokalipsa-dezinformacja\">Read on Substack<\/a><\/div>\n<p><script async src=\"https:\/\/substack.com\/embedjs\/embed.js\" charset=\"utf-8\"><\/script><\/p>\n\n\n\n<p><em>Je\u015bli dezinformacja osi\u0105gnie pe\u0142n\u0105 dominacj\u0119, \u015bwiat stanie si\u0119 miejscem, gdzie prawda straci jak\u0105kolwiek warto\u015b\u0107. Nie dlatego, \u017ce fakty przestan\u0105 istnie\u0107, ale dlatego, \u017ce nikt nie b\u0119dzie ju\u017c w stanie ich odr\u00f3\u017cni\u0107 od fikcji. <\/em><\/p>\n\n\n\n<p><em>To b\u0119dzie moment, w kt\u00f3rym rzeczywisto\u015b\u0107 stanie si\u0119 p\u0142ynna jak piasek, a ka\u017cdy b\u0119dzie \u017cy\u0142 w swojej osobistej wersji \u015bwiata, starannie zaprojektowanej przez algorytmy i manipulator\u00f3w.<\/em><\/p>\n","protected":false},"excerpt":{"rendered":"<p>CYKL: CYFROWA APOKALIPSA \u2013 ROZDZIAL VII Dezinformacja: Bro\u0144 XXI wieku Materia\u0142 dla p\u0142atnych subskrybent\u00f3w Substack. Opracowanie w\u0142asne Je\u015bli dezinformacja osi\u0105gnie pe\u0142n\u0105 dominacj\u0119, \u015bwiat stanie si\u0119 miejscem, gdzie prawda straci jak\u0105kolwiek warto\u015b\u0107. Nie dlatego, \u017ce fakty przestan\u0105 istnie\u0107, ale dlatego, \u017ce&#8230; <\/p>\n","protected":false},"author":2,"featured_media":10676,"comment_status":"open","ping_status":"open","sticky":false,"template":"","format":"standard","meta":{"_acf_changed":false,"_bbp_topic_count":0,"_bbp_reply_count":0,"_bbp_total_topic_count":0,"_bbp_total_reply_count":0,"_bbp_voice_count":0,"_bbp_anonymous_reply_count":0,"_bbp_topic_count_hidden":0,"_bbp_reply_count_hidden":0,"_bbp_forum_subforum_count":0,"om_disable_all_campaigns":false,"_monsterinsights_skip_tracking":false,"footnotes":""},"categories":[186],"tags":[],"class_list":["post-10675","post","type-post","status-publish","format-standard","has-post-thumbnail","hentry","category-platna-subskrypcja-substack"],"acf":[],"aioseo_notices":[],"aioseo_head":"\n\t\t<!-- All in One SEO 5.0.1.1 - aioseo.com -->\n\t<meta name=\"description\" content=\"CYKL: CYFROWA APOKALIPSA \u2013 ROZDZIAL VII Dezinformacja: Bro\u0144 XXI wieku Materia\u0142 dla p\u0142atnych subskrybent\u00f3w Substack. Opracowanie w\u0142asne Cyfrowa Apokalipsa - Dezinformacja: Bro\u0144 XXI wieku - Rozdzia\u0142 7\/8 by Wolno\u015b\u0107 i AnarchiaChodzi o to, by przesta\u0107 ufa\u0107 komukolwiek i czemukolwiek. Bo je\u015bli nie wiesz, co jest prawd\u0105, \u0142atwiej jest ci\u0119 prowadzi\u0107Read on Substack Je\u015bli dezinformacja osi\u0105gnie\" \/>\n\t<meta name=\"robots\" content=\"max-image-preview:large\" \/>\n\t<meta name=\"author\" content=\"trinity\"\/>\n\t<link rel=\"canonical\" href=\"https:\/\/wia.net.pl\/index.php\/2025\/09\/10\/rozdzial-vii-dezinformacja-bron-xxi-wieku\/\" \/>\n\t<meta name=\"generator\" content=\"All in One SEO (AIOSEO) 5.0.1.1\" \/>\n\t\t<meta property=\"og:locale\" content=\"pl_PL\" \/>\n\t\t<meta property=\"og:site_name\" content=\"Wolno\u015b\u0107 i Anarchia - Ka\u017cdy wewn\u0119trznie jest anarchist\u0105.\" \/>\n\t\t<meta property=\"og:type\" content=\"article\" \/>\n\t\t<meta property=\"og:title\" content=\"Rozdzia\u0142 VII \u2013 Dezinformacja: Bro\u0144 XXI wieku - Wolno\u015b\u0107 i Anarchia\" \/>\n\t\t<meta property=\"og:description\" content=\"CYKL: CYFROWA APOKALIPSA \u2013 ROZDZIAL VII Dezinformacja: Bro\u0144 XXI wieku Materia\u0142 dla p\u0142atnych subskrybent\u00f3w Substack. Opracowanie w\u0142asne Cyfrowa Apokalipsa - Dezinformacja: Bro\u0144 XXI wieku - Rozdzia\u0142 7\/8 by Wolno\u015b\u0107 i AnarchiaChodzi o to, by przesta\u0107 ufa\u0107 komukolwiek i czemukolwiek. Bo je\u015bli nie wiesz, co jest prawd\u0105, \u0142atwiej jest ci\u0119 prowadzi\u0107Read on Substack Je\u015bli dezinformacja osi\u0105gnie\" \/>\n\t\t<meta property=\"og:url\" content=\"https:\/\/wia.net.pl\/index.php\/2025\/09\/10\/rozdzial-vii-dezinformacja-bron-xxi-wieku\/\" \/>\n\t\t<meta property=\"og:image\" content=\"https:\/\/wia.net.pl\/wp-content\/uploads\/2023\/11\/cropped-freedom-i73367.jpg\" \/>\n\t\t<meta property=\"og:image:secure_url\" content=\"https:\/\/wia.net.pl\/wp-content\/uploads\/2023\/11\/cropped-freedom-i73367.jpg\" \/>\n\t\t<meta property=\"article:published_time\" content=\"2025-09-10T16:17:50+00:00\" \/>\n\t\t<meta property=\"article:modified_time\" content=\"2026-01-22T00:49:59+00:00\" \/>\n\t\t<meta name=\"twitter:card\" content=\"summary_large_image\" \/>\n\t\t<meta name=\"twitter:title\" content=\"Rozdzia\u0142 VII \u2013 Dezinformacja: Bro\u0144 XXI wieku - Wolno\u015b\u0107 i Anarchia\" \/>\n\t\t<meta name=\"twitter:description\" content=\"CYKL: CYFROWA APOKALIPSA \u2013 ROZDZIAL VII Dezinformacja: Bro\u0144 XXI wieku Materia\u0142 dla p\u0142atnych subskrybent\u00f3w Substack. Opracowanie w\u0142asne Cyfrowa Apokalipsa - Dezinformacja: Bro\u0144 XXI wieku - Rozdzia\u0142 7\/8 by Wolno\u015b\u0107 i AnarchiaChodzi o to, by przesta\u0107 ufa\u0107 komukolwiek i czemukolwiek. Bo je\u015bli nie wiesz, co jest prawd\u0105, \u0142atwiej jest ci\u0119 prowadzi\u0107Read on Substack Je\u015bli dezinformacja osi\u0105gnie\" \/>\n\t\t<meta name=\"twitter:image\" content=\"https:\/\/wia.net.pl\/wp-content\/uploads\/2023\/11\/cropped-freedom-i73367.jpg\" \/>\n\t\t<script type=\"application\/ld+json\" class=\"aioseo-schema\">\n\t\t\t{\"@context\":\"https:\\\/\\\/schema.org\",\"@graph\":[{\"@type\":\"BlogPosting\",\"@id\":\"https:\\\/\\\/wia.net.pl\\\/index.php\\\/2025\\\/09\\\/10\\\/rozdzial-vii-dezinformacja-bron-xxi-wieku\\\/#blogposting\",\"name\":\"Rozdzia\\u0142 VII \\u2013 Dezinformacja: Bro\\u0144 XXI wieku - Wolno\\u015b\\u0107 i Anarchia\",\"headline\":\"Rozdzia\\u0142 VII &#8211; Dezinformacja: Bro\\u0144 XXI wieku\",\"author\":{\"@id\":\"https:\\\/\\\/wia.net.pl\\\/index.php\\\/author\\\/trinity\\\/#author\"},\"publisher\":{\"@id\":\"https:\\\/\\\/wia.net.pl\\\/#person\"},\"image\":{\"@type\":\"ImageObject\",\"url\":\"https:\\\/\\\/wia.net.pl\\\/wp-content\\\/uploads\\\/2025\\\/09\\\/cyfrowa-roz-7-miniatura.jpg\",\"width\":1920,\"height\":1080},\"datePublished\":\"2025-09-10T18:17:50+02:00\",\"dateModified\":\"2026-01-22T01:49:59+01:00\",\"inLanguage\":\"pl-PL\",\"mainEntityOfPage\":{\"@id\":\"https:\\\/\\\/wia.net.pl\\\/index.php\\\/2025\\\/09\\\/10\\\/rozdzial-vii-dezinformacja-bron-xxi-wieku\\\/#webpage\"},\"isPartOf\":{\"@id\":\"https:\\\/\\\/wia.net.pl\\\/index.php\\\/2025\\\/09\\\/10\\\/rozdzial-vii-dezinformacja-bron-xxi-wieku\\\/#webpage\"},\"articleSection\":\"P\\u0142atna subskrypcja Substack\"},{\"@type\":\"BreadcrumbList\",\"@id\":\"https:\\\/\\\/wia.net.pl\\\/index.php\\\/2025\\\/09\\\/10\\\/rozdzial-vii-dezinformacja-bron-xxi-wieku\\\/#breadcrumblist\",\"itemListElement\":[{\"@type\":\"ListItem\",\"@id\":\"https:\\\/\\\/wia.net.pl#listItem\",\"position\":1,\"name\":\"Home\",\"item\":\"https:\\\/\\\/wia.net.pl\",\"nextItem\":{\"@type\":\"ListItem\",\"@id\":\"https:\\\/\\\/wia.net.pl\\\/index.php\\\/category\\\/platna-subskrypcja-substack\\\/#listItem\",\"name\":\"P\\u0142atna subskrypcja Substack\"}},{\"@type\":\"ListItem\",\"@id\":\"https:\\\/\\\/wia.net.pl\\\/index.php\\\/category\\\/platna-subskrypcja-substack\\\/#listItem\",\"position\":2,\"name\":\"P\\u0142atna subskrypcja Substack\",\"item\":\"https:\\\/\\\/wia.net.pl\\\/index.php\\\/category\\\/platna-subskrypcja-substack\\\/\",\"nextItem\":{\"@type\":\"ListItem\",\"@id\":\"https:\\\/\\\/wia.net.pl\\\/index.php\\\/2025\\\/09\\\/10\\\/rozdzial-vii-dezinformacja-bron-xxi-wieku\\\/#listItem\",\"name\":\"Rozdzia\\u0142 VII &#8211; Dezinformacja: Bro\\u0144 XXI wieku\"},\"previousItem\":{\"@type\":\"ListItem\",\"@id\":\"https:\\\/\\\/wia.net.pl#listItem\",\"name\":\"Home\"}},{\"@type\":\"ListItem\",\"@id\":\"https:\\\/\\\/wia.net.pl\\\/index.php\\\/2025\\\/09\\\/10\\\/rozdzial-vii-dezinformacja-bron-xxi-wieku\\\/#listItem\",\"position\":3,\"name\":\"Rozdzia\\u0142 VII &#8211; Dezinformacja: Bro\\u0144 XXI wieku\",\"previousItem\":{\"@type\":\"ListItem\",\"@id\":\"https:\\\/\\\/wia.net.pl\\\/index.php\\\/category\\\/platna-subskrypcja-substack\\\/#listItem\",\"name\":\"P\\u0142atna subskrypcja Substack\"}}]},{\"@type\":\"Person\",\"@id\":\"https:\\\/\\\/wia.net.pl\\\/#person\",\"name\":\"Bart\\u0142omiej Talarczyk\",\"image\":{\"@type\":\"ImageObject\",\"@id\":\"https:\\\/\\\/wia.net.pl\\\/index.php\\\/2025\\\/09\\\/10\\\/rozdzial-vii-dezinformacja-bron-xxi-wieku\\\/#personImage\",\"url\":\"https:\\\/\\\/wia.net.pl\\\/wp-content\\\/uploads\\\/avatar-privacy\\\/cache\\\/user\\\/1\\\/7\\\/176a6b161c58363ff49b5c167264231f519f5c7fa183ca1f61e891769b6b56d5-96.jpg\",\"width\":96,\"height\":96,\"caption\":\"Bart\\u0142omiej Talarczyk\"}},{\"@type\":\"Person\",\"@id\":\"https:\\\/\\\/wia.net.pl\\\/index.php\\\/author\\\/trinity\\\/#author\",\"url\":\"https:\\\/\\\/wia.net.pl\\\/index.php\\\/author\\\/trinity\\\/\",\"name\":\"trinity\",\"image\":{\"@type\":\"ImageObject\",\"@id\":\"https:\\\/\\\/wia.net.pl\\\/index.php\\\/2025\\\/09\\\/10\\\/rozdzial-vii-dezinformacja-bron-xxi-wieku\\\/#authorImage\",\"url\":\"https:\\\/\\\/wia.net.pl\\\/wp-content\\\/uploads\\\/avatar-privacy\\\/cache\\\/user\\\/5\\\/f\\\/5f6547cf82495eaa10e100a6a45d5dbde2dfdc1be88557de2018fca705bdf6f1-96.jpg\",\"width\":96,\"height\":96,\"caption\":\"trinity\"}},{\"@type\":\"WebPage\",\"@id\":\"https:\\\/\\\/wia.net.pl\\\/index.php\\\/2025\\\/09\\\/10\\\/rozdzial-vii-dezinformacja-bron-xxi-wieku\\\/#webpage\",\"url\":\"https:\\\/\\\/wia.net.pl\\\/index.php\\\/2025\\\/09\\\/10\\\/rozdzial-vii-dezinformacja-bron-xxi-wieku\\\/\",\"name\":\"Rozdzia\\u0142 VII \\u2013 Dezinformacja: Bro\\u0144 XXI wieku - Wolno\\u015b\\u0107 i Anarchia\",\"description\":\"CYKL: CYFROWA APOKALIPSA \\u2013 ROZDZIAL VII Dezinformacja: Bro\\u0144 XXI wieku Materia\\u0142 dla p\\u0142atnych subskrybent\\u00f3w Substack. Opracowanie w\\u0142asne Cyfrowa Apokalipsa - Dezinformacja: Bro\\u0144 XXI wieku - Rozdzia\\u0142 7\\\/8 by Wolno\\u015b\\u0107 i AnarchiaChodzi o to, by przesta\\u0107 ufa\\u0107 komukolwiek i czemukolwiek. Bo je\\u015bli nie wiesz, co jest prawd\\u0105, \\u0142atwiej jest ci\\u0119 prowadzi\\u0107Read on Substack Je\\u015bli dezinformacja osi\\u0105gnie\",\"inLanguage\":\"pl-PL\",\"isPartOf\":{\"@id\":\"https:\\\/\\\/wia.net.pl\\\/#website\"},\"breadcrumb\":{\"@id\":\"https:\\\/\\\/wia.net.pl\\\/index.php\\\/2025\\\/09\\\/10\\\/rozdzial-vii-dezinformacja-bron-xxi-wieku\\\/#breadcrumblist\"},\"author\":{\"@id\":\"https:\\\/\\\/wia.net.pl\\\/index.php\\\/author\\\/trinity\\\/#author\"},\"creator\":{\"@id\":\"https:\\\/\\\/wia.net.pl\\\/index.php\\\/author\\\/trinity\\\/#author\"},\"image\":{\"@type\":\"ImageObject\",\"url\":\"https:\\\/\\\/wia.net.pl\\\/wp-content\\\/uploads\\\/2025\\\/09\\\/cyfrowa-roz-7-miniatura.jpg\",\"@id\":\"https:\\\/\\\/wia.net.pl\\\/index.php\\\/2025\\\/09\\\/10\\\/rozdzial-vii-dezinformacja-bron-xxi-wieku\\\/#mainImage\",\"width\":1920,\"height\":1080},\"primaryImageOfPage\":{\"@id\":\"https:\\\/\\\/wia.net.pl\\\/index.php\\\/2025\\\/09\\\/10\\\/rozdzial-vii-dezinformacja-bron-xxi-wieku\\\/#mainImage\"},\"datePublished\":\"2025-09-10T18:17:50+02:00\",\"dateModified\":\"2026-01-22T01:49:59+01:00\"},{\"@type\":\"WebSite\",\"@id\":\"https:\\\/\\\/wia.net.pl\\\/#website\",\"url\":\"https:\\\/\\\/wia.net.pl\\\/\",\"name\":\"Wolno\\u015b\\u0107 i Anarchia\",\"description\":\"Ka\\u017cdy wewn\\u0119trznie jest anarchist\\u0105.\",\"inLanguage\":\"pl-PL\",\"publisher\":{\"@id\":\"https:\\\/\\\/wia.net.pl\\\/#person\"}}]}\n\t\t<\/script>\n\t\t<!-- All in One SEO -->\n\n","aioseo_head_json":{"title":"Rozdzia\u0142 VII \u2013 Dezinformacja: Bro\u0144 XXI wieku - Wolno\u015b\u0107 i Anarchia","description":"CYKL: CYFROWA APOKALIPSA \u2013 ROZDZIAL VII Dezinformacja: Bro\u0144 XXI wieku Materia\u0142 dla p\u0142atnych subskrybent\u00f3w Substack. Opracowanie w\u0142asne Cyfrowa Apokalipsa - Dezinformacja: Bro\u0144 XXI wieku - Rozdzia\u0142 7\/8 by Wolno\u015b\u0107 i AnarchiaChodzi o to, by przesta\u0107 ufa\u0107 komukolwiek i czemukolwiek. Bo je\u015bli nie wiesz, co jest prawd\u0105, \u0142atwiej jest ci\u0119 prowadzi\u0107Read on Substack Je\u015bli dezinformacja osi\u0105gnie","canonical_url":"https:\/\/wia.net.pl\/index.php\/2025\/09\/10\/rozdzial-vii-dezinformacja-bron-xxi-wieku\/","robots":"max-image-preview:large","keywords":"","webmasterTools":{"miscellaneous":""},"schema":{"@context":"https:\/\/schema.org","@graph":[{"@type":"BlogPosting","@id":"https:\/\/wia.net.pl\/index.php\/2025\/09\/10\/rozdzial-vii-dezinformacja-bron-xxi-wieku\/#blogposting","name":"Rozdzia\u0142 VII \u2013 Dezinformacja: Bro\u0144 XXI wieku - Wolno\u015b\u0107 i Anarchia","headline":"Rozdzia\u0142 VII &#8211; Dezinformacja: Bro\u0144 XXI wieku","author":{"@id":"https:\/\/wia.net.pl\/index.php\/author\/trinity\/#author"},"publisher":{"@id":"https:\/\/wia.net.pl\/#person"},"image":{"@type":"ImageObject","url":"https:\/\/wia.net.pl\/wp-content\/uploads\/2025\/09\/cyfrowa-roz-7-miniatura.jpg","width":1920,"height":1080},"datePublished":"2025-09-10T18:17:50+02:00","dateModified":"2026-01-22T01:49:59+01:00","inLanguage":"pl-PL","mainEntityOfPage":{"@id":"https:\/\/wia.net.pl\/index.php\/2025\/09\/10\/rozdzial-vii-dezinformacja-bron-xxi-wieku\/#webpage"},"isPartOf":{"@id":"https:\/\/wia.net.pl\/index.php\/2025\/09\/10\/rozdzial-vii-dezinformacja-bron-xxi-wieku\/#webpage"},"articleSection":"P\u0142atna subskrypcja Substack"},{"@type":"BreadcrumbList","@id":"https:\/\/wia.net.pl\/index.php\/2025\/09\/10\/rozdzial-vii-dezinformacja-bron-xxi-wieku\/#breadcrumblist","itemListElement":[{"@type":"ListItem","@id":"https:\/\/wia.net.pl#listItem","position":1,"name":"Home","item":"https:\/\/wia.net.pl","nextItem":{"@type":"ListItem","@id":"https:\/\/wia.net.pl\/index.php\/category\/platna-subskrypcja-substack\/#listItem","name":"P\u0142atna subskrypcja Substack"}},{"@type":"ListItem","@id":"https:\/\/wia.net.pl\/index.php\/category\/platna-subskrypcja-substack\/#listItem","position":2,"name":"P\u0142atna subskrypcja Substack","item":"https:\/\/wia.net.pl\/index.php\/category\/platna-subskrypcja-substack\/","nextItem":{"@type":"ListItem","@id":"https:\/\/wia.net.pl\/index.php\/2025\/09\/10\/rozdzial-vii-dezinformacja-bron-xxi-wieku\/#listItem","name":"Rozdzia\u0142 VII &#8211; Dezinformacja: Bro\u0144 XXI wieku"},"previousItem":{"@type":"ListItem","@id":"https:\/\/wia.net.pl#listItem","name":"Home"}},{"@type":"ListItem","@id":"https:\/\/wia.net.pl\/index.php\/2025\/09\/10\/rozdzial-vii-dezinformacja-bron-xxi-wieku\/#listItem","position":3,"name":"Rozdzia\u0142 VII &#8211; Dezinformacja: Bro\u0144 XXI wieku","previousItem":{"@type":"ListItem","@id":"https:\/\/wia.net.pl\/index.php\/category\/platna-subskrypcja-substack\/#listItem","name":"P\u0142atna subskrypcja Substack"}}]},{"@type":"Person","@id":"https:\/\/wia.net.pl\/#person","name":"Bart\u0142omiej Talarczyk","image":{"@type":"ImageObject","@id":"https:\/\/wia.net.pl\/index.php\/2025\/09\/10\/rozdzial-vii-dezinformacja-bron-xxi-wieku\/#personImage","url":"https:\/\/wia.net.pl\/wp-content\/uploads\/avatar-privacy\/cache\/user\/1\/7\/176a6b161c58363ff49b5c167264231f519f5c7fa183ca1f61e891769b6b56d5-96.jpg","width":96,"height":96,"caption":"Bart\u0142omiej Talarczyk"}},{"@type":"Person","@id":"https:\/\/wia.net.pl\/index.php\/author\/trinity\/#author","url":"https:\/\/wia.net.pl\/index.php\/author\/trinity\/","name":"trinity","image":{"@type":"ImageObject","@id":"https:\/\/wia.net.pl\/index.php\/2025\/09\/10\/rozdzial-vii-dezinformacja-bron-xxi-wieku\/#authorImage","url":"https:\/\/wia.net.pl\/wp-content\/uploads\/avatar-privacy\/cache\/user\/5\/f\/5f6547cf82495eaa10e100a6a45d5dbde2dfdc1be88557de2018fca705bdf6f1-96.jpg","width":96,"height":96,"caption":"trinity"}},{"@type":"WebPage","@id":"https:\/\/wia.net.pl\/index.php\/2025\/09\/10\/rozdzial-vii-dezinformacja-bron-xxi-wieku\/#webpage","url":"https:\/\/wia.net.pl\/index.php\/2025\/09\/10\/rozdzial-vii-dezinformacja-bron-xxi-wieku\/","name":"Rozdzia\u0142 VII \u2013 Dezinformacja: Bro\u0144 XXI wieku - Wolno\u015b\u0107 i Anarchia","description":"CYKL: CYFROWA APOKALIPSA \u2013 ROZDZIAL VII Dezinformacja: Bro\u0144 XXI wieku Materia\u0142 dla p\u0142atnych subskrybent\u00f3w Substack. Opracowanie w\u0142asne Cyfrowa Apokalipsa - Dezinformacja: Bro\u0144 XXI wieku - Rozdzia\u0142 7\/8 by Wolno\u015b\u0107 i AnarchiaChodzi o to, by przesta\u0107 ufa\u0107 komukolwiek i czemukolwiek. Bo je\u015bli nie wiesz, co jest prawd\u0105, \u0142atwiej jest ci\u0119 prowadzi\u0107Read on Substack Je\u015bli dezinformacja osi\u0105gnie","inLanguage":"pl-PL","isPartOf":{"@id":"https:\/\/wia.net.pl\/#website"},"breadcrumb":{"@id":"https:\/\/wia.net.pl\/index.php\/2025\/09\/10\/rozdzial-vii-dezinformacja-bron-xxi-wieku\/#breadcrumblist"},"author":{"@id":"https:\/\/wia.net.pl\/index.php\/author\/trinity\/#author"},"creator":{"@id":"https:\/\/wia.net.pl\/index.php\/author\/trinity\/#author"},"image":{"@type":"ImageObject","url":"https:\/\/wia.net.pl\/wp-content\/uploads\/2025\/09\/cyfrowa-roz-7-miniatura.jpg","@id":"https:\/\/wia.net.pl\/index.php\/2025\/09\/10\/rozdzial-vii-dezinformacja-bron-xxi-wieku\/#mainImage","width":1920,"height":1080},"primaryImageOfPage":{"@id":"https:\/\/wia.net.pl\/index.php\/2025\/09\/10\/rozdzial-vii-dezinformacja-bron-xxi-wieku\/#mainImage"},"datePublished":"2025-09-10T18:17:50+02:00","dateModified":"2026-01-22T01:49:59+01:00"},{"@type":"WebSite","@id":"https:\/\/wia.net.pl\/#website","url":"https:\/\/wia.net.pl\/","name":"Wolno\u015b\u0107 i Anarchia","description":"Ka\u017cdy wewn\u0119trznie jest anarchist\u0105.","inLanguage":"pl-PL","publisher":{"@id":"https:\/\/wia.net.pl\/#person"}}]},"og:locale":"pl_PL","og:site_name":"Wolno\u015b\u0107 i Anarchia - Ka\u017cdy wewn\u0119trznie jest anarchist\u0105.","og:type":"article","og:title":"Rozdzia\u0142 VII \u2013 Dezinformacja: Bro\u0144 XXI wieku - Wolno\u015b\u0107 i Anarchia","og:description":"CYKL: CYFROWA APOKALIPSA \u2013 ROZDZIAL VII Dezinformacja: Bro\u0144 XXI wieku Materia\u0142 dla p\u0142atnych subskrybent\u00f3w Substack. Opracowanie w\u0142asne Cyfrowa Apokalipsa - Dezinformacja: Bro\u0144 XXI wieku - Rozdzia\u0142 7\/8 by Wolno\u015b\u0107 i AnarchiaChodzi o to, by przesta\u0107 ufa\u0107 komukolwiek i czemukolwiek. Bo je\u015bli nie wiesz, co jest prawd\u0105, \u0142atwiej jest ci\u0119 prowadzi\u0107Read on Substack Je\u015bli dezinformacja osi\u0105gnie","og:url":"https:\/\/wia.net.pl\/index.php\/2025\/09\/10\/rozdzial-vii-dezinformacja-bron-xxi-wieku\/","og:image":"https:\/\/wia.net.pl\/wp-content\/uploads\/2023\/11\/cropped-freedom-i73367.jpg","og:image:secure_url":"https:\/\/wia.net.pl\/wp-content\/uploads\/2023\/11\/cropped-freedom-i73367.jpg","article:published_time":"2025-09-10T16:17:50+00:00","article:modified_time":"2026-01-22T00:49:59+00:00","twitter:card":"summary_large_image","twitter:title":"Rozdzia\u0142 VII \u2013 Dezinformacja: Bro\u0144 XXI wieku - Wolno\u015b\u0107 i Anarchia","twitter:description":"CYKL: CYFROWA APOKALIPSA \u2013 ROZDZIAL VII Dezinformacja: Bro\u0144 XXI wieku Materia\u0142 dla p\u0142atnych subskrybent\u00f3w Substack. Opracowanie w\u0142asne Cyfrowa Apokalipsa - Dezinformacja: Bro\u0144 XXI wieku - Rozdzia\u0142 7\/8 by Wolno\u015b\u0107 i AnarchiaChodzi o to, by przesta\u0107 ufa\u0107 komukolwiek i czemukolwiek. Bo je\u015bli nie wiesz, co jest prawd\u0105, \u0142atwiej jest ci\u0119 prowadzi\u0107Read on Substack Je\u015bli dezinformacja osi\u0105gnie","twitter:image":"https:\/\/wia.net.pl\/wp-content\/uploads\/2023\/11\/cropped-freedom-i73367.jpg"},"aioseo_meta_data":{"post_id":"10675","title":null,"description":null,"keywords":null,"keyphrases":{"focus":{"keyphrase":"","score":0,"analysis":{"keyphraseInTitle":{"score":0,"maxScore":9,"error":1}}},"additional":[]},"primary_term":null,"canonical_url":null,"og_title":null,"og_description":null,"og_object_type":"default","og_image_type":"default","og_image_url":null,"og_image_width":null,"og_image_height":null,"og_image_custom_url":null,"og_image_custom_fields":null,"og_video":"","og_custom_url":null,"og_article_section":null,"og_article_tags":null,"twitter_use_og":false,"twitter_card":"default","twitter_image_type":"default","twitter_image_url":null,"twitter_image_custom_url":null,"twitter_image_custom_fields":null,"twitter_title":null,"twitter_description":null,"schema":{"blockGraphs":[],"customGraphs":[],"default":{"data":{"Article":[],"Course":[],"Dataset":[],"FAQPage":[],"Movie":[],"Person":[],"Product":[],"ProductReview":[],"Car":[],"Recipe":[],"Service":[],"SoftwareApplication":[],"WebPage":[]},"graphName":"BlogPosting","isEnabled":true},"graphs":[]},"schema_type":"default","schema_type_options":null,"pillar_content":false,"robots_default":true,"robots_noindex":false,"robots_noarchive":false,"robots_nosnippet":false,"robots_nofollow":false,"robots_noimageindex":false,"robots_noodp":false,"robots_notranslate":false,"robots_max_snippet":"-1","robots_max_videopreview":"-1","robots_max_imagepreview":"large","priority":null,"frequency":"default","local_seo":null,"breadcrumb_settings":null,"limit_modified_date":false,"ai":{"faqs":[],"keyPoints":[],"titles":[],"descriptions":[],"socialPosts":{"email":[],"linkedin":[],"twitter":[],"facebook":[],"instagram":[]}},"created":"2025-09-10 16:17:51","updated":"2026-01-22 01:05:32","seo_analyzer_scan_date":null,"focus_keyword":null,"additional_keywords":null,"truseo_locale":null},"aioseo_breadcrumb":"<div class=\"aioseo-breadcrumbs\"><span class=\"aioseo-breadcrumb\">\n\t\t\t<a href=\"https:\/\/wia.net.pl\" title=\"Home\">Home<\/a>\n\t\t<\/span><span class=\"aioseo-breadcrumb-separator\">&raquo;<\/span><span class=\"aioseo-breadcrumb\">\n\t\t\t<a href=\"https:\/\/wia.net.pl\/index.php\/category\/platna-subskrypcja-substack\/\" title=\"P\u0142atna subskrypcja Substack\">P\u0142atna subskrypcja Substack<\/a>\n\t\t<\/span><span class=\"aioseo-breadcrumb-separator\">&raquo;<\/span><span class=\"aioseo-breadcrumb\">\n\t\t\tRozdzia\u0142 VII \u2013 Dezinformacja: Bro\u0144 XXI wieku\n\t\t<\/span><\/div>","aioseo_breadcrumb_json":[{"label":"Home","link":"https:\/\/wia.net.pl"},{"label":"P\u0142atna subskrypcja Substack","link":"https:\/\/wia.net.pl\/index.php\/category\/platna-subskrypcja-substack\/"},{"label":"Rozdzia\u0142 VII &#8211; Dezinformacja: Bro\u0144 XXI wieku","link":"https:\/\/wia.net.pl\/index.php\/2025\/09\/10\/rozdzial-vii-dezinformacja-bron-xxi-wieku\/"}],"_links":{"self":[{"href":"https:\/\/wia.net.pl\/index.php\/wp-json\/wp\/v2\/posts\/10675"}],"collection":[{"href":"https:\/\/wia.net.pl\/index.php\/wp-json\/wp\/v2\/posts"}],"about":[{"href":"https:\/\/wia.net.pl\/index.php\/wp-json\/wp\/v2\/types\/post"}],"author":[{"embeddable":true,"href":"https:\/\/wia.net.pl\/index.php\/wp-json\/wp\/v2\/users\/2"}],"replies":[{"embeddable":true,"href":"https:\/\/wia.net.pl\/index.php\/wp-json\/wp\/v2\/comments?post=10675"}],"version-history":[{"count":1,"href":"https:\/\/wia.net.pl\/index.php\/wp-json\/wp\/v2\/posts\/10675\/revisions"}],"predecessor-version":[{"id":10677,"href":"https:\/\/wia.net.pl\/index.php\/wp-json\/wp\/v2\/posts\/10675\/revisions\/10677"}],"wp:featuredmedia":[{"embeddable":true,"href":"https:\/\/wia.net.pl\/index.php\/wp-json\/wp\/v2\/media\/10676"}],"wp:attachment":[{"href":"https:\/\/wia.net.pl\/index.php\/wp-json\/wp\/v2\/media?parent=10675"}],"wp:term":[{"taxonomy":"category","embeddable":true,"href":"https:\/\/wia.net.pl\/index.php\/wp-json\/wp\/v2\/categories?post=10675"},{"taxonomy":"post_tag","embeddable":true,"href":"https:\/\/wia.net.pl\/index.php\/wp-json\/wp\/v2\/tags?post=10675"}],"curies":[{"name":"wp","href":"https:\/\/api.w.org\/{rel}","templated":true}]}}