{"id":10685,"date":"2025-09-11T02:19:32","date_gmt":"2025-09-11T00:19:32","guid":{"rendered":"https:\/\/wia.net.pl\/?p=10685"},"modified":"2026-01-22T01:18:20","modified_gmt":"2026-01-22T00:18:20","slug":"siedem-wykroczen-anatomia-zniewolenia-konsekwencje","status":"publish","type":"post","link":"https:\/\/wia.net.pl\/index.php\/2025\/09\/11\/siedem-wykroczen-anatomia-zniewolenia-konsekwencje\/","title":{"rendered":"Siedem wykrocze\u0144 &#8211; anatomia zniewolenia &#8211; Konsekwencje"},"content":{"rendered":"\n<p><strong>Odcinek 9 \u2013 Konsekwencje \u2013 Co si\u0119 dzieje z cywilizacj\u0105, kt\u00f3ra legalizuje przest\u0119pstwa<\/strong><\/p>\n\n\n\n<p><em>(Skutki spo\u0142eczne. L\u0119k jako systemowy produkt uboczny. Rozpad wsp\u00f3lnot. Apatia. Przemoc w ukryciu. Jak kultura wykrocze\u0144 sta\u0142a si\u0119 normalno\u015bci\u0105?)<\/em><\/p>\n\n\n\n<p>Opracowanie w\u0142asne.<\/p>\n\n\n\n<p>Seria dla p\u0142atnych subskrybent\u00f3w Substack<\/p>\n\n\n<div class=\"substack-post-embed\">\n<p lang=\"en\">Siedem wykrocze\u0144 &#8211; anatomia zniewolenia &#8211; Konsekwencje by Wolno\u015b\u0107 i Anarchia<\/p>\n<p>Konsekwencje \u2013 Co si\u0119 dzieje z cywilizacj\u0105, kt\u00f3ra legalizuje przest\u0119pstwa<\/p>\n<p><a data-post-link href=\"https:\/\/wolnoscanarchia.substack.com\/p\/siedem-wykroczen-anatomia-zniewolenia-928\">Read on Substack<\/a><\/div>\n<p><script async src=\"https:\/\/substack.com\/embedjs\/embed.js\" charset=\"utf-8\"><\/script><\/p>\n<div class=\"remoji_bar\"><div class=\"remoji_add_container\" data-remoji-id=\"10685\" data-remoji-type=\"post\"><div class=\"remoji_add_icon\"><\/div><\/div><div class=\"remoji_error_bar\" data-remoji-id=\"10685\" data-remoji-type=\"post\" style=\"display: none;\">Error happened.<\/div><\/div>","protected":false},"excerpt":{"rendered":"<p>Odcinek 9 \u2013 Konsekwencje \u2013 Co si\u0119 dzieje z cywilizacj\u0105, kt\u00f3ra legalizuje przest\u0119pstwa (Skutki spo\u0142eczne. L\u0119k jako systemowy produkt uboczny. Rozpad wsp\u00f3lnot. Apatia. Przemoc w ukryciu. Jak kultura wykrocze\u0144 sta\u0142a si\u0119 normalno\u015bci\u0105?) Opracowanie w\u0142asne. Seria dla p\u0142atnych subskrybent\u00f3w Substack Error&#8230; <\/p>\n","protected":false},"author":3,"featured_media":10686,"comment_status":"open","ping_status":"open","sticky":false,"template":"","format":"standard","meta":{"_acf_changed":false,"_bbp_topic_count":0,"_bbp_reply_count":0,"_bbp_total_topic_count":0,"_bbp_total_reply_count":0,"_bbp_voice_count":0,"_bbp_anonymous_reply_count":0,"_bbp_topic_count_hidden":0,"_bbp_reply_count_hidden":0,"_bbp_forum_subforum_count":0,"om_disable_all_campaigns":false,"_monsterinsights_skip_tracking":false,"_monsterinsights_sitenote_active":false,"_monsterinsights_sitenote_note":"","_monsterinsights_sitenote_category":0,"footnotes":""},"categories":[186],"tags":[68,63,42,71,26,23,32,22,70,62],"class_list":["post-10685","post","type-post","status-publish","format-standard","has-post-thumbnail","hentry","category-platna-subskrypcja-substack","tag-cesarstwo-rzymskie","tag-historia-ziemi","tag-illuminati","tag-kosciol-katolicki","tag-ludzkosc","tag-niewolnictwo","tag-rzad","tag-satanizm","tag-tajne-stowarzyszenia","tag-wszechswiat"],"acf":[],"aioseo_notices":[],"_links":{"self":[{"href":"https:\/\/wia.net.pl\/index.php\/wp-json\/wp\/v2\/posts\/10685"}],"collection":[{"href":"https:\/\/wia.net.pl\/index.php\/wp-json\/wp\/v2\/posts"}],"about":[{"href":"https:\/\/wia.net.pl\/index.php\/wp-json\/wp\/v2\/types\/post"}],"author":[{"embeddable":true,"href":"https:\/\/wia.net.pl\/index.php\/wp-json\/wp\/v2\/users\/3"}],"replies":[{"embeddable":true,"href":"https:\/\/wia.net.pl\/index.php\/wp-json\/wp\/v2\/comments?post=10685"}],"version-history":[{"count":1,"href":"https:\/\/wia.net.pl\/index.php\/wp-json\/wp\/v2\/posts\/10685\/revisions"}],"predecessor-version":[{"id":10687,"href":"https:\/\/wia.net.pl\/index.php\/wp-json\/wp\/v2\/posts\/10685\/revisions\/10687"}],"wp:featuredmedia":[{"embeddable":true,"href":"https:\/\/wia.net.pl\/index.php\/wp-json\/wp\/v2\/media\/10686"}],"wp:attachment":[{"href":"https:\/\/wia.net.pl\/index.php\/wp-json\/wp\/v2\/media?parent=10685"}],"wp:term":[{"taxonomy":"category","embeddable":true,"href":"https:\/\/wia.net.pl\/index.php\/wp-json\/wp\/v2\/categories?post=10685"},{"taxonomy":"post_tag","embeddable":true,"href":"https:\/\/wia.net.pl\/index.php\/wp-json\/wp\/v2\/tags?post=10685"}],"curies":[{"name":"wp","href":"https:\/\/api.w.org\/{rel}","templated":true}]}}