{"id":10697,"date":"2025-09-16T16:40:11","date_gmt":"2025-09-16T14:40:11","guid":{"rendered":"https:\/\/wia.net.pl\/?p=10697"},"modified":"2025-09-16T16:40:12","modified_gmt":"2025-09-16T14:40:12","slug":"kiedy-chaos-staje-sie-narzedziem-agenda-eugeniczna-na-narodach-slowianskich-czesc-2","status":"publish","type":"post","link":"https:\/\/wia.net.pl\/index.php\/2025\/09\/16\/kiedy-chaos-staje-sie-narzedziem-agenda-eugeniczna-na-narodach-slowianskich-czesc-2\/","title":{"rendered":"Kiedy chaos staje si\u0119 narz\u0119dziem \u2013 agenda eugeniczna na narodach s\u0142owia\u0144skich &#8211; Cz\u0119\u015b\u0107 2"},"content":{"rendered":"\n<p>Kiedy chaos staje si\u0119 narz\u0119dziem \u2013 agenda eugeniczna na narodach s\u0142owia\u0144skich &#8211; Cz\u0119\u015b\u0107 2<\/p>\n\n\n\n<p>Opracowanie w\u0142asne.<\/p>\n\n\n<p><iframe id=\"odysee-iframe\" style=\"width:100%; aspect-ratio:16 \/ 9;\" src=\"https:\/\/odysee.com\/%24\/embed\/%40wolnoscanarchia%3Ad%2FKiedy-chaos-staje-si%C4%99-narz%C4%99dziem-%E2%80%93-agenda-eugeniczna-na-narodach-s%C5%82owia%C5%84skich-2%3A5?r=KqtnN3u2RSe5GxY7Tos527f1XGfjXD4u\" allowfullscreen><\/iframe><\/p>\n<div class=\"remoji_bar\"><div class=\"remoji_add_container\" data-remoji-id=\"10697\" data-remoji-type=\"post\"><div class=\"remoji_add_icon\"><\/div><\/div><div class=\"remoji_error_bar\" data-remoji-id=\"10697\" data-remoji-type=\"post\" style=\"display: none;\">Error happened.<\/div><\/div>","protected":false},"excerpt":{"rendered":"<p>Kiedy chaos staje si\u0119 narz\u0119dziem \u2013 agenda eugeniczna na narodach s\u0142owia\u0144skich &#8211; Cz\u0119\u015b\u0107 2 Opracowanie w\u0142asne. Error happened.<\/p>\n","protected":false},"author":3,"featured_media":10698,"comment_status":"open","ping_status":"open","sticky":false,"template":"","format":"standard","meta":{"_acf_changed":false,"_bbp_topic_count":0,"_bbp_reply_count":0,"_bbp_total_topic_count":0,"_bbp_total_reply_count":0,"_bbp_voice_count":0,"_bbp_anonymous_reply_count":0,"_bbp_topic_count_hidden":0,"_bbp_reply_count_hidden":0,"_bbp_forum_subforum_count":0,"om_disable_all_campaigns":false,"_monsterinsights_skip_tracking":false,"_monsterinsights_sitenote_active":false,"_monsterinsights_sitenote_note":"","_monsterinsights_sitenote_category":0,"footnotes":""},"categories":[13],"tags":[68,63,42,71,26,23,32,22,70,62],"class_list":["post-10697","post","type-post","status-publish","format-standard","has-post-thumbnail","hentry","category-prawdaoswiecie","tag-cesarstwo-rzymskie","tag-historia-ziemi","tag-illuminati","tag-kosciol-katolicki","tag-ludzkosc","tag-niewolnictwo","tag-rzad","tag-satanizm","tag-tajne-stowarzyszenia","tag-wszechswiat"],"acf":[],"aioseo_notices":[],"_links":{"self":[{"href":"https:\/\/wia.net.pl\/index.php\/wp-json\/wp\/v2\/posts\/10697"}],"collection":[{"href":"https:\/\/wia.net.pl\/index.php\/wp-json\/wp\/v2\/posts"}],"about":[{"href":"https:\/\/wia.net.pl\/index.php\/wp-json\/wp\/v2\/types\/post"}],"author":[{"embeddable":true,"href":"https:\/\/wia.net.pl\/index.php\/wp-json\/wp\/v2\/users\/3"}],"replies":[{"embeddable":true,"href":"https:\/\/wia.net.pl\/index.php\/wp-json\/wp\/v2\/comments?post=10697"}],"version-history":[{"count":1,"href":"https:\/\/wia.net.pl\/index.php\/wp-json\/wp\/v2\/posts\/10697\/revisions"}],"predecessor-version":[{"id":10699,"href":"https:\/\/wia.net.pl\/index.php\/wp-json\/wp\/v2\/posts\/10697\/revisions\/10699"}],"wp:featuredmedia":[{"embeddable":true,"href":"https:\/\/wia.net.pl\/index.php\/wp-json\/wp\/v2\/media\/10698"}],"wp:attachment":[{"href":"https:\/\/wia.net.pl\/index.php\/wp-json\/wp\/v2\/media?parent=10697"}],"wp:term":[{"taxonomy":"category","embeddable":true,"href":"https:\/\/wia.net.pl\/index.php\/wp-json\/wp\/v2\/categories?post=10697"},{"taxonomy":"post_tag","embeddable":true,"href":"https:\/\/wia.net.pl\/index.php\/wp-json\/wp\/v2\/tags?post=10697"}],"curies":[{"name":"wp","href":"https:\/\/api.w.org\/{rel}","templated":true}]}}