{"id":1073,"date":"2023-06-02T16:00:37","date_gmt":"2023-06-02T14:00:37","guid":{"rendered":"https:\/\/wia.net.pl\/?p=1073"},"modified":"2025-08-31T22:38:54","modified_gmt":"2025-08-31T20:38:54","slug":"jordan-maxwell-glowny-kamien-wegielny","status":"publish","type":"post","link":"https:\/\/wia.net.pl\/index.php\/2023\/06\/02\/jordan-maxwell-glowny-kamien-wegielny\/","title":{"rendered":"Jordan Maxwell &#8211; G\u0142\u00f3wny kamie\u0144 w\u0119gielny"},"content":{"rendered":"\n<p>Jordan Maxwell, G\u0142\u00f3wny kamie\u0144 w\u0119gielny, czyli czym jest oko w tr\u00f3jk\u0105cie<\/p>\n\n\n<p><iframe id=\"odysee-iframe\" style=\"width:100%; aspect-ratio:16 \/ 9;\" src=\"https:\/\/odysee.com\/%24\/embed\/%40wolnoscanarchia%3Ad%2FJordan-Maxwell---G%C5%82%C3%B3wny-kamie%C5%84-w%C4%99gielny%3A8?r=KqtnN3u2RSe5GxY7Tos527f1XGfjXD4u\" allowfullscreen><\/iframe><\/p>\n\n\n\n<p>\u0179r\u00f3d\u0142o:\u00a0<a href=\"https:\/\/www.youtube.com\/@TheInternationale\" target=\"_blank\" rel=\"noreferrer noopener\">https:\/\/www.youtube.com\/@TheInternationale<\/a><\/p>\n","protected":false},"excerpt":{"rendered":"<p>Jordan Maxwell, G\u0142\u00f3wny kamie\u0144 w\u0119gielny, czyli czym jest oko w tr\u00f3jk\u0105cie \u0179r\u00f3d\u0142o:\u00a0https:\/\/www.youtube.com\/@TheInternationale<\/p>\n","protected":false},"author":3,"featured_media":1074,"comment_status":"open","ping_status":"open","sticky":false,"template":"","format":"standard","meta":{"_acf_changed":false,"_bbp_topic_count":0,"_bbp_reply_count":0,"_bbp_total_topic_count":0,"_bbp_total_reply_count":0,"_bbp_voice_count":0,"_bbp_anonymous_reply_count":0,"_bbp_topic_count_hidden":0,"_bbp_reply_count_hidden":0,"_bbp_forum_subforum_count":0,"om_disable_all_campaigns":false,"_monsterinsights_skip_tracking":false,"footnotes":""},"categories":[96],"tags":[68,63,42,99,71,43,23,59,67,22,70],"class_list":["post-1073","post","type-post","status-publish","format-standard","has-post-thumbnail","hentry","category-religie","tag-cesarstwo-rzymskie","tag-historia-ziemi","tag-illuminati","tag-jordan-maxwell","tag-kosciol-katolicki","tag-masoneria","tag-niewolnictwo","tag-nwo","tag-religie","tag-satanizm","tag-tajne-stowarzyszenia"],"acf":[],"aioseo_notices":[],"aioseo_head":"\n\t\t<!-- All in One SEO 5.0.1.1 - aioseo.com -->\n\t<meta name=\"description\" content=\"Jordan Maxwell, G\u0142\u00f3wny kamie\u0144 w\u0119gielny, czyli czym jest oko w tr\u00f3jk\u0105cie \u0179r\u00f3d\u0142o: https:\/\/www.youtube.com\/@TheInternationale\" \/>\n\t<meta name=\"robots\" content=\"max-image-preview:large\" \/>\n\t<meta name=\"author\" content=\"Bart\u0142omiej Talarczyk\"\/>\n\t<link rel=\"canonical\" href=\"https:\/\/wia.net.pl\/index.php\/2023\/06\/02\/jordan-maxwell-glowny-kamien-wegielny\/\" \/>\n\t<meta name=\"generator\" content=\"All in One SEO (AIOSEO) 5.0.1.1\" \/>\n\t\t<meta property=\"og:locale\" content=\"pl_PL\" \/>\n\t\t<meta property=\"og:site_name\" content=\"Wolno\u015b\u0107 i Anarchia - Ka\u017cdy wewn\u0119trznie jest anarchist\u0105.\" \/>\n\t\t<meta property=\"og:type\" content=\"article\" \/>\n\t\t<meta property=\"og:title\" content=\"Jordan Maxwell \u2013 G\u0142\u00f3wny kamie\u0144 w\u0119gielny - Wolno\u015b\u0107 i Anarchia\" \/>\n\t\t<meta property=\"og:description\" content=\"Jordan Maxwell, G\u0142\u00f3wny kamie\u0144 w\u0119gielny, czyli czym jest oko w tr\u00f3jk\u0105cie \u0179r\u00f3d\u0142o: https:\/\/www.youtube.com\/@TheInternationale\" \/>\n\t\t<meta property=\"og:url\" content=\"https:\/\/wia.net.pl\/index.php\/2023\/06\/02\/jordan-maxwell-glowny-kamien-wegielny\/\" \/>\n\t\t<meta property=\"og:image\" content=\"https:\/\/wia.net.pl\/wp-content\/uploads\/2023\/11\/cropped-freedom-i73367.jpg\" \/>\n\t\t<meta property=\"og:image:secure_url\" content=\"https:\/\/wia.net.pl\/wp-content\/uploads\/2023\/11\/cropped-freedom-i73367.jpg\" \/>\n\t\t<meta property=\"article:published_time\" content=\"2023-06-02T14:00:37+00:00\" \/>\n\t\t<meta property=\"article:modified_time\" content=\"2025-08-31T20:38:54+00:00\" \/>\n\t\t<meta name=\"twitter:card\" content=\"summary_large_image\" \/>\n\t\t<meta name=\"twitter:title\" content=\"Jordan Maxwell \u2013 G\u0142\u00f3wny kamie\u0144 w\u0119gielny - Wolno\u015b\u0107 i Anarchia\" \/>\n\t\t<meta name=\"twitter:description\" content=\"Jordan Maxwell, G\u0142\u00f3wny kamie\u0144 w\u0119gielny, czyli czym jest oko w tr\u00f3jk\u0105cie \u0179r\u00f3d\u0142o: https:\/\/www.youtube.com\/@TheInternationale\" \/>\n\t\t<meta name=\"twitter:image\" content=\"https:\/\/wia.net.pl\/wp-content\/uploads\/2023\/11\/cropped-freedom-i73367.jpg\" \/>\n\t\t<script type=\"application\/ld+json\" class=\"aioseo-schema\">\n\t\t\t{\"@context\":\"https:\\\/\\\/schema.org\",\"@graph\":[{\"@type\":\"BlogPosting\",\"@id\":\"https:\\\/\\\/wia.net.pl\\\/index.php\\\/2023\\\/06\\\/02\\\/jordan-maxwell-glowny-kamien-wegielny\\\/#blogposting\",\"name\":\"Jordan Maxwell \\u2013 G\\u0142\\u00f3wny kamie\\u0144 w\\u0119gielny - Wolno\\u015b\\u0107 i Anarchia\",\"headline\":\"Jordan Maxwell &#8211; G\\u0142\\u00f3wny kamie\\u0144 w\\u0119gielny\",\"author\":{\"@id\":\"https:\\\/\\\/wia.net.pl\\\/index.php\\\/author\\\/talar\\\/#author\"},\"publisher\":{\"@id\":\"https:\\\/\\\/wia.net.pl\\\/#person\"},\"image\":{\"@type\":\"ImageObject\",\"url\":\"https:\\\/\\\/wia.net.pl\\\/wp-content\\\/uploads\\\/2023\\\/06\\\/184712.jpg\",\"width\":1920,\"height\":1080},\"datePublished\":\"2023-06-02T16:00:37+02:00\",\"dateModified\":\"2025-08-31T22:38:54+02:00\",\"inLanguage\":\"pl-PL\",\"mainEntityOfPage\":{\"@id\":\"https:\\\/\\\/wia.net.pl\\\/index.php\\\/2023\\\/06\\\/02\\\/jordan-maxwell-glowny-kamien-wegielny\\\/#webpage\"},\"isPartOf\":{\"@id\":\"https:\\\/\\\/wia.net.pl\\\/index.php\\\/2023\\\/06\\\/02\\\/jordan-maxwell-glowny-kamien-wegielny\\\/#webpage\"},\"articleSection\":\"Religie, Cesarstwo Rzymskie, Historia ziemi, Illuminati, Jordan Maxwell, Ko\\u015bci\\u00f3\\u0142 katolicki, Masoneria, Niewolnictwo, NWO, Religie, Satanizm, Tajne stowarzyszenia\"},{\"@type\":\"BreadcrumbList\",\"@id\":\"https:\\\/\\\/wia.net.pl\\\/index.php\\\/2023\\\/06\\\/02\\\/jordan-maxwell-glowny-kamien-wegielny\\\/#breadcrumblist\",\"itemListElement\":[{\"@type\":\"ListItem\",\"@id\":\"https:\\\/\\\/wia.net.pl#listItem\",\"position\":1,\"name\":\"Home\",\"item\":\"https:\\\/\\\/wia.net.pl\",\"nextItem\":{\"@type\":\"ListItem\",\"@id\":\"https:\\\/\\\/wia.net.pl\\\/index.php\\\/category\\\/religie\\\/#listItem\",\"name\":\"Religie\"}},{\"@type\":\"ListItem\",\"@id\":\"https:\\\/\\\/wia.net.pl\\\/index.php\\\/category\\\/religie\\\/#listItem\",\"position\":2,\"name\":\"Religie\",\"item\":\"https:\\\/\\\/wia.net.pl\\\/index.php\\\/category\\\/religie\\\/\",\"nextItem\":{\"@type\":\"ListItem\",\"@id\":\"https:\\\/\\\/wia.net.pl\\\/index.php\\\/2023\\\/06\\\/02\\\/jordan-maxwell-glowny-kamien-wegielny\\\/#listItem\",\"name\":\"Jordan Maxwell &#8211; G\\u0142\\u00f3wny kamie\\u0144 w\\u0119gielny\"},\"previousItem\":{\"@type\":\"ListItem\",\"@id\":\"https:\\\/\\\/wia.net.pl#listItem\",\"name\":\"Home\"}},{\"@type\":\"ListItem\",\"@id\":\"https:\\\/\\\/wia.net.pl\\\/index.php\\\/2023\\\/06\\\/02\\\/jordan-maxwell-glowny-kamien-wegielny\\\/#listItem\",\"position\":3,\"name\":\"Jordan Maxwell &#8211; G\\u0142\\u00f3wny kamie\\u0144 w\\u0119gielny\",\"previousItem\":{\"@type\":\"ListItem\",\"@id\":\"https:\\\/\\\/wia.net.pl\\\/index.php\\\/category\\\/religie\\\/#listItem\",\"name\":\"Religie\"}}]},{\"@type\":\"Person\",\"@id\":\"https:\\\/\\\/wia.net.pl\\\/#person\",\"name\":\"Bart\\u0142omiej Talarczyk\",\"image\":{\"@type\":\"ImageObject\",\"@id\":\"https:\\\/\\\/wia.net.pl\\\/index.php\\\/2023\\\/06\\\/02\\\/jordan-maxwell-glowny-kamien-wegielny\\\/#personImage\",\"url\":\"https:\\\/\\\/wia.net.pl\\\/wp-content\\\/uploads\\\/avatar-privacy\\\/cache\\\/user\\\/1\\\/7\\\/176a6b161c58363ff49b5c167264231f519f5c7fa183ca1f61e891769b6b56d5-96.jpg\",\"width\":96,\"height\":96,\"caption\":\"Bart\\u0142omiej Talarczyk\"}},{\"@type\":\"Person\",\"@id\":\"https:\\\/\\\/wia.net.pl\\\/index.php\\\/author\\\/talar\\\/#author\",\"url\":\"https:\\\/\\\/wia.net.pl\\\/index.php\\\/author\\\/talar\\\/\",\"name\":\"Bart\\u0142omiej Talarczyk\",\"image\":{\"@type\":\"ImageObject\",\"@id\":\"https:\\\/\\\/wia.net.pl\\\/index.php\\\/2023\\\/06\\\/02\\\/jordan-maxwell-glowny-kamien-wegielny\\\/#authorImage\",\"url\":\"https:\\\/\\\/wia.net.pl\\\/wp-content\\\/uploads\\\/avatar-privacy\\\/cache\\\/user\\\/1\\\/7\\\/176a6b161c58363ff49b5c167264231f519f5c7fa183ca1f61e891769b6b56d5-96.jpg\",\"width\":96,\"height\":96,\"caption\":\"Bart\\u0142omiej Talarczyk\"}},{\"@type\":\"WebPage\",\"@id\":\"https:\\\/\\\/wia.net.pl\\\/index.php\\\/2023\\\/06\\\/02\\\/jordan-maxwell-glowny-kamien-wegielny\\\/#webpage\",\"url\":\"https:\\\/\\\/wia.net.pl\\\/index.php\\\/2023\\\/06\\\/02\\\/jordan-maxwell-glowny-kamien-wegielny\\\/\",\"name\":\"Jordan Maxwell \\u2013 G\\u0142\\u00f3wny kamie\\u0144 w\\u0119gielny - Wolno\\u015b\\u0107 i Anarchia\",\"description\":\"Jordan Maxwell, G\\u0142\\u00f3wny kamie\\u0144 w\\u0119gielny, czyli czym jest oko w tr\\u00f3jk\\u0105cie \\u0179r\\u00f3d\\u0142o: https:\\\/\\\/www.youtube.com\\\/@TheInternationale\",\"inLanguage\":\"pl-PL\",\"isPartOf\":{\"@id\":\"https:\\\/\\\/wia.net.pl\\\/#website\"},\"breadcrumb\":{\"@id\":\"https:\\\/\\\/wia.net.pl\\\/index.php\\\/2023\\\/06\\\/02\\\/jordan-maxwell-glowny-kamien-wegielny\\\/#breadcrumblist\"},\"author\":{\"@id\":\"https:\\\/\\\/wia.net.pl\\\/index.php\\\/author\\\/talar\\\/#author\"},\"creator\":{\"@id\":\"https:\\\/\\\/wia.net.pl\\\/index.php\\\/author\\\/talar\\\/#author\"},\"image\":{\"@type\":\"ImageObject\",\"url\":\"https:\\\/\\\/wia.net.pl\\\/wp-content\\\/uploads\\\/2023\\\/06\\\/184712.jpg\",\"@id\":\"https:\\\/\\\/wia.net.pl\\\/index.php\\\/2023\\\/06\\\/02\\\/jordan-maxwell-glowny-kamien-wegielny\\\/#mainImage\",\"width\":1920,\"height\":1080},\"primaryImageOfPage\":{\"@id\":\"https:\\\/\\\/wia.net.pl\\\/index.php\\\/2023\\\/06\\\/02\\\/jordan-maxwell-glowny-kamien-wegielny\\\/#mainImage\"},\"datePublished\":\"2023-06-02T16:00:37+02:00\",\"dateModified\":\"2025-08-31T22:38:54+02:00\"},{\"@type\":\"WebSite\",\"@id\":\"https:\\\/\\\/wia.net.pl\\\/#website\",\"url\":\"https:\\\/\\\/wia.net.pl\\\/\",\"name\":\"Wolno\\u015b\\u0107 i Anarchia\",\"description\":\"Ka\\u017cdy wewn\\u0119trznie jest anarchist\\u0105.\",\"inLanguage\":\"pl-PL\",\"publisher\":{\"@id\":\"https:\\\/\\\/wia.net.pl\\\/#person\"}}]}\n\t\t<\/script>\n\t\t<!-- All in One SEO -->\n\n","aioseo_head_json":{"title":"Jordan Maxwell \u2013 G\u0142\u00f3wny kamie\u0144 w\u0119gielny - Wolno\u015b\u0107 i Anarchia","description":"Jordan Maxwell, G\u0142\u00f3wny kamie\u0144 w\u0119gielny, czyli czym jest oko w tr\u00f3jk\u0105cie \u0179r\u00f3d\u0142o: https:\/\/www.youtube.com\/@TheInternationale","canonical_url":"https:\/\/wia.net.pl\/index.php\/2023\/06\/02\/jordan-maxwell-glowny-kamien-wegielny\/","robots":"max-image-preview:large","keywords":"","webmasterTools":{"miscellaneous":""},"schema":{"@context":"https:\/\/schema.org","@graph":[{"@type":"BlogPosting","@id":"https:\/\/wia.net.pl\/index.php\/2023\/06\/02\/jordan-maxwell-glowny-kamien-wegielny\/#blogposting","name":"Jordan Maxwell \u2013 G\u0142\u00f3wny kamie\u0144 w\u0119gielny - Wolno\u015b\u0107 i Anarchia","headline":"Jordan Maxwell &#8211; G\u0142\u00f3wny kamie\u0144 w\u0119gielny","author":{"@id":"https:\/\/wia.net.pl\/index.php\/author\/talar\/#author"},"publisher":{"@id":"https:\/\/wia.net.pl\/#person"},"image":{"@type":"ImageObject","url":"https:\/\/wia.net.pl\/wp-content\/uploads\/2023\/06\/184712.jpg","width":1920,"height":1080},"datePublished":"2023-06-02T16:00:37+02:00","dateModified":"2025-08-31T22:38:54+02:00","inLanguage":"pl-PL","mainEntityOfPage":{"@id":"https:\/\/wia.net.pl\/index.php\/2023\/06\/02\/jordan-maxwell-glowny-kamien-wegielny\/#webpage"},"isPartOf":{"@id":"https:\/\/wia.net.pl\/index.php\/2023\/06\/02\/jordan-maxwell-glowny-kamien-wegielny\/#webpage"},"articleSection":"Religie, Cesarstwo Rzymskie, Historia ziemi, Illuminati, Jordan Maxwell, Ko\u015bci\u00f3\u0142 katolicki, Masoneria, Niewolnictwo, NWO, Religie, Satanizm, Tajne stowarzyszenia"},{"@type":"BreadcrumbList","@id":"https:\/\/wia.net.pl\/index.php\/2023\/06\/02\/jordan-maxwell-glowny-kamien-wegielny\/#breadcrumblist","itemListElement":[{"@type":"ListItem","@id":"https:\/\/wia.net.pl#listItem","position":1,"name":"Home","item":"https:\/\/wia.net.pl","nextItem":{"@type":"ListItem","@id":"https:\/\/wia.net.pl\/index.php\/category\/religie\/#listItem","name":"Religie"}},{"@type":"ListItem","@id":"https:\/\/wia.net.pl\/index.php\/category\/religie\/#listItem","position":2,"name":"Religie","item":"https:\/\/wia.net.pl\/index.php\/category\/religie\/","nextItem":{"@type":"ListItem","@id":"https:\/\/wia.net.pl\/index.php\/2023\/06\/02\/jordan-maxwell-glowny-kamien-wegielny\/#listItem","name":"Jordan Maxwell &#8211; G\u0142\u00f3wny kamie\u0144 w\u0119gielny"},"previousItem":{"@type":"ListItem","@id":"https:\/\/wia.net.pl#listItem","name":"Home"}},{"@type":"ListItem","@id":"https:\/\/wia.net.pl\/index.php\/2023\/06\/02\/jordan-maxwell-glowny-kamien-wegielny\/#listItem","position":3,"name":"Jordan Maxwell &#8211; G\u0142\u00f3wny kamie\u0144 w\u0119gielny","previousItem":{"@type":"ListItem","@id":"https:\/\/wia.net.pl\/index.php\/category\/religie\/#listItem","name":"Religie"}}]},{"@type":"Person","@id":"https:\/\/wia.net.pl\/#person","name":"Bart\u0142omiej Talarczyk","image":{"@type":"ImageObject","@id":"https:\/\/wia.net.pl\/index.php\/2023\/06\/02\/jordan-maxwell-glowny-kamien-wegielny\/#personImage","url":"https:\/\/wia.net.pl\/wp-content\/uploads\/avatar-privacy\/cache\/user\/1\/7\/176a6b161c58363ff49b5c167264231f519f5c7fa183ca1f61e891769b6b56d5-96.jpg","width":96,"height":96,"caption":"Bart\u0142omiej Talarczyk"}},{"@type":"Person","@id":"https:\/\/wia.net.pl\/index.php\/author\/talar\/#author","url":"https:\/\/wia.net.pl\/index.php\/author\/talar\/","name":"Bart\u0142omiej Talarczyk","image":{"@type":"ImageObject","@id":"https:\/\/wia.net.pl\/index.php\/2023\/06\/02\/jordan-maxwell-glowny-kamien-wegielny\/#authorImage","url":"https:\/\/wia.net.pl\/wp-content\/uploads\/avatar-privacy\/cache\/user\/1\/7\/176a6b161c58363ff49b5c167264231f519f5c7fa183ca1f61e891769b6b56d5-96.jpg","width":96,"height":96,"caption":"Bart\u0142omiej Talarczyk"}},{"@type":"WebPage","@id":"https:\/\/wia.net.pl\/index.php\/2023\/06\/02\/jordan-maxwell-glowny-kamien-wegielny\/#webpage","url":"https:\/\/wia.net.pl\/index.php\/2023\/06\/02\/jordan-maxwell-glowny-kamien-wegielny\/","name":"Jordan Maxwell \u2013 G\u0142\u00f3wny kamie\u0144 w\u0119gielny - Wolno\u015b\u0107 i Anarchia","description":"Jordan Maxwell, G\u0142\u00f3wny kamie\u0144 w\u0119gielny, czyli czym jest oko w tr\u00f3jk\u0105cie \u0179r\u00f3d\u0142o: https:\/\/www.youtube.com\/@TheInternationale","inLanguage":"pl-PL","isPartOf":{"@id":"https:\/\/wia.net.pl\/#website"},"breadcrumb":{"@id":"https:\/\/wia.net.pl\/index.php\/2023\/06\/02\/jordan-maxwell-glowny-kamien-wegielny\/#breadcrumblist"},"author":{"@id":"https:\/\/wia.net.pl\/index.php\/author\/talar\/#author"},"creator":{"@id":"https:\/\/wia.net.pl\/index.php\/author\/talar\/#author"},"image":{"@type":"ImageObject","url":"https:\/\/wia.net.pl\/wp-content\/uploads\/2023\/06\/184712.jpg","@id":"https:\/\/wia.net.pl\/index.php\/2023\/06\/02\/jordan-maxwell-glowny-kamien-wegielny\/#mainImage","width":1920,"height":1080},"primaryImageOfPage":{"@id":"https:\/\/wia.net.pl\/index.php\/2023\/06\/02\/jordan-maxwell-glowny-kamien-wegielny\/#mainImage"},"datePublished":"2023-06-02T16:00:37+02:00","dateModified":"2025-08-31T22:38:54+02:00"},{"@type":"WebSite","@id":"https:\/\/wia.net.pl\/#website","url":"https:\/\/wia.net.pl\/","name":"Wolno\u015b\u0107 i Anarchia","description":"Ka\u017cdy wewn\u0119trznie jest anarchist\u0105.","inLanguage":"pl-PL","publisher":{"@id":"https:\/\/wia.net.pl\/#person"}}]},"og:locale":"pl_PL","og:site_name":"Wolno\u015b\u0107 i Anarchia - Ka\u017cdy wewn\u0119trznie jest anarchist\u0105.","og:type":"article","og:title":"Jordan Maxwell \u2013 G\u0142\u00f3wny kamie\u0144 w\u0119gielny - Wolno\u015b\u0107 i Anarchia","og:description":"Jordan Maxwell, G\u0142\u00f3wny kamie\u0144 w\u0119gielny, czyli czym jest oko w tr\u00f3jk\u0105cie \u0179r\u00f3d\u0142o: https:\/\/www.youtube.com\/@TheInternationale","og:url":"https:\/\/wia.net.pl\/index.php\/2023\/06\/02\/jordan-maxwell-glowny-kamien-wegielny\/","og:image":"https:\/\/wia.net.pl\/wp-content\/uploads\/2023\/11\/cropped-freedom-i73367.jpg","og:image:secure_url":"https:\/\/wia.net.pl\/wp-content\/uploads\/2023\/11\/cropped-freedom-i73367.jpg","article:published_time":"2023-06-02T14:00:37+00:00","article:modified_time":"2025-08-31T20:38:54+00:00","twitter:card":"summary_large_image","twitter:title":"Jordan Maxwell \u2013 G\u0142\u00f3wny kamie\u0144 w\u0119gielny - Wolno\u015b\u0107 i Anarchia","twitter:description":"Jordan Maxwell, G\u0142\u00f3wny kamie\u0144 w\u0119gielny, czyli czym jest oko w tr\u00f3jk\u0105cie \u0179r\u00f3d\u0142o: https:\/\/www.youtube.com\/@TheInternationale","twitter:image":"https:\/\/wia.net.pl\/wp-content\/uploads\/2023\/11\/cropped-freedom-i73367.jpg"},"aioseo_meta_data":{"post_id":"1073","title":null,"description":null,"keywords":null,"keyphrases":{"focus":{"keyphrase":"","score":0,"analysis":{"keyphraseInTitle":{"score":0,"maxScore":9,"error":1}}},"additional":[]},"primary_term":null,"canonical_url":null,"og_title":null,"og_description":null,"og_object_type":"default","og_image_type":"default","og_image_url":null,"og_image_width":null,"og_image_height":null,"og_image_custom_url":null,"og_image_custom_fields":null,"og_video":"","og_custom_url":null,"og_article_section":null,"og_article_tags":null,"twitter_use_og":false,"twitter_card":"default","twitter_image_type":"default","twitter_image_url":null,"twitter_image_custom_url":null,"twitter_image_custom_fields":null,"twitter_title":null,"twitter_description":null,"schema":{"blockGraphs":[],"customGraphs":[],"default":{"data":{"Article":[],"Course":[],"Dataset":[],"FAQPage":[],"Movie":[],"Person":[],"Product":[],"ProductReview":[],"Car":[],"Recipe":[],"Service":[],"SoftwareApplication":[],"WebPage":[]},"graphName":"BlogPosting","isEnabled":true},"graphs":[]},"schema_type":"default","schema_type_options":null,"pillar_content":false,"robots_default":true,"robots_noindex":false,"robots_noarchive":false,"robots_nosnippet":false,"robots_nofollow":false,"robots_noimageindex":false,"robots_noodp":false,"robots_notranslate":false,"robots_max_snippet":"-1","robots_max_videopreview":"-1","robots_max_imagepreview":"large","priority":null,"frequency":"default","local_seo":null,"breadcrumb_settings":null,"limit_modified_date":false,"ai":{"faqs":[],"keyPoints":[],"titles":[],"descriptions":[],"socialPosts":{"email":[],"linkedin":[],"twitter":[],"facebook":[],"instagram":[]}},"created":"2023-06-06 13:37:40","updated":"2025-08-31 20:48:23","seo_analyzer_scan_date":null,"focus_keyword":null,"additional_keywords":null,"truseo_locale":null},"aioseo_breadcrumb":"<div class=\"aioseo-breadcrumbs\"><span class=\"aioseo-breadcrumb\">\n\t\t\t<a href=\"https:\/\/wia.net.pl\" title=\"Home\">Home<\/a>\n\t\t<\/span><span class=\"aioseo-breadcrumb-separator\">&raquo;<\/span><span class=\"aioseo-breadcrumb\">\n\t\t\t<a href=\"https:\/\/wia.net.pl\/index.php\/category\/religie\/\" title=\"Religie\">Religie<\/a>\n\t\t<\/span><span class=\"aioseo-breadcrumb-separator\">&raquo;<\/span><span class=\"aioseo-breadcrumb\">\n\t\t\tJordan Maxwell \u2013 G\u0142\u00f3wny kamie\u0144 w\u0119gielny\n\t\t<\/span><\/div>","aioseo_breadcrumb_json":[{"label":"Home","link":"https:\/\/wia.net.pl"},{"label":"Religie","link":"https:\/\/wia.net.pl\/index.php\/category\/religie\/"},{"label":"Jordan Maxwell &#8211; G\u0142\u00f3wny kamie\u0144 w\u0119gielny","link":"https:\/\/wia.net.pl\/index.php\/2023\/06\/02\/jordan-maxwell-glowny-kamien-wegielny\/"}],"_links":{"self":[{"href":"https:\/\/wia.net.pl\/index.php\/wp-json\/wp\/v2\/posts\/1073"}],"collection":[{"href":"https:\/\/wia.net.pl\/index.php\/wp-json\/wp\/v2\/posts"}],"about":[{"href":"https:\/\/wia.net.pl\/index.php\/wp-json\/wp\/v2\/types\/post"}],"author":[{"embeddable":true,"href":"https:\/\/wia.net.pl\/index.php\/wp-json\/wp\/v2\/users\/3"}],"replies":[{"embeddable":true,"href":"https:\/\/wia.net.pl\/index.php\/wp-json\/wp\/v2\/comments?post=1073"}],"version-history":[{"count":2,"href":"https:\/\/wia.net.pl\/index.php\/wp-json\/wp\/v2\/posts\/1073\/revisions"}],"predecessor-version":[{"id":10632,"href":"https:\/\/wia.net.pl\/index.php\/wp-json\/wp\/v2\/posts\/1073\/revisions\/10632"}],"wp:featuredmedia":[{"embeddable":true,"href":"https:\/\/wia.net.pl\/index.php\/wp-json\/wp\/v2\/media\/1074"}],"wp:attachment":[{"href":"https:\/\/wia.net.pl\/index.php\/wp-json\/wp\/v2\/media?parent=1073"}],"wp:term":[{"taxonomy":"category","embeddable":true,"href":"https:\/\/wia.net.pl\/index.php\/wp-json\/wp\/v2\/categories?post=1073"},{"taxonomy":"post_tag","embeddable":true,"href":"https:\/\/wia.net.pl\/index.php\/wp-json\/wp\/v2\/tags?post=1073"}],"curies":[{"name":"wp","href":"https:\/\/api.w.org\/{rel}","templated":true}]}}