{"id":10819,"date":"2025-09-27T19:40:41","date_gmt":"2025-09-27T17:40:41","guid":{"rendered":"https:\/\/wia.net.pl\/?p=10819"},"modified":"2026-07-23T18:32:39","modified_gmt":"2026-07-23T16:32:39","slug":"codziennosc-w-kajdanach-wprowadzenie","status":"publish","type":"post","link":"https:\/\/wia.net.pl\/index.php\/2025\/09\/27\/codziennosc-w-kajdanach-wprowadzenie\/","title":{"rendered":"Codzienno\u015b\u0107 w Kajdanach \u2013 Wprowadzenie"},"content":{"rendered":"\n<p class=\"has-large-font-size\"><strong><br>Codzienno\u015b\u0107 w Kajdanach \u2013 o zawodach, kt\u00f3re kszta\u0142tuj\u0105 zniewolenie<\/strong><\/p>\n\n\n\n<h3 class=\"wp-block-heading\"><strong><br>Odcinek wprowadzaj\u0105cy \u2013 Prawo naturalne, moralno\u015b\u0107 i odpowiedzialno\u015b\u0107 cz\u0142owieka<\/strong><br><\/h3>\n\n\n\n<p><strong>Prawo naturalne i obiektywna moralno\u015b\u0107<\/strong> \u2013 przypomnienie fundament\u00f3w: czym jest prawo naturalne, czym r\u00f3\u017cni si\u0119 od prawa stanowionego, czym jest obiektywna moralno\u015b\u0107 i jakie ma konsekwencje w \u017cyciu codziennym. Ludzka natura jako programowalna, ale zawsze odpowiedzialna. Ka\u017cdy zaw\u00f3d \u2013 to wyb\u00f3r, jakiej energii s\u0142u\u017cymy.<\/p>\n\n\n\n<p class=\"has-medium-font-size\"><strong>W tej serii b\u0119dziemy si\u0119 przygl\u0105da\u0107 zawodom:<\/strong><\/p>\n\n\n\n<h4 class=\"wp-block-heading\"><strong>Blok edukacyjny i zdrowotny \u2013 fundamenty formowania cz\u0142owieka<\/strong><\/h4>\n\n\n\n<ol class=\"wp-block-list\">\n<li><strong>Nauczyciel<\/strong> \u2013 edukacja jako programowanie, tresura zamiast rozwoju. Odpowiedzialno\u015b\u0107 nauczyciela wobec dzieci i przysz\u0142ych pokole\u0144.<\/li>\n\n\n\n<li><strong>Lekarz<\/strong> \u2013 stra\u017cnik systemu medycznego czy uzdrowiciel? Medycyna oparta na farmacji kontra medycyna oparta na naturze.<\/li>\n\n\n\n<li><strong>Piel\u0119gniarka<\/strong> \u2013 sumienie w systemie procedur; czy empatia mo\u017ce przebi\u0107 struktur\u0119 instytucji?<\/li>\n\n\n\n<li><strong>Farmaceuta<\/strong> \u2013 dystrybutor zdrowia czy trucizny? Apteka jako \u015bwi\u0105tynia iluzji bezpiecze\u0144stwa.<\/li>\n\n\n\n<li><strong>Psycholog \/ psychiatra<\/strong> \u2013 kontroler umys\u0142\u00f3w czy przewodnik do samopoznania?<\/li>\n<\/ol>\n\n\n\n<h4 class=\"wp-block-heading\"><strong>Blok porz\u0105dku i przemocy \u2013 aparat utrzymania systemu<\/strong><\/h4>\n\n\n\n<ol start=\"6\" class=\"wp-block-list\">\n<li><strong>\u017bo\u0142nierz<\/strong> \u2013 wykonywanie rozkaz\u00f3w kontra prawo naturalne. Czy obrona ojczyzny mo\u017ce usprawiedliwia\u0107 atak na niewinnych?<\/li>\n\n\n\n<li><strong>Policjant<\/strong> \u2013 \u201echroni\u0107 i s\u0142u\u017cy\u0107\u201d czy \u201eegzekwowa\u0107 i kara\u0107\u201d? Moralny ci\u0119\u017car bycia narz\u0119dziem w\u0142adzy.<\/li>\n\n\n\n<li><strong>Stra\u017cnik miejski \/ urz\u0119dnik terenowy<\/strong> \u2013 ma\u0142e trybiki, kt\u00f3re codziennie potwierdzaj\u0105 istnienie systemu.<\/li>\n\n\n\n<li><strong>Komornik<\/strong> \u2013 egzekutor prawa finansowego, \u015blepe narz\u0119dzie bezwzgl\u0119dnej procedury.<\/li>\n\n\n\n<li><strong>S\u0119dzia \/ prokurator<\/strong> \u2013 iluzja sprawiedliwo\u015bci w strukturze prawa stanowionego.<\/li>\n<\/ol>\n\n\n\n<h4 class=\"wp-block-heading\"><strong>Blok ekonomiczno-spo\u0142eczny \u2013 kontrola przez pieni\u0105dz i konsumpcj\u0119<\/strong><\/h4>\n\n\n\n<ol start=\"11\" class=\"wp-block-list\">\n<li><strong>Sprzedawca (detaliczny, spo\u017cywczy)<\/strong> \u2013 konsumpcja, wygoda i wsp\u00f3\u0142udzia\u0142 w mechanizmie nadprodukcji.<\/li>\n\n\n\n<li><strong>Pracownik produkcji<\/strong> \u2013 niewidoczny filar fabryki konsumpcjonizmu.<\/li>\n\n\n\n<li><strong>Bankier \/ pracownik finans\u00f3w<\/strong> \u2013 stra\u017cnicy iluzji pieni\u0105dza, architekci d\u0142ugu.<\/li>\n\n\n\n<li><strong>Rolnik (rolnictwo przemys\u0142owe vs naturalne)<\/strong> \u2013 rozdarta rola \u017cywiciela ludzko\u015bci.<\/li>\n\n\n\n<li><strong>Pracownik korporacji<\/strong> \u2013 nowoczesny niewolnik w garniturze, uczestnik globalnej machiny.<\/li>\n<\/ol>\n\n\n\n<h4 class=\"wp-block-heading\"><strong>Blok informacyjno-technologiczny \u2013 kontrola narracji i danych<\/strong><\/h4>\n\n\n\n<ol start=\"16\" class=\"wp-block-list\">\n<li><strong>Informatyk \/ programista<\/strong> \u2013 tw\u00f3rcy cyfrowych kajdan, system\u00f3w inwigilacji i sztucznej inteligencji.<\/li>\n\n\n\n<li><strong>Media \/ dziennikarz<\/strong> \u2013 aparat propagandy, kontrola tego, jak spo\u0142ecze\u0144stwo my\u015bli.<\/li>\n\n\n\n<li><strong>Artysta \/ celebryta<\/strong> \u2013 sprzedanie kreatywno\u015bci systemowi, wp\u0142yw na kultur\u0119 i zbiorow\u0105 \u015bwiadomo\u015b\u0107.<\/li>\n<\/ol>\n\n\n\n<h4 class=\"wp-block-heading\"><strong>Blok w\u0142adzy \u2013 architekci i zarz\u0105dcy systemu<\/strong><\/h4>\n\n\n\n<ol start=\"19\" class=\"wp-block-list\">\n<li><strong>Polityk<\/strong> \u2013 zarz\u0105dca farmy ludzkiej, sprzedawca iluzji wyboru.<\/li>\n\n\n\n<li><strong>Biurokrata wy\u017cszego szczebla (urz\u0119dnik pa\u0144stwowy, urz\u0119dnik UE)<\/strong> \u2013 tw\u00f3rca barier i paragraf\u00f3w, kt\u00f3rymi usidla si\u0119 spo\u0142ecze\u0144stwo.<\/li>\n\n\n\n<li><strong>Lider religijny \/ ksi\u0105dz<\/strong> \u2013 w\u0142adza nad sumieniem, nadzieja sprzedana w zamian za pos\u0142usze\u0144stwo.<\/li>\n<\/ol>\n\n\n\n<h4 class=\"wp-block-heading\"><strong>Odcinek podsumowuj\u0105cy \u2013 \u201eKa\u017cdy z nas w systemie\u201d<\/strong><\/h4>\n\n\n\n<p>Tu narracja spina wszystkie odcinki. Niewa\u017cne, jaki zaw\u00f3d wykonujesz \u2013 ka\u017cdy z nas stoi codziennie przed wyborem. Czy swoim dzia\u0142aniem wspierasz system zniewolenia, czy budujesz wolno\u015b\u0107? Czy twoja praca wzmacnia kontrol\u0119 nad innymi, czy wspiera rozw\u00f3j i dobro? Ostateczny przekaz: nie chodzi o zawody, lecz o cz\u0142owieka i o decyzje, kt\u00f3re podejmuje dzie\u0144 po dniu.<\/p>\n\n\n\n<figure class=\"wp-block-video\"><video controls poster=\"https:\/\/wia.net.pl\/wp-content\/uploads\/2025\/09\/Codziennosc-w-Kajdanach.jpg\" src=\"https:\/\/wia.net.pl\/wp-content\/uploads\/2025\/09\/Codziennosc-w-Kajdanach-o-zawodach-ktore-ksztaltuja-zniewolenie-wprowadzenie.mp4\"><\/video><\/figure>\n","protected":false},"excerpt":{"rendered":"<p>Codzienno\u015b\u0107 w Kajdanach \u2013 o zawodach, kt\u00f3re kszta\u0142tuj\u0105 zniewolenie Odcinek wprowadzaj\u0105cy \u2013 Prawo naturalne, moralno\u015b\u0107 i odpowiedzialno\u015b\u0107 cz\u0142owieka Prawo naturalne i obiektywna moralno\u015b\u0107 \u2013 przypomnienie fundament\u00f3w: czym jest prawo naturalne, czym r\u00f3\u017cni si\u0119 od prawa stanowionego, czym jest obiektywna moralno\u015b\u0107&#8230; <\/p>\n","protected":false},"author":3,"featured_media":10820,"comment_status":"open","ping_status":"open","sticky":false,"template":"","format":"standard","meta":{"_acf_changed":false,"_bbp_topic_count":0,"_bbp_reply_count":0,"_bbp_total_topic_count":0,"_bbp_total_reply_count":0,"_bbp_voice_count":0,"_bbp_anonymous_reply_count":0,"_bbp_topic_count_hidden":0,"_bbp_reply_count_hidden":0,"_bbp_forum_subforum_count":0,"om_disable_all_campaigns":false,"_monsterinsights_skip_tracking":false,"footnotes":""},"categories":[186,16],"tags":[68,63,42,71,26,23,32,22,70,62],"class_list":["post-10819","post","type-post","status-publish","format-standard","has-post-thumbnail","hentry","category-platna-subskrypcja-substack","category-prawonaturalne","tag-cesarstwo-rzymskie","tag-historia-ziemi","tag-illuminati","tag-kosciol-katolicki","tag-ludzkosc","tag-niewolnictwo","tag-rzad","tag-satanizm","tag-tajne-stowarzyszenia","tag-wszechswiat"],"acf":[],"aioseo_notices":[],"aioseo_head":"\n\t\t<!-- All in One SEO 5.0.1.1 - aioseo.com -->\n\t<meta name=\"description\" content=\"Codzienno\u015b\u0107 w Kajdanach \u2013 o zawodach, kt\u00f3re kszta\u0142tuj\u0105 zniewolenie Odcinek wprowadzaj\u0105cy \u2013 Prawo naturalne, moralno\u015b\u0107 i odpowiedzialno\u015b\u0107 cz\u0142owieka Prawo naturalne i obiektywna moralno\u015b\u0107 \u2013 przypomnienie fundament\u00f3w: czym jest prawo naturalne, czym r\u00f3\u017cni si\u0119 od prawa stanowionego, czym jest obiektywna moralno\u015b\u0107 i jakie ma konsekwencje w \u017cyciu codziennym. Ludzka natura jako programowalna, ale zawsze odpowiedzialna. Ka\u017cdy\" \/>\n\t<meta name=\"robots\" content=\"max-image-preview:large\" \/>\n\t<meta name=\"author\" content=\"Bart\u0142omiej Talarczyk\"\/>\n\t<link rel=\"canonical\" href=\"https:\/\/wia.net.pl\/index.php\/2025\/09\/27\/codziennosc-w-kajdanach-wprowadzenie\/\" \/>\n\t<meta name=\"generator\" content=\"All in One SEO (AIOSEO) 5.0.1.1\" \/>\n\t\t<meta property=\"og:locale\" content=\"pl_PL\" \/>\n\t\t<meta property=\"og:site_name\" content=\"Wolno\u015b\u0107 i Anarchia - Ka\u017cdy wewn\u0119trznie jest anarchist\u0105.\" \/>\n\t\t<meta property=\"og:type\" content=\"article\" \/>\n\t\t<meta property=\"og:title\" content=\"Codzienno\u015b\u0107 w Kajdanach \u2013 Wprowadzenie - Wolno\u015b\u0107 i Anarchia\" \/>\n\t\t<meta property=\"og:description\" content=\"Codzienno\u015b\u0107 w Kajdanach \u2013 o zawodach, kt\u00f3re kszta\u0142tuj\u0105 zniewolenie Odcinek wprowadzaj\u0105cy \u2013 Prawo naturalne, moralno\u015b\u0107 i odpowiedzialno\u015b\u0107 cz\u0142owieka Prawo naturalne i obiektywna moralno\u015b\u0107 \u2013 przypomnienie fundament\u00f3w: czym jest prawo naturalne, czym r\u00f3\u017cni si\u0119 od prawa stanowionego, czym jest obiektywna moralno\u015b\u0107 i jakie ma konsekwencje w \u017cyciu codziennym. Ludzka natura jako programowalna, ale zawsze odpowiedzialna. Ka\u017cdy\" \/>\n\t\t<meta property=\"og:url\" content=\"https:\/\/wia.net.pl\/index.php\/2025\/09\/27\/codziennosc-w-kajdanach-wprowadzenie\/\" \/>\n\t\t<meta property=\"og:image\" content=\"https:\/\/wia.net.pl\/wp-content\/uploads\/2023\/11\/cropped-freedom-i73367.jpg\" \/>\n\t\t<meta property=\"og:image:secure_url\" content=\"https:\/\/wia.net.pl\/wp-content\/uploads\/2023\/11\/cropped-freedom-i73367.jpg\" \/>\n\t\t<meta property=\"article:published_time\" content=\"2025-09-27T17:40:41+00:00\" \/>\n\t\t<meta property=\"article:modified_time\" content=\"2026-07-23T16:32:39+00:00\" \/>\n\t\t<meta name=\"twitter:card\" content=\"summary_large_image\" \/>\n\t\t<meta name=\"twitter:title\" content=\"Codzienno\u015b\u0107 w Kajdanach \u2013 Wprowadzenie - Wolno\u015b\u0107 i Anarchia\" \/>\n\t\t<meta name=\"twitter:description\" content=\"Codzienno\u015b\u0107 w Kajdanach \u2013 o zawodach, kt\u00f3re kszta\u0142tuj\u0105 zniewolenie Odcinek wprowadzaj\u0105cy \u2013 Prawo naturalne, moralno\u015b\u0107 i odpowiedzialno\u015b\u0107 cz\u0142owieka Prawo naturalne i obiektywna moralno\u015b\u0107 \u2013 przypomnienie fundament\u00f3w: czym jest prawo naturalne, czym r\u00f3\u017cni si\u0119 od prawa stanowionego, czym jest obiektywna moralno\u015b\u0107 i jakie ma konsekwencje w \u017cyciu codziennym. Ludzka natura jako programowalna, ale zawsze odpowiedzialna. Ka\u017cdy\" \/>\n\t\t<meta name=\"twitter:image\" content=\"https:\/\/wia.net.pl\/wp-content\/uploads\/2023\/11\/cropped-freedom-i73367.jpg\" \/>\n\t\t<script type=\"application\/ld+json\" class=\"aioseo-schema\">\n\t\t\t{\"@context\":\"https:\\\/\\\/schema.org\",\"@graph\":[{\"@type\":\"BlogPosting\",\"@id\":\"https:\\\/\\\/wia.net.pl\\\/index.php\\\/2025\\\/09\\\/27\\\/codziennosc-w-kajdanach-wprowadzenie\\\/#blogposting\",\"name\":\"Codzienno\\u015b\\u0107 w Kajdanach \\u2013 Wprowadzenie - Wolno\\u015b\\u0107 i Anarchia\",\"headline\":\"Codzienno\\u015b\\u0107 w Kajdanach \\u2013 Wprowadzenie\",\"author\":{\"@id\":\"https:\\\/\\\/wia.net.pl\\\/index.php\\\/author\\\/talar\\\/#author\"},\"publisher\":{\"@id\":\"https:\\\/\\\/wia.net.pl\\\/#person\"},\"image\":{\"@type\":\"ImageObject\",\"url\":\"https:\\\/\\\/wia.net.pl\\\/wp-content\\\/uploads\\\/2025\\\/09\\\/Codziennosc-w-Kajdanach.jpg\",\"width\":1920,\"height\":1080},\"datePublished\":\"2025-09-27T19:40:41+02:00\",\"dateModified\":\"2026-07-23T18:32:39+02:00\",\"inLanguage\":\"pl-PL\",\"mainEntityOfPage\":{\"@id\":\"https:\\\/\\\/wia.net.pl\\\/index.php\\\/2025\\\/09\\\/27\\\/codziennosc-w-kajdanach-wprowadzenie\\\/#webpage\"},\"isPartOf\":{\"@id\":\"https:\\\/\\\/wia.net.pl\\\/index.php\\\/2025\\\/09\\\/27\\\/codziennosc-w-kajdanach-wprowadzenie\\\/#webpage\"},\"articleSection\":\"P\\u0142atna subskrypcja Substack, Prawo naturalne, Cesarstwo Rzymskie, Historia ziemi, Illuminati, Ko\\u015bci\\u00f3\\u0142 katolicki, Ludzko\\u015b\\u0107, Niewolnictwo, Rz\\u0105d, Satanizm, Tajne stowarzyszenia, Wszech\\u015bwiat\"},{\"@type\":\"BreadcrumbList\",\"@id\":\"https:\\\/\\\/wia.net.pl\\\/index.php\\\/2025\\\/09\\\/27\\\/codziennosc-w-kajdanach-wprowadzenie\\\/#breadcrumblist\",\"itemListElement\":[{\"@type\":\"ListItem\",\"@id\":\"https:\\\/\\\/wia.net.pl#listItem\",\"position\":1,\"name\":\"Home\",\"item\":\"https:\\\/\\\/wia.net.pl\",\"nextItem\":{\"@type\":\"ListItem\",\"@id\":\"https:\\\/\\\/wia.net.pl\\\/index.php\\\/category\\\/prawonaturalne\\\/#listItem\",\"name\":\"Prawo naturalne\"}},{\"@type\":\"ListItem\",\"@id\":\"https:\\\/\\\/wia.net.pl\\\/index.php\\\/category\\\/prawonaturalne\\\/#listItem\",\"position\":2,\"name\":\"Prawo naturalne\",\"item\":\"https:\\\/\\\/wia.net.pl\\\/index.php\\\/category\\\/prawonaturalne\\\/\",\"nextItem\":{\"@type\":\"ListItem\",\"@id\":\"https:\\\/\\\/wia.net.pl\\\/index.php\\\/2025\\\/09\\\/27\\\/codziennosc-w-kajdanach-wprowadzenie\\\/#listItem\",\"name\":\"Codzienno\\u015b\\u0107 w Kajdanach \\u2013 Wprowadzenie\"},\"previousItem\":{\"@type\":\"ListItem\",\"@id\":\"https:\\\/\\\/wia.net.pl#listItem\",\"name\":\"Home\"}},{\"@type\":\"ListItem\",\"@id\":\"https:\\\/\\\/wia.net.pl\\\/index.php\\\/2025\\\/09\\\/27\\\/codziennosc-w-kajdanach-wprowadzenie\\\/#listItem\",\"position\":3,\"name\":\"Codzienno\\u015b\\u0107 w Kajdanach \\u2013 Wprowadzenie\",\"previousItem\":{\"@type\":\"ListItem\",\"@id\":\"https:\\\/\\\/wia.net.pl\\\/index.php\\\/category\\\/prawonaturalne\\\/#listItem\",\"name\":\"Prawo naturalne\"}}]},{\"@type\":\"Person\",\"@id\":\"https:\\\/\\\/wia.net.pl\\\/#person\",\"name\":\"Bart\\u0142omiej Talarczyk\",\"image\":{\"@type\":\"ImageObject\",\"@id\":\"https:\\\/\\\/wia.net.pl\\\/index.php\\\/2025\\\/09\\\/27\\\/codziennosc-w-kajdanach-wprowadzenie\\\/#personImage\",\"url\":\"https:\\\/\\\/wia.net.pl\\\/wp-content\\\/uploads\\\/avatar-privacy\\\/cache\\\/user\\\/1\\\/7\\\/176a6b161c58363ff49b5c167264231f519f5c7fa183ca1f61e891769b6b56d5-96.jpg\",\"width\":96,\"height\":96,\"caption\":\"Bart\\u0142omiej Talarczyk\"}},{\"@type\":\"Person\",\"@id\":\"https:\\\/\\\/wia.net.pl\\\/index.php\\\/author\\\/talar\\\/#author\",\"url\":\"https:\\\/\\\/wia.net.pl\\\/index.php\\\/author\\\/talar\\\/\",\"name\":\"Bart\\u0142omiej Talarczyk\",\"image\":{\"@type\":\"ImageObject\",\"@id\":\"https:\\\/\\\/wia.net.pl\\\/index.php\\\/2025\\\/09\\\/27\\\/codziennosc-w-kajdanach-wprowadzenie\\\/#authorImage\",\"url\":\"https:\\\/\\\/wia.net.pl\\\/wp-content\\\/uploads\\\/avatar-privacy\\\/cache\\\/user\\\/1\\\/7\\\/176a6b161c58363ff49b5c167264231f519f5c7fa183ca1f61e891769b6b56d5-96.jpg\",\"width\":96,\"height\":96,\"caption\":\"Bart\\u0142omiej Talarczyk\"}},{\"@type\":\"WebPage\",\"@id\":\"https:\\\/\\\/wia.net.pl\\\/index.php\\\/2025\\\/09\\\/27\\\/codziennosc-w-kajdanach-wprowadzenie\\\/#webpage\",\"url\":\"https:\\\/\\\/wia.net.pl\\\/index.php\\\/2025\\\/09\\\/27\\\/codziennosc-w-kajdanach-wprowadzenie\\\/\",\"name\":\"Codzienno\\u015b\\u0107 w Kajdanach \\u2013 Wprowadzenie - Wolno\\u015b\\u0107 i Anarchia\",\"description\":\"Codzienno\\u015b\\u0107 w Kajdanach \\u2013 o zawodach, kt\\u00f3re kszta\\u0142tuj\\u0105 zniewolenie Odcinek wprowadzaj\\u0105cy \\u2013 Prawo naturalne, moralno\\u015b\\u0107 i odpowiedzialno\\u015b\\u0107 cz\\u0142owieka Prawo naturalne i obiektywna moralno\\u015b\\u0107 \\u2013 przypomnienie fundament\\u00f3w: czym jest prawo naturalne, czym r\\u00f3\\u017cni si\\u0119 od prawa stanowionego, czym jest obiektywna moralno\\u015b\\u0107 i jakie ma konsekwencje w \\u017cyciu codziennym. Ludzka natura jako programowalna, ale zawsze odpowiedzialna. Ka\\u017cdy\",\"inLanguage\":\"pl-PL\",\"isPartOf\":{\"@id\":\"https:\\\/\\\/wia.net.pl\\\/#website\"},\"breadcrumb\":{\"@id\":\"https:\\\/\\\/wia.net.pl\\\/index.php\\\/2025\\\/09\\\/27\\\/codziennosc-w-kajdanach-wprowadzenie\\\/#breadcrumblist\"},\"author\":{\"@id\":\"https:\\\/\\\/wia.net.pl\\\/index.php\\\/author\\\/talar\\\/#author\"},\"creator\":{\"@id\":\"https:\\\/\\\/wia.net.pl\\\/index.php\\\/author\\\/talar\\\/#author\"},\"image\":{\"@type\":\"ImageObject\",\"url\":\"https:\\\/\\\/wia.net.pl\\\/wp-content\\\/uploads\\\/2025\\\/09\\\/Codziennosc-w-Kajdanach.jpg\",\"@id\":\"https:\\\/\\\/wia.net.pl\\\/index.php\\\/2025\\\/09\\\/27\\\/codziennosc-w-kajdanach-wprowadzenie\\\/#mainImage\",\"width\":1920,\"height\":1080},\"primaryImageOfPage\":{\"@id\":\"https:\\\/\\\/wia.net.pl\\\/index.php\\\/2025\\\/09\\\/27\\\/codziennosc-w-kajdanach-wprowadzenie\\\/#mainImage\"},\"datePublished\":\"2025-09-27T19:40:41+02:00\",\"dateModified\":\"2026-07-23T18:32:39+02:00\"},{\"@type\":\"WebSite\",\"@id\":\"https:\\\/\\\/wia.net.pl\\\/#website\",\"url\":\"https:\\\/\\\/wia.net.pl\\\/\",\"name\":\"Wolno\\u015b\\u0107 i Anarchia\",\"description\":\"Ka\\u017cdy wewn\\u0119trznie jest anarchist\\u0105.\",\"inLanguage\":\"pl-PL\",\"publisher\":{\"@id\":\"https:\\\/\\\/wia.net.pl\\\/#person\"}}]}\n\t\t<\/script>\n\t\t<!-- All in One SEO -->\n\n","aioseo_head_json":{"title":"Codzienno\u015b\u0107 w Kajdanach \u2013 Wprowadzenie - Wolno\u015b\u0107 i Anarchia","description":"Codzienno\u015b\u0107 w Kajdanach \u2013 o zawodach, kt\u00f3re kszta\u0142tuj\u0105 zniewolenie Odcinek wprowadzaj\u0105cy \u2013 Prawo naturalne, moralno\u015b\u0107 i odpowiedzialno\u015b\u0107 cz\u0142owieka Prawo naturalne i obiektywna moralno\u015b\u0107 \u2013 przypomnienie fundament\u00f3w: czym jest prawo naturalne, czym r\u00f3\u017cni si\u0119 od prawa stanowionego, czym jest obiektywna moralno\u015b\u0107 i jakie ma konsekwencje w \u017cyciu codziennym. Ludzka natura jako programowalna, ale zawsze odpowiedzialna. Ka\u017cdy","canonical_url":"https:\/\/wia.net.pl\/index.php\/2025\/09\/27\/codziennosc-w-kajdanach-wprowadzenie\/","robots":"max-image-preview:large","keywords":"","webmasterTools":{"miscellaneous":""},"schema":{"@context":"https:\/\/schema.org","@graph":[{"@type":"BlogPosting","@id":"https:\/\/wia.net.pl\/index.php\/2025\/09\/27\/codziennosc-w-kajdanach-wprowadzenie\/#blogposting","name":"Codzienno\u015b\u0107 w Kajdanach \u2013 Wprowadzenie - Wolno\u015b\u0107 i Anarchia","headline":"Codzienno\u015b\u0107 w Kajdanach \u2013 Wprowadzenie","author":{"@id":"https:\/\/wia.net.pl\/index.php\/author\/talar\/#author"},"publisher":{"@id":"https:\/\/wia.net.pl\/#person"},"image":{"@type":"ImageObject","url":"https:\/\/wia.net.pl\/wp-content\/uploads\/2025\/09\/Codziennosc-w-Kajdanach.jpg","width":1920,"height":1080},"datePublished":"2025-09-27T19:40:41+02:00","dateModified":"2026-07-23T18:32:39+02:00","inLanguage":"pl-PL","mainEntityOfPage":{"@id":"https:\/\/wia.net.pl\/index.php\/2025\/09\/27\/codziennosc-w-kajdanach-wprowadzenie\/#webpage"},"isPartOf":{"@id":"https:\/\/wia.net.pl\/index.php\/2025\/09\/27\/codziennosc-w-kajdanach-wprowadzenie\/#webpage"},"articleSection":"P\u0142atna subskrypcja Substack, Prawo naturalne, Cesarstwo Rzymskie, Historia ziemi, Illuminati, Ko\u015bci\u00f3\u0142 katolicki, Ludzko\u015b\u0107, Niewolnictwo, Rz\u0105d, Satanizm, Tajne stowarzyszenia, Wszech\u015bwiat"},{"@type":"BreadcrumbList","@id":"https:\/\/wia.net.pl\/index.php\/2025\/09\/27\/codziennosc-w-kajdanach-wprowadzenie\/#breadcrumblist","itemListElement":[{"@type":"ListItem","@id":"https:\/\/wia.net.pl#listItem","position":1,"name":"Home","item":"https:\/\/wia.net.pl","nextItem":{"@type":"ListItem","@id":"https:\/\/wia.net.pl\/index.php\/category\/prawonaturalne\/#listItem","name":"Prawo naturalne"}},{"@type":"ListItem","@id":"https:\/\/wia.net.pl\/index.php\/category\/prawonaturalne\/#listItem","position":2,"name":"Prawo naturalne","item":"https:\/\/wia.net.pl\/index.php\/category\/prawonaturalne\/","nextItem":{"@type":"ListItem","@id":"https:\/\/wia.net.pl\/index.php\/2025\/09\/27\/codziennosc-w-kajdanach-wprowadzenie\/#listItem","name":"Codzienno\u015b\u0107 w Kajdanach \u2013 Wprowadzenie"},"previousItem":{"@type":"ListItem","@id":"https:\/\/wia.net.pl#listItem","name":"Home"}},{"@type":"ListItem","@id":"https:\/\/wia.net.pl\/index.php\/2025\/09\/27\/codziennosc-w-kajdanach-wprowadzenie\/#listItem","position":3,"name":"Codzienno\u015b\u0107 w Kajdanach \u2013 Wprowadzenie","previousItem":{"@type":"ListItem","@id":"https:\/\/wia.net.pl\/index.php\/category\/prawonaturalne\/#listItem","name":"Prawo naturalne"}}]},{"@type":"Person","@id":"https:\/\/wia.net.pl\/#person","name":"Bart\u0142omiej Talarczyk","image":{"@type":"ImageObject","@id":"https:\/\/wia.net.pl\/index.php\/2025\/09\/27\/codziennosc-w-kajdanach-wprowadzenie\/#personImage","url":"https:\/\/wia.net.pl\/wp-content\/uploads\/avatar-privacy\/cache\/user\/1\/7\/176a6b161c58363ff49b5c167264231f519f5c7fa183ca1f61e891769b6b56d5-96.jpg","width":96,"height":96,"caption":"Bart\u0142omiej Talarczyk"}},{"@type":"Person","@id":"https:\/\/wia.net.pl\/index.php\/author\/talar\/#author","url":"https:\/\/wia.net.pl\/index.php\/author\/talar\/","name":"Bart\u0142omiej Talarczyk","image":{"@type":"ImageObject","@id":"https:\/\/wia.net.pl\/index.php\/2025\/09\/27\/codziennosc-w-kajdanach-wprowadzenie\/#authorImage","url":"https:\/\/wia.net.pl\/wp-content\/uploads\/avatar-privacy\/cache\/user\/1\/7\/176a6b161c58363ff49b5c167264231f519f5c7fa183ca1f61e891769b6b56d5-96.jpg","width":96,"height":96,"caption":"Bart\u0142omiej Talarczyk"}},{"@type":"WebPage","@id":"https:\/\/wia.net.pl\/index.php\/2025\/09\/27\/codziennosc-w-kajdanach-wprowadzenie\/#webpage","url":"https:\/\/wia.net.pl\/index.php\/2025\/09\/27\/codziennosc-w-kajdanach-wprowadzenie\/","name":"Codzienno\u015b\u0107 w Kajdanach \u2013 Wprowadzenie - Wolno\u015b\u0107 i Anarchia","description":"Codzienno\u015b\u0107 w Kajdanach \u2013 o zawodach, kt\u00f3re kszta\u0142tuj\u0105 zniewolenie Odcinek wprowadzaj\u0105cy \u2013 Prawo naturalne, moralno\u015b\u0107 i odpowiedzialno\u015b\u0107 cz\u0142owieka Prawo naturalne i obiektywna moralno\u015b\u0107 \u2013 przypomnienie fundament\u00f3w: czym jest prawo naturalne, czym r\u00f3\u017cni si\u0119 od prawa stanowionego, czym jest obiektywna moralno\u015b\u0107 i jakie ma konsekwencje w \u017cyciu codziennym. Ludzka natura jako programowalna, ale zawsze odpowiedzialna. Ka\u017cdy","inLanguage":"pl-PL","isPartOf":{"@id":"https:\/\/wia.net.pl\/#website"},"breadcrumb":{"@id":"https:\/\/wia.net.pl\/index.php\/2025\/09\/27\/codziennosc-w-kajdanach-wprowadzenie\/#breadcrumblist"},"author":{"@id":"https:\/\/wia.net.pl\/index.php\/author\/talar\/#author"},"creator":{"@id":"https:\/\/wia.net.pl\/index.php\/author\/talar\/#author"},"image":{"@type":"ImageObject","url":"https:\/\/wia.net.pl\/wp-content\/uploads\/2025\/09\/Codziennosc-w-Kajdanach.jpg","@id":"https:\/\/wia.net.pl\/index.php\/2025\/09\/27\/codziennosc-w-kajdanach-wprowadzenie\/#mainImage","width":1920,"height":1080},"primaryImageOfPage":{"@id":"https:\/\/wia.net.pl\/index.php\/2025\/09\/27\/codziennosc-w-kajdanach-wprowadzenie\/#mainImage"},"datePublished":"2025-09-27T19:40:41+02:00","dateModified":"2026-07-23T18:32:39+02:00"},{"@type":"WebSite","@id":"https:\/\/wia.net.pl\/#website","url":"https:\/\/wia.net.pl\/","name":"Wolno\u015b\u0107 i Anarchia","description":"Ka\u017cdy wewn\u0119trznie jest anarchist\u0105.","inLanguage":"pl-PL","publisher":{"@id":"https:\/\/wia.net.pl\/#person"}}]},"og:locale":"pl_PL","og:site_name":"Wolno\u015b\u0107 i Anarchia - Ka\u017cdy wewn\u0119trznie jest anarchist\u0105.","og:type":"article","og:title":"Codzienno\u015b\u0107 w Kajdanach \u2013 Wprowadzenie - Wolno\u015b\u0107 i Anarchia","og:description":"Codzienno\u015b\u0107 w Kajdanach \u2013 o zawodach, kt\u00f3re kszta\u0142tuj\u0105 zniewolenie Odcinek wprowadzaj\u0105cy \u2013 Prawo naturalne, moralno\u015b\u0107 i odpowiedzialno\u015b\u0107 cz\u0142owieka Prawo naturalne i obiektywna moralno\u015b\u0107 \u2013 przypomnienie fundament\u00f3w: czym jest prawo naturalne, czym r\u00f3\u017cni si\u0119 od prawa stanowionego, czym jest obiektywna moralno\u015b\u0107 i jakie ma konsekwencje w \u017cyciu codziennym. Ludzka natura jako programowalna, ale zawsze odpowiedzialna. Ka\u017cdy","og:url":"https:\/\/wia.net.pl\/index.php\/2025\/09\/27\/codziennosc-w-kajdanach-wprowadzenie\/","og:image":"https:\/\/wia.net.pl\/wp-content\/uploads\/2023\/11\/cropped-freedom-i73367.jpg","og:image:secure_url":"https:\/\/wia.net.pl\/wp-content\/uploads\/2023\/11\/cropped-freedom-i73367.jpg","article:published_time":"2025-09-27T17:40:41+00:00","article:modified_time":"2026-07-23T16:32:39+00:00","twitter:card":"summary_large_image","twitter:title":"Codzienno\u015b\u0107 w Kajdanach \u2013 Wprowadzenie - Wolno\u015b\u0107 i Anarchia","twitter:description":"Codzienno\u015b\u0107 w Kajdanach \u2013 o zawodach, kt\u00f3re kszta\u0142tuj\u0105 zniewolenie Odcinek wprowadzaj\u0105cy \u2013 Prawo naturalne, moralno\u015b\u0107 i odpowiedzialno\u015b\u0107 cz\u0142owieka Prawo naturalne i obiektywna moralno\u015b\u0107 \u2013 przypomnienie fundament\u00f3w: czym jest prawo naturalne, czym r\u00f3\u017cni si\u0119 od prawa stanowionego, czym jest obiektywna moralno\u015b\u0107 i jakie ma konsekwencje w \u017cyciu codziennym. Ludzka natura jako programowalna, ale zawsze odpowiedzialna. Ka\u017cdy","twitter:image":"https:\/\/wia.net.pl\/wp-content\/uploads\/2023\/11\/cropped-freedom-i73367.jpg"},"aioseo_meta_data":{"post_id":"10819","title":null,"description":null,"keywords":null,"keyphrases":{"focus":{"keyphrase":"","score":0,"analysis":{"keyphraseInTitle":{"score":0,"maxScore":9,"error":1}}},"additional":[]},"primary_term":null,"canonical_url":null,"og_title":null,"og_description":null,"og_object_type":"default","og_image_type":"default","og_image_url":null,"og_image_width":null,"og_image_height":null,"og_image_custom_url":null,"og_image_custom_fields":null,"og_video":"","og_custom_url":null,"og_article_section":null,"og_article_tags":null,"twitter_use_og":false,"twitter_card":"default","twitter_image_type":"default","twitter_image_url":null,"twitter_image_custom_url":null,"twitter_image_custom_fields":null,"twitter_title":null,"twitter_description":null,"schema":{"blockGraphs":[],"customGraphs":[],"default":{"data":{"Article":[],"Course":[],"Dataset":[],"FAQPage":[],"Movie":[],"Person":[],"Product":[],"ProductReview":[],"Car":[],"Recipe":[],"Service":[],"SoftwareApplication":[],"WebPage":[]},"graphName":"BlogPosting","isEnabled":true},"graphs":[]},"schema_type":"default","schema_type_options":null,"pillar_content":false,"robots_default":true,"robots_noindex":false,"robots_noarchive":false,"robots_nosnippet":false,"robots_nofollow":false,"robots_noimageindex":false,"robots_noodp":false,"robots_notranslate":false,"robots_max_snippet":"-1","robots_max_videopreview":"-1","robots_max_imagepreview":"large","priority":null,"frequency":"default","local_seo":null,"breadcrumb_settings":null,"limit_modified_date":false,"ai":{"faqs":[],"keyPoints":[],"titles":[],"descriptions":[],"socialPosts":{"email":[],"linkedin":[],"twitter":[],"facebook":[],"instagram":[]}},"created":"2025-09-27 17:40:42","updated":"2026-07-23 16:33:42","seo_analyzer_scan_date":null,"focus_keyword":null,"additional_keywords":null,"truseo_locale":null},"aioseo_breadcrumb":"<div class=\"aioseo-breadcrumbs\"><span class=\"aioseo-breadcrumb\">\n\t\t\t<a href=\"https:\/\/wia.net.pl\" title=\"Home\">Home<\/a>\n\t\t<\/span><span class=\"aioseo-breadcrumb-separator\">&raquo;<\/span><span class=\"aioseo-breadcrumb\">\n\t\t\t<a href=\"https:\/\/wia.net.pl\/index.php\/category\/prawonaturalne\/\" title=\"Prawo naturalne\">Prawo naturalne<\/a>\n\t\t<\/span><span class=\"aioseo-breadcrumb-separator\">&raquo;<\/span><span class=\"aioseo-breadcrumb\">\n\t\t\tCodzienno\u015b\u0107 w Kajdanach \u2013 Wprowadzenie\n\t\t<\/span><\/div>","aioseo_breadcrumb_json":[{"label":"Home","link":"https:\/\/wia.net.pl"},{"label":"Prawo naturalne","link":"https:\/\/wia.net.pl\/index.php\/category\/prawonaturalne\/"},{"label":"Codzienno\u015b\u0107 w Kajdanach \u2013 Wprowadzenie","link":"https:\/\/wia.net.pl\/index.php\/2025\/09\/27\/codziennosc-w-kajdanach-wprowadzenie\/"}],"_links":{"self":[{"href":"https:\/\/wia.net.pl\/index.php\/wp-json\/wp\/v2\/posts\/10819"}],"collection":[{"href":"https:\/\/wia.net.pl\/index.php\/wp-json\/wp\/v2\/posts"}],"about":[{"href":"https:\/\/wia.net.pl\/index.php\/wp-json\/wp\/v2\/types\/post"}],"author":[{"embeddable":true,"href":"https:\/\/wia.net.pl\/index.php\/wp-json\/wp\/v2\/users\/3"}],"replies":[{"embeddable":true,"href":"https:\/\/wia.net.pl\/index.php\/wp-json\/wp\/v2\/comments?post=10819"}],"version-history":[{"count":1,"href":"https:\/\/wia.net.pl\/index.php\/wp-json\/wp\/v2\/posts\/10819\/revisions"}],"predecessor-version":[{"id":10822,"href":"https:\/\/wia.net.pl\/index.php\/wp-json\/wp\/v2\/posts\/10819\/revisions\/10822"}],"wp:featuredmedia":[{"embeddable":true,"href":"https:\/\/wia.net.pl\/index.php\/wp-json\/wp\/v2\/media\/10820"}],"wp:attachment":[{"href":"https:\/\/wia.net.pl\/index.php\/wp-json\/wp\/v2\/media?parent=10819"}],"wp:term":[{"taxonomy":"category","embeddable":true,"href":"https:\/\/wia.net.pl\/index.php\/wp-json\/wp\/v2\/categories?post=10819"},{"taxonomy":"post_tag","embeddable":true,"href":"https:\/\/wia.net.pl\/index.php\/wp-json\/wp\/v2\/tags?post=10819"}],"curies":[{"name":"wp","href":"https:\/\/api.w.org\/{rel}","templated":true}]}}