{"id":10893,"date":"2025-10-05T18:54:55","date_gmt":"2025-10-05T16:54:55","guid":{"rendered":"https:\/\/wia.net.pl\/?p=10893"},"modified":"2026-01-22T01:49:58","modified_gmt":"2026-01-22T00:49:58","slug":"rozdzial-i-ucieczka-od-wolnosci","status":"publish","type":"post","link":"https:\/\/wia.net.pl\/index.php\/2025\/10\/05\/rozdzial-i-ucieczka-od-wolnosci\/","title":{"rendered":"Rozdzia\u0142 I &#8211; Ucieczka od wolno\u015bci"},"content":{"rendered":"\n<p>CYKL: ANARCHIA JAKO OSTATNI J\u0118ZYK SERCA<\/p>\n\n\n\n<p>Rozdzia\u0142 I &#8211; <strong>Ucieczka od wolno\u015bci &#8211; Dlaczego boimy si\u0119 najbardziej tego, czego pragniemy?<\/strong><\/p>\n\n\n\n<p>Materia\u0142 dla p\u0142atnych subskrybent\u00f3w Substack.<\/p>\n\n\n\n<p>Opracowanie w\u0142asne<\/p>\n\n\n<div class=\"substack-post-embed\">\n<p lang=\"en\">CYKL: ANARCHIA JAKO OSTATNI J\u0118ZYK SERCA &#8211; Ucieczka od wolno\u015bci &#8211; Rozdzia\u0142 1\/7 &#8211; Dlaczego boimy si\u0119 najbardziej tego, czego pragniemy?  by Wolno\u015b\u0107 i Anarchia<\/p>\n<p>O sprzeczno\u015bci cz\u0142owieka \u2013 marzymy o wolno\u015bci, a gdy j\u0105 dotykamy, chowamy si\u0119 za autorytetami, systemami i kajdanami.<\/p>\n<p><a data-post-link href=\"https:\/\/wolnoscanarchia.substack.com\/p\/cykl-anarchia-jako-ostatni-jezyk-feb\">Read on Substack<\/a><\/div>\n<p><script async src=\"https:\/\/substack.com\/embedjs\/embed.js\" charset=\"utf-8\"><\/script><\/p>\n","protected":false},"excerpt":{"rendered":"<p>CYKL: ANARCHIA JAKO OSTATNI J\u0118ZYK SERCA Rozdzia\u0142 I &#8211; Ucieczka od wolno\u015bci &#8211; Dlaczego boimy si\u0119 najbardziej tego, czego pragniemy? Materia\u0142 dla p\u0142atnych subskrybent\u00f3w Substack. Opracowanie w\u0142asne<\/p>\n","protected":false},"author":2,"featured_media":10895,"comment_status":"open","ping_status":"open","sticky":false,"template":"","format":"standard","meta":{"_acf_changed":false,"_bbp_topic_count":0,"_bbp_reply_count":0,"_bbp_total_topic_count":0,"_bbp_total_reply_count":0,"_bbp_voice_count":0,"_bbp_anonymous_reply_count":0,"_bbp_topic_count_hidden":0,"_bbp_reply_count_hidden":0,"_bbp_forum_subforum_count":0,"om_disable_all_campaigns":false,"_monsterinsights_skip_tracking":false,"footnotes":""},"categories":[186],"tags":[],"class_list":["post-10893","post","type-post","status-publish","format-standard","has-post-thumbnail","hentry","category-platna-subskrypcja-substack"],"acf":[],"aioseo_notices":[],"aioseo_head":"\n\t\t<!-- All in One SEO 5.0.1.1 - aioseo.com -->\n\t<meta name=\"description\" content=\"CYKL: ANARCHIA JAKO OSTATNI J\u0118ZYK SERCA Rozdzia\u0142 I - Ucieczka od wolno\u015bci - Dlaczego boimy si\u0119 najbardziej tego, czego pragniemy? Materia\u0142 dla p\u0142atnych subskrybent\u00f3w Substack. Opracowanie w\u0142asne CYKL: ANARCHIA JAKO OSTATNI J\u0118ZYK SERCA - Ucieczka od wolno\u015bci - Rozdzia\u0142 1\/7 - Dlaczego boimy si\u0119 najbardziej tego, czego pragniemy? by Wolno\u015b\u0107 i AnarchiaO sprzeczno\u015bci cz\u0142owieka \u2013\" \/>\n\t<meta name=\"robots\" content=\"max-image-preview:large\" \/>\n\t<meta name=\"author\" content=\"trinity\"\/>\n\t<link rel=\"canonical\" href=\"https:\/\/wia.net.pl\/index.php\/2025\/10\/05\/rozdzial-i-ucieczka-od-wolnosci\/\" \/>\n\t<meta name=\"generator\" content=\"All in One SEO (AIOSEO) 5.0.1.1\" \/>\n\t\t<meta property=\"og:locale\" content=\"pl_PL\" \/>\n\t\t<meta property=\"og:site_name\" content=\"Wolno\u015b\u0107 i Anarchia - Ka\u017cdy wewn\u0119trznie jest anarchist\u0105.\" \/>\n\t\t<meta property=\"og:type\" content=\"article\" \/>\n\t\t<meta property=\"og:title\" content=\"Rozdzia\u0142 I \u2013 Ucieczka od wolno\u015bci - Wolno\u015b\u0107 i Anarchia\" \/>\n\t\t<meta property=\"og:description\" content=\"CYKL: ANARCHIA JAKO OSTATNI J\u0118ZYK SERCA Rozdzia\u0142 I - Ucieczka od wolno\u015bci - Dlaczego boimy si\u0119 najbardziej tego, czego pragniemy? Materia\u0142 dla p\u0142atnych subskrybent\u00f3w Substack. Opracowanie w\u0142asne CYKL: ANARCHIA JAKO OSTATNI J\u0118ZYK SERCA - Ucieczka od wolno\u015bci - Rozdzia\u0142 1\/7 - Dlaczego boimy si\u0119 najbardziej tego, czego pragniemy? by Wolno\u015b\u0107 i AnarchiaO sprzeczno\u015bci cz\u0142owieka \u2013\" \/>\n\t\t<meta property=\"og:url\" content=\"https:\/\/wia.net.pl\/index.php\/2025\/10\/05\/rozdzial-i-ucieczka-od-wolnosci\/\" \/>\n\t\t<meta property=\"og:image\" content=\"https:\/\/wia.net.pl\/wp-content\/uploads\/2023\/11\/cropped-freedom-i73367.jpg\" \/>\n\t\t<meta property=\"og:image:secure_url\" content=\"https:\/\/wia.net.pl\/wp-content\/uploads\/2023\/11\/cropped-freedom-i73367.jpg\" \/>\n\t\t<meta property=\"article:published_time\" content=\"2025-10-05T16:54:55+00:00\" \/>\n\t\t<meta property=\"article:modified_time\" content=\"2026-01-22T00:49:58+00:00\" \/>\n\t\t<meta name=\"twitter:card\" content=\"summary_large_image\" \/>\n\t\t<meta name=\"twitter:title\" content=\"Rozdzia\u0142 I \u2013 Ucieczka od wolno\u015bci - Wolno\u015b\u0107 i Anarchia\" \/>\n\t\t<meta name=\"twitter:description\" content=\"CYKL: ANARCHIA JAKO OSTATNI J\u0118ZYK SERCA Rozdzia\u0142 I - Ucieczka od wolno\u015bci - Dlaczego boimy si\u0119 najbardziej tego, czego pragniemy? Materia\u0142 dla p\u0142atnych subskrybent\u00f3w Substack. Opracowanie w\u0142asne CYKL: ANARCHIA JAKO OSTATNI J\u0118ZYK SERCA - Ucieczka od wolno\u015bci - Rozdzia\u0142 1\/7 - Dlaczego boimy si\u0119 najbardziej tego, czego pragniemy? by Wolno\u015b\u0107 i AnarchiaO sprzeczno\u015bci cz\u0142owieka \u2013\" \/>\n\t\t<meta name=\"twitter:image\" content=\"https:\/\/wia.net.pl\/wp-content\/uploads\/2023\/11\/cropped-freedom-i73367.jpg\" \/>\n\t\t<script type=\"application\/ld+json\" class=\"aioseo-schema\">\n\t\t\t{\"@context\":\"https:\\\/\\\/schema.org\",\"@graph\":[{\"@type\":\"BlogPosting\",\"@id\":\"https:\\\/\\\/wia.net.pl\\\/index.php\\\/2025\\\/10\\\/05\\\/rozdzial-i-ucieczka-od-wolnosci\\\/#blogposting\",\"name\":\"Rozdzia\\u0142 I \\u2013 Ucieczka od wolno\\u015bci - Wolno\\u015b\\u0107 i Anarchia\",\"headline\":\"Rozdzia\\u0142 I &#8211; Ucieczka od wolno\\u015bci\",\"author\":{\"@id\":\"https:\\\/\\\/wia.net.pl\\\/index.php\\\/author\\\/trinity\\\/#author\"},\"publisher\":{\"@id\":\"https:\\\/\\\/wia.net.pl\\\/#person\"},\"image\":{\"@type\":\"ImageObject\",\"url\":\"https:\\\/\\\/wia.net.pl\\\/wp-content\\\/uploads\\\/2025\\\/10\\\/rozdzial-1z7-miniaturka.jpg\",\"width\":1920,\"height\":1080},\"datePublished\":\"2025-10-05T18:54:55+02:00\",\"dateModified\":\"2026-01-22T01:49:58+01:00\",\"inLanguage\":\"pl-PL\",\"mainEntityOfPage\":{\"@id\":\"https:\\\/\\\/wia.net.pl\\\/index.php\\\/2025\\\/10\\\/05\\\/rozdzial-i-ucieczka-od-wolnosci\\\/#webpage\"},\"isPartOf\":{\"@id\":\"https:\\\/\\\/wia.net.pl\\\/index.php\\\/2025\\\/10\\\/05\\\/rozdzial-i-ucieczka-od-wolnosci\\\/#webpage\"},\"articleSection\":\"P\\u0142atna subskrypcja Substack\"},{\"@type\":\"BreadcrumbList\",\"@id\":\"https:\\\/\\\/wia.net.pl\\\/index.php\\\/2025\\\/10\\\/05\\\/rozdzial-i-ucieczka-od-wolnosci\\\/#breadcrumblist\",\"itemListElement\":[{\"@type\":\"ListItem\",\"@id\":\"https:\\\/\\\/wia.net.pl#listItem\",\"position\":1,\"name\":\"Home\",\"item\":\"https:\\\/\\\/wia.net.pl\",\"nextItem\":{\"@type\":\"ListItem\",\"@id\":\"https:\\\/\\\/wia.net.pl\\\/index.php\\\/category\\\/platna-subskrypcja-substack\\\/#listItem\",\"name\":\"P\\u0142atna subskrypcja Substack\"}},{\"@type\":\"ListItem\",\"@id\":\"https:\\\/\\\/wia.net.pl\\\/index.php\\\/category\\\/platna-subskrypcja-substack\\\/#listItem\",\"position\":2,\"name\":\"P\\u0142atna subskrypcja Substack\",\"item\":\"https:\\\/\\\/wia.net.pl\\\/index.php\\\/category\\\/platna-subskrypcja-substack\\\/\",\"nextItem\":{\"@type\":\"ListItem\",\"@id\":\"https:\\\/\\\/wia.net.pl\\\/index.php\\\/2025\\\/10\\\/05\\\/rozdzial-i-ucieczka-od-wolnosci\\\/#listItem\",\"name\":\"Rozdzia\\u0142 I &#8211; Ucieczka od wolno\\u015bci\"},\"previousItem\":{\"@type\":\"ListItem\",\"@id\":\"https:\\\/\\\/wia.net.pl#listItem\",\"name\":\"Home\"}},{\"@type\":\"ListItem\",\"@id\":\"https:\\\/\\\/wia.net.pl\\\/index.php\\\/2025\\\/10\\\/05\\\/rozdzial-i-ucieczka-od-wolnosci\\\/#listItem\",\"position\":3,\"name\":\"Rozdzia\\u0142 I &#8211; Ucieczka od wolno\\u015bci\",\"previousItem\":{\"@type\":\"ListItem\",\"@id\":\"https:\\\/\\\/wia.net.pl\\\/index.php\\\/category\\\/platna-subskrypcja-substack\\\/#listItem\",\"name\":\"P\\u0142atna subskrypcja Substack\"}}]},{\"@type\":\"Person\",\"@id\":\"https:\\\/\\\/wia.net.pl\\\/#person\",\"name\":\"Bart\\u0142omiej Talarczyk\",\"image\":{\"@type\":\"ImageObject\",\"@id\":\"https:\\\/\\\/wia.net.pl\\\/index.php\\\/2025\\\/10\\\/05\\\/rozdzial-i-ucieczka-od-wolnosci\\\/#personImage\",\"url\":\"https:\\\/\\\/wia.net.pl\\\/wp-content\\\/uploads\\\/avatar-privacy\\\/cache\\\/user\\\/1\\\/7\\\/176a6b161c58363ff49b5c167264231f519f5c7fa183ca1f61e891769b6b56d5-96.jpg\",\"width\":96,\"height\":96,\"caption\":\"Bart\\u0142omiej Talarczyk\"}},{\"@type\":\"Person\",\"@id\":\"https:\\\/\\\/wia.net.pl\\\/index.php\\\/author\\\/trinity\\\/#author\",\"url\":\"https:\\\/\\\/wia.net.pl\\\/index.php\\\/author\\\/trinity\\\/\",\"name\":\"trinity\",\"image\":{\"@type\":\"ImageObject\",\"@id\":\"https:\\\/\\\/wia.net.pl\\\/index.php\\\/2025\\\/10\\\/05\\\/rozdzial-i-ucieczka-od-wolnosci\\\/#authorImage\",\"url\":\"https:\\\/\\\/wia.net.pl\\\/wp-content\\\/uploads\\\/avatar-privacy\\\/cache\\\/user\\\/5\\\/f\\\/5f6547cf82495eaa10e100a6a45d5dbde2dfdc1be88557de2018fca705bdf6f1-96.jpg\",\"width\":96,\"height\":96,\"caption\":\"trinity\"}},{\"@type\":\"WebPage\",\"@id\":\"https:\\\/\\\/wia.net.pl\\\/index.php\\\/2025\\\/10\\\/05\\\/rozdzial-i-ucieczka-od-wolnosci\\\/#webpage\",\"url\":\"https:\\\/\\\/wia.net.pl\\\/index.php\\\/2025\\\/10\\\/05\\\/rozdzial-i-ucieczka-od-wolnosci\\\/\",\"name\":\"Rozdzia\\u0142 I \\u2013 Ucieczka od wolno\\u015bci - Wolno\\u015b\\u0107 i Anarchia\",\"description\":\"CYKL: ANARCHIA JAKO OSTATNI J\\u0118ZYK SERCA Rozdzia\\u0142 I - Ucieczka od wolno\\u015bci - Dlaczego boimy si\\u0119 najbardziej tego, czego pragniemy? Materia\\u0142 dla p\\u0142atnych subskrybent\\u00f3w Substack. Opracowanie w\\u0142asne CYKL: ANARCHIA JAKO OSTATNI J\\u0118ZYK SERCA - Ucieczka od wolno\\u015bci - Rozdzia\\u0142 1\\\/7 - Dlaczego boimy si\\u0119 najbardziej tego, czego pragniemy? by Wolno\\u015b\\u0107 i AnarchiaO sprzeczno\\u015bci cz\\u0142owieka \\u2013\",\"inLanguage\":\"pl-PL\",\"isPartOf\":{\"@id\":\"https:\\\/\\\/wia.net.pl\\\/#website\"},\"breadcrumb\":{\"@id\":\"https:\\\/\\\/wia.net.pl\\\/index.php\\\/2025\\\/10\\\/05\\\/rozdzial-i-ucieczka-od-wolnosci\\\/#breadcrumblist\"},\"author\":{\"@id\":\"https:\\\/\\\/wia.net.pl\\\/index.php\\\/author\\\/trinity\\\/#author\"},\"creator\":{\"@id\":\"https:\\\/\\\/wia.net.pl\\\/index.php\\\/author\\\/trinity\\\/#author\"},\"image\":{\"@type\":\"ImageObject\",\"url\":\"https:\\\/\\\/wia.net.pl\\\/wp-content\\\/uploads\\\/2025\\\/10\\\/rozdzial-1z7-miniaturka.jpg\",\"@id\":\"https:\\\/\\\/wia.net.pl\\\/index.php\\\/2025\\\/10\\\/05\\\/rozdzial-i-ucieczka-od-wolnosci\\\/#mainImage\",\"width\":1920,\"height\":1080},\"primaryImageOfPage\":{\"@id\":\"https:\\\/\\\/wia.net.pl\\\/index.php\\\/2025\\\/10\\\/05\\\/rozdzial-i-ucieczka-od-wolnosci\\\/#mainImage\"},\"datePublished\":\"2025-10-05T18:54:55+02:00\",\"dateModified\":\"2026-01-22T01:49:58+01:00\"},{\"@type\":\"WebSite\",\"@id\":\"https:\\\/\\\/wia.net.pl\\\/#website\",\"url\":\"https:\\\/\\\/wia.net.pl\\\/\",\"name\":\"Wolno\\u015b\\u0107 i Anarchia\",\"description\":\"Ka\\u017cdy wewn\\u0119trznie jest anarchist\\u0105.\",\"inLanguage\":\"pl-PL\",\"publisher\":{\"@id\":\"https:\\\/\\\/wia.net.pl\\\/#person\"}}]}\n\t\t<\/script>\n\t\t<!-- All in One SEO -->\n\n","aioseo_head_json":{"title":"Rozdzia\u0142 I \u2013 Ucieczka od wolno\u015bci - Wolno\u015b\u0107 i Anarchia","description":"CYKL: ANARCHIA JAKO OSTATNI J\u0118ZYK SERCA Rozdzia\u0142 I - Ucieczka od wolno\u015bci - Dlaczego boimy si\u0119 najbardziej tego, czego pragniemy? Materia\u0142 dla p\u0142atnych subskrybent\u00f3w Substack. Opracowanie w\u0142asne CYKL: ANARCHIA JAKO OSTATNI J\u0118ZYK SERCA - Ucieczka od wolno\u015bci - Rozdzia\u0142 1\/7 - Dlaczego boimy si\u0119 najbardziej tego, czego pragniemy? by Wolno\u015b\u0107 i AnarchiaO sprzeczno\u015bci cz\u0142owieka \u2013","canonical_url":"https:\/\/wia.net.pl\/index.php\/2025\/10\/05\/rozdzial-i-ucieczka-od-wolnosci\/","robots":"max-image-preview:large","keywords":"","webmasterTools":{"miscellaneous":""},"schema":{"@context":"https:\/\/schema.org","@graph":[{"@type":"BlogPosting","@id":"https:\/\/wia.net.pl\/index.php\/2025\/10\/05\/rozdzial-i-ucieczka-od-wolnosci\/#blogposting","name":"Rozdzia\u0142 I \u2013 Ucieczka od wolno\u015bci - Wolno\u015b\u0107 i Anarchia","headline":"Rozdzia\u0142 I &#8211; Ucieczka od wolno\u015bci","author":{"@id":"https:\/\/wia.net.pl\/index.php\/author\/trinity\/#author"},"publisher":{"@id":"https:\/\/wia.net.pl\/#person"},"image":{"@type":"ImageObject","url":"https:\/\/wia.net.pl\/wp-content\/uploads\/2025\/10\/rozdzial-1z7-miniaturka.jpg","width":1920,"height":1080},"datePublished":"2025-10-05T18:54:55+02:00","dateModified":"2026-01-22T01:49:58+01:00","inLanguage":"pl-PL","mainEntityOfPage":{"@id":"https:\/\/wia.net.pl\/index.php\/2025\/10\/05\/rozdzial-i-ucieczka-od-wolnosci\/#webpage"},"isPartOf":{"@id":"https:\/\/wia.net.pl\/index.php\/2025\/10\/05\/rozdzial-i-ucieczka-od-wolnosci\/#webpage"},"articleSection":"P\u0142atna subskrypcja Substack"},{"@type":"BreadcrumbList","@id":"https:\/\/wia.net.pl\/index.php\/2025\/10\/05\/rozdzial-i-ucieczka-od-wolnosci\/#breadcrumblist","itemListElement":[{"@type":"ListItem","@id":"https:\/\/wia.net.pl#listItem","position":1,"name":"Home","item":"https:\/\/wia.net.pl","nextItem":{"@type":"ListItem","@id":"https:\/\/wia.net.pl\/index.php\/category\/platna-subskrypcja-substack\/#listItem","name":"P\u0142atna subskrypcja Substack"}},{"@type":"ListItem","@id":"https:\/\/wia.net.pl\/index.php\/category\/platna-subskrypcja-substack\/#listItem","position":2,"name":"P\u0142atna subskrypcja Substack","item":"https:\/\/wia.net.pl\/index.php\/category\/platna-subskrypcja-substack\/","nextItem":{"@type":"ListItem","@id":"https:\/\/wia.net.pl\/index.php\/2025\/10\/05\/rozdzial-i-ucieczka-od-wolnosci\/#listItem","name":"Rozdzia\u0142 I &#8211; Ucieczka od wolno\u015bci"},"previousItem":{"@type":"ListItem","@id":"https:\/\/wia.net.pl#listItem","name":"Home"}},{"@type":"ListItem","@id":"https:\/\/wia.net.pl\/index.php\/2025\/10\/05\/rozdzial-i-ucieczka-od-wolnosci\/#listItem","position":3,"name":"Rozdzia\u0142 I &#8211; Ucieczka od wolno\u015bci","previousItem":{"@type":"ListItem","@id":"https:\/\/wia.net.pl\/index.php\/category\/platna-subskrypcja-substack\/#listItem","name":"P\u0142atna subskrypcja Substack"}}]},{"@type":"Person","@id":"https:\/\/wia.net.pl\/#person","name":"Bart\u0142omiej Talarczyk","image":{"@type":"ImageObject","@id":"https:\/\/wia.net.pl\/index.php\/2025\/10\/05\/rozdzial-i-ucieczka-od-wolnosci\/#personImage","url":"https:\/\/wia.net.pl\/wp-content\/uploads\/avatar-privacy\/cache\/user\/1\/7\/176a6b161c58363ff49b5c167264231f519f5c7fa183ca1f61e891769b6b56d5-96.jpg","width":96,"height":96,"caption":"Bart\u0142omiej Talarczyk"}},{"@type":"Person","@id":"https:\/\/wia.net.pl\/index.php\/author\/trinity\/#author","url":"https:\/\/wia.net.pl\/index.php\/author\/trinity\/","name":"trinity","image":{"@type":"ImageObject","@id":"https:\/\/wia.net.pl\/index.php\/2025\/10\/05\/rozdzial-i-ucieczka-od-wolnosci\/#authorImage","url":"https:\/\/wia.net.pl\/wp-content\/uploads\/avatar-privacy\/cache\/user\/5\/f\/5f6547cf82495eaa10e100a6a45d5dbde2dfdc1be88557de2018fca705bdf6f1-96.jpg","width":96,"height":96,"caption":"trinity"}},{"@type":"WebPage","@id":"https:\/\/wia.net.pl\/index.php\/2025\/10\/05\/rozdzial-i-ucieczka-od-wolnosci\/#webpage","url":"https:\/\/wia.net.pl\/index.php\/2025\/10\/05\/rozdzial-i-ucieczka-od-wolnosci\/","name":"Rozdzia\u0142 I \u2013 Ucieczka od wolno\u015bci - Wolno\u015b\u0107 i Anarchia","description":"CYKL: ANARCHIA JAKO OSTATNI J\u0118ZYK SERCA Rozdzia\u0142 I - Ucieczka od wolno\u015bci - Dlaczego boimy si\u0119 najbardziej tego, czego pragniemy? Materia\u0142 dla p\u0142atnych subskrybent\u00f3w Substack. Opracowanie w\u0142asne CYKL: ANARCHIA JAKO OSTATNI J\u0118ZYK SERCA - Ucieczka od wolno\u015bci - Rozdzia\u0142 1\/7 - Dlaczego boimy si\u0119 najbardziej tego, czego pragniemy? by Wolno\u015b\u0107 i AnarchiaO sprzeczno\u015bci cz\u0142owieka \u2013","inLanguage":"pl-PL","isPartOf":{"@id":"https:\/\/wia.net.pl\/#website"},"breadcrumb":{"@id":"https:\/\/wia.net.pl\/index.php\/2025\/10\/05\/rozdzial-i-ucieczka-od-wolnosci\/#breadcrumblist"},"author":{"@id":"https:\/\/wia.net.pl\/index.php\/author\/trinity\/#author"},"creator":{"@id":"https:\/\/wia.net.pl\/index.php\/author\/trinity\/#author"},"image":{"@type":"ImageObject","url":"https:\/\/wia.net.pl\/wp-content\/uploads\/2025\/10\/rozdzial-1z7-miniaturka.jpg","@id":"https:\/\/wia.net.pl\/index.php\/2025\/10\/05\/rozdzial-i-ucieczka-od-wolnosci\/#mainImage","width":1920,"height":1080},"primaryImageOfPage":{"@id":"https:\/\/wia.net.pl\/index.php\/2025\/10\/05\/rozdzial-i-ucieczka-od-wolnosci\/#mainImage"},"datePublished":"2025-10-05T18:54:55+02:00","dateModified":"2026-01-22T01:49:58+01:00"},{"@type":"WebSite","@id":"https:\/\/wia.net.pl\/#website","url":"https:\/\/wia.net.pl\/","name":"Wolno\u015b\u0107 i Anarchia","description":"Ka\u017cdy wewn\u0119trznie jest anarchist\u0105.","inLanguage":"pl-PL","publisher":{"@id":"https:\/\/wia.net.pl\/#person"}}]},"og:locale":"pl_PL","og:site_name":"Wolno\u015b\u0107 i Anarchia - Ka\u017cdy wewn\u0119trznie jest anarchist\u0105.","og:type":"article","og:title":"Rozdzia\u0142 I \u2013 Ucieczka od wolno\u015bci - Wolno\u015b\u0107 i Anarchia","og:description":"CYKL: ANARCHIA JAKO OSTATNI J\u0118ZYK SERCA Rozdzia\u0142 I - Ucieczka od wolno\u015bci - Dlaczego boimy si\u0119 najbardziej tego, czego pragniemy? Materia\u0142 dla p\u0142atnych subskrybent\u00f3w Substack. Opracowanie w\u0142asne CYKL: ANARCHIA JAKO OSTATNI J\u0118ZYK SERCA - Ucieczka od wolno\u015bci - Rozdzia\u0142 1\/7 - Dlaczego boimy si\u0119 najbardziej tego, czego pragniemy? by Wolno\u015b\u0107 i AnarchiaO sprzeczno\u015bci cz\u0142owieka \u2013","og:url":"https:\/\/wia.net.pl\/index.php\/2025\/10\/05\/rozdzial-i-ucieczka-od-wolnosci\/","og:image":"https:\/\/wia.net.pl\/wp-content\/uploads\/2023\/11\/cropped-freedom-i73367.jpg","og:image:secure_url":"https:\/\/wia.net.pl\/wp-content\/uploads\/2023\/11\/cropped-freedom-i73367.jpg","article:published_time":"2025-10-05T16:54:55+00:00","article:modified_time":"2026-01-22T00:49:58+00:00","twitter:card":"summary_large_image","twitter:title":"Rozdzia\u0142 I \u2013 Ucieczka od wolno\u015bci - Wolno\u015b\u0107 i Anarchia","twitter:description":"CYKL: ANARCHIA JAKO OSTATNI J\u0118ZYK SERCA Rozdzia\u0142 I - Ucieczka od wolno\u015bci - Dlaczego boimy si\u0119 najbardziej tego, czego pragniemy? Materia\u0142 dla p\u0142atnych subskrybent\u00f3w Substack. Opracowanie w\u0142asne CYKL: ANARCHIA JAKO OSTATNI J\u0118ZYK SERCA - Ucieczka od wolno\u015bci - Rozdzia\u0142 1\/7 - Dlaczego boimy si\u0119 najbardziej tego, czego pragniemy? by Wolno\u015b\u0107 i AnarchiaO sprzeczno\u015bci cz\u0142owieka \u2013","twitter:image":"https:\/\/wia.net.pl\/wp-content\/uploads\/2023\/11\/cropped-freedom-i73367.jpg"},"aioseo_meta_data":{"post_id":"10893","title":null,"description":null,"keywords":null,"keyphrases":{"focus":{"keyphrase":"","score":0,"analysis":{"keyphraseInTitle":{"score":0,"maxScore":9,"error":1}}},"additional":[]},"primary_term":null,"canonical_url":null,"og_title":null,"og_description":null,"og_object_type":"default","og_image_type":"default","og_image_url":null,"og_image_width":null,"og_image_height":null,"og_image_custom_url":null,"og_image_custom_fields":null,"og_video":"","og_custom_url":null,"og_article_section":null,"og_article_tags":null,"twitter_use_og":false,"twitter_card":"default","twitter_image_type":"default","twitter_image_url":null,"twitter_image_custom_url":null,"twitter_image_custom_fields":null,"twitter_title":null,"twitter_description":null,"schema":{"blockGraphs":[],"customGraphs":[],"default":{"data":{"Article":[],"Course":[],"Dataset":[],"FAQPage":[],"Movie":[],"Person":[],"Product":[],"ProductReview":[],"Car":[],"Recipe":[],"Service":[],"SoftwareApplication":[],"WebPage":[]},"graphName":"BlogPosting","isEnabled":true},"graphs":[]},"schema_type":"default","schema_type_options":null,"pillar_content":false,"robots_default":true,"robots_noindex":false,"robots_noarchive":false,"robots_nosnippet":false,"robots_nofollow":false,"robots_noimageindex":false,"robots_noodp":false,"robots_notranslate":false,"robots_max_snippet":"-1","robots_max_videopreview":"-1","robots_max_imagepreview":"large","priority":null,"frequency":"default","local_seo":null,"breadcrumb_settings":null,"limit_modified_date":false,"ai":{"faqs":[],"keyPoints":[],"titles":[],"descriptions":[],"socialPosts":{"email":[],"linkedin":[],"twitter":[],"facebook":[],"instagram":[]}},"created":"2025-10-05 16:54:56","updated":"2026-01-22 01:06:35","seo_analyzer_scan_date":null,"focus_keyword":null,"additional_keywords":null,"truseo_locale":null},"aioseo_breadcrumb":"<div class=\"aioseo-breadcrumbs\"><span class=\"aioseo-breadcrumb\">\n\t\t\t<a href=\"https:\/\/wia.net.pl\" title=\"Home\">Home<\/a>\n\t\t<\/span><span class=\"aioseo-breadcrumb-separator\">&raquo;<\/span><span class=\"aioseo-breadcrumb\">\n\t\t\t<a href=\"https:\/\/wia.net.pl\/index.php\/category\/platna-subskrypcja-substack\/\" title=\"P\u0142atna subskrypcja Substack\">P\u0142atna subskrypcja Substack<\/a>\n\t\t<\/span><span class=\"aioseo-breadcrumb-separator\">&raquo;<\/span><span class=\"aioseo-breadcrumb\">\n\t\t\tRozdzia\u0142 I \u2013 Ucieczka od wolno\u015bci\n\t\t<\/span><\/div>","aioseo_breadcrumb_json":[{"label":"Home","link":"https:\/\/wia.net.pl"},{"label":"P\u0142atna subskrypcja Substack","link":"https:\/\/wia.net.pl\/index.php\/category\/platna-subskrypcja-substack\/"},{"label":"Rozdzia\u0142 I &#8211; Ucieczka od wolno\u015bci","link":"https:\/\/wia.net.pl\/index.php\/2025\/10\/05\/rozdzial-i-ucieczka-od-wolnosci\/"}],"_links":{"self":[{"href":"https:\/\/wia.net.pl\/index.php\/wp-json\/wp\/v2\/posts\/10893"}],"collection":[{"href":"https:\/\/wia.net.pl\/index.php\/wp-json\/wp\/v2\/posts"}],"about":[{"href":"https:\/\/wia.net.pl\/index.php\/wp-json\/wp\/v2\/types\/post"}],"author":[{"embeddable":true,"href":"https:\/\/wia.net.pl\/index.php\/wp-json\/wp\/v2\/users\/2"}],"replies":[{"embeddable":true,"href":"https:\/\/wia.net.pl\/index.php\/wp-json\/wp\/v2\/comments?post=10893"}],"version-history":[{"count":2,"href":"https:\/\/wia.net.pl\/index.php\/wp-json\/wp\/v2\/posts\/10893\/revisions"}],"predecessor-version":[{"id":10897,"href":"https:\/\/wia.net.pl\/index.php\/wp-json\/wp\/v2\/posts\/10893\/revisions\/10897"}],"wp:featuredmedia":[{"embeddable":true,"href":"https:\/\/wia.net.pl\/index.php\/wp-json\/wp\/v2\/media\/10895"}],"wp:attachment":[{"href":"https:\/\/wia.net.pl\/index.php\/wp-json\/wp\/v2\/media?parent=10893"}],"wp:term":[{"taxonomy":"category","embeddable":true,"href":"https:\/\/wia.net.pl\/index.php\/wp-json\/wp\/v2\/categories?post=10893"},{"taxonomy":"post_tag","embeddable":true,"href":"https:\/\/wia.net.pl\/index.php\/wp-json\/wp\/v2\/tags?post=10893"}],"curies":[{"name":"wp","href":"https:\/\/api.w.org\/{rel}","templated":true}]}}