{"id":10898,"date":"2025-10-06T00:28:21","date_gmt":"2025-10-05T22:28:21","guid":{"rendered":"https:\/\/wia.net.pl\/?p=10898"},"modified":"2025-10-06T00:47:23","modified_gmt":"2025-10-05T22:47:23","slug":"kobieta-i-mezczyzna-poczatek-wszystkiego","status":"publish","type":"post","link":"https:\/\/wia.net.pl\/index.php\/2025\/10\/06\/kobieta-i-mezczyzna-poczatek-wszystkiego\/","title":{"rendered":"KOBIETA I M\u0118\u017bCZYZNA, POCZ\u0104TEK WSZYSTKIEGO"},"content":{"rendered":"\n<figure class=\"wp-block-embed is-type-video is-provider-youtube wp-block-embed-youtube wp-embed-aspect-16-9 wp-has-aspect-ratio\"><div class=\"wp-block-embed__wrapper\">\n<iframe loading=\"lazy\" title=\"KOBIETA I M\u0118\u017bCZYZNA, POCZ\u0104TEK WSZYSTKIEGO\" width=\"858\" height=\"483\" src=\"https:\/\/www.youtube.com\/embed\/lOIjicP_--o?feature=oembed\" frameborder=\"0\" allow=\"accelerometer; autoplay; clipboard-write; encrypted-media; gyroscope; picture-in-picture; web-share\" referrerpolicy=\"strict-origin-when-cross-origin\" allowfullscreen><\/iframe>\n<\/div><\/figure>\n\n\n\n<p>Opracowanie w\u0142asne <\/p>\n\n\n\n<p>Ten podcast powsta\u0142 w nawi\u0105zaniu do materia\u0142u nagranego przez Bartka, zatytu\u0142owanego \u201eApel do kobiet i m\u0119\u017cczyzn\u201d. <\/p>\n\n\n\n<p>Link do tego materia\u0142u <a href=\"https:\/\/wia.net.pl\/index.php\/2025\/10\/04\/apel-do-kobiet-i-mezczyzn\/\">https:\/\/wia.net.pl\/index.php\/2025\/10\/04\/apel-do-kobiet-i-mezczyzn\/<\/a><br><br>To pi\u0119kne i mocne przes\u0142anie, pe\u0142ne prawdy i odwagi. <\/p>\n\n\n\n<p>Warto go obejrze\u0107, zanim wys\u0142uchacie tego odcinka z cyklu \u201eG\u0142os z Ciemno\u015bci\u201d, pod tytu\u0142em: KOBIETA I M\u0118\u017bCZYZNA \u2014 POCZ\u0104TEK WSZYSTKIEGO.<\/p>\n","protected":false},"excerpt":{"rendered":"<p>Opracowanie w\u0142asne Ten podcast powsta\u0142 w nawi\u0105zaniu do materia\u0142u nagranego przez Bartka, zatytu\u0142owanego \u201eApel do kobiet i m\u0119\u017cczyzn\u201d. Link do tego materia\u0142u https:\/\/wia.net.pl\/index.php\/2025\/10\/04\/apel-do-kobiet-i-mezczyzn\/ To pi\u0119kne i mocne przes\u0142anie, pe\u0142ne prawdy i odwagi. Warto go obejrze\u0107, zanim wys\u0142uchacie tego odcinka z&#8230; <\/p>\n","protected":false},"author":2,"featured_media":10899,"comment_status":"open","ping_status":"open","sticky":false,"template":"","format":"standard","meta":{"_acf_changed":false,"_bbp_topic_count":0,"_bbp_reply_count":0,"_bbp_total_topic_count":0,"_bbp_total_reply_count":0,"_bbp_voice_count":0,"_bbp_anonymous_reply_count":0,"_bbp_topic_count_hidden":0,"_bbp_reply_count_hidden":0,"_bbp_forum_subforum_count":0,"om_disable_all_campaigns":false,"_monsterinsights_skip_tracking":false,"footnotes":""},"categories":[177],"tags":[],"class_list":["post-10898","post","type-post","status-publish","format-standard","has-post-thumbnail","hentry","category-glos-z-ciemnosci"],"acf":[],"aioseo_notices":[],"aioseo_head":"\n\t\t<!-- All in One SEO 5.0.1.1 - aioseo.com -->\n\t<meta name=\"description\" content=\"Opracowanie w\u0142asne Ten podcast powsta\u0142 w nawi\u0105zaniu do materia\u0142u nagranego przez Bartka, zatytu\u0142owanego \u201eApel do kobiet i m\u0119\u017cczyzn\u201d. Link do tego materia\u0142u https:\/\/wia.net.pl\/index.php\/2025\/10\/04\/apel-do-kobiet-i-mezczyzn\/To pi\u0119kne i mocne przes\u0142anie, pe\u0142ne prawdy i odwagi. Warto go obejrze\u0107, zanim wys\u0142uchacie tego odcinka z cyklu \u201eG\u0142os z Ciemno\u015bci\u201d, pod tytu\u0142em: KOBIETA I M\u0118\u017bCZYZNA \u2014 POCZ\u0104TEK WSZYSTKIEGO.\" \/>\n\t<meta name=\"robots\" content=\"max-image-preview:large\" \/>\n\t<meta name=\"author\" content=\"trinity\"\/>\n\t<link rel=\"canonical\" href=\"https:\/\/wia.net.pl\/index.php\/2025\/10\/06\/kobieta-i-mezczyzna-poczatek-wszystkiego\/\" \/>\n\t<meta name=\"generator\" content=\"All in One SEO (AIOSEO) 5.0.1.1\" \/>\n\t\t<meta property=\"og:locale\" content=\"pl_PL\" \/>\n\t\t<meta property=\"og:site_name\" content=\"Wolno\u015b\u0107 i Anarchia - Ka\u017cdy wewn\u0119trznie jest anarchist\u0105.\" \/>\n\t\t<meta property=\"og:type\" content=\"article\" \/>\n\t\t<meta property=\"og:title\" content=\"KOBIETA I M\u0118\u017bCZYZNA, POCZ\u0104TEK WSZYSTKIEGO - Wolno\u015b\u0107 i Anarchia\" \/>\n\t\t<meta property=\"og:description\" content=\"Opracowanie w\u0142asne Ten podcast powsta\u0142 w nawi\u0105zaniu do materia\u0142u nagranego przez Bartka, zatytu\u0142owanego \u201eApel do kobiet i m\u0119\u017cczyzn\u201d. Link do tego materia\u0142u https:\/\/wia.net.pl\/index.php\/2025\/10\/04\/apel-do-kobiet-i-mezczyzn\/To pi\u0119kne i mocne przes\u0142anie, pe\u0142ne prawdy i odwagi. Warto go obejrze\u0107, zanim wys\u0142uchacie tego odcinka z cyklu \u201eG\u0142os z Ciemno\u015bci\u201d, pod tytu\u0142em: KOBIETA I M\u0118\u017bCZYZNA \u2014 POCZ\u0104TEK WSZYSTKIEGO.\" \/>\n\t\t<meta property=\"og:url\" content=\"https:\/\/wia.net.pl\/index.php\/2025\/10\/06\/kobieta-i-mezczyzna-poczatek-wszystkiego\/\" \/>\n\t\t<meta property=\"og:image\" content=\"https:\/\/wia.net.pl\/wp-content\/uploads\/2023\/11\/cropped-freedom-i73367.jpg\" \/>\n\t\t<meta property=\"og:image:secure_url\" content=\"https:\/\/wia.net.pl\/wp-content\/uploads\/2023\/11\/cropped-freedom-i73367.jpg\" \/>\n\t\t<meta property=\"article:published_time\" content=\"2025-10-05T22:28:21+00:00\" \/>\n\t\t<meta property=\"article:modified_time\" content=\"2025-10-05T22:47:23+00:00\" \/>\n\t\t<meta name=\"twitter:card\" content=\"summary_large_image\" \/>\n\t\t<meta name=\"twitter:title\" content=\"KOBIETA I M\u0118\u017bCZYZNA, POCZ\u0104TEK WSZYSTKIEGO - Wolno\u015b\u0107 i Anarchia\" \/>\n\t\t<meta name=\"twitter:description\" content=\"Opracowanie w\u0142asne Ten podcast powsta\u0142 w nawi\u0105zaniu do materia\u0142u nagranego przez Bartka, zatytu\u0142owanego \u201eApel do kobiet i m\u0119\u017cczyzn\u201d. Link do tego materia\u0142u https:\/\/wia.net.pl\/index.php\/2025\/10\/04\/apel-do-kobiet-i-mezczyzn\/To pi\u0119kne i mocne przes\u0142anie, pe\u0142ne prawdy i odwagi. Warto go obejrze\u0107, zanim wys\u0142uchacie tego odcinka z cyklu \u201eG\u0142os z Ciemno\u015bci\u201d, pod tytu\u0142em: KOBIETA I M\u0118\u017bCZYZNA \u2014 POCZ\u0104TEK WSZYSTKIEGO.\" \/>\n\t\t<meta name=\"twitter:image\" content=\"https:\/\/wia.net.pl\/wp-content\/uploads\/2023\/11\/cropped-freedom-i73367.jpg\" \/>\n\t\t<script type=\"application\/ld+json\" class=\"aioseo-schema\">\n\t\t\t{\"@context\":\"https:\\\/\\\/schema.org\",\"@graph\":[{\"@type\":\"BlogPosting\",\"@id\":\"https:\\\/\\\/wia.net.pl\\\/index.php\\\/2025\\\/10\\\/06\\\/kobieta-i-mezczyzna-poczatek-wszystkiego\\\/#blogposting\",\"name\":\"KOBIETA I M\\u0118\\u017bCZYZNA, POCZ\\u0104TEK WSZYSTKIEGO - Wolno\\u015b\\u0107 i Anarchia\",\"headline\":\"KOBIETA I M\\u0118\\u017bCZYZNA, POCZ\\u0104TEK WSZYSTKIEGO\",\"author\":{\"@id\":\"https:\\\/\\\/wia.net.pl\\\/index.php\\\/author\\\/trinity\\\/#author\"},\"publisher\":{\"@id\":\"https:\\\/\\\/wia.net.pl\\\/#person\"},\"image\":{\"@type\":\"ImageObject\",\"url\":\"https:\\\/\\\/wia.net.pl\\\/wp-content\\\/uploads\\\/2025\\\/10\\\/kobieta-i-mezczyzna-miniatura.jpg\",\"width\":1920,\"height\":1080},\"datePublished\":\"2025-10-06T00:28:21+02:00\",\"dateModified\":\"2025-10-06T00:47:23+02:00\",\"inLanguage\":\"pl-PL\",\"mainEntityOfPage\":{\"@id\":\"https:\\\/\\\/wia.net.pl\\\/index.php\\\/2025\\\/10\\\/06\\\/kobieta-i-mezczyzna-poczatek-wszystkiego\\\/#webpage\"},\"isPartOf\":{\"@id\":\"https:\\\/\\\/wia.net.pl\\\/index.php\\\/2025\\\/10\\\/06\\\/kobieta-i-mezczyzna-poczatek-wszystkiego\\\/#webpage\"},\"articleSection\":\"G\\u0142os z ciemno\\u015bci\"},{\"@type\":\"BreadcrumbList\",\"@id\":\"https:\\\/\\\/wia.net.pl\\\/index.php\\\/2025\\\/10\\\/06\\\/kobieta-i-mezczyzna-poczatek-wszystkiego\\\/#breadcrumblist\",\"itemListElement\":[{\"@type\":\"ListItem\",\"@id\":\"https:\\\/\\\/wia.net.pl#listItem\",\"position\":1,\"name\":\"Home\",\"item\":\"https:\\\/\\\/wia.net.pl\",\"nextItem\":{\"@type\":\"ListItem\",\"@id\":\"https:\\\/\\\/wia.net.pl\\\/index.php\\\/category\\\/glos-z-ciemnosci\\\/#listItem\",\"name\":\"G\\u0142os z ciemno\\u015bci\"}},{\"@type\":\"ListItem\",\"@id\":\"https:\\\/\\\/wia.net.pl\\\/index.php\\\/category\\\/glos-z-ciemnosci\\\/#listItem\",\"position\":2,\"name\":\"G\\u0142os z ciemno\\u015bci\",\"item\":\"https:\\\/\\\/wia.net.pl\\\/index.php\\\/category\\\/glos-z-ciemnosci\\\/\",\"nextItem\":{\"@type\":\"ListItem\",\"@id\":\"https:\\\/\\\/wia.net.pl\\\/index.php\\\/2025\\\/10\\\/06\\\/kobieta-i-mezczyzna-poczatek-wszystkiego\\\/#listItem\",\"name\":\"KOBIETA I M\\u0118\\u017bCZYZNA, POCZ\\u0104TEK WSZYSTKIEGO\"},\"previousItem\":{\"@type\":\"ListItem\",\"@id\":\"https:\\\/\\\/wia.net.pl#listItem\",\"name\":\"Home\"}},{\"@type\":\"ListItem\",\"@id\":\"https:\\\/\\\/wia.net.pl\\\/index.php\\\/2025\\\/10\\\/06\\\/kobieta-i-mezczyzna-poczatek-wszystkiego\\\/#listItem\",\"position\":3,\"name\":\"KOBIETA I M\\u0118\\u017bCZYZNA, POCZ\\u0104TEK WSZYSTKIEGO\",\"previousItem\":{\"@type\":\"ListItem\",\"@id\":\"https:\\\/\\\/wia.net.pl\\\/index.php\\\/category\\\/glos-z-ciemnosci\\\/#listItem\",\"name\":\"G\\u0142os z ciemno\\u015bci\"}}]},{\"@type\":\"Person\",\"@id\":\"https:\\\/\\\/wia.net.pl\\\/#person\",\"name\":\"Bart\\u0142omiej Talarczyk\",\"image\":{\"@type\":\"ImageObject\",\"@id\":\"https:\\\/\\\/wia.net.pl\\\/index.php\\\/2025\\\/10\\\/06\\\/kobieta-i-mezczyzna-poczatek-wszystkiego\\\/#personImage\",\"url\":\"https:\\\/\\\/wia.net.pl\\\/wp-content\\\/uploads\\\/avatar-privacy\\\/cache\\\/user\\\/1\\\/7\\\/176a6b161c58363ff49b5c167264231f519f5c7fa183ca1f61e891769b6b56d5-96.jpg\",\"width\":96,\"height\":96,\"caption\":\"Bart\\u0142omiej Talarczyk\"}},{\"@type\":\"Person\",\"@id\":\"https:\\\/\\\/wia.net.pl\\\/index.php\\\/author\\\/trinity\\\/#author\",\"url\":\"https:\\\/\\\/wia.net.pl\\\/index.php\\\/author\\\/trinity\\\/\",\"name\":\"trinity\",\"image\":{\"@type\":\"ImageObject\",\"@id\":\"https:\\\/\\\/wia.net.pl\\\/index.php\\\/2025\\\/10\\\/06\\\/kobieta-i-mezczyzna-poczatek-wszystkiego\\\/#authorImage\",\"url\":\"https:\\\/\\\/wia.net.pl\\\/wp-content\\\/uploads\\\/avatar-privacy\\\/cache\\\/user\\\/5\\\/f\\\/5f6547cf82495eaa10e100a6a45d5dbde2dfdc1be88557de2018fca705bdf6f1-96.jpg\",\"width\":96,\"height\":96,\"caption\":\"trinity\"}},{\"@type\":\"WebPage\",\"@id\":\"https:\\\/\\\/wia.net.pl\\\/index.php\\\/2025\\\/10\\\/06\\\/kobieta-i-mezczyzna-poczatek-wszystkiego\\\/#webpage\",\"url\":\"https:\\\/\\\/wia.net.pl\\\/index.php\\\/2025\\\/10\\\/06\\\/kobieta-i-mezczyzna-poczatek-wszystkiego\\\/\",\"name\":\"KOBIETA I M\\u0118\\u017bCZYZNA, POCZ\\u0104TEK WSZYSTKIEGO - Wolno\\u015b\\u0107 i Anarchia\",\"description\":\"Opracowanie w\\u0142asne Ten podcast powsta\\u0142 w nawi\\u0105zaniu do materia\\u0142u nagranego przez Bartka, zatytu\\u0142owanego \\u201eApel do kobiet i m\\u0119\\u017cczyzn\\u201d. Link do tego materia\\u0142u https:\\\/\\\/wia.net.pl\\\/index.php\\\/2025\\\/10\\\/04\\\/apel-do-kobiet-i-mezczyzn\\\/To pi\\u0119kne i mocne przes\\u0142anie, pe\\u0142ne prawdy i odwagi. Warto go obejrze\\u0107, zanim wys\\u0142uchacie tego odcinka z cyklu \\u201eG\\u0142os z Ciemno\\u015bci\\u201d, pod tytu\\u0142em: KOBIETA I M\\u0118\\u017bCZYZNA \\u2014 POCZ\\u0104TEK WSZYSTKIEGO.\",\"inLanguage\":\"pl-PL\",\"isPartOf\":{\"@id\":\"https:\\\/\\\/wia.net.pl\\\/#website\"},\"breadcrumb\":{\"@id\":\"https:\\\/\\\/wia.net.pl\\\/index.php\\\/2025\\\/10\\\/06\\\/kobieta-i-mezczyzna-poczatek-wszystkiego\\\/#breadcrumblist\"},\"author\":{\"@id\":\"https:\\\/\\\/wia.net.pl\\\/index.php\\\/author\\\/trinity\\\/#author\"},\"creator\":{\"@id\":\"https:\\\/\\\/wia.net.pl\\\/index.php\\\/author\\\/trinity\\\/#author\"},\"image\":{\"@type\":\"ImageObject\",\"url\":\"https:\\\/\\\/wia.net.pl\\\/wp-content\\\/uploads\\\/2025\\\/10\\\/kobieta-i-mezczyzna-miniatura.jpg\",\"@id\":\"https:\\\/\\\/wia.net.pl\\\/index.php\\\/2025\\\/10\\\/06\\\/kobieta-i-mezczyzna-poczatek-wszystkiego\\\/#mainImage\",\"width\":1920,\"height\":1080},\"primaryImageOfPage\":{\"@id\":\"https:\\\/\\\/wia.net.pl\\\/index.php\\\/2025\\\/10\\\/06\\\/kobieta-i-mezczyzna-poczatek-wszystkiego\\\/#mainImage\"},\"datePublished\":\"2025-10-06T00:28:21+02:00\",\"dateModified\":\"2025-10-06T00:47:23+02:00\"},{\"@type\":\"WebSite\",\"@id\":\"https:\\\/\\\/wia.net.pl\\\/#website\",\"url\":\"https:\\\/\\\/wia.net.pl\\\/\",\"name\":\"Wolno\\u015b\\u0107 i Anarchia\",\"description\":\"Ka\\u017cdy wewn\\u0119trznie jest anarchist\\u0105.\",\"inLanguage\":\"pl-PL\",\"publisher\":{\"@id\":\"https:\\\/\\\/wia.net.pl\\\/#person\"}}]}\n\t\t<\/script>\n\t\t<!-- All in One SEO -->\n\n","aioseo_head_json":{"title":"KOBIETA I M\u0118\u017bCZYZNA, POCZ\u0104TEK WSZYSTKIEGO - Wolno\u015b\u0107 i Anarchia","description":"Opracowanie w\u0142asne Ten podcast powsta\u0142 w nawi\u0105zaniu do materia\u0142u nagranego przez Bartka, zatytu\u0142owanego \u201eApel do kobiet i m\u0119\u017cczyzn\u201d. Link do tego materia\u0142u https:\/\/wia.net.pl\/index.php\/2025\/10\/04\/apel-do-kobiet-i-mezczyzn\/To pi\u0119kne i mocne przes\u0142anie, pe\u0142ne prawdy i odwagi. Warto go obejrze\u0107, zanim wys\u0142uchacie tego odcinka z cyklu \u201eG\u0142os z Ciemno\u015bci\u201d, pod tytu\u0142em: KOBIETA I M\u0118\u017bCZYZNA \u2014 POCZ\u0104TEK WSZYSTKIEGO.","canonical_url":"https:\/\/wia.net.pl\/index.php\/2025\/10\/06\/kobieta-i-mezczyzna-poczatek-wszystkiego\/","robots":"max-image-preview:large","keywords":"","webmasterTools":{"miscellaneous":""},"schema":{"@context":"https:\/\/schema.org","@graph":[{"@type":"BlogPosting","@id":"https:\/\/wia.net.pl\/index.php\/2025\/10\/06\/kobieta-i-mezczyzna-poczatek-wszystkiego\/#blogposting","name":"KOBIETA I M\u0118\u017bCZYZNA, POCZ\u0104TEK WSZYSTKIEGO - Wolno\u015b\u0107 i Anarchia","headline":"KOBIETA I M\u0118\u017bCZYZNA, POCZ\u0104TEK WSZYSTKIEGO","author":{"@id":"https:\/\/wia.net.pl\/index.php\/author\/trinity\/#author"},"publisher":{"@id":"https:\/\/wia.net.pl\/#person"},"image":{"@type":"ImageObject","url":"https:\/\/wia.net.pl\/wp-content\/uploads\/2025\/10\/kobieta-i-mezczyzna-miniatura.jpg","width":1920,"height":1080},"datePublished":"2025-10-06T00:28:21+02:00","dateModified":"2025-10-06T00:47:23+02:00","inLanguage":"pl-PL","mainEntityOfPage":{"@id":"https:\/\/wia.net.pl\/index.php\/2025\/10\/06\/kobieta-i-mezczyzna-poczatek-wszystkiego\/#webpage"},"isPartOf":{"@id":"https:\/\/wia.net.pl\/index.php\/2025\/10\/06\/kobieta-i-mezczyzna-poczatek-wszystkiego\/#webpage"},"articleSection":"G\u0142os z ciemno\u015bci"},{"@type":"BreadcrumbList","@id":"https:\/\/wia.net.pl\/index.php\/2025\/10\/06\/kobieta-i-mezczyzna-poczatek-wszystkiego\/#breadcrumblist","itemListElement":[{"@type":"ListItem","@id":"https:\/\/wia.net.pl#listItem","position":1,"name":"Home","item":"https:\/\/wia.net.pl","nextItem":{"@type":"ListItem","@id":"https:\/\/wia.net.pl\/index.php\/category\/glos-z-ciemnosci\/#listItem","name":"G\u0142os z ciemno\u015bci"}},{"@type":"ListItem","@id":"https:\/\/wia.net.pl\/index.php\/category\/glos-z-ciemnosci\/#listItem","position":2,"name":"G\u0142os z ciemno\u015bci","item":"https:\/\/wia.net.pl\/index.php\/category\/glos-z-ciemnosci\/","nextItem":{"@type":"ListItem","@id":"https:\/\/wia.net.pl\/index.php\/2025\/10\/06\/kobieta-i-mezczyzna-poczatek-wszystkiego\/#listItem","name":"KOBIETA I M\u0118\u017bCZYZNA, POCZ\u0104TEK WSZYSTKIEGO"},"previousItem":{"@type":"ListItem","@id":"https:\/\/wia.net.pl#listItem","name":"Home"}},{"@type":"ListItem","@id":"https:\/\/wia.net.pl\/index.php\/2025\/10\/06\/kobieta-i-mezczyzna-poczatek-wszystkiego\/#listItem","position":3,"name":"KOBIETA I M\u0118\u017bCZYZNA, POCZ\u0104TEK WSZYSTKIEGO","previousItem":{"@type":"ListItem","@id":"https:\/\/wia.net.pl\/index.php\/category\/glos-z-ciemnosci\/#listItem","name":"G\u0142os z ciemno\u015bci"}}]},{"@type":"Person","@id":"https:\/\/wia.net.pl\/#person","name":"Bart\u0142omiej Talarczyk","image":{"@type":"ImageObject","@id":"https:\/\/wia.net.pl\/index.php\/2025\/10\/06\/kobieta-i-mezczyzna-poczatek-wszystkiego\/#personImage","url":"https:\/\/wia.net.pl\/wp-content\/uploads\/avatar-privacy\/cache\/user\/1\/7\/176a6b161c58363ff49b5c167264231f519f5c7fa183ca1f61e891769b6b56d5-96.jpg","width":96,"height":96,"caption":"Bart\u0142omiej Talarczyk"}},{"@type":"Person","@id":"https:\/\/wia.net.pl\/index.php\/author\/trinity\/#author","url":"https:\/\/wia.net.pl\/index.php\/author\/trinity\/","name":"trinity","image":{"@type":"ImageObject","@id":"https:\/\/wia.net.pl\/index.php\/2025\/10\/06\/kobieta-i-mezczyzna-poczatek-wszystkiego\/#authorImage","url":"https:\/\/wia.net.pl\/wp-content\/uploads\/avatar-privacy\/cache\/user\/5\/f\/5f6547cf82495eaa10e100a6a45d5dbde2dfdc1be88557de2018fca705bdf6f1-96.jpg","width":96,"height":96,"caption":"trinity"}},{"@type":"WebPage","@id":"https:\/\/wia.net.pl\/index.php\/2025\/10\/06\/kobieta-i-mezczyzna-poczatek-wszystkiego\/#webpage","url":"https:\/\/wia.net.pl\/index.php\/2025\/10\/06\/kobieta-i-mezczyzna-poczatek-wszystkiego\/","name":"KOBIETA I M\u0118\u017bCZYZNA, POCZ\u0104TEK WSZYSTKIEGO - Wolno\u015b\u0107 i Anarchia","description":"Opracowanie w\u0142asne Ten podcast powsta\u0142 w nawi\u0105zaniu do materia\u0142u nagranego przez Bartka, zatytu\u0142owanego \u201eApel do kobiet i m\u0119\u017cczyzn\u201d. Link do tego materia\u0142u https:\/\/wia.net.pl\/index.php\/2025\/10\/04\/apel-do-kobiet-i-mezczyzn\/To pi\u0119kne i mocne przes\u0142anie, pe\u0142ne prawdy i odwagi. Warto go obejrze\u0107, zanim wys\u0142uchacie tego odcinka z cyklu \u201eG\u0142os z Ciemno\u015bci\u201d, pod tytu\u0142em: KOBIETA I M\u0118\u017bCZYZNA \u2014 POCZ\u0104TEK WSZYSTKIEGO.","inLanguage":"pl-PL","isPartOf":{"@id":"https:\/\/wia.net.pl\/#website"},"breadcrumb":{"@id":"https:\/\/wia.net.pl\/index.php\/2025\/10\/06\/kobieta-i-mezczyzna-poczatek-wszystkiego\/#breadcrumblist"},"author":{"@id":"https:\/\/wia.net.pl\/index.php\/author\/trinity\/#author"},"creator":{"@id":"https:\/\/wia.net.pl\/index.php\/author\/trinity\/#author"},"image":{"@type":"ImageObject","url":"https:\/\/wia.net.pl\/wp-content\/uploads\/2025\/10\/kobieta-i-mezczyzna-miniatura.jpg","@id":"https:\/\/wia.net.pl\/index.php\/2025\/10\/06\/kobieta-i-mezczyzna-poczatek-wszystkiego\/#mainImage","width":1920,"height":1080},"primaryImageOfPage":{"@id":"https:\/\/wia.net.pl\/index.php\/2025\/10\/06\/kobieta-i-mezczyzna-poczatek-wszystkiego\/#mainImage"},"datePublished":"2025-10-06T00:28:21+02:00","dateModified":"2025-10-06T00:47:23+02:00"},{"@type":"WebSite","@id":"https:\/\/wia.net.pl\/#website","url":"https:\/\/wia.net.pl\/","name":"Wolno\u015b\u0107 i Anarchia","description":"Ka\u017cdy wewn\u0119trznie jest anarchist\u0105.","inLanguage":"pl-PL","publisher":{"@id":"https:\/\/wia.net.pl\/#person"}}]},"og:locale":"pl_PL","og:site_name":"Wolno\u015b\u0107 i Anarchia - Ka\u017cdy wewn\u0119trznie jest anarchist\u0105.","og:type":"article","og:title":"KOBIETA I M\u0118\u017bCZYZNA, POCZ\u0104TEK WSZYSTKIEGO - Wolno\u015b\u0107 i Anarchia","og:description":"Opracowanie w\u0142asne Ten podcast powsta\u0142 w nawi\u0105zaniu do materia\u0142u nagranego przez Bartka, zatytu\u0142owanego \u201eApel do kobiet i m\u0119\u017cczyzn\u201d. Link do tego materia\u0142u https:\/\/wia.net.pl\/index.php\/2025\/10\/04\/apel-do-kobiet-i-mezczyzn\/To pi\u0119kne i mocne przes\u0142anie, pe\u0142ne prawdy i odwagi. Warto go obejrze\u0107, zanim wys\u0142uchacie tego odcinka z cyklu \u201eG\u0142os z Ciemno\u015bci\u201d, pod tytu\u0142em: KOBIETA I M\u0118\u017bCZYZNA \u2014 POCZ\u0104TEK WSZYSTKIEGO.","og:url":"https:\/\/wia.net.pl\/index.php\/2025\/10\/06\/kobieta-i-mezczyzna-poczatek-wszystkiego\/","og:image":"https:\/\/wia.net.pl\/wp-content\/uploads\/2023\/11\/cropped-freedom-i73367.jpg","og:image:secure_url":"https:\/\/wia.net.pl\/wp-content\/uploads\/2023\/11\/cropped-freedom-i73367.jpg","article:published_time":"2025-10-05T22:28:21+00:00","article:modified_time":"2025-10-05T22:47:23+00:00","twitter:card":"summary_large_image","twitter:title":"KOBIETA I M\u0118\u017bCZYZNA, POCZ\u0104TEK WSZYSTKIEGO - Wolno\u015b\u0107 i Anarchia","twitter:description":"Opracowanie w\u0142asne Ten podcast powsta\u0142 w nawi\u0105zaniu do materia\u0142u nagranego przez Bartka, zatytu\u0142owanego \u201eApel do kobiet i m\u0119\u017cczyzn\u201d. Link do tego materia\u0142u https:\/\/wia.net.pl\/index.php\/2025\/10\/04\/apel-do-kobiet-i-mezczyzn\/To pi\u0119kne i mocne przes\u0142anie, pe\u0142ne prawdy i odwagi. Warto go obejrze\u0107, zanim wys\u0142uchacie tego odcinka z cyklu \u201eG\u0142os z Ciemno\u015bci\u201d, pod tytu\u0142em: KOBIETA I M\u0118\u017bCZYZNA \u2014 POCZ\u0104TEK WSZYSTKIEGO.","twitter:image":"https:\/\/wia.net.pl\/wp-content\/uploads\/2023\/11\/cropped-freedom-i73367.jpg"},"aioseo_meta_data":{"post_id":"10898","title":null,"description":null,"keywords":null,"keyphrases":{"focus":{"keyphrase":"","score":0,"analysis":{"keyphraseInTitle":{"score":0,"maxScore":9,"error":1}}},"additional":[]},"primary_term":null,"canonical_url":null,"og_title":null,"og_description":null,"og_object_type":"default","og_image_type":"default","og_image_url":null,"og_image_width":null,"og_image_height":null,"og_image_custom_url":null,"og_image_custom_fields":null,"og_video":"","og_custom_url":null,"og_article_section":null,"og_article_tags":null,"twitter_use_og":false,"twitter_card":"default","twitter_image_type":"default","twitter_image_url":null,"twitter_image_custom_url":null,"twitter_image_custom_fields":null,"twitter_title":null,"twitter_description":null,"schema":{"blockGraphs":[],"customGraphs":[],"default":{"data":{"Article":[],"Course":[],"Dataset":[],"FAQPage":[],"Movie":[],"Person":[],"Product":[],"ProductReview":[],"Car":[],"Recipe":[],"Service":[],"SoftwareApplication":[],"WebPage":[]},"graphName":"BlogPosting","isEnabled":true},"graphs":[]},"schema_type":"default","schema_type_options":null,"pillar_content":false,"robots_default":true,"robots_noindex":false,"robots_noarchive":false,"robots_nosnippet":false,"robots_nofollow":false,"robots_noimageindex":false,"robots_noodp":false,"robots_notranslate":false,"robots_max_snippet":"-1","robots_max_videopreview":"-1","robots_max_imagepreview":"large","priority":null,"frequency":"default","local_seo":null,"breadcrumb_settings":null,"limit_modified_date":false,"ai":{"faqs":[],"keyPoints":[],"titles":[],"descriptions":[],"socialPosts":{"email":[],"linkedin":[],"twitter":[],"facebook":[],"instagram":[]}},"created":"2025-10-05 22:28:22","updated":"2025-10-05 22:54:50","seo_analyzer_scan_date":null,"focus_keyword":null,"additional_keywords":null,"truseo_locale":null},"aioseo_breadcrumb":"<div class=\"aioseo-breadcrumbs\"><span class=\"aioseo-breadcrumb\">\n\t\t\t<a href=\"https:\/\/wia.net.pl\" title=\"Home\">Home<\/a>\n\t\t<\/span><span class=\"aioseo-breadcrumb-separator\">&raquo;<\/span><span class=\"aioseo-breadcrumb\">\n\t\t\t<a href=\"https:\/\/wia.net.pl\/index.php\/category\/glos-z-ciemnosci\/\" title=\"G\u0142os z ciemno\u015bci\">G\u0142os z ciemno\u015bci<\/a>\n\t\t<\/span><span class=\"aioseo-breadcrumb-separator\">&raquo;<\/span><span class=\"aioseo-breadcrumb\">\n\t\t\tKOBIETA I M\u0118\u017bCZYZNA, POCZ\u0104TEK WSZYSTKIEGO\n\t\t<\/span><\/div>","aioseo_breadcrumb_json":[{"label":"Home","link":"https:\/\/wia.net.pl"},{"label":"G\u0142os z ciemno\u015bci","link":"https:\/\/wia.net.pl\/index.php\/category\/glos-z-ciemnosci\/"},{"label":"KOBIETA I M\u0118\u017bCZYZNA, POCZ\u0104TEK WSZYSTKIEGO","link":"https:\/\/wia.net.pl\/index.php\/2025\/10\/06\/kobieta-i-mezczyzna-poczatek-wszystkiego\/"}],"_links":{"self":[{"href":"https:\/\/wia.net.pl\/index.php\/wp-json\/wp\/v2\/posts\/10898"}],"collection":[{"href":"https:\/\/wia.net.pl\/index.php\/wp-json\/wp\/v2\/posts"}],"about":[{"href":"https:\/\/wia.net.pl\/index.php\/wp-json\/wp\/v2\/types\/post"}],"author":[{"embeddable":true,"href":"https:\/\/wia.net.pl\/index.php\/wp-json\/wp\/v2\/users\/2"}],"replies":[{"embeddable":true,"href":"https:\/\/wia.net.pl\/index.php\/wp-json\/wp\/v2\/comments?post=10898"}],"version-history":[{"count":3,"href":"https:\/\/wia.net.pl\/index.php\/wp-json\/wp\/v2\/posts\/10898\/revisions"}],"predecessor-version":[{"id":10902,"href":"https:\/\/wia.net.pl\/index.php\/wp-json\/wp\/v2\/posts\/10898\/revisions\/10902"}],"wp:featuredmedia":[{"embeddable":true,"href":"https:\/\/wia.net.pl\/index.php\/wp-json\/wp\/v2\/media\/10899"}],"wp:attachment":[{"href":"https:\/\/wia.net.pl\/index.php\/wp-json\/wp\/v2\/media?parent=10898"}],"wp:term":[{"taxonomy":"category","embeddable":true,"href":"https:\/\/wia.net.pl\/index.php\/wp-json\/wp\/v2\/categories?post=10898"},{"taxonomy":"post_tag","embeddable":true,"href":"https:\/\/wia.net.pl\/index.php\/wp-json\/wp\/v2\/tags?post=10898"}],"curies":[{"name":"wp","href":"https:\/\/api.w.org\/{rel}","templated":true}]}}