{"id":10962,"date":"2025-10-12T22:49:14","date_gmt":"2025-10-12T20:49:14","guid":{"rendered":"https:\/\/wia.net.pl\/?p=10962"},"modified":"2025-10-12T22:49:16","modified_gmt":"2025-10-12T20:49:16","slug":"dynastia-sassoonow-i-wzrost-potegi-zydowskiej","status":"publish","type":"post","link":"https:\/\/wia.net.pl\/index.php\/2025\/10\/12\/dynastia-sassoonow-i-wzrost-potegi-zydowskiej\/","title":{"rendered":"Dynastia Sassoon\u00f3w i wzrost pot\u0119gi \u017cydowskiej"},"content":{"rendered":"\n<p>Cz\u0119sto nazywana \u201eRothschildami Wschodu\u201d, rodzina Sassoon\u00f3w to \u017cydowska dynastia, kt\u00f3rej bogactwo, pot\u0119ga i wp\u0142ywy si\u0119gaj\u0105 wiek\u00f3w i kontynent\u00f3w, ale ma\u0142o kto o niej wie.<\/p>\n\n\n\n<p>\u0179R\u00d3D\u0141O:<\/p>\n\n\n\n<p>Kana\u0142 Atlantean gardens \u2013&nbsp;<a href=\"https:\/\/www.youtube.com\/c\/AtlanteangardensOrg\" target=\"_blank\" rel=\"noreferrer noopener\">https:\/\/www.youtube.com\/c\/AtlanteangardensOrg<\/a><\/p>\n\n\n\n<p>Kana\u0142 Robert Sepehr \u2013&nbsp;<a href=\"https:\/\/www.youtube.com\/user\/818encino\" target=\"_blank\" rel=\"noreferrer noopener\">https:\/\/www.youtube.com\/user\/818encino<\/a><\/p>\n\n\n<p><iframe id=\"odysee-iframe\" style=\"width:100%; aspect-ratio:16 \/ 9;\" src=\"https:\/\/odysee.com\/%24\/embed\/%40wolnoscanarchia%3Ad%2FDynastia-Sassoon%C3%B3w-i-wzrost-pot%C4%99gi-%C5%BCydowskiej-%E2%80%93-ROBERT-SEPEHR%3Ae?r=KqtnN3u2RSe5GxY7Tos527f1XGfjXD4u\" allowfullscreen><\/iframe><\/p>\n<div class=\"remoji_bar\"><div class=\"remoji_add_container\" data-remoji-id=\"10962\" data-remoji-type=\"post\"><div class=\"remoji_add_icon\"><\/div><\/div><div class=\"remoji_error_bar\" data-remoji-id=\"10962\" data-remoji-type=\"post\" style=\"display: none;\">Error happened.<\/div><\/div>","protected":false},"excerpt":{"rendered":"<p>Cz\u0119sto nazywana \u201eRothschildami Wschodu\u201d, rodzina Sassoon\u00f3w to \u017cydowska dynastia, kt\u00f3rej bogactwo, pot\u0119ga i wp\u0142ywy si\u0119gaj\u0105 wiek\u00f3w i kontynent\u00f3w, ale ma\u0142o kto o niej wie. \u0179R\u00d3D\u0141O: Kana\u0142 Atlantean gardens \u2013&nbsp;https:\/\/www.youtube.com\/c\/AtlanteangardensOrg Kana\u0142 Robert Sepehr \u2013&nbsp;https:\/\/www.youtube.com\/user\/818encino Error happened.<\/p>\n","protected":false},"author":3,"featured_media":10963,"comment_status":"open","ping_status":"open","sticky":false,"template":"","format":"standard","meta":{"_acf_changed":false,"_bbp_topic_count":0,"_bbp_reply_count":0,"_bbp_total_topic_count":0,"_bbp_total_reply_count":0,"_bbp_voice_count":0,"_bbp_anonymous_reply_count":0,"_bbp_topic_count_hidden":0,"_bbp_reply_count_hidden":0,"_bbp_forum_subforum_count":0,"om_disable_all_campaigns":false,"_monsterinsights_skip_tracking":false,"_monsterinsights_sitenote_active":false,"_monsterinsights_sitenote_note":"","_monsterinsights_sitenote_category":0,"footnotes":""},"categories":[11],"tags":[68,63,42,71,26,23,32,22,70,62],"class_list":["post-10962","post","type-post","status-publish","format-standard","has-post-thumbnail","hentry","category-antropologia","tag-cesarstwo-rzymskie","tag-historia-ziemi","tag-illuminati","tag-kosciol-katolicki","tag-ludzkosc","tag-niewolnictwo","tag-rzad","tag-satanizm","tag-tajne-stowarzyszenia","tag-wszechswiat"],"acf":[],"aioseo_notices":[],"_links":{"self":[{"href":"https:\/\/wia.net.pl\/index.php\/wp-json\/wp\/v2\/posts\/10962"}],"collection":[{"href":"https:\/\/wia.net.pl\/index.php\/wp-json\/wp\/v2\/posts"}],"about":[{"href":"https:\/\/wia.net.pl\/index.php\/wp-json\/wp\/v2\/types\/post"}],"author":[{"embeddable":true,"href":"https:\/\/wia.net.pl\/index.php\/wp-json\/wp\/v2\/users\/3"}],"replies":[{"embeddable":true,"href":"https:\/\/wia.net.pl\/index.php\/wp-json\/wp\/v2\/comments?post=10962"}],"version-history":[{"count":1,"href":"https:\/\/wia.net.pl\/index.php\/wp-json\/wp\/v2\/posts\/10962\/revisions"}],"predecessor-version":[{"id":10964,"href":"https:\/\/wia.net.pl\/index.php\/wp-json\/wp\/v2\/posts\/10962\/revisions\/10964"}],"wp:featuredmedia":[{"embeddable":true,"href":"https:\/\/wia.net.pl\/index.php\/wp-json\/wp\/v2\/media\/10963"}],"wp:attachment":[{"href":"https:\/\/wia.net.pl\/index.php\/wp-json\/wp\/v2\/media?parent=10962"}],"wp:term":[{"taxonomy":"category","embeddable":true,"href":"https:\/\/wia.net.pl\/index.php\/wp-json\/wp\/v2\/categories?post=10962"},{"taxonomy":"post_tag","embeddable":true,"href":"https:\/\/wia.net.pl\/index.php\/wp-json\/wp\/v2\/tags?post=10962"}],"curies":[{"name":"wp","href":"https:\/\/api.w.org\/{rel}","templated":true}]}}