{"id":11159,"date":"2025-11-03T00:53:53","date_gmt":"2025-11-02T23:53:53","guid":{"rendered":"https:\/\/wia.net.pl\/?p=11159"},"modified":"2026-07-23T18:33:25","modified_gmt":"2026-07-23T16:33:25","slug":"codziennosc-w-kajdanach-21-lider-religijny-ksiadz","status":"publish","type":"post","link":"https:\/\/wia.net.pl\/index.php\/2025\/11\/03\/codziennosc-w-kajdanach-21-lider-religijny-ksiadz\/","title":{"rendered":"Codzienno\u015b\u0107 w Kajdanach \u2013 21 \u2013 Lider religijny \/ ksi\u0105dz"},"content":{"rendered":"\n<figure class=\"wp-block-video\"><video controls poster=\"https:\/\/wia.net.pl\/wp-content\/uploads\/2025\/11\/Codziennosc-w-Kajdanach21.jpg\" src=\"https:\/\/wia.net.pl\/wp-content\/uploads\/2025\/11\/Codziennosc-w-Kajdanach-Lider-religijny-ksiadz.mp4\"><\/video><\/figure>\n\n\n\n<p><strong>Codzienno\u015b\u0107 w Kajdanach \u2013 o zawodach, kt\u00f3re kszta\u0142tuj\u0105 zniewolenie<\/strong><\/p>\n\n\n\n<p><strong><br>Blok w\u0142adzy \u2013 architekci i zarz\u0105dcy systemu<\/strong><\/p>\n\n\n\n<p><strong>Lider religijny \/ ksi\u0105dz \u2013 w\u0142adza nad sumieniem, nadzieja sprzedana w zamian za pos\u0142usze\u0144stwo.<br><br>PODSUMOWANIE SERII<\/strong><\/p>\n\n\n\n<p>Opracowanie w\u0142asne.<\/p>\n\n\n\n<p>Plik PDF z tekstem do ca\u0142ej serii na naszym Substacku: <a href=\"https:\/\/wolnoscanarchia.substack.com\/p\/codziennosc-w-kajdanach-21-lider\" target=\"_blank\" rel=\"noopener\" title=\"\">https:\/\/wolnoscanarchia.substack.com\/p\/codziennosc-w-kajdanach-21-lider<\/a><\/p>\n","protected":false},"excerpt":{"rendered":"<p>Codzienno\u015b\u0107 w Kajdanach \u2013 o zawodach, kt\u00f3re kszta\u0142tuj\u0105 zniewolenie Blok w\u0142adzy \u2013 architekci i zarz\u0105dcy systemu Lider religijny \/ ksi\u0105dz \u2013 w\u0142adza nad sumieniem, nadzieja sprzedana w zamian za pos\u0142usze\u0144stwo. PODSUMOWANIE SERII Opracowanie w\u0142asne. Plik PDF z tekstem do ca\u0142ej&#8230; <\/p>\n","protected":false},"author":3,"featured_media":11160,"comment_status":"open","ping_status":"open","sticky":false,"template":"","format":"standard","meta":{"_acf_changed":false,"_bbp_topic_count":0,"_bbp_reply_count":0,"_bbp_total_topic_count":0,"_bbp_total_reply_count":0,"_bbp_voice_count":0,"_bbp_anonymous_reply_count":0,"_bbp_topic_count_hidden":0,"_bbp_reply_count_hidden":0,"_bbp_forum_subforum_count":0,"om_disable_all_campaigns":false,"_monsterinsights_skip_tracking":false,"footnotes":""},"categories":[186,16],"tags":[68,63,42,71,26,23,32,22,70,62],"class_list":["post-11159","post","type-post","status-publish","format-standard","has-post-thumbnail","hentry","category-platna-subskrypcja-substack","category-prawonaturalne","tag-cesarstwo-rzymskie","tag-historia-ziemi","tag-illuminati","tag-kosciol-katolicki","tag-ludzkosc","tag-niewolnictwo","tag-rzad","tag-satanizm","tag-tajne-stowarzyszenia","tag-wszechswiat"],"acf":[],"aioseo_notices":[],"aioseo_head":"\n\t\t<!-- All in One SEO 5.0.1.1 - aioseo.com -->\n\t<meta name=\"description\" content=\"Codzienno\u015b\u0107 w Kajdanach \u2013 o zawodach, kt\u00f3re kszta\u0142tuj\u0105 zniewolenie Blok w\u0142adzy \u2013 architekci i zarz\u0105dcy systemu Lider religijny \/ ksi\u0105dz \u2013 w\u0142adza nad sumieniem, nadzieja sprzedana w zamian za pos\u0142usze\u0144stwo.PODSUMOWANIE SERII Opracowanie w\u0142asne. Plik PDF z tekstem do ca\u0142ej serii na naszym Substacku: https:\/\/wolnoscanarchia.substack.com\/p\/codziennosc-w-kajdanach-21-lider\" \/>\n\t<meta name=\"robots\" content=\"max-image-preview:large\" \/>\n\t<meta name=\"author\" content=\"Bart\u0142omiej Talarczyk\"\/>\n\t<link rel=\"canonical\" href=\"https:\/\/wia.net.pl\/index.php\/2025\/11\/03\/codziennosc-w-kajdanach-21-lider-religijny-ksiadz\/\" \/>\n\t<meta name=\"generator\" content=\"All in One SEO (AIOSEO) 5.0.1.1\" \/>\n\t\t<meta property=\"og:locale\" content=\"pl_PL\" \/>\n\t\t<meta property=\"og:site_name\" content=\"Wolno\u015b\u0107 i Anarchia - Ka\u017cdy wewn\u0119trznie jest anarchist\u0105.\" \/>\n\t\t<meta property=\"og:type\" content=\"article\" \/>\n\t\t<meta property=\"og:title\" content=\"Codzienno\u015b\u0107 w Kajdanach \u2013 21 \u2013 Lider religijny \/ ksi\u0105dz - Wolno\u015b\u0107 i Anarchia\" \/>\n\t\t<meta property=\"og:description\" content=\"Codzienno\u015b\u0107 w Kajdanach \u2013 o zawodach, kt\u00f3re kszta\u0142tuj\u0105 zniewolenie Blok w\u0142adzy \u2013 architekci i zarz\u0105dcy systemu Lider religijny \/ ksi\u0105dz \u2013 w\u0142adza nad sumieniem, nadzieja sprzedana w zamian za pos\u0142usze\u0144stwo.PODSUMOWANIE SERII Opracowanie w\u0142asne. Plik PDF z tekstem do ca\u0142ej serii na naszym Substacku: https:\/\/wolnoscanarchia.substack.com\/p\/codziennosc-w-kajdanach-21-lider\" \/>\n\t\t<meta property=\"og:url\" content=\"https:\/\/wia.net.pl\/index.php\/2025\/11\/03\/codziennosc-w-kajdanach-21-lider-religijny-ksiadz\/\" \/>\n\t\t<meta property=\"og:image\" content=\"https:\/\/wia.net.pl\/wp-content\/uploads\/2023\/11\/cropped-freedom-i73367.jpg\" \/>\n\t\t<meta property=\"og:image:secure_url\" content=\"https:\/\/wia.net.pl\/wp-content\/uploads\/2023\/11\/cropped-freedom-i73367.jpg\" \/>\n\t\t<meta property=\"article:published_time\" content=\"2025-11-02T23:53:53+00:00\" \/>\n\t\t<meta property=\"article:modified_time\" content=\"2026-07-23T16:33:25+00:00\" \/>\n\t\t<meta name=\"twitter:card\" content=\"summary_large_image\" \/>\n\t\t<meta name=\"twitter:title\" content=\"Codzienno\u015b\u0107 w Kajdanach \u2013 21 \u2013 Lider religijny \/ ksi\u0105dz - Wolno\u015b\u0107 i Anarchia\" \/>\n\t\t<meta name=\"twitter:description\" content=\"Codzienno\u015b\u0107 w Kajdanach \u2013 o zawodach, kt\u00f3re kszta\u0142tuj\u0105 zniewolenie Blok w\u0142adzy \u2013 architekci i zarz\u0105dcy systemu Lider religijny \/ ksi\u0105dz \u2013 w\u0142adza nad sumieniem, nadzieja sprzedana w zamian za pos\u0142usze\u0144stwo.PODSUMOWANIE SERII Opracowanie w\u0142asne. Plik PDF z tekstem do ca\u0142ej serii na naszym Substacku: https:\/\/wolnoscanarchia.substack.com\/p\/codziennosc-w-kajdanach-21-lider\" \/>\n\t\t<meta name=\"twitter:image\" content=\"https:\/\/wia.net.pl\/wp-content\/uploads\/2023\/11\/cropped-freedom-i73367.jpg\" \/>\n\t\t<script type=\"application\/ld+json\" class=\"aioseo-schema\">\n\t\t\t{\"@context\":\"https:\\\/\\\/schema.org\",\"@graph\":[{\"@type\":\"BlogPosting\",\"@id\":\"https:\\\/\\\/wia.net.pl\\\/index.php\\\/2025\\\/11\\\/03\\\/codziennosc-w-kajdanach-21-lider-religijny-ksiadz\\\/#blogposting\",\"name\":\"Codzienno\\u015b\\u0107 w Kajdanach \\u2013 21 \\u2013 Lider religijny \\\/ ksi\\u0105dz - Wolno\\u015b\\u0107 i Anarchia\",\"headline\":\"Codzienno\\u015b\\u0107 w Kajdanach \\u2013 21 \\u2013 Lider religijny \\\/ ksi\\u0105dz\",\"author\":{\"@id\":\"https:\\\/\\\/wia.net.pl\\\/index.php\\\/author\\\/talar\\\/#author\"},\"publisher\":{\"@id\":\"https:\\\/\\\/wia.net.pl\\\/#person\"},\"image\":{\"@type\":\"ImageObject\",\"url\":\"https:\\\/\\\/wia.net.pl\\\/wp-content\\\/uploads\\\/2025\\\/11\\\/Codziennosc-w-Kajdanach21.jpg\",\"width\":1920,\"height\":1080},\"datePublished\":\"2025-11-03T00:53:53+01:00\",\"dateModified\":\"2026-07-23T18:33:25+02:00\",\"inLanguage\":\"pl-PL\",\"mainEntityOfPage\":{\"@id\":\"https:\\\/\\\/wia.net.pl\\\/index.php\\\/2025\\\/11\\\/03\\\/codziennosc-w-kajdanach-21-lider-religijny-ksiadz\\\/#webpage\"},\"isPartOf\":{\"@id\":\"https:\\\/\\\/wia.net.pl\\\/index.php\\\/2025\\\/11\\\/03\\\/codziennosc-w-kajdanach-21-lider-religijny-ksiadz\\\/#webpage\"},\"articleSection\":\"P\\u0142atna subskrypcja Substack, Prawo naturalne, Cesarstwo Rzymskie, Historia ziemi, Illuminati, Ko\\u015bci\\u00f3\\u0142 katolicki, Ludzko\\u015b\\u0107, Niewolnictwo, Rz\\u0105d, Satanizm, Tajne stowarzyszenia, Wszech\\u015bwiat\"},{\"@type\":\"BreadcrumbList\",\"@id\":\"https:\\\/\\\/wia.net.pl\\\/index.php\\\/2025\\\/11\\\/03\\\/codziennosc-w-kajdanach-21-lider-religijny-ksiadz\\\/#breadcrumblist\",\"itemListElement\":[{\"@type\":\"ListItem\",\"@id\":\"https:\\\/\\\/wia.net.pl#listItem\",\"position\":1,\"name\":\"Home\",\"item\":\"https:\\\/\\\/wia.net.pl\",\"nextItem\":{\"@type\":\"ListItem\",\"@id\":\"https:\\\/\\\/wia.net.pl\\\/index.php\\\/category\\\/prawonaturalne\\\/#listItem\",\"name\":\"Prawo naturalne\"}},{\"@type\":\"ListItem\",\"@id\":\"https:\\\/\\\/wia.net.pl\\\/index.php\\\/category\\\/prawonaturalne\\\/#listItem\",\"position\":2,\"name\":\"Prawo naturalne\",\"item\":\"https:\\\/\\\/wia.net.pl\\\/index.php\\\/category\\\/prawonaturalne\\\/\",\"nextItem\":{\"@type\":\"ListItem\",\"@id\":\"https:\\\/\\\/wia.net.pl\\\/index.php\\\/2025\\\/11\\\/03\\\/codziennosc-w-kajdanach-21-lider-religijny-ksiadz\\\/#listItem\",\"name\":\"Codzienno\\u015b\\u0107 w Kajdanach \\u2013 21 \\u2013 Lider religijny \\\/ ksi\\u0105dz\"},\"previousItem\":{\"@type\":\"ListItem\",\"@id\":\"https:\\\/\\\/wia.net.pl#listItem\",\"name\":\"Home\"}},{\"@type\":\"ListItem\",\"@id\":\"https:\\\/\\\/wia.net.pl\\\/index.php\\\/2025\\\/11\\\/03\\\/codziennosc-w-kajdanach-21-lider-religijny-ksiadz\\\/#listItem\",\"position\":3,\"name\":\"Codzienno\\u015b\\u0107 w Kajdanach \\u2013 21 \\u2013 Lider religijny \\\/ ksi\\u0105dz\",\"previousItem\":{\"@type\":\"ListItem\",\"@id\":\"https:\\\/\\\/wia.net.pl\\\/index.php\\\/category\\\/prawonaturalne\\\/#listItem\",\"name\":\"Prawo naturalne\"}}]},{\"@type\":\"Person\",\"@id\":\"https:\\\/\\\/wia.net.pl\\\/#person\",\"name\":\"Bart\\u0142omiej Talarczyk\",\"image\":{\"@type\":\"ImageObject\",\"@id\":\"https:\\\/\\\/wia.net.pl\\\/index.php\\\/2025\\\/11\\\/03\\\/codziennosc-w-kajdanach-21-lider-religijny-ksiadz\\\/#personImage\",\"url\":\"https:\\\/\\\/wia.net.pl\\\/wp-content\\\/uploads\\\/avatar-privacy\\\/cache\\\/user\\\/1\\\/7\\\/176a6b161c58363ff49b5c167264231f519f5c7fa183ca1f61e891769b6b56d5-96.jpg\",\"width\":96,\"height\":96,\"caption\":\"Bart\\u0142omiej Talarczyk\"}},{\"@type\":\"Person\",\"@id\":\"https:\\\/\\\/wia.net.pl\\\/index.php\\\/author\\\/talar\\\/#author\",\"url\":\"https:\\\/\\\/wia.net.pl\\\/index.php\\\/author\\\/talar\\\/\",\"name\":\"Bart\\u0142omiej Talarczyk\",\"image\":{\"@type\":\"ImageObject\",\"@id\":\"https:\\\/\\\/wia.net.pl\\\/index.php\\\/2025\\\/11\\\/03\\\/codziennosc-w-kajdanach-21-lider-religijny-ksiadz\\\/#authorImage\",\"url\":\"https:\\\/\\\/wia.net.pl\\\/wp-content\\\/uploads\\\/avatar-privacy\\\/cache\\\/user\\\/1\\\/7\\\/176a6b161c58363ff49b5c167264231f519f5c7fa183ca1f61e891769b6b56d5-96.jpg\",\"width\":96,\"height\":96,\"caption\":\"Bart\\u0142omiej Talarczyk\"}},{\"@type\":\"WebPage\",\"@id\":\"https:\\\/\\\/wia.net.pl\\\/index.php\\\/2025\\\/11\\\/03\\\/codziennosc-w-kajdanach-21-lider-religijny-ksiadz\\\/#webpage\",\"url\":\"https:\\\/\\\/wia.net.pl\\\/index.php\\\/2025\\\/11\\\/03\\\/codziennosc-w-kajdanach-21-lider-religijny-ksiadz\\\/\",\"name\":\"Codzienno\\u015b\\u0107 w Kajdanach \\u2013 21 \\u2013 Lider religijny \\\/ ksi\\u0105dz - Wolno\\u015b\\u0107 i Anarchia\",\"description\":\"Codzienno\\u015b\\u0107 w Kajdanach \\u2013 o zawodach, kt\\u00f3re kszta\\u0142tuj\\u0105 zniewolenie Blok w\\u0142adzy \\u2013 architekci i zarz\\u0105dcy systemu Lider religijny \\\/ ksi\\u0105dz \\u2013 w\\u0142adza nad sumieniem, nadzieja sprzedana w zamian za pos\\u0142usze\\u0144stwo.PODSUMOWANIE SERII Opracowanie w\\u0142asne. Plik PDF z tekstem do ca\\u0142ej serii na naszym Substacku: https:\\\/\\\/wolnoscanarchia.substack.com\\\/p\\\/codziennosc-w-kajdanach-21-lider\",\"inLanguage\":\"pl-PL\",\"isPartOf\":{\"@id\":\"https:\\\/\\\/wia.net.pl\\\/#website\"},\"breadcrumb\":{\"@id\":\"https:\\\/\\\/wia.net.pl\\\/index.php\\\/2025\\\/11\\\/03\\\/codziennosc-w-kajdanach-21-lider-religijny-ksiadz\\\/#breadcrumblist\"},\"author\":{\"@id\":\"https:\\\/\\\/wia.net.pl\\\/index.php\\\/author\\\/talar\\\/#author\"},\"creator\":{\"@id\":\"https:\\\/\\\/wia.net.pl\\\/index.php\\\/author\\\/talar\\\/#author\"},\"image\":{\"@type\":\"ImageObject\",\"url\":\"https:\\\/\\\/wia.net.pl\\\/wp-content\\\/uploads\\\/2025\\\/11\\\/Codziennosc-w-Kajdanach21.jpg\",\"@id\":\"https:\\\/\\\/wia.net.pl\\\/index.php\\\/2025\\\/11\\\/03\\\/codziennosc-w-kajdanach-21-lider-religijny-ksiadz\\\/#mainImage\",\"width\":1920,\"height\":1080},\"primaryImageOfPage\":{\"@id\":\"https:\\\/\\\/wia.net.pl\\\/index.php\\\/2025\\\/11\\\/03\\\/codziennosc-w-kajdanach-21-lider-religijny-ksiadz\\\/#mainImage\"},\"datePublished\":\"2025-11-03T00:53:53+01:00\",\"dateModified\":\"2026-07-23T18:33:25+02:00\"},{\"@type\":\"WebSite\",\"@id\":\"https:\\\/\\\/wia.net.pl\\\/#website\",\"url\":\"https:\\\/\\\/wia.net.pl\\\/\",\"name\":\"Wolno\\u015b\\u0107 i Anarchia\",\"description\":\"Ka\\u017cdy wewn\\u0119trznie jest anarchist\\u0105.\",\"inLanguage\":\"pl-PL\",\"publisher\":{\"@id\":\"https:\\\/\\\/wia.net.pl\\\/#person\"}}]}\n\t\t<\/script>\n\t\t<!-- All in One SEO -->\n\n","aioseo_head_json":{"title":"Codzienno\u015b\u0107 w Kajdanach \u2013 21 \u2013 Lider religijny \/ ksi\u0105dz - Wolno\u015b\u0107 i Anarchia","description":"Codzienno\u015b\u0107 w Kajdanach \u2013 o zawodach, kt\u00f3re kszta\u0142tuj\u0105 zniewolenie Blok w\u0142adzy \u2013 architekci i zarz\u0105dcy systemu Lider religijny \/ ksi\u0105dz \u2013 w\u0142adza nad sumieniem, nadzieja sprzedana w zamian za pos\u0142usze\u0144stwo.PODSUMOWANIE SERII Opracowanie w\u0142asne. Plik PDF z tekstem do ca\u0142ej serii na naszym Substacku: https:\/\/wolnoscanarchia.substack.com\/p\/codziennosc-w-kajdanach-21-lider","canonical_url":"https:\/\/wia.net.pl\/index.php\/2025\/11\/03\/codziennosc-w-kajdanach-21-lider-religijny-ksiadz\/","robots":"max-image-preview:large","keywords":"","webmasterTools":{"miscellaneous":""},"schema":{"@context":"https:\/\/schema.org","@graph":[{"@type":"BlogPosting","@id":"https:\/\/wia.net.pl\/index.php\/2025\/11\/03\/codziennosc-w-kajdanach-21-lider-religijny-ksiadz\/#blogposting","name":"Codzienno\u015b\u0107 w Kajdanach \u2013 21 \u2013 Lider religijny \/ ksi\u0105dz - Wolno\u015b\u0107 i Anarchia","headline":"Codzienno\u015b\u0107 w Kajdanach \u2013 21 \u2013 Lider religijny \/ ksi\u0105dz","author":{"@id":"https:\/\/wia.net.pl\/index.php\/author\/talar\/#author"},"publisher":{"@id":"https:\/\/wia.net.pl\/#person"},"image":{"@type":"ImageObject","url":"https:\/\/wia.net.pl\/wp-content\/uploads\/2025\/11\/Codziennosc-w-Kajdanach21.jpg","width":1920,"height":1080},"datePublished":"2025-11-03T00:53:53+01:00","dateModified":"2026-07-23T18:33:25+02:00","inLanguage":"pl-PL","mainEntityOfPage":{"@id":"https:\/\/wia.net.pl\/index.php\/2025\/11\/03\/codziennosc-w-kajdanach-21-lider-religijny-ksiadz\/#webpage"},"isPartOf":{"@id":"https:\/\/wia.net.pl\/index.php\/2025\/11\/03\/codziennosc-w-kajdanach-21-lider-religijny-ksiadz\/#webpage"},"articleSection":"P\u0142atna subskrypcja Substack, Prawo naturalne, Cesarstwo Rzymskie, Historia ziemi, Illuminati, Ko\u015bci\u00f3\u0142 katolicki, Ludzko\u015b\u0107, Niewolnictwo, Rz\u0105d, Satanizm, Tajne stowarzyszenia, Wszech\u015bwiat"},{"@type":"BreadcrumbList","@id":"https:\/\/wia.net.pl\/index.php\/2025\/11\/03\/codziennosc-w-kajdanach-21-lider-religijny-ksiadz\/#breadcrumblist","itemListElement":[{"@type":"ListItem","@id":"https:\/\/wia.net.pl#listItem","position":1,"name":"Home","item":"https:\/\/wia.net.pl","nextItem":{"@type":"ListItem","@id":"https:\/\/wia.net.pl\/index.php\/category\/prawonaturalne\/#listItem","name":"Prawo naturalne"}},{"@type":"ListItem","@id":"https:\/\/wia.net.pl\/index.php\/category\/prawonaturalne\/#listItem","position":2,"name":"Prawo naturalne","item":"https:\/\/wia.net.pl\/index.php\/category\/prawonaturalne\/","nextItem":{"@type":"ListItem","@id":"https:\/\/wia.net.pl\/index.php\/2025\/11\/03\/codziennosc-w-kajdanach-21-lider-religijny-ksiadz\/#listItem","name":"Codzienno\u015b\u0107 w Kajdanach \u2013 21 \u2013 Lider religijny \/ ksi\u0105dz"},"previousItem":{"@type":"ListItem","@id":"https:\/\/wia.net.pl#listItem","name":"Home"}},{"@type":"ListItem","@id":"https:\/\/wia.net.pl\/index.php\/2025\/11\/03\/codziennosc-w-kajdanach-21-lider-religijny-ksiadz\/#listItem","position":3,"name":"Codzienno\u015b\u0107 w Kajdanach \u2013 21 \u2013 Lider religijny \/ ksi\u0105dz","previousItem":{"@type":"ListItem","@id":"https:\/\/wia.net.pl\/index.php\/category\/prawonaturalne\/#listItem","name":"Prawo naturalne"}}]},{"@type":"Person","@id":"https:\/\/wia.net.pl\/#person","name":"Bart\u0142omiej Talarczyk","image":{"@type":"ImageObject","@id":"https:\/\/wia.net.pl\/index.php\/2025\/11\/03\/codziennosc-w-kajdanach-21-lider-religijny-ksiadz\/#personImage","url":"https:\/\/wia.net.pl\/wp-content\/uploads\/avatar-privacy\/cache\/user\/1\/7\/176a6b161c58363ff49b5c167264231f519f5c7fa183ca1f61e891769b6b56d5-96.jpg","width":96,"height":96,"caption":"Bart\u0142omiej Talarczyk"}},{"@type":"Person","@id":"https:\/\/wia.net.pl\/index.php\/author\/talar\/#author","url":"https:\/\/wia.net.pl\/index.php\/author\/talar\/","name":"Bart\u0142omiej Talarczyk","image":{"@type":"ImageObject","@id":"https:\/\/wia.net.pl\/index.php\/2025\/11\/03\/codziennosc-w-kajdanach-21-lider-religijny-ksiadz\/#authorImage","url":"https:\/\/wia.net.pl\/wp-content\/uploads\/avatar-privacy\/cache\/user\/1\/7\/176a6b161c58363ff49b5c167264231f519f5c7fa183ca1f61e891769b6b56d5-96.jpg","width":96,"height":96,"caption":"Bart\u0142omiej Talarczyk"}},{"@type":"WebPage","@id":"https:\/\/wia.net.pl\/index.php\/2025\/11\/03\/codziennosc-w-kajdanach-21-lider-religijny-ksiadz\/#webpage","url":"https:\/\/wia.net.pl\/index.php\/2025\/11\/03\/codziennosc-w-kajdanach-21-lider-religijny-ksiadz\/","name":"Codzienno\u015b\u0107 w Kajdanach \u2013 21 \u2013 Lider religijny \/ ksi\u0105dz - Wolno\u015b\u0107 i Anarchia","description":"Codzienno\u015b\u0107 w Kajdanach \u2013 o zawodach, kt\u00f3re kszta\u0142tuj\u0105 zniewolenie Blok w\u0142adzy \u2013 architekci i zarz\u0105dcy systemu Lider religijny \/ ksi\u0105dz \u2013 w\u0142adza nad sumieniem, nadzieja sprzedana w zamian za pos\u0142usze\u0144stwo.PODSUMOWANIE SERII Opracowanie w\u0142asne. Plik PDF z tekstem do ca\u0142ej serii na naszym Substacku: https:\/\/wolnoscanarchia.substack.com\/p\/codziennosc-w-kajdanach-21-lider","inLanguage":"pl-PL","isPartOf":{"@id":"https:\/\/wia.net.pl\/#website"},"breadcrumb":{"@id":"https:\/\/wia.net.pl\/index.php\/2025\/11\/03\/codziennosc-w-kajdanach-21-lider-religijny-ksiadz\/#breadcrumblist"},"author":{"@id":"https:\/\/wia.net.pl\/index.php\/author\/talar\/#author"},"creator":{"@id":"https:\/\/wia.net.pl\/index.php\/author\/talar\/#author"},"image":{"@type":"ImageObject","url":"https:\/\/wia.net.pl\/wp-content\/uploads\/2025\/11\/Codziennosc-w-Kajdanach21.jpg","@id":"https:\/\/wia.net.pl\/index.php\/2025\/11\/03\/codziennosc-w-kajdanach-21-lider-religijny-ksiadz\/#mainImage","width":1920,"height":1080},"primaryImageOfPage":{"@id":"https:\/\/wia.net.pl\/index.php\/2025\/11\/03\/codziennosc-w-kajdanach-21-lider-religijny-ksiadz\/#mainImage"},"datePublished":"2025-11-03T00:53:53+01:00","dateModified":"2026-07-23T18:33:25+02:00"},{"@type":"WebSite","@id":"https:\/\/wia.net.pl\/#website","url":"https:\/\/wia.net.pl\/","name":"Wolno\u015b\u0107 i Anarchia","description":"Ka\u017cdy wewn\u0119trznie jest anarchist\u0105.","inLanguage":"pl-PL","publisher":{"@id":"https:\/\/wia.net.pl\/#person"}}]},"og:locale":"pl_PL","og:site_name":"Wolno\u015b\u0107 i Anarchia - Ka\u017cdy wewn\u0119trznie jest anarchist\u0105.","og:type":"article","og:title":"Codzienno\u015b\u0107 w Kajdanach \u2013 21 \u2013 Lider religijny \/ ksi\u0105dz - Wolno\u015b\u0107 i Anarchia","og:description":"Codzienno\u015b\u0107 w Kajdanach \u2013 o zawodach, kt\u00f3re kszta\u0142tuj\u0105 zniewolenie Blok w\u0142adzy \u2013 architekci i zarz\u0105dcy systemu Lider religijny \/ ksi\u0105dz \u2013 w\u0142adza nad sumieniem, nadzieja sprzedana w zamian za pos\u0142usze\u0144stwo.PODSUMOWANIE SERII Opracowanie w\u0142asne. Plik PDF z tekstem do ca\u0142ej serii na naszym Substacku: https:\/\/wolnoscanarchia.substack.com\/p\/codziennosc-w-kajdanach-21-lider","og:url":"https:\/\/wia.net.pl\/index.php\/2025\/11\/03\/codziennosc-w-kajdanach-21-lider-religijny-ksiadz\/","og:image":"https:\/\/wia.net.pl\/wp-content\/uploads\/2023\/11\/cropped-freedom-i73367.jpg","og:image:secure_url":"https:\/\/wia.net.pl\/wp-content\/uploads\/2023\/11\/cropped-freedom-i73367.jpg","article:published_time":"2025-11-02T23:53:53+00:00","article:modified_time":"2026-07-23T16:33:25+00:00","twitter:card":"summary_large_image","twitter:title":"Codzienno\u015b\u0107 w Kajdanach \u2013 21 \u2013 Lider religijny \/ ksi\u0105dz - Wolno\u015b\u0107 i Anarchia","twitter:description":"Codzienno\u015b\u0107 w Kajdanach \u2013 o zawodach, kt\u00f3re kszta\u0142tuj\u0105 zniewolenie Blok w\u0142adzy \u2013 architekci i zarz\u0105dcy systemu Lider religijny \/ ksi\u0105dz \u2013 w\u0142adza nad sumieniem, nadzieja sprzedana w zamian za pos\u0142usze\u0144stwo.PODSUMOWANIE SERII Opracowanie w\u0142asne. Plik PDF z tekstem do ca\u0142ej serii na naszym Substacku: https:\/\/wolnoscanarchia.substack.com\/p\/codziennosc-w-kajdanach-21-lider","twitter:image":"https:\/\/wia.net.pl\/wp-content\/uploads\/2023\/11\/cropped-freedom-i73367.jpg"},"aioseo_meta_data":{"post_id":"11159","title":null,"description":null,"keywords":null,"keyphrases":{"focus":{"keyphrase":"","score":0,"analysis":{"keyphraseInTitle":{"score":0,"maxScore":9,"error":1}}},"additional":[]},"primary_term":null,"canonical_url":null,"og_title":null,"og_description":null,"og_object_type":"default","og_image_type":"default","og_image_url":null,"og_image_width":null,"og_image_height":null,"og_image_custom_url":null,"og_image_custom_fields":null,"og_video":"","og_custom_url":null,"og_article_section":null,"og_article_tags":null,"twitter_use_og":false,"twitter_card":"default","twitter_image_type":"default","twitter_image_url":null,"twitter_image_custom_url":null,"twitter_image_custom_fields":null,"twitter_title":null,"twitter_description":null,"schema":{"blockGraphs":[],"customGraphs":[],"default":{"data":{"Article":[],"Course":[],"Dataset":[],"FAQPage":[],"Movie":[],"Person":[],"Product":[],"ProductReview":[],"Car":[],"Recipe":[],"Service":[],"SoftwareApplication":[],"WebPage":[]},"graphName":"BlogPosting","isEnabled":true},"graphs":[]},"schema_type":"default","schema_type_options":null,"pillar_content":false,"robots_default":true,"robots_noindex":false,"robots_noarchive":false,"robots_nosnippet":false,"robots_nofollow":false,"robots_noimageindex":false,"robots_noodp":false,"robots_notranslate":false,"robots_max_snippet":"-1","robots_max_videopreview":"-1","robots_max_imagepreview":"large","priority":null,"frequency":"default","local_seo":null,"breadcrumb_settings":null,"limit_modified_date":false,"ai":{"faqs":[],"keyPoints":[],"titles":[],"descriptions":[],"socialPosts":{"email":[],"linkedin":[],"twitter":[],"facebook":[],"instagram":[]}},"created":"2025-11-02 23:53:54","updated":"2026-07-23 16:35:45","seo_analyzer_scan_date":null,"focus_keyword":null,"additional_keywords":null,"truseo_locale":null},"aioseo_breadcrumb":"<div class=\"aioseo-breadcrumbs\"><span class=\"aioseo-breadcrumb\">\n\t\t\t<a href=\"https:\/\/wia.net.pl\" title=\"Home\">Home<\/a>\n\t\t<\/span><span class=\"aioseo-breadcrumb-separator\">&raquo;<\/span><span class=\"aioseo-breadcrumb\">\n\t\t\t<a href=\"https:\/\/wia.net.pl\/index.php\/category\/prawonaturalne\/\" title=\"Prawo naturalne\">Prawo naturalne<\/a>\n\t\t<\/span><span class=\"aioseo-breadcrumb-separator\">&raquo;<\/span><span class=\"aioseo-breadcrumb\">\n\t\t\tCodzienno\u015b\u0107 w Kajdanach \u2013 21 \u2013 Lider religijny \/ ksi\u0105dz\n\t\t<\/span><\/div>","aioseo_breadcrumb_json":[{"label":"Home","link":"https:\/\/wia.net.pl"},{"label":"Prawo naturalne","link":"https:\/\/wia.net.pl\/index.php\/category\/prawonaturalne\/"},{"label":"Codzienno\u015b\u0107 w Kajdanach \u2013 21 \u2013 Lider religijny \/ ksi\u0105dz","link":"https:\/\/wia.net.pl\/index.php\/2025\/11\/03\/codziennosc-w-kajdanach-21-lider-religijny-ksiadz\/"}],"_links":{"self":[{"href":"https:\/\/wia.net.pl\/index.php\/wp-json\/wp\/v2\/posts\/11159"}],"collection":[{"href":"https:\/\/wia.net.pl\/index.php\/wp-json\/wp\/v2\/posts"}],"about":[{"href":"https:\/\/wia.net.pl\/index.php\/wp-json\/wp\/v2\/types\/post"}],"author":[{"embeddable":true,"href":"https:\/\/wia.net.pl\/index.php\/wp-json\/wp\/v2\/users\/3"}],"replies":[{"embeddable":true,"href":"https:\/\/wia.net.pl\/index.php\/wp-json\/wp\/v2\/comments?post=11159"}],"version-history":[{"count":2,"href":"https:\/\/wia.net.pl\/index.php\/wp-json\/wp\/v2\/posts\/11159\/revisions"}],"predecessor-version":[{"id":11163,"href":"https:\/\/wia.net.pl\/index.php\/wp-json\/wp\/v2\/posts\/11159\/revisions\/11163"}],"wp:featuredmedia":[{"embeddable":true,"href":"https:\/\/wia.net.pl\/index.php\/wp-json\/wp\/v2\/media\/11160"}],"wp:attachment":[{"href":"https:\/\/wia.net.pl\/index.php\/wp-json\/wp\/v2\/media?parent=11159"}],"wp:term":[{"taxonomy":"category","embeddable":true,"href":"https:\/\/wia.net.pl\/index.php\/wp-json\/wp\/v2\/categories?post=11159"},{"taxonomy":"post_tag","embeddable":true,"href":"https:\/\/wia.net.pl\/index.php\/wp-json\/wp\/v2\/tags?post=11159"}],"curies":[{"name":"wp","href":"https:\/\/api.w.org\/{rel}","templated":true}]}}