{"id":1125,"date":"2023-06-02T17:42:26","date_gmt":"2023-06-02T15:42:26","guid":{"rendered":"https:\/\/wia.net.pl\/?p=1125"},"modified":"2023-06-02T17:42:27","modified_gmt":"2023-06-02T15:42:27","slug":"wef-i-walka-z-dezinformacja-w-internecie","status":"publish","type":"post","link":"https:\/\/wia.net.pl\/index.php\/2023\/06\/02\/wef-i-walka-z-dezinformacja-w-internecie\/","title":{"rendered":"WEF i walka z dezinformacj\u0105 w internecie"},"content":{"rendered":"\n<p>WEF i walka z dezinformacj\u0105 w internecie<\/p>\n\n\n\n<figure class=\"wp-block-video\"><video controls src=\"https:\/\/wia.net.pl\/wp-content\/uploads\/2023\/05\/WEF-i-walka-z-dezinformacja-w-internecie-3.mp4\"><\/video><\/figure>\n","protected":false},"excerpt":{"rendered":"<p>WEF i walka z dezinformacj\u0105 w internecie<\/p>\n","protected":false},"author":3,"featured_media":1126,"comment_status":"open","ping_status":"open","sticky":false,"template":"","format":"standard","meta":{"_acf_changed":false,"_bbp_topic_count":0,"_bbp_reply_count":0,"_bbp_total_topic_count":0,"_bbp_total_reply_count":0,"_bbp_voice_count":0,"_bbp_anonymous_reply_count":0,"_bbp_topic_count_hidden":0,"_bbp_reply_count_hidden":0,"_bbp_forum_subforum_count":0,"om_disable_all_campaigns":false,"_monsterinsights_skip_tracking":false,"footnotes":""},"categories":[14],"tags":[68,63,42,71,23,59,32,22,70,75,74,62],"class_list":["post-1125","post","type-post","status-publish","format-standard","has-post-thumbnail","hentry","category-wiadomoscizeswiata","tag-cesarstwo-rzymskie","tag-historia-ziemi","tag-illuminati","tag-kosciol-katolicki","tag-niewolnictwo","tag-nwo","tag-rzad","tag-satanizm","tag-tajne-stowarzyszenia","tag-terraformacja","tag-transhumanizm","tag-wszechswiat"],"acf":[],"aioseo_notices":[],"aioseo_head":"\n\t\t<!-- All in One SEO 5.0.1.1 - aioseo.com -->\n\t<meta name=\"description\" content=\"WEF i walka z dezinformacj\u0105 w internecie\" \/>\n\t<meta name=\"robots\" content=\"max-image-preview:large\" \/>\n\t<meta name=\"author\" content=\"Bart\u0142omiej Talarczyk\"\/>\n\t<link rel=\"canonical\" href=\"https:\/\/wia.net.pl\/index.php\/2023\/06\/02\/wef-i-walka-z-dezinformacja-w-internecie\/\" \/>\n\t<meta name=\"generator\" content=\"All in One SEO (AIOSEO) 5.0.1.1\" \/>\n\t\t<meta property=\"og:locale\" content=\"pl_PL\" \/>\n\t\t<meta property=\"og:site_name\" content=\"Wolno\u015b\u0107 i Anarchia - Ka\u017cdy wewn\u0119trznie jest anarchist\u0105.\" \/>\n\t\t<meta property=\"og:type\" content=\"article\" \/>\n\t\t<meta property=\"og:title\" content=\"WEF i walka z dezinformacj\u0105 w internecie - Wolno\u015b\u0107 i Anarchia\" \/>\n\t\t<meta property=\"og:description\" content=\"WEF i walka z dezinformacj\u0105 w internecie\" \/>\n\t\t<meta property=\"og:url\" content=\"https:\/\/wia.net.pl\/index.php\/2023\/06\/02\/wef-i-walka-z-dezinformacja-w-internecie\/\" \/>\n\t\t<meta property=\"og:image\" content=\"https:\/\/wia.net.pl\/wp-content\/uploads\/2023\/11\/cropped-freedom-i73367.jpg\" \/>\n\t\t<meta property=\"og:image:secure_url\" content=\"https:\/\/wia.net.pl\/wp-content\/uploads\/2023\/11\/cropped-freedom-i73367.jpg\" \/>\n\t\t<meta property=\"article:published_time\" content=\"2023-06-02T15:42:26+00:00\" \/>\n\t\t<meta property=\"article:modified_time\" content=\"2023-06-02T15:42:27+00:00\" \/>\n\t\t<meta name=\"twitter:card\" content=\"summary_large_image\" \/>\n\t\t<meta name=\"twitter:title\" content=\"WEF i walka z dezinformacj\u0105 w internecie - Wolno\u015b\u0107 i Anarchia\" \/>\n\t\t<meta name=\"twitter:description\" content=\"WEF i walka z dezinformacj\u0105 w internecie\" \/>\n\t\t<meta name=\"twitter:image\" content=\"https:\/\/wia.net.pl\/wp-content\/uploads\/2023\/11\/cropped-freedom-i73367.jpg\" \/>\n\t\t<script type=\"application\/ld+json\" class=\"aioseo-schema\">\n\t\t\t{\"@context\":\"https:\\\/\\\/schema.org\",\"@graph\":[{\"@type\":\"BlogPosting\",\"@id\":\"https:\\\/\\\/wia.net.pl\\\/index.php\\\/2023\\\/06\\\/02\\\/wef-i-walka-z-dezinformacja-w-internecie\\\/#blogposting\",\"name\":\"WEF i walka z dezinformacj\\u0105 w internecie - Wolno\\u015b\\u0107 i Anarchia\",\"headline\":\"WEF i walka z dezinformacj\\u0105 w internecie\",\"author\":{\"@id\":\"https:\\\/\\\/wia.net.pl\\\/index.php\\\/author\\\/talar\\\/#author\"},\"publisher\":{\"@id\":\"https:\\\/\\\/wia.net.pl\\\/#person\"},\"image\":{\"@type\":\"ImageObject\",\"url\":\"https:\\\/\\\/wia.net.pl\\\/wp-content\\\/uploads\\\/2023\\\/06\\\/haker2.jpg\",\"width\":2121,\"height\":1414},\"datePublished\":\"2023-06-02T17:42:26+02:00\",\"dateModified\":\"2023-06-02T17:42:27+02:00\",\"inLanguage\":\"pl-PL\",\"mainEntityOfPage\":{\"@id\":\"https:\\\/\\\/wia.net.pl\\\/index.php\\\/2023\\\/06\\\/02\\\/wef-i-walka-z-dezinformacja-w-internecie\\\/#webpage\"},\"isPartOf\":{\"@id\":\"https:\\\/\\\/wia.net.pl\\\/index.php\\\/2023\\\/06\\\/02\\\/wef-i-walka-z-dezinformacja-w-internecie\\\/#webpage\"},\"articleSection\":\"Wiadomo\\u015bci ze \\u015bwiata, Cesarstwo Rzymskie, Historia ziemi, Illuminati, Ko\\u015bci\\u00f3\\u0142 katolicki, Niewolnictwo, NWO, Rz\\u0105d, Satanizm, Tajne stowarzyszenia, Terraformacja, Transhumanizm, Wszech\\u015bwiat\"},{\"@type\":\"BreadcrumbList\",\"@id\":\"https:\\\/\\\/wia.net.pl\\\/index.php\\\/2023\\\/06\\\/02\\\/wef-i-walka-z-dezinformacja-w-internecie\\\/#breadcrumblist\",\"itemListElement\":[{\"@type\":\"ListItem\",\"@id\":\"https:\\\/\\\/wia.net.pl#listItem\",\"position\":1,\"name\":\"Home\",\"item\":\"https:\\\/\\\/wia.net.pl\",\"nextItem\":{\"@type\":\"ListItem\",\"@id\":\"https:\\\/\\\/wia.net.pl\\\/index.php\\\/category\\\/wiadomoscizeswiata\\\/#listItem\",\"name\":\"Wiadomo\\u015bci ze \\u015bwiata\"}},{\"@type\":\"ListItem\",\"@id\":\"https:\\\/\\\/wia.net.pl\\\/index.php\\\/category\\\/wiadomoscizeswiata\\\/#listItem\",\"position\":2,\"name\":\"Wiadomo\\u015bci ze \\u015bwiata\",\"item\":\"https:\\\/\\\/wia.net.pl\\\/index.php\\\/category\\\/wiadomoscizeswiata\\\/\",\"nextItem\":{\"@type\":\"ListItem\",\"@id\":\"https:\\\/\\\/wia.net.pl\\\/index.php\\\/2023\\\/06\\\/02\\\/wef-i-walka-z-dezinformacja-w-internecie\\\/#listItem\",\"name\":\"WEF i walka z dezinformacj\\u0105 w internecie\"},\"previousItem\":{\"@type\":\"ListItem\",\"@id\":\"https:\\\/\\\/wia.net.pl#listItem\",\"name\":\"Home\"}},{\"@type\":\"ListItem\",\"@id\":\"https:\\\/\\\/wia.net.pl\\\/index.php\\\/2023\\\/06\\\/02\\\/wef-i-walka-z-dezinformacja-w-internecie\\\/#listItem\",\"position\":3,\"name\":\"WEF i walka z dezinformacj\\u0105 w internecie\",\"previousItem\":{\"@type\":\"ListItem\",\"@id\":\"https:\\\/\\\/wia.net.pl\\\/index.php\\\/category\\\/wiadomoscizeswiata\\\/#listItem\",\"name\":\"Wiadomo\\u015bci ze \\u015bwiata\"}}]},{\"@type\":\"Person\",\"@id\":\"https:\\\/\\\/wia.net.pl\\\/#person\",\"name\":\"Bart\\u0142omiej Talarczyk\",\"image\":{\"@type\":\"ImageObject\",\"@id\":\"https:\\\/\\\/wia.net.pl\\\/index.php\\\/2023\\\/06\\\/02\\\/wef-i-walka-z-dezinformacja-w-internecie\\\/#personImage\",\"url\":\"https:\\\/\\\/wia.net.pl\\\/wp-content\\\/uploads\\\/avatar-privacy\\\/cache\\\/user\\\/1\\\/7\\\/176a6b161c58363ff49b5c167264231f519f5c7fa183ca1f61e891769b6b56d5-96.jpg\",\"width\":96,\"height\":96,\"caption\":\"Bart\\u0142omiej Talarczyk\"}},{\"@type\":\"Person\",\"@id\":\"https:\\\/\\\/wia.net.pl\\\/index.php\\\/author\\\/talar\\\/#author\",\"url\":\"https:\\\/\\\/wia.net.pl\\\/index.php\\\/author\\\/talar\\\/\",\"name\":\"Bart\\u0142omiej Talarczyk\",\"image\":{\"@type\":\"ImageObject\",\"@id\":\"https:\\\/\\\/wia.net.pl\\\/index.php\\\/2023\\\/06\\\/02\\\/wef-i-walka-z-dezinformacja-w-internecie\\\/#authorImage\",\"url\":\"https:\\\/\\\/wia.net.pl\\\/wp-content\\\/uploads\\\/avatar-privacy\\\/cache\\\/user\\\/1\\\/7\\\/176a6b161c58363ff49b5c167264231f519f5c7fa183ca1f61e891769b6b56d5-96.jpg\",\"width\":96,\"height\":96,\"caption\":\"Bart\\u0142omiej Talarczyk\"}},{\"@type\":\"WebPage\",\"@id\":\"https:\\\/\\\/wia.net.pl\\\/index.php\\\/2023\\\/06\\\/02\\\/wef-i-walka-z-dezinformacja-w-internecie\\\/#webpage\",\"url\":\"https:\\\/\\\/wia.net.pl\\\/index.php\\\/2023\\\/06\\\/02\\\/wef-i-walka-z-dezinformacja-w-internecie\\\/\",\"name\":\"WEF i walka z dezinformacj\\u0105 w internecie - Wolno\\u015b\\u0107 i Anarchia\",\"description\":\"WEF i walka z dezinformacj\\u0105 w internecie\",\"inLanguage\":\"pl-PL\",\"isPartOf\":{\"@id\":\"https:\\\/\\\/wia.net.pl\\\/#website\"},\"breadcrumb\":{\"@id\":\"https:\\\/\\\/wia.net.pl\\\/index.php\\\/2023\\\/06\\\/02\\\/wef-i-walka-z-dezinformacja-w-internecie\\\/#breadcrumblist\"},\"author\":{\"@id\":\"https:\\\/\\\/wia.net.pl\\\/index.php\\\/author\\\/talar\\\/#author\"},\"creator\":{\"@id\":\"https:\\\/\\\/wia.net.pl\\\/index.php\\\/author\\\/talar\\\/#author\"},\"image\":{\"@type\":\"ImageObject\",\"url\":\"https:\\\/\\\/wia.net.pl\\\/wp-content\\\/uploads\\\/2023\\\/06\\\/haker2.jpg\",\"@id\":\"https:\\\/\\\/wia.net.pl\\\/index.php\\\/2023\\\/06\\\/02\\\/wef-i-walka-z-dezinformacja-w-internecie\\\/#mainImage\",\"width\":2121,\"height\":1414},\"primaryImageOfPage\":{\"@id\":\"https:\\\/\\\/wia.net.pl\\\/index.php\\\/2023\\\/06\\\/02\\\/wef-i-walka-z-dezinformacja-w-internecie\\\/#mainImage\"},\"datePublished\":\"2023-06-02T17:42:26+02:00\",\"dateModified\":\"2023-06-02T17:42:27+02:00\"},{\"@type\":\"WebSite\",\"@id\":\"https:\\\/\\\/wia.net.pl\\\/#website\",\"url\":\"https:\\\/\\\/wia.net.pl\\\/\",\"name\":\"Wolno\\u015b\\u0107 i Anarchia\",\"description\":\"Ka\\u017cdy wewn\\u0119trznie jest anarchist\\u0105.\",\"inLanguage\":\"pl-PL\",\"publisher\":{\"@id\":\"https:\\\/\\\/wia.net.pl\\\/#person\"}}]}\n\t\t<\/script>\n\t\t<!-- All in One SEO -->\n\n","aioseo_head_json":{"title":"WEF i walka z dezinformacj\u0105 w internecie - Wolno\u015b\u0107 i Anarchia","description":"WEF i walka z dezinformacj\u0105 w internecie","canonical_url":"https:\/\/wia.net.pl\/index.php\/2023\/06\/02\/wef-i-walka-z-dezinformacja-w-internecie\/","robots":"max-image-preview:large","keywords":"","webmasterTools":{"miscellaneous":""},"schema":{"@context":"https:\/\/schema.org","@graph":[{"@type":"BlogPosting","@id":"https:\/\/wia.net.pl\/index.php\/2023\/06\/02\/wef-i-walka-z-dezinformacja-w-internecie\/#blogposting","name":"WEF i walka z dezinformacj\u0105 w internecie - Wolno\u015b\u0107 i Anarchia","headline":"WEF i walka z dezinformacj\u0105 w internecie","author":{"@id":"https:\/\/wia.net.pl\/index.php\/author\/talar\/#author"},"publisher":{"@id":"https:\/\/wia.net.pl\/#person"},"image":{"@type":"ImageObject","url":"https:\/\/wia.net.pl\/wp-content\/uploads\/2023\/06\/haker2.jpg","width":2121,"height":1414},"datePublished":"2023-06-02T17:42:26+02:00","dateModified":"2023-06-02T17:42:27+02:00","inLanguage":"pl-PL","mainEntityOfPage":{"@id":"https:\/\/wia.net.pl\/index.php\/2023\/06\/02\/wef-i-walka-z-dezinformacja-w-internecie\/#webpage"},"isPartOf":{"@id":"https:\/\/wia.net.pl\/index.php\/2023\/06\/02\/wef-i-walka-z-dezinformacja-w-internecie\/#webpage"},"articleSection":"Wiadomo\u015bci ze \u015bwiata, Cesarstwo Rzymskie, Historia ziemi, Illuminati, Ko\u015bci\u00f3\u0142 katolicki, Niewolnictwo, NWO, Rz\u0105d, Satanizm, Tajne stowarzyszenia, Terraformacja, Transhumanizm, Wszech\u015bwiat"},{"@type":"BreadcrumbList","@id":"https:\/\/wia.net.pl\/index.php\/2023\/06\/02\/wef-i-walka-z-dezinformacja-w-internecie\/#breadcrumblist","itemListElement":[{"@type":"ListItem","@id":"https:\/\/wia.net.pl#listItem","position":1,"name":"Home","item":"https:\/\/wia.net.pl","nextItem":{"@type":"ListItem","@id":"https:\/\/wia.net.pl\/index.php\/category\/wiadomoscizeswiata\/#listItem","name":"Wiadomo\u015bci ze \u015bwiata"}},{"@type":"ListItem","@id":"https:\/\/wia.net.pl\/index.php\/category\/wiadomoscizeswiata\/#listItem","position":2,"name":"Wiadomo\u015bci ze \u015bwiata","item":"https:\/\/wia.net.pl\/index.php\/category\/wiadomoscizeswiata\/","nextItem":{"@type":"ListItem","@id":"https:\/\/wia.net.pl\/index.php\/2023\/06\/02\/wef-i-walka-z-dezinformacja-w-internecie\/#listItem","name":"WEF i walka z dezinformacj\u0105 w internecie"},"previousItem":{"@type":"ListItem","@id":"https:\/\/wia.net.pl#listItem","name":"Home"}},{"@type":"ListItem","@id":"https:\/\/wia.net.pl\/index.php\/2023\/06\/02\/wef-i-walka-z-dezinformacja-w-internecie\/#listItem","position":3,"name":"WEF i walka z dezinformacj\u0105 w internecie","previousItem":{"@type":"ListItem","@id":"https:\/\/wia.net.pl\/index.php\/category\/wiadomoscizeswiata\/#listItem","name":"Wiadomo\u015bci ze \u015bwiata"}}]},{"@type":"Person","@id":"https:\/\/wia.net.pl\/#person","name":"Bart\u0142omiej Talarczyk","image":{"@type":"ImageObject","@id":"https:\/\/wia.net.pl\/index.php\/2023\/06\/02\/wef-i-walka-z-dezinformacja-w-internecie\/#personImage","url":"https:\/\/wia.net.pl\/wp-content\/uploads\/avatar-privacy\/cache\/user\/1\/7\/176a6b161c58363ff49b5c167264231f519f5c7fa183ca1f61e891769b6b56d5-96.jpg","width":96,"height":96,"caption":"Bart\u0142omiej Talarczyk"}},{"@type":"Person","@id":"https:\/\/wia.net.pl\/index.php\/author\/talar\/#author","url":"https:\/\/wia.net.pl\/index.php\/author\/talar\/","name":"Bart\u0142omiej Talarczyk","image":{"@type":"ImageObject","@id":"https:\/\/wia.net.pl\/index.php\/2023\/06\/02\/wef-i-walka-z-dezinformacja-w-internecie\/#authorImage","url":"https:\/\/wia.net.pl\/wp-content\/uploads\/avatar-privacy\/cache\/user\/1\/7\/176a6b161c58363ff49b5c167264231f519f5c7fa183ca1f61e891769b6b56d5-96.jpg","width":96,"height":96,"caption":"Bart\u0142omiej Talarczyk"}},{"@type":"WebPage","@id":"https:\/\/wia.net.pl\/index.php\/2023\/06\/02\/wef-i-walka-z-dezinformacja-w-internecie\/#webpage","url":"https:\/\/wia.net.pl\/index.php\/2023\/06\/02\/wef-i-walka-z-dezinformacja-w-internecie\/","name":"WEF i walka z dezinformacj\u0105 w internecie - Wolno\u015b\u0107 i Anarchia","description":"WEF i walka z dezinformacj\u0105 w internecie","inLanguage":"pl-PL","isPartOf":{"@id":"https:\/\/wia.net.pl\/#website"},"breadcrumb":{"@id":"https:\/\/wia.net.pl\/index.php\/2023\/06\/02\/wef-i-walka-z-dezinformacja-w-internecie\/#breadcrumblist"},"author":{"@id":"https:\/\/wia.net.pl\/index.php\/author\/talar\/#author"},"creator":{"@id":"https:\/\/wia.net.pl\/index.php\/author\/talar\/#author"},"image":{"@type":"ImageObject","url":"https:\/\/wia.net.pl\/wp-content\/uploads\/2023\/06\/haker2.jpg","@id":"https:\/\/wia.net.pl\/index.php\/2023\/06\/02\/wef-i-walka-z-dezinformacja-w-internecie\/#mainImage","width":2121,"height":1414},"primaryImageOfPage":{"@id":"https:\/\/wia.net.pl\/index.php\/2023\/06\/02\/wef-i-walka-z-dezinformacja-w-internecie\/#mainImage"},"datePublished":"2023-06-02T17:42:26+02:00","dateModified":"2023-06-02T17:42:27+02:00"},{"@type":"WebSite","@id":"https:\/\/wia.net.pl\/#website","url":"https:\/\/wia.net.pl\/","name":"Wolno\u015b\u0107 i Anarchia","description":"Ka\u017cdy wewn\u0119trznie jest anarchist\u0105.","inLanguage":"pl-PL","publisher":{"@id":"https:\/\/wia.net.pl\/#person"}}]},"og:locale":"pl_PL","og:site_name":"Wolno\u015b\u0107 i Anarchia - Ka\u017cdy wewn\u0119trznie jest anarchist\u0105.","og:type":"article","og:title":"WEF i walka z dezinformacj\u0105 w internecie - Wolno\u015b\u0107 i Anarchia","og:description":"WEF i walka z dezinformacj\u0105 w internecie","og:url":"https:\/\/wia.net.pl\/index.php\/2023\/06\/02\/wef-i-walka-z-dezinformacja-w-internecie\/","og:image":"https:\/\/wia.net.pl\/wp-content\/uploads\/2023\/11\/cropped-freedom-i73367.jpg","og:image:secure_url":"https:\/\/wia.net.pl\/wp-content\/uploads\/2023\/11\/cropped-freedom-i73367.jpg","article:published_time":"2023-06-02T15:42:26+00:00","article:modified_time":"2023-06-02T15:42:27+00:00","twitter:card":"summary_large_image","twitter:title":"WEF i walka z dezinformacj\u0105 w internecie - Wolno\u015b\u0107 i Anarchia","twitter:description":"WEF i walka z dezinformacj\u0105 w internecie","twitter:image":"https:\/\/wia.net.pl\/wp-content\/uploads\/2023\/11\/cropped-freedom-i73367.jpg"},"aioseo_meta_data":{"post_id":"1125","title":null,"description":null,"keywords":null,"keyphrases":null,"primary_term":null,"canonical_url":null,"og_title":null,"og_description":null,"og_object_type":"default","og_image_type":"default","og_image_url":null,"og_image_width":null,"og_image_height":null,"og_image_custom_url":null,"og_image_custom_fields":null,"og_video":null,"og_custom_url":null,"og_article_section":null,"og_article_tags":null,"twitter_use_og":false,"twitter_card":"default","twitter_image_type":"default","twitter_image_url":null,"twitter_image_custom_url":null,"twitter_image_custom_fields":null,"twitter_title":null,"twitter_description":null,"schema":{"blockGraphs":[],"customGraphs":[],"default":{"data":{"Article":[],"Course":[],"Dataset":[],"FAQPage":[],"Movie":[],"Person":[],"Product":[],"ProductReview":[],"Car":[],"Recipe":[],"Service":[],"SoftwareApplication":[],"WebPage":[]},"graphName":"","isEnabled":true},"graphs":[]},"schema_type":"default","schema_type_options":null,"pillar_content":false,"robots_default":true,"robots_noindex":false,"robots_noarchive":false,"robots_nosnippet":false,"robots_nofollow":false,"robots_noimageindex":false,"robots_noodp":false,"robots_notranslate":false,"robots_max_snippet":null,"robots_max_videopreview":null,"robots_max_imagepreview":"large","priority":null,"frequency":null,"local_seo":null,"breadcrumb_settings":null,"limit_modified_date":false,"ai":null,"created":"2023-06-06 13:39:18","updated":"2025-06-04 07:33:21","seo_analyzer_scan_date":null,"focus_keyword":null,"additional_keywords":null,"truseo_locale":null},"aioseo_breadcrumb":"<div class=\"aioseo-breadcrumbs\"><span class=\"aioseo-breadcrumb\">\n\t\t\t<a href=\"https:\/\/wia.net.pl\" title=\"Home\">Home<\/a>\n\t\t<\/span><span class=\"aioseo-breadcrumb-separator\">&raquo;<\/span><span class=\"aioseo-breadcrumb\">\n\t\t\t<a href=\"https:\/\/wia.net.pl\/index.php\/category\/wiadomoscizeswiata\/\" title=\"Wiadomo\u015bci ze \u015bwiata\">Wiadomo\u015bci ze \u015bwiata<\/a>\n\t\t<\/span><span class=\"aioseo-breadcrumb-separator\">&raquo;<\/span><span class=\"aioseo-breadcrumb\">\n\t\t\tWEF i walka z dezinformacj\u0105 w internecie\n\t\t<\/span><\/div>","aioseo_breadcrumb_json":[{"label":"Home","link":"https:\/\/wia.net.pl"},{"label":"Wiadomo\u015bci ze \u015bwiata","link":"https:\/\/wia.net.pl\/index.php\/category\/wiadomoscizeswiata\/"},{"label":"WEF i walka z dezinformacj\u0105 w internecie","link":"https:\/\/wia.net.pl\/index.php\/2023\/06\/02\/wef-i-walka-z-dezinformacja-w-internecie\/"}],"_links":{"self":[{"href":"https:\/\/wia.net.pl\/index.php\/wp-json\/wp\/v2\/posts\/1125"}],"collection":[{"href":"https:\/\/wia.net.pl\/index.php\/wp-json\/wp\/v2\/posts"}],"about":[{"href":"https:\/\/wia.net.pl\/index.php\/wp-json\/wp\/v2\/types\/post"}],"author":[{"embeddable":true,"href":"https:\/\/wia.net.pl\/index.php\/wp-json\/wp\/v2\/users\/3"}],"replies":[{"embeddable":true,"href":"https:\/\/wia.net.pl\/index.php\/wp-json\/wp\/v2\/comments?post=1125"}],"version-history":[{"count":1,"href":"https:\/\/wia.net.pl\/index.php\/wp-json\/wp\/v2\/posts\/1125\/revisions"}],"predecessor-version":[{"id":1127,"href":"https:\/\/wia.net.pl\/index.php\/wp-json\/wp\/v2\/posts\/1125\/revisions\/1127"}],"wp:featuredmedia":[{"embeddable":true,"href":"https:\/\/wia.net.pl\/index.php\/wp-json\/wp\/v2\/media\/1126"}],"wp:attachment":[{"href":"https:\/\/wia.net.pl\/index.php\/wp-json\/wp\/v2\/media?parent=1125"}],"wp:term":[{"taxonomy":"category","embeddable":true,"href":"https:\/\/wia.net.pl\/index.php\/wp-json\/wp\/v2\/categories?post=1125"},{"taxonomy":"post_tag","embeddable":true,"href":"https:\/\/wia.net.pl\/index.php\/wp-json\/wp\/v2\/tags?post=1125"}],"curies":[{"name":"wp","href":"https:\/\/api.w.org\/{rel}","templated":true}]}}