{"id":11286,"date":"2025-12-01T18:16:01","date_gmt":"2025-12-01T17:16:01","guid":{"rendered":"https:\/\/wia.net.pl\/?p=11286"},"modified":"2026-01-22T01:34:17","modified_gmt":"2026-01-22T00:34:17","slug":"ukryte-rytualy-umyslu-rytual-racjonalnosci","status":"publish","type":"post","link":"https:\/\/wia.net.pl\/index.php\/2025\/12\/01\/ukryte-rytualy-umyslu-rytual-racjonalnosci\/","title":{"rendered":"Ukryte rytua\u0142y umys\u0142u \u2013 Rytua\u0142 racjonalno\u015bci"},"content":{"rendered":"\n<p>Ukryte rytua\u0142y umys\u0142u \u2013 w co wierzysz, kiedy my\u015blisz, \u017ce my\u015blisz sam<\/p>\n\n\n\n<p><strong>Rytua\u0142 racjonalno\u015bci \u2013 kult logiki, kt\u00f3ry odci\u0105\u0142 nas od intuicji<\/strong><\/p>\n\n\n\n<p><br>Jak rozum sta\u0142 si\u0119 nowym kap\u0142anem i jak mo\u017cna mu odebra\u0107 w\u0142adz\u0119.<\/p>\n\n\n\n<p>Opracowanie w\u0142asne.<\/p>\n\n\n\n<p>Seria dla p\u0142atnych subskrybent\u00f3w Substack<\/p>\n\n\n<div class=\"substack-post-embed\">\n<p lang=\"en\">Ukryte rytua\u0142y umys\u0142u \u2013 Rytua\u0142 racjonalno\u015bci by Wolno\u015b\u0107 i Anarchia<\/p>\n<p>Rytua\u0142 racjonalno\u015bci \u2013 kult logiki, kt\u00f3ry odci\u0105\u0142 nas od intuicji<\/p>\n<p><a data-post-link href=\"https:\/\/wolnoscanarchia.substack.com\/p\/ukryte-rytuay-umysu-rytua-racjonalnosci\">Read on Substack<\/a><\/div>\n<p><script async src=\"https:\/\/substack.com\/embedjs\/embed.js\" charset=\"utf-8\"><\/script><\/p>\n<div class=\"remoji_bar\"><div class=\"remoji_add_container\" data-remoji-id=\"11286\" data-remoji-type=\"post\"><div class=\"remoji_add_icon\"><\/div><\/div><div class=\"remoji_error_bar\" data-remoji-id=\"11286\" data-remoji-type=\"post\" style=\"display: none;\">Error happened.<\/div><\/div>","protected":false},"excerpt":{"rendered":"<p>Ukryte rytua\u0142y umys\u0142u \u2013 w co wierzysz, kiedy my\u015blisz, \u017ce my\u015blisz sam Rytua\u0142 racjonalno\u015bci \u2013 kult logiki, kt\u00f3ry odci\u0105\u0142 nas od intuicji Jak rozum sta\u0142 si\u0119 nowym kap\u0142anem i jak mo\u017cna mu odebra\u0107 w\u0142adz\u0119. Opracowanie w\u0142asne. Seria dla p\u0142atnych subskrybent\u00f3w&#8230; <\/p>\n","protected":false},"author":3,"featured_media":11287,"comment_status":"open","ping_status":"open","sticky":false,"template":"","format":"standard","meta":{"_acf_changed":false,"_bbp_topic_count":0,"_bbp_reply_count":0,"_bbp_total_topic_count":0,"_bbp_total_reply_count":0,"_bbp_voice_count":0,"_bbp_anonymous_reply_count":0,"_bbp_topic_count_hidden":0,"_bbp_reply_count_hidden":0,"_bbp_forum_subforum_count":0,"om_disable_all_campaigns":false,"_monsterinsights_skip_tracking":false,"_monsterinsights_sitenote_active":false,"_monsterinsights_sitenote_note":"","_monsterinsights_sitenote_category":0,"footnotes":""},"categories":[186],"tags":[68,63,42,71,26,23,32,22,70,62],"class_list":["post-11286","post","type-post","status-publish","format-standard","has-post-thumbnail","hentry","category-platna-subskrypcja-substack","tag-cesarstwo-rzymskie","tag-historia-ziemi","tag-illuminati","tag-kosciol-katolicki","tag-ludzkosc","tag-niewolnictwo","tag-rzad","tag-satanizm","tag-tajne-stowarzyszenia","tag-wszechswiat"],"acf":[],"aioseo_notices":[],"_links":{"self":[{"href":"https:\/\/wia.net.pl\/index.php\/wp-json\/wp\/v2\/posts\/11286"}],"collection":[{"href":"https:\/\/wia.net.pl\/index.php\/wp-json\/wp\/v2\/posts"}],"about":[{"href":"https:\/\/wia.net.pl\/index.php\/wp-json\/wp\/v2\/types\/post"}],"author":[{"embeddable":true,"href":"https:\/\/wia.net.pl\/index.php\/wp-json\/wp\/v2\/users\/3"}],"replies":[{"embeddable":true,"href":"https:\/\/wia.net.pl\/index.php\/wp-json\/wp\/v2\/comments?post=11286"}],"version-history":[{"count":1,"href":"https:\/\/wia.net.pl\/index.php\/wp-json\/wp\/v2\/posts\/11286\/revisions"}],"predecessor-version":[{"id":11288,"href":"https:\/\/wia.net.pl\/index.php\/wp-json\/wp\/v2\/posts\/11286\/revisions\/11288"}],"wp:featuredmedia":[{"embeddable":true,"href":"https:\/\/wia.net.pl\/index.php\/wp-json\/wp\/v2\/media\/11287"}],"wp:attachment":[{"href":"https:\/\/wia.net.pl\/index.php\/wp-json\/wp\/v2\/media?parent=11286"}],"wp:term":[{"taxonomy":"category","embeddable":true,"href":"https:\/\/wia.net.pl\/index.php\/wp-json\/wp\/v2\/categories?post=11286"},{"taxonomy":"post_tag","embeddable":true,"href":"https:\/\/wia.net.pl\/index.php\/wp-json\/wp\/v2\/tags?post=11286"}],"curies":[{"name":"wp","href":"https:\/\/api.w.org\/{rel}","templated":true}]}}