{"id":11302,"date":"2025-12-20T23:48:32","date_gmt":"2025-12-20T22:48:32","guid":{"rendered":"https:\/\/wia.net.pl\/?p=11302"},"modified":"2025-12-20T23:48:33","modified_gmt":"2025-12-20T22:48:33","slug":"zyczenia-swiateczne-2025","status":"publish","type":"post","link":"https:\/\/wia.net.pl\/index.php\/2025\/12\/20\/zyczenia-swiateczne-2025\/","title":{"rendered":"\u017byczenia \u015bwi\u0105teczne 2025"},"content":{"rendered":"\n<p>Na pewno zauwa\u017cyli\u015bcie, \u017ce ostatnio mniej nagrywamy i publikujemy. \ud83c\udfa4\ud83c\udfac<\/p>\n\n\n\n<p>Ma to \u015bcis\u0142y zwi\u0105zek z nasz\u0105 przeprowadzk\u0105 do nowego miejsca, kt\u00f3re musieli\u015bmy sobie najpierw znale\u017a\u0107. \ud83d\udcbb<\/p>\n\n\n\n<p>Nasze \u015bwi\u0119ta w tym roku s\u0105 pod znakiem pakowania, wo\u017cenia, noszenia i urz\u0105dzania. \ud83d\ude9b<\/p>\n\n\n\n<p>Jednak powr\u00f3cimy do was tak szybko jak to tylko b\u0119dzie mo\u017cliwe i to ze zdwojon\u0105 si\u0142\u0105! \ud83d\ude0e\ud83d\udc4d<\/p>\n\n\n\n<p>Sk\u0142adamy wam najserdeczniejsze \u017cyczenia \u015bwi\u0105teczne \ud83c\udf32<\/p>\n\n\n\n<figure class=\"wp-block-image size-large\"><img loading=\"lazy\" decoding=\"async\" width=\"1024\" height=\"576\" src=\"https:\/\/wia.net.pl\/wp-content\/uploads\/2025\/12\/zyczenia-1024x576.jpg\" alt=\"\" class=\"wp-image-11303\" srcset=\"https:\/\/wia.net.pl\/wp-content\/uploads\/2025\/12\/zyczenia-1024x576.jpg 1024w, https:\/\/wia.net.pl\/wp-content\/uploads\/2025\/12\/zyczenia-300x169.jpg 300w, https:\/\/wia.net.pl\/wp-content\/uploads\/2025\/12\/zyczenia-768x432.jpg 768w, https:\/\/wia.net.pl\/wp-content\/uploads\/2025\/12\/zyczenia-1536x864.jpg 1536w, https:\/\/wia.net.pl\/wp-content\/uploads\/2025\/12\/zyczenia-480x270.jpg 480w, https:\/\/wia.net.pl\/wp-content\/uploads\/2025\/12\/zyczenia.jpg 1920w\" sizes=\"(max-width: 1024px) 100vw, 1024px\" \/><\/figure>\n","protected":false},"excerpt":{"rendered":"<p>Na pewno zauwa\u017cyli\u015bcie, \u017ce ostatnio mniej nagrywamy i publikujemy. \ud83c\udfa4\ud83c\udfac Ma to \u015bcis\u0142y zwi\u0105zek z nasz\u0105 przeprowadzk\u0105 do nowego miejsca, kt\u00f3re musieli\u015bmy sobie najpierw znale\u017a\u0107. \ud83d\udcbb Nasze \u015bwi\u0119ta w tym roku s\u0105 pod znakiem pakowania, wo\u017cenia, noszenia i urz\u0105dzania. \ud83d\ude9b&#8230; <\/p>\n","protected":false},"author":3,"featured_media":11303,"comment_status":"open","ping_status":"open","sticky":false,"template":"","format":"standard","meta":{"_acf_changed":false,"_bbp_topic_count":0,"_bbp_reply_count":0,"_bbp_total_topic_count":0,"_bbp_total_reply_count":0,"_bbp_voice_count":0,"_bbp_anonymous_reply_count":0,"_bbp_topic_count_hidden":0,"_bbp_reply_count_hidden":0,"_bbp_forum_subforum_count":0,"om_disable_all_campaigns":false,"_monsterinsights_skip_tracking":false,"footnotes":""},"categories":[98],"tags":[],"class_list":["post-11302","post","type-post","status-publish","format-standard","has-post-thumbnail","hentry","category-sentencje"],"acf":[],"aioseo_notices":[],"aioseo_head":"\n\t\t<!-- All in One SEO 5.0.1.1 - aioseo.com -->\n\t<meta name=\"description\" content=\"Na pewno zauwa\u017cyli\u015bcie, \u017ce ostatnio mniej nagrywamy i publikujemy. \ud83c\udfa4\ud83c\udfac Ma to \u015bcis\u0142y zwi\u0105zek z nasz\u0105 przeprowadzk\u0105 do nowego miejsca, kt\u00f3re musieli\u015bmy sobie najpierw znale\u017a\u0107. \ud83d\udcbb Nasze \u015bwi\u0119ta w tym roku s\u0105 pod znakiem pakowania, wo\u017cenia, noszenia i urz\u0105dzania. \ud83d\ude9b Jednak powr\u00f3cimy do was tak szybko jak to tylko b\u0119dzie mo\u017cliwe i to ze zdwojon\u0105\" \/>\n\t<meta name=\"robots\" content=\"max-image-preview:large\" \/>\n\t<meta name=\"author\" content=\"Bart\u0142omiej Talarczyk\"\/>\n\t<link rel=\"canonical\" href=\"https:\/\/wia.net.pl\/index.php\/2025\/12\/20\/zyczenia-swiateczne-2025\/\" \/>\n\t<meta name=\"generator\" content=\"All in One SEO (AIOSEO) 5.0.1.1\" \/>\n\t\t<meta property=\"og:locale\" content=\"pl_PL\" \/>\n\t\t<meta property=\"og:site_name\" content=\"Wolno\u015b\u0107 i Anarchia - Ka\u017cdy wewn\u0119trznie jest anarchist\u0105.\" \/>\n\t\t<meta property=\"og:type\" content=\"article\" \/>\n\t\t<meta property=\"og:title\" content=\"\u017byczenia \u015bwi\u0105teczne 2025 - Wolno\u015b\u0107 i Anarchia\" \/>\n\t\t<meta property=\"og:description\" content=\"Na pewno zauwa\u017cyli\u015bcie, \u017ce ostatnio mniej nagrywamy i publikujemy. \ud83c\udfa4\ud83c\udfac Ma to \u015bcis\u0142y zwi\u0105zek z nasz\u0105 przeprowadzk\u0105 do nowego miejsca, kt\u00f3re musieli\u015bmy sobie najpierw znale\u017a\u0107. \ud83d\udcbb Nasze \u015bwi\u0119ta w tym roku s\u0105 pod znakiem pakowania, wo\u017cenia, noszenia i urz\u0105dzania. \ud83d\ude9b Jednak powr\u00f3cimy do was tak szybko jak to tylko b\u0119dzie mo\u017cliwe i to ze zdwojon\u0105\" \/>\n\t\t<meta property=\"og:url\" content=\"https:\/\/wia.net.pl\/index.php\/2025\/12\/20\/zyczenia-swiateczne-2025\/\" \/>\n\t\t<meta property=\"og:image\" content=\"https:\/\/wia.net.pl\/wp-content\/uploads\/2023\/11\/cropped-freedom-i73367.jpg\" \/>\n\t\t<meta property=\"og:image:secure_url\" content=\"https:\/\/wia.net.pl\/wp-content\/uploads\/2023\/11\/cropped-freedom-i73367.jpg\" \/>\n\t\t<meta property=\"article:published_time\" content=\"2025-12-20T22:48:32+00:00\" \/>\n\t\t<meta property=\"article:modified_time\" content=\"2025-12-20T22:48:33+00:00\" \/>\n\t\t<meta name=\"twitter:card\" content=\"summary_large_image\" \/>\n\t\t<meta name=\"twitter:title\" content=\"\u017byczenia \u015bwi\u0105teczne 2025 - Wolno\u015b\u0107 i Anarchia\" \/>\n\t\t<meta name=\"twitter:description\" content=\"Na pewno zauwa\u017cyli\u015bcie, \u017ce ostatnio mniej nagrywamy i publikujemy. \ud83c\udfa4\ud83c\udfac Ma to \u015bcis\u0142y zwi\u0105zek z nasz\u0105 przeprowadzk\u0105 do nowego miejsca, kt\u00f3re musieli\u015bmy sobie najpierw znale\u017a\u0107. \ud83d\udcbb Nasze \u015bwi\u0119ta w tym roku s\u0105 pod znakiem pakowania, wo\u017cenia, noszenia i urz\u0105dzania. \ud83d\ude9b Jednak powr\u00f3cimy do was tak szybko jak to tylko b\u0119dzie mo\u017cliwe i to ze zdwojon\u0105\" \/>\n\t\t<meta name=\"twitter:image\" content=\"https:\/\/wia.net.pl\/wp-content\/uploads\/2023\/11\/cropped-freedom-i73367.jpg\" \/>\n\t\t<script type=\"application\/ld+json\" class=\"aioseo-schema\">\n\t\t\t{\"@context\":\"https:\\\/\\\/schema.org\",\"@graph\":[{\"@type\":\"BlogPosting\",\"@id\":\"https:\\\/\\\/wia.net.pl\\\/index.php\\\/2025\\\/12\\\/20\\\/zyczenia-swiateczne-2025\\\/#blogposting\",\"name\":\"\\u017byczenia \\u015bwi\\u0105teczne 2025 - Wolno\\u015b\\u0107 i Anarchia\",\"headline\":\"\\u017byczenia \\u015bwi\\u0105teczne 2025\",\"author\":{\"@id\":\"https:\\\/\\\/wia.net.pl\\\/index.php\\\/author\\\/talar\\\/#author\"},\"publisher\":{\"@id\":\"https:\\\/\\\/wia.net.pl\\\/#person\"},\"image\":{\"@type\":\"ImageObject\",\"url\":\"https:\\\/\\\/wia.net.pl\\\/wp-content\\\/uploads\\\/2025\\\/12\\\/zyczenia.jpg\",\"width\":1920,\"height\":1080},\"datePublished\":\"2025-12-20T23:48:32+01:00\",\"dateModified\":\"2025-12-20T23:48:33+01:00\",\"inLanguage\":\"pl-PL\",\"mainEntityOfPage\":{\"@id\":\"https:\\\/\\\/wia.net.pl\\\/index.php\\\/2025\\\/12\\\/20\\\/zyczenia-swiateczne-2025\\\/#webpage\"},\"isPartOf\":{\"@id\":\"https:\\\/\\\/wia.net.pl\\\/index.php\\\/2025\\\/12\\\/20\\\/zyczenia-swiateczne-2025\\\/#webpage\"},\"articleSection\":\"Sentencje\"},{\"@type\":\"BreadcrumbList\",\"@id\":\"https:\\\/\\\/wia.net.pl\\\/index.php\\\/2025\\\/12\\\/20\\\/zyczenia-swiateczne-2025\\\/#breadcrumblist\",\"itemListElement\":[{\"@type\":\"ListItem\",\"@id\":\"https:\\\/\\\/wia.net.pl#listItem\",\"position\":1,\"name\":\"Home\",\"item\":\"https:\\\/\\\/wia.net.pl\",\"nextItem\":{\"@type\":\"ListItem\",\"@id\":\"https:\\\/\\\/wia.net.pl\\\/index.php\\\/category\\\/sentencje\\\/#listItem\",\"name\":\"Sentencje\"}},{\"@type\":\"ListItem\",\"@id\":\"https:\\\/\\\/wia.net.pl\\\/index.php\\\/category\\\/sentencje\\\/#listItem\",\"position\":2,\"name\":\"Sentencje\",\"item\":\"https:\\\/\\\/wia.net.pl\\\/index.php\\\/category\\\/sentencje\\\/\",\"nextItem\":{\"@type\":\"ListItem\",\"@id\":\"https:\\\/\\\/wia.net.pl\\\/index.php\\\/2025\\\/12\\\/20\\\/zyczenia-swiateczne-2025\\\/#listItem\",\"name\":\"\\u017byczenia \\u015bwi\\u0105teczne 2025\"},\"previousItem\":{\"@type\":\"ListItem\",\"@id\":\"https:\\\/\\\/wia.net.pl#listItem\",\"name\":\"Home\"}},{\"@type\":\"ListItem\",\"@id\":\"https:\\\/\\\/wia.net.pl\\\/index.php\\\/2025\\\/12\\\/20\\\/zyczenia-swiateczne-2025\\\/#listItem\",\"position\":3,\"name\":\"\\u017byczenia \\u015bwi\\u0105teczne 2025\",\"previousItem\":{\"@type\":\"ListItem\",\"@id\":\"https:\\\/\\\/wia.net.pl\\\/index.php\\\/category\\\/sentencje\\\/#listItem\",\"name\":\"Sentencje\"}}]},{\"@type\":\"Person\",\"@id\":\"https:\\\/\\\/wia.net.pl\\\/#person\",\"name\":\"Bart\\u0142omiej Talarczyk\",\"image\":{\"@type\":\"ImageObject\",\"@id\":\"https:\\\/\\\/wia.net.pl\\\/index.php\\\/2025\\\/12\\\/20\\\/zyczenia-swiateczne-2025\\\/#personImage\",\"url\":\"https:\\\/\\\/wia.net.pl\\\/wp-content\\\/uploads\\\/avatar-privacy\\\/cache\\\/user\\\/1\\\/7\\\/176a6b161c58363ff49b5c167264231f519f5c7fa183ca1f61e891769b6b56d5-96.jpg\",\"width\":96,\"height\":96,\"caption\":\"Bart\\u0142omiej Talarczyk\"}},{\"@type\":\"Person\",\"@id\":\"https:\\\/\\\/wia.net.pl\\\/index.php\\\/author\\\/talar\\\/#author\",\"url\":\"https:\\\/\\\/wia.net.pl\\\/index.php\\\/author\\\/talar\\\/\",\"name\":\"Bart\\u0142omiej Talarczyk\",\"image\":{\"@type\":\"ImageObject\",\"@id\":\"https:\\\/\\\/wia.net.pl\\\/index.php\\\/2025\\\/12\\\/20\\\/zyczenia-swiateczne-2025\\\/#authorImage\",\"url\":\"https:\\\/\\\/wia.net.pl\\\/wp-content\\\/uploads\\\/avatar-privacy\\\/cache\\\/user\\\/1\\\/7\\\/176a6b161c58363ff49b5c167264231f519f5c7fa183ca1f61e891769b6b56d5-96.jpg\",\"width\":96,\"height\":96,\"caption\":\"Bart\\u0142omiej Talarczyk\"}},{\"@type\":\"WebPage\",\"@id\":\"https:\\\/\\\/wia.net.pl\\\/index.php\\\/2025\\\/12\\\/20\\\/zyczenia-swiateczne-2025\\\/#webpage\",\"url\":\"https:\\\/\\\/wia.net.pl\\\/index.php\\\/2025\\\/12\\\/20\\\/zyczenia-swiateczne-2025\\\/\",\"name\":\"\\u017byczenia \\u015bwi\\u0105teczne 2025 - Wolno\\u015b\\u0107 i Anarchia\",\"description\":\"Na pewno zauwa\\u017cyli\\u015bcie, \\u017ce ostatnio mniej nagrywamy i publikujemy. \\ud83c\\udfa4\\ud83c\\udfac Ma to \\u015bcis\\u0142y zwi\\u0105zek z nasz\\u0105 przeprowadzk\\u0105 do nowego miejsca, kt\\u00f3re musieli\\u015bmy sobie najpierw znale\\u017a\\u0107. \\ud83d\\udcbb Nasze \\u015bwi\\u0119ta w tym roku s\\u0105 pod znakiem pakowania, wo\\u017cenia, noszenia i urz\\u0105dzania. \\ud83d\\ude9b Jednak powr\\u00f3cimy do was tak szybko jak to tylko b\\u0119dzie mo\\u017cliwe i to ze zdwojon\\u0105\",\"inLanguage\":\"pl-PL\",\"isPartOf\":{\"@id\":\"https:\\\/\\\/wia.net.pl\\\/#website\"},\"breadcrumb\":{\"@id\":\"https:\\\/\\\/wia.net.pl\\\/index.php\\\/2025\\\/12\\\/20\\\/zyczenia-swiateczne-2025\\\/#breadcrumblist\"},\"author\":{\"@id\":\"https:\\\/\\\/wia.net.pl\\\/index.php\\\/author\\\/talar\\\/#author\"},\"creator\":{\"@id\":\"https:\\\/\\\/wia.net.pl\\\/index.php\\\/author\\\/talar\\\/#author\"},\"image\":{\"@type\":\"ImageObject\",\"url\":\"https:\\\/\\\/wia.net.pl\\\/wp-content\\\/uploads\\\/2025\\\/12\\\/zyczenia.jpg\",\"@id\":\"https:\\\/\\\/wia.net.pl\\\/index.php\\\/2025\\\/12\\\/20\\\/zyczenia-swiateczne-2025\\\/#mainImage\",\"width\":1920,\"height\":1080},\"primaryImageOfPage\":{\"@id\":\"https:\\\/\\\/wia.net.pl\\\/index.php\\\/2025\\\/12\\\/20\\\/zyczenia-swiateczne-2025\\\/#mainImage\"},\"datePublished\":\"2025-12-20T23:48:32+01:00\",\"dateModified\":\"2025-12-20T23:48:33+01:00\"},{\"@type\":\"WebSite\",\"@id\":\"https:\\\/\\\/wia.net.pl\\\/#website\",\"url\":\"https:\\\/\\\/wia.net.pl\\\/\",\"name\":\"Wolno\\u015b\\u0107 i Anarchia\",\"description\":\"Ka\\u017cdy wewn\\u0119trznie jest anarchist\\u0105.\",\"inLanguage\":\"pl-PL\",\"publisher\":{\"@id\":\"https:\\\/\\\/wia.net.pl\\\/#person\"}}]}\n\t\t<\/script>\n\t\t<!-- All in One SEO -->\n\n","aioseo_head_json":{"title":"\u017byczenia \u015bwi\u0105teczne 2025 - Wolno\u015b\u0107 i Anarchia","description":"Na pewno zauwa\u017cyli\u015bcie, \u017ce ostatnio mniej nagrywamy i publikujemy. \ud83c\udfa4\ud83c\udfac Ma to \u015bcis\u0142y zwi\u0105zek z nasz\u0105 przeprowadzk\u0105 do nowego miejsca, kt\u00f3re musieli\u015bmy sobie najpierw znale\u017a\u0107. \ud83d\udcbb Nasze \u015bwi\u0119ta w tym roku s\u0105 pod znakiem pakowania, wo\u017cenia, noszenia i urz\u0105dzania. \ud83d\ude9b Jednak powr\u00f3cimy do was tak szybko jak to tylko b\u0119dzie mo\u017cliwe i to ze zdwojon\u0105","canonical_url":"https:\/\/wia.net.pl\/index.php\/2025\/12\/20\/zyczenia-swiateczne-2025\/","robots":"max-image-preview:large","keywords":"","webmasterTools":{"miscellaneous":""},"schema":{"@context":"https:\/\/schema.org","@graph":[{"@type":"BlogPosting","@id":"https:\/\/wia.net.pl\/index.php\/2025\/12\/20\/zyczenia-swiateczne-2025\/#blogposting","name":"\u017byczenia \u015bwi\u0105teczne 2025 - Wolno\u015b\u0107 i Anarchia","headline":"\u017byczenia \u015bwi\u0105teczne 2025","author":{"@id":"https:\/\/wia.net.pl\/index.php\/author\/talar\/#author"},"publisher":{"@id":"https:\/\/wia.net.pl\/#person"},"image":{"@type":"ImageObject","url":"https:\/\/wia.net.pl\/wp-content\/uploads\/2025\/12\/zyczenia.jpg","width":1920,"height":1080},"datePublished":"2025-12-20T23:48:32+01:00","dateModified":"2025-12-20T23:48:33+01:00","inLanguage":"pl-PL","mainEntityOfPage":{"@id":"https:\/\/wia.net.pl\/index.php\/2025\/12\/20\/zyczenia-swiateczne-2025\/#webpage"},"isPartOf":{"@id":"https:\/\/wia.net.pl\/index.php\/2025\/12\/20\/zyczenia-swiateczne-2025\/#webpage"},"articleSection":"Sentencje"},{"@type":"BreadcrumbList","@id":"https:\/\/wia.net.pl\/index.php\/2025\/12\/20\/zyczenia-swiateczne-2025\/#breadcrumblist","itemListElement":[{"@type":"ListItem","@id":"https:\/\/wia.net.pl#listItem","position":1,"name":"Home","item":"https:\/\/wia.net.pl","nextItem":{"@type":"ListItem","@id":"https:\/\/wia.net.pl\/index.php\/category\/sentencje\/#listItem","name":"Sentencje"}},{"@type":"ListItem","@id":"https:\/\/wia.net.pl\/index.php\/category\/sentencje\/#listItem","position":2,"name":"Sentencje","item":"https:\/\/wia.net.pl\/index.php\/category\/sentencje\/","nextItem":{"@type":"ListItem","@id":"https:\/\/wia.net.pl\/index.php\/2025\/12\/20\/zyczenia-swiateczne-2025\/#listItem","name":"\u017byczenia \u015bwi\u0105teczne 2025"},"previousItem":{"@type":"ListItem","@id":"https:\/\/wia.net.pl#listItem","name":"Home"}},{"@type":"ListItem","@id":"https:\/\/wia.net.pl\/index.php\/2025\/12\/20\/zyczenia-swiateczne-2025\/#listItem","position":3,"name":"\u017byczenia \u015bwi\u0105teczne 2025","previousItem":{"@type":"ListItem","@id":"https:\/\/wia.net.pl\/index.php\/category\/sentencje\/#listItem","name":"Sentencje"}}]},{"@type":"Person","@id":"https:\/\/wia.net.pl\/#person","name":"Bart\u0142omiej Talarczyk","image":{"@type":"ImageObject","@id":"https:\/\/wia.net.pl\/index.php\/2025\/12\/20\/zyczenia-swiateczne-2025\/#personImage","url":"https:\/\/wia.net.pl\/wp-content\/uploads\/avatar-privacy\/cache\/user\/1\/7\/176a6b161c58363ff49b5c167264231f519f5c7fa183ca1f61e891769b6b56d5-96.jpg","width":96,"height":96,"caption":"Bart\u0142omiej Talarczyk"}},{"@type":"Person","@id":"https:\/\/wia.net.pl\/index.php\/author\/talar\/#author","url":"https:\/\/wia.net.pl\/index.php\/author\/talar\/","name":"Bart\u0142omiej Talarczyk","image":{"@type":"ImageObject","@id":"https:\/\/wia.net.pl\/index.php\/2025\/12\/20\/zyczenia-swiateczne-2025\/#authorImage","url":"https:\/\/wia.net.pl\/wp-content\/uploads\/avatar-privacy\/cache\/user\/1\/7\/176a6b161c58363ff49b5c167264231f519f5c7fa183ca1f61e891769b6b56d5-96.jpg","width":96,"height":96,"caption":"Bart\u0142omiej Talarczyk"}},{"@type":"WebPage","@id":"https:\/\/wia.net.pl\/index.php\/2025\/12\/20\/zyczenia-swiateczne-2025\/#webpage","url":"https:\/\/wia.net.pl\/index.php\/2025\/12\/20\/zyczenia-swiateczne-2025\/","name":"\u017byczenia \u015bwi\u0105teczne 2025 - Wolno\u015b\u0107 i Anarchia","description":"Na pewno zauwa\u017cyli\u015bcie, \u017ce ostatnio mniej nagrywamy i publikujemy. \ud83c\udfa4\ud83c\udfac Ma to \u015bcis\u0142y zwi\u0105zek z nasz\u0105 przeprowadzk\u0105 do nowego miejsca, kt\u00f3re musieli\u015bmy sobie najpierw znale\u017a\u0107. \ud83d\udcbb Nasze \u015bwi\u0119ta w tym roku s\u0105 pod znakiem pakowania, wo\u017cenia, noszenia i urz\u0105dzania. \ud83d\ude9b Jednak powr\u00f3cimy do was tak szybko jak to tylko b\u0119dzie mo\u017cliwe i to ze zdwojon\u0105","inLanguage":"pl-PL","isPartOf":{"@id":"https:\/\/wia.net.pl\/#website"},"breadcrumb":{"@id":"https:\/\/wia.net.pl\/index.php\/2025\/12\/20\/zyczenia-swiateczne-2025\/#breadcrumblist"},"author":{"@id":"https:\/\/wia.net.pl\/index.php\/author\/talar\/#author"},"creator":{"@id":"https:\/\/wia.net.pl\/index.php\/author\/talar\/#author"},"image":{"@type":"ImageObject","url":"https:\/\/wia.net.pl\/wp-content\/uploads\/2025\/12\/zyczenia.jpg","@id":"https:\/\/wia.net.pl\/index.php\/2025\/12\/20\/zyczenia-swiateczne-2025\/#mainImage","width":1920,"height":1080},"primaryImageOfPage":{"@id":"https:\/\/wia.net.pl\/index.php\/2025\/12\/20\/zyczenia-swiateczne-2025\/#mainImage"},"datePublished":"2025-12-20T23:48:32+01:00","dateModified":"2025-12-20T23:48:33+01:00"},{"@type":"WebSite","@id":"https:\/\/wia.net.pl\/#website","url":"https:\/\/wia.net.pl\/","name":"Wolno\u015b\u0107 i Anarchia","description":"Ka\u017cdy wewn\u0119trznie jest anarchist\u0105.","inLanguage":"pl-PL","publisher":{"@id":"https:\/\/wia.net.pl\/#person"}}]},"og:locale":"pl_PL","og:site_name":"Wolno\u015b\u0107 i Anarchia - Ka\u017cdy wewn\u0119trznie jest anarchist\u0105.","og:type":"article","og:title":"\u017byczenia \u015bwi\u0105teczne 2025 - Wolno\u015b\u0107 i Anarchia","og:description":"Na pewno zauwa\u017cyli\u015bcie, \u017ce ostatnio mniej nagrywamy i publikujemy. \ud83c\udfa4\ud83c\udfac Ma to \u015bcis\u0142y zwi\u0105zek z nasz\u0105 przeprowadzk\u0105 do nowego miejsca, kt\u00f3re musieli\u015bmy sobie najpierw znale\u017a\u0107. \ud83d\udcbb Nasze \u015bwi\u0119ta w tym roku s\u0105 pod znakiem pakowania, wo\u017cenia, noszenia i urz\u0105dzania. \ud83d\ude9b Jednak powr\u00f3cimy do was tak szybko jak to tylko b\u0119dzie mo\u017cliwe i to ze zdwojon\u0105","og:url":"https:\/\/wia.net.pl\/index.php\/2025\/12\/20\/zyczenia-swiateczne-2025\/","og:image":"https:\/\/wia.net.pl\/wp-content\/uploads\/2023\/11\/cropped-freedom-i73367.jpg","og:image:secure_url":"https:\/\/wia.net.pl\/wp-content\/uploads\/2023\/11\/cropped-freedom-i73367.jpg","article:published_time":"2025-12-20T22:48:32+00:00","article:modified_time":"2025-12-20T22:48:33+00:00","twitter:card":"summary_large_image","twitter:title":"\u017byczenia \u015bwi\u0105teczne 2025 - Wolno\u015b\u0107 i Anarchia","twitter:description":"Na pewno zauwa\u017cyli\u015bcie, \u017ce ostatnio mniej nagrywamy i publikujemy. \ud83c\udfa4\ud83c\udfac Ma to \u015bcis\u0142y zwi\u0105zek z nasz\u0105 przeprowadzk\u0105 do nowego miejsca, kt\u00f3re musieli\u015bmy sobie najpierw znale\u017a\u0107. \ud83d\udcbb Nasze \u015bwi\u0119ta w tym roku s\u0105 pod znakiem pakowania, wo\u017cenia, noszenia i urz\u0105dzania. \ud83d\ude9b Jednak powr\u00f3cimy do was tak szybko jak to tylko b\u0119dzie mo\u017cliwe i to ze zdwojon\u0105","twitter:image":"https:\/\/wia.net.pl\/wp-content\/uploads\/2023\/11\/cropped-freedom-i73367.jpg"},"aioseo_meta_data":{"post_id":"11302","title":null,"description":null,"keywords":null,"keyphrases":{"focus":{"keyphrase":"","score":0,"analysis":{"keyphraseInTitle":{"score":0,"maxScore":9,"error":1}}},"additional":[]},"primary_term":null,"canonical_url":null,"og_title":null,"og_description":null,"og_object_type":"default","og_image_type":"default","og_image_url":null,"og_image_width":null,"og_image_height":null,"og_image_custom_url":null,"og_image_custom_fields":null,"og_video":"","og_custom_url":null,"og_article_section":null,"og_article_tags":null,"twitter_use_og":false,"twitter_card":"default","twitter_image_type":"default","twitter_image_url":null,"twitter_image_custom_url":null,"twitter_image_custom_fields":null,"twitter_title":null,"twitter_description":null,"schema":{"blockGraphs":[],"customGraphs":[],"default":{"data":{"Article":[],"Course":[],"Dataset":[],"FAQPage":[],"Movie":[],"Person":[],"Product":[],"ProductReview":[],"Car":[],"Recipe":[],"Service":[],"SoftwareApplication":[],"WebPage":[]},"graphName":"BlogPosting","isEnabled":true},"graphs":[]},"schema_type":"default","schema_type_options":null,"pillar_content":false,"robots_default":true,"robots_noindex":false,"robots_noarchive":false,"robots_nosnippet":false,"robots_nofollow":false,"robots_noimageindex":false,"robots_noodp":false,"robots_notranslate":false,"robots_max_snippet":"-1","robots_max_videopreview":"-1","robots_max_imagepreview":"large","priority":null,"frequency":"default","local_seo":null,"breadcrumb_settings":null,"limit_modified_date":false,"ai":{"faqs":[],"keyPoints":[],"titles":[],"descriptions":[],"socialPosts":{"email":[],"linkedin":[],"twitter":[],"facebook":[],"instagram":[]}},"created":"2025-12-20 22:48:33","updated":"2025-12-20 23:04:47","seo_analyzer_scan_date":null,"focus_keyword":null,"additional_keywords":null,"truseo_locale":null},"aioseo_breadcrumb":"<div class=\"aioseo-breadcrumbs\"><span class=\"aioseo-breadcrumb\">\n\t\t\t<a href=\"https:\/\/wia.net.pl\" title=\"Home\">Home<\/a>\n\t\t<\/span><span class=\"aioseo-breadcrumb-separator\">&raquo;<\/span><span class=\"aioseo-breadcrumb\">\n\t\t\t<a href=\"https:\/\/wia.net.pl\/index.php\/category\/sentencje\/\" title=\"Sentencje\">Sentencje<\/a>\n\t\t<\/span><span class=\"aioseo-breadcrumb-separator\">&raquo;<\/span><span class=\"aioseo-breadcrumb\">\n\t\t\t\u017byczenia \u015bwi\u0105teczne 2025\n\t\t<\/span><\/div>","aioseo_breadcrumb_json":[{"label":"Home","link":"https:\/\/wia.net.pl"},{"label":"Sentencje","link":"https:\/\/wia.net.pl\/index.php\/category\/sentencje\/"},{"label":"\u017byczenia \u015bwi\u0105teczne 2025","link":"https:\/\/wia.net.pl\/index.php\/2025\/12\/20\/zyczenia-swiateczne-2025\/"}],"_links":{"self":[{"href":"https:\/\/wia.net.pl\/index.php\/wp-json\/wp\/v2\/posts\/11302"}],"collection":[{"href":"https:\/\/wia.net.pl\/index.php\/wp-json\/wp\/v2\/posts"}],"about":[{"href":"https:\/\/wia.net.pl\/index.php\/wp-json\/wp\/v2\/types\/post"}],"author":[{"embeddable":true,"href":"https:\/\/wia.net.pl\/index.php\/wp-json\/wp\/v2\/users\/3"}],"replies":[{"embeddable":true,"href":"https:\/\/wia.net.pl\/index.php\/wp-json\/wp\/v2\/comments?post=11302"}],"version-history":[{"count":1,"href":"https:\/\/wia.net.pl\/index.php\/wp-json\/wp\/v2\/posts\/11302\/revisions"}],"predecessor-version":[{"id":11304,"href":"https:\/\/wia.net.pl\/index.php\/wp-json\/wp\/v2\/posts\/11302\/revisions\/11304"}],"wp:featuredmedia":[{"embeddable":true,"href":"https:\/\/wia.net.pl\/index.php\/wp-json\/wp\/v2\/media\/11303"}],"wp:attachment":[{"href":"https:\/\/wia.net.pl\/index.php\/wp-json\/wp\/v2\/media?parent=11302"}],"wp:term":[{"taxonomy":"category","embeddable":true,"href":"https:\/\/wia.net.pl\/index.php\/wp-json\/wp\/v2\/categories?post=11302"},{"taxonomy":"post_tag","embeddable":true,"href":"https:\/\/wia.net.pl\/index.php\/wp-json\/wp\/v2\/tags?post=11302"}],"curies":[{"name":"wp","href":"https:\/\/api.w.org\/{rel}","templated":true}]}}