{"id":11302,"date":"2025-12-20T23:48:32","date_gmt":"2025-12-20T22:48:32","guid":{"rendered":"https:\/\/wia.net.pl\/?p=11302"},"modified":"2025-12-20T23:48:33","modified_gmt":"2025-12-20T22:48:33","slug":"zyczenia-swiateczne-2025","status":"publish","type":"post","link":"https:\/\/wia.net.pl\/index.php\/2025\/12\/20\/zyczenia-swiateczne-2025\/","title":{"rendered":"\u017byczenia \u015bwi\u0105teczne 2025"},"content":{"rendered":"\n<p>Na pewno zauwa\u017cyli\u015bcie, \u017ce ostatnio mniej nagrywamy i publikujemy. \ud83c\udfa4\ud83c\udfac<\/p>\n\n\n\n<p>Ma to \u015bcis\u0142y zwi\u0105zek z nasz\u0105 przeprowadzk\u0105 do nowego miejsca, kt\u00f3re musieli\u015bmy sobie najpierw znale\u017a\u0107. \ud83d\udcbb<\/p>\n\n\n\n<p>Nasze \u015bwi\u0119ta w tym roku s\u0105 pod znakiem pakowania, wo\u017cenia, noszenia i urz\u0105dzania. \ud83d\ude9b<\/p>\n\n\n\n<p>Jednak powr\u00f3cimy do was tak szybko jak to tylko b\u0119dzie mo\u017cliwe i to ze zdwojon\u0105 si\u0142\u0105! \ud83d\ude0e\ud83d\udc4d<\/p>\n\n\n\n<p>Sk\u0142adamy wam najserdeczniejsze \u017cyczenia \u015bwi\u0105teczne \ud83c\udf32<\/p>\n\n\n\n<figure class=\"wp-block-image size-large\"><img loading=\"lazy\" decoding=\"async\" width=\"1024\" height=\"576\" src=\"https:\/\/wia.net.pl\/wp-content\/uploads\/2025\/12\/zyczenia-1024x576.jpg\" alt=\"\" class=\"wp-image-11303\" srcset=\"https:\/\/wia.net.pl\/wp-content\/uploads\/2025\/12\/zyczenia-1024x576.jpg 1024w, https:\/\/wia.net.pl\/wp-content\/uploads\/2025\/12\/zyczenia-300x169.jpg 300w, https:\/\/wia.net.pl\/wp-content\/uploads\/2025\/12\/zyczenia-768x432.jpg 768w, https:\/\/wia.net.pl\/wp-content\/uploads\/2025\/12\/zyczenia-1536x864.jpg 1536w, https:\/\/wia.net.pl\/wp-content\/uploads\/2025\/12\/zyczenia-480x270.jpg 480w, https:\/\/wia.net.pl\/wp-content\/uploads\/2025\/12\/zyczenia.jpg 1920w\" sizes=\"(max-width: 1024px) 100vw, 1024px\" \/><\/figure>\n<div class=\"remoji_bar\"><div class=\"remoji_add_container\" data-remoji-id=\"11302\" data-remoji-type=\"post\"><div class=\"remoji_add_icon\"><\/div><\/div><div class=\"remoji_error_bar\" data-remoji-id=\"11302\" data-remoji-type=\"post\" style=\"display: none;\">Error happened.<\/div><\/div>","protected":false},"excerpt":{"rendered":"<p>Na pewno zauwa\u017cyli\u015bcie, \u017ce ostatnio mniej nagrywamy i publikujemy. \ud83c\udfa4\ud83c\udfac Ma to \u015bcis\u0142y zwi\u0105zek z nasz\u0105 przeprowadzk\u0105 do nowego miejsca, kt\u00f3re musieli\u015bmy sobie najpierw znale\u017a\u0107. \ud83d\udcbb Nasze \u015bwi\u0119ta w tym roku s\u0105 pod znakiem pakowania, wo\u017cenia, noszenia i urz\u0105dzania. \ud83d\ude9b&#8230; <\/p>\n","protected":false},"author":3,"featured_media":11303,"comment_status":"open","ping_status":"open","sticky":false,"template":"","format":"standard","meta":{"_acf_changed":false,"_bbp_topic_count":0,"_bbp_reply_count":0,"_bbp_total_topic_count":0,"_bbp_total_reply_count":0,"_bbp_voice_count":0,"_bbp_anonymous_reply_count":0,"_bbp_topic_count_hidden":0,"_bbp_reply_count_hidden":0,"_bbp_forum_subforum_count":0,"om_disable_all_campaigns":false,"_monsterinsights_skip_tracking":false,"_monsterinsights_sitenote_active":false,"_monsterinsights_sitenote_note":"","_monsterinsights_sitenote_category":0,"footnotes":""},"categories":[98],"tags":[],"class_list":["post-11302","post","type-post","status-publish","format-standard","has-post-thumbnail","hentry","category-sentencje"],"acf":[],"aioseo_notices":[],"_links":{"self":[{"href":"https:\/\/wia.net.pl\/index.php\/wp-json\/wp\/v2\/posts\/11302"}],"collection":[{"href":"https:\/\/wia.net.pl\/index.php\/wp-json\/wp\/v2\/posts"}],"about":[{"href":"https:\/\/wia.net.pl\/index.php\/wp-json\/wp\/v2\/types\/post"}],"author":[{"embeddable":true,"href":"https:\/\/wia.net.pl\/index.php\/wp-json\/wp\/v2\/users\/3"}],"replies":[{"embeddable":true,"href":"https:\/\/wia.net.pl\/index.php\/wp-json\/wp\/v2\/comments?post=11302"}],"version-history":[{"count":1,"href":"https:\/\/wia.net.pl\/index.php\/wp-json\/wp\/v2\/posts\/11302\/revisions"}],"predecessor-version":[{"id":11304,"href":"https:\/\/wia.net.pl\/index.php\/wp-json\/wp\/v2\/posts\/11302\/revisions\/11304"}],"wp:featuredmedia":[{"embeddable":true,"href":"https:\/\/wia.net.pl\/index.php\/wp-json\/wp\/v2\/media\/11303"}],"wp:attachment":[{"href":"https:\/\/wia.net.pl\/index.php\/wp-json\/wp\/v2\/media?parent=11302"}],"wp:term":[{"taxonomy":"category","embeddable":true,"href":"https:\/\/wia.net.pl\/index.php\/wp-json\/wp\/v2\/categories?post=11302"},{"taxonomy":"post_tag","embeddable":true,"href":"https:\/\/wia.net.pl\/index.php\/wp-json\/wp\/v2\/tags?post=11302"}],"curies":[{"name":"wp","href":"https:\/\/api.w.org\/{rel}","templated":true}]}}