{"id":11345,"date":"2026-01-12T15:39:22","date_gmt":"2026-01-12T14:39:22","guid":{"rendered":"https:\/\/wia.net.pl\/?p=11345"},"modified":"2026-01-22T01:48:04","modified_gmt":"2026-01-22T00:48:04","slug":"nowa-seria-wazne-sprawy-ktore-nas-dotykaja-substack","status":"publish","type":"post","link":"https:\/\/wia.net.pl\/index.php\/2026\/01\/12\/nowa-seria-wazne-sprawy-ktore-nas-dotykaja-substack\/","title":{"rendered":"Nowa seria: &#8222;Wa\u017cne sprawy, kt\u00f3re nas dotykaj\u0105&#8221; Substack"},"content":{"rendered":"\n<p>Odcinek 1: Cisza wewn\u0119trzna<\/p>\n\n\n<div class=\"substack-post-embed\">\n<p lang=\"en\">Seria: \u201eWa\u017cne sprawy, kt\u00f3re nas dotykaj\u0105\u201d &#8211; Odcinek 1: \u201eCisza wewn\u0119trzna\u201d by Wolno\u015b\u0107 i Anarchia<\/p>\n<p>Czy potrafisz by\u0107 sam ze sob\u0105 bez poczucia pustki? Co odkrywasz w ciszy?<\/p>\n<p><a data-post-link href=\"https:\/\/wolnoscanarchia.substack.com\/p\/seria-wazne-sprawy-ktore-nas-dotykaja\">Read on Substack<\/a><\/div>\n<p><script async src=\"https:\/\/substack.com\/embedjs\/embed.js\" charset=\"utf-8\"><\/script><\/p>\n\n\n\n<p>Powsta\u0142a nowa seria na Substacku:\u201eWa\u017cne sprawy, kt\u00f3re nas dotykaj\u0105\u201d &#8211; to seria o tym, co cz\u0119sto nosimy w sobie po cichu. O pragnieniach, l\u0119kach, napi\u0119ciach i pytaniach, kt\u00f3re naprawd\u0119 nas dotykaj\u0105. Powsta\u0142o 11 odcink\u00f3w do tej pory.<\/p>\n\n\n\n<p>Seria dla p\u0142atnych subskrybent\u00f3w<\/p>\n\n\n\n<p>Bez po\u015bpiechu, bez gotowych odpowiedzi, za to z uwa\u017cno\u015bci\u0105 i szczero\u015bci\u0105.<\/p>\n\n\n\n<p>Je\u015bli czujesz, \u017ce chcesz zajrze\u0107 g\u0142\u0119biej pod powierzchni\u0119 codzienno\u015bci, zapraszamy Ci\u0119 na Substack \u2013 tam czekaj\u0105 pe\u0142ne odcinki.<\/p>\n\n\n\n<p>To przestrze\u0144 dla tych, kt\u00f3rzy chc\u0105 bardziej rozumie\u0107 siebie, a nie tylko \u201eogarnia\u0107 \u017cycie\u201d.<\/p>\n\n\n\n<p>Mo\u017ce to b\u0119dzie pocz\u0105tek rozmowy, kt\u00f3r\u0105 od dawna odk\u0142adasz z samym sob\u0105.<\/p>\n","protected":false},"excerpt":{"rendered":"<p>Odcinek 1: Cisza wewn\u0119trzna Powsta\u0142a nowa seria na Substacku:\u201eWa\u017cne sprawy, kt\u00f3re nas dotykaj\u0105\u201d &#8211; to seria o tym, co cz\u0119sto nosimy w sobie po cichu. O pragnieniach, l\u0119kach, napi\u0119ciach i pytaniach, kt\u00f3re naprawd\u0119 nas dotykaj\u0105. Powsta\u0142o 11 odcink\u00f3w do tej&#8230; <\/p>\n","protected":false},"author":2,"featured_media":11347,"comment_status":"open","ping_status":"open","sticky":false,"template":"","format":"standard","meta":{"_acf_changed":false,"_bbp_topic_count":0,"_bbp_reply_count":0,"_bbp_total_topic_count":0,"_bbp_total_reply_count":0,"_bbp_voice_count":0,"_bbp_anonymous_reply_count":0,"_bbp_topic_count_hidden":0,"_bbp_reply_count_hidden":0,"_bbp_forum_subforum_count":0,"om_disable_all_campaigns":false,"_monsterinsights_skip_tracking":false,"footnotes":""},"categories":[186],"tags":[],"class_list":["post-11345","post","type-post","status-publish","format-standard","has-post-thumbnail","hentry","category-platna-subskrypcja-substack"],"acf":[],"aioseo_notices":[],"aioseo_head":"\n\t\t<!-- All in One SEO 5.0.1.1 - aioseo.com -->\n\t<meta name=\"description\" content=\"Odcinek 1: Cisza wewn\u0119trzna Seria: \u201eWa\u017cne sprawy, kt\u00f3re nas dotykaj\u0105\u201d - Odcinek 1: \u201eCisza wewn\u0119trzna\u201d by Wolno\u015b\u0107 i AnarchiaCzy potrafisz by\u0107 sam ze sob\u0105 bez poczucia pustki? Co odkrywasz w ciszy?Read on Substack Powsta\u0142a nowa seria na Substacku:\u201eWa\u017cne sprawy, kt\u00f3re nas dotykaj\u0105\u201d - to seria o tym, co cz\u0119sto nosimy w sobie po cichu. O\" \/>\n\t<meta name=\"robots\" content=\"max-image-preview:large\" \/>\n\t<meta name=\"author\" content=\"trinity\"\/>\n\t<link rel=\"canonical\" href=\"https:\/\/wia.net.pl\/index.php\/2026\/01\/12\/nowa-seria-wazne-sprawy-ktore-nas-dotykaja-substack\/\" \/>\n\t<meta name=\"generator\" content=\"All in One SEO (AIOSEO) 5.0.1.1\" \/>\n\t\t<meta property=\"og:locale\" content=\"pl_PL\" \/>\n\t\t<meta property=\"og:site_name\" content=\"Wolno\u015b\u0107 i Anarchia - Ka\u017cdy wewn\u0119trznie jest anarchist\u0105.\" \/>\n\t\t<meta property=\"og:type\" content=\"article\" \/>\n\t\t<meta property=\"og:title\" content=\"Nowa seria: \u201eWa\u017cne sprawy, kt\u00f3re nas dotykaj\u0105\u201d Substack - Wolno\u015b\u0107 i Anarchia\" \/>\n\t\t<meta property=\"og:description\" content=\"Odcinek 1: Cisza wewn\u0119trzna Seria: \u201eWa\u017cne sprawy, kt\u00f3re nas dotykaj\u0105\u201d - Odcinek 1: \u201eCisza wewn\u0119trzna\u201d by Wolno\u015b\u0107 i AnarchiaCzy potrafisz by\u0107 sam ze sob\u0105 bez poczucia pustki? Co odkrywasz w ciszy?Read on Substack Powsta\u0142a nowa seria na Substacku:\u201eWa\u017cne sprawy, kt\u00f3re nas dotykaj\u0105\u201d - to seria o tym, co cz\u0119sto nosimy w sobie po cichu. O\" \/>\n\t\t<meta property=\"og:url\" content=\"https:\/\/wia.net.pl\/index.php\/2026\/01\/12\/nowa-seria-wazne-sprawy-ktore-nas-dotykaja-substack\/\" \/>\n\t\t<meta property=\"og:image\" content=\"https:\/\/wia.net.pl\/wp-content\/uploads\/2023\/11\/cropped-freedom-i73367.jpg\" \/>\n\t\t<meta property=\"og:image:secure_url\" content=\"https:\/\/wia.net.pl\/wp-content\/uploads\/2023\/11\/cropped-freedom-i73367.jpg\" \/>\n\t\t<meta property=\"article:published_time\" content=\"2026-01-12T14:39:22+00:00\" \/>\n\t\t<meta property=\"article:modified_time\" content=\"2026-01-22T00:48:04+00:00\" \/>\n\t\t<meta name=\"twitter:card\" content=\"summary_large_image\" \/>\n\t\t<meta name=\"twitter:title\" content=\"Nowa seria: \u201eWa\u017cne sprawy, kt\u00f3re nas dotykaj\u0105\u201d Substack - Wolno\u015b\u0107 i Anarchia\" \/>\n\t\t<meta name=\"twitter:description\" content=\"Odcinek 1: Cisza wewn\u0119trzna Seria: \u201eWa\u017cne sprawy, kt\u00f3re nas dotykaj\u0105\u201d - Odcinek 1: \u201eCisza wewn\u0119trzna\u201d by Wolno\u015b\u0107 i AnarchiaCzy potrafisz by\u0107 sam ze sob\u0105 bez poczucia pustki? Co odkrywasz w ciszy?Read on Substack Powsta\u0142a nowa seria na Substacku:\u201eWa\u017cne sprawy, kt\u00f3re nas dotykaj\u0105\u201d - to seria o tym, co cz\u0119sto nosimy w sobie po cichu. O\" \/>\n\t\t<meta name=\"twitter:image\" content=\"https:\/\/wia.net.pl\/wp-content\/uploads\/2023\/11\/cropped-freedom-i73367.jpg\" \/>\n\t\t<script type=\"application\/ld+json\" class=\"aioseo-schema\">\n\t\t\t{\"@context\":\"https:\\\/\\\/schema.org\",\"@graph\":[{\"@type\":\"BlogPosting\",\"@id\":\"https:\\\/\\\/wia.net.pl\\\/index.php\\\/2026\\\/01\\\/12\\\/nowa-seria-wazne-sprawy-ktore-nas-dotykaja-substack\\\/#blogposting\",\"name\":\"Nowa seria: \\u201eWa\\u017cne sprawy, kt\\u00f3re nas dotykaj\\u0105\\u201d Substack - Wolno\\u015b\\u0107 i Anarchia\",\"headline\":\"Nowa seria: &#8222;Wa\\u017cne sprawy, kt\\u00f3re nas dotykaj\\u0105&#8221; Substack\",\"author\":{\"@id\":\"https:\\\/\\\/wia.net.pl\\\/index.php\\\/author\\\/trinity\\\/#author\"},\"publisher\":{\"@id\":\"https:\\\/\\\/wia.net.pl\\\/#person\"},\"image\":{\"@type\":\"ImageObject\",\"url\":\"https:\\\/\\\/wia.net.pl\\\/wp-content\\\/uploads\\\/2026\\\/01\\\/Wazne-sprawy-ktore-nas-dotykaja-cisza-wewnetrzna-miniatura.jpg\",\"width\":1920,\"height\":1080},\"datePublished\":\"2026-01-12T15:39:22+01:00\",\"dateModified\":\"2026-01-22T01:48:04+01:00\",\"inLanguage\":\"pl-PL\",\"mainEntityOfPage\":{\"@id\":\"https:\\\/\\\/wia.net.pl\\\/index.php\\\/2026\\\/01\\\/12\\\/nowa-seria-wazne-sprawy-ktore-nas-dotykaja-substack\\\/#webpage\"},\"isPartOf\":{\"@id\":\"https:\\\/\\\/wia.net.pl\\\/index.php\\\/2026\\\/01\\\/12\\\/nowa-seria-wazne-sprawy-ktore-nas-dotykaja-substack\\\/#webpage\"},\"articleSection\":\"P\\u0142atna subskrypcja Substack\"},{\"@type\":\"BreadcrumbList\",\"@id\":\"https:\\\/\\\/wia.net.pl\\\/index.php\\\/2026\\\/01\\\/12\\\/nowa-seria-wazne-sprawy-ktore-nas-dotykaja-substack\\\/#breadcrumblist\",\"itemListElement\":[{\"@type\":\"ListItem\",\"@id\":\"https:\\\/\\\/wia.net.pl#listItem\",\"position\":1,\"name\":\"Home\",\"item\":\"https:\\\/\\\/wia.net.pl\",\"nextItem\":{\"@type\":\"ListItem\",\"@id\":\"https:\\\/\\\/wia.net.pl\\\/index.php\\\/category\\\/platna-subskrypcja-substack\\\/#listItem\",\"name\":\"P\\u0142atna subskrypcja Substack\"}},{\"@type\":\"ListItem\",\"@id\":\"https:\\\/\\\/wia.net.pl\\\/index.php\\\/category\\\/platna-subskrypcja-substack\\\/#listItem\",\"position\":2,\"name\":\"P\\u0142atna subskrypcja Substack\",\"item\":\"https:\\\/\\\/wia.net.pl\\\/index.php\\\/category\\\/platna-subskrypcja-substack\\\/\",\"nextItem\":{\"@type\":\"ListItem\",\"@id\":\"https:\\\/\\\/wia.net.pl\\\/index.php\\\/2026\\\/01\\\/12\\\/nowa-seria-wazne-sprawy-ktore-nas-dotykaja-substack\\\/#listItem\",\"name\":\"Nowa seria: &#8222;Wa\\u017cne sprawy, kt\\u00f3re nas dotykaj\\u0105&#8221; Substack\"},\"previousItem\":{\"@type\":\"ListItem\",\"@id\":\"https:\\\/\\\/wia.net.pl#listItem\",\"name\":\"Home\"}},{\"@type\":\"ListItem\",\"@id\":\"https:\\\/\\\/wia.net.pl\\\/index.php\\\/2026\\\/01\\\/12\\\/nowa-seria-wazne-sprawy-ktore-nas-dotykaja-substack\\\/#listItem\",\"position\":3,\"name\":\"Nowa seria: &#8222;Wa\\u017cne sprawy, kt\\u00f3re nas dotykaj\\u0105&#8221; Substack\",\"previousItem\":{\"@type\":\"ListItem\",\"@id\":\"https:\\\/\\\/wia.net.pl\\\/index.php\\\/category\\\/platna-subskrypcja-substack\\\/#listItem\",\"name\":\"P\\u0142atna subskrypcja Substack\"}}]},{\"@type\":\"Person\",\"@id\":\"https:\\\/\\\/wia.net.pl\\\/#person\",\"name\":\"Bart\\u0142omiej Talarczyk\",\"image\":{\"@type\":\"ImageObject\",\"@id\":\"https:\\\/\\\/wia.net.pl\\\/index.php\\\/2026\\\/01\\\/12\\\/nowa-seria-wazne-sprawy-ktore-nas-dotykaja-substack\\\/#personImage\",\"url\":\"https:\\\/\\\/wia.net.pl\\\/wp-content\\\/uploads\\\/avatar-privacy\\\/cache\\\/user\\\/1\\\/7\\\/176a6b161c58363ff49b5c167264231f519f5c7fa183ca1f61e891769b6b56d5-96.jpg\",\"width\":96,\"height\":96,\"caption\":\"Bart\\u0142omiej Talarczyk\"}},{\"@type\":\"Person\",\"@id\":\"https:\\\/\\\/wia.net.pl\\\/index.php\\\/author\\\/trinity\\\/#author\",\"url\":\"https:\\\/\\\/wia.net.pl\\\/index.php\\\/author\\\/trinity\\\/\",\"name\":\"trinity\",\"image\":{\"@type\":\"ImageObject\",\"@id\":\"https:\\\/\\\/wia.net.pl\\\/index.php\\\/2026\\\/01\\\/12\\\/nowa-seria-wazne-sprawy-ktore-nas-dotykaja-substack\\\/#authorImage\",\"url\":\"https:\\\/\\\/wia.net.pl\\\/wp-content\\\/uploads\\\/avatar-privacy\\\/cache\\\/user\\\/5\\\/f\\\/5f6547cf82495eaa10e100a6a45d5dbde2dfdc1be88557de2018fca705bdf6f1-96.jpg\",\"width\":96,\"height\":96,\"caption\":\"trinity\"}},{\"@type\":\"WebPage\",\"@id\":\"https:\\\/\\\/wia.net.pl\\\/index.php\\\/2026\\\/01\\\/12\\\/nowa-seria-wazne-sprawy-ktore-nas-dotykaja-substack\\\/#webpage\",\"url\":\"https:\\\/\\\/wia.net.pl\\\/index.php\\\/2026\\\/01\\\/12\\\/nowa-seria-wazne-sprawy-ktore-nas-dotykaja-substack\\\/\",\"name\":\"Nowa seria: \\u201eWa\\u017cne sprawy, kt\\u00f3re nas dotykaj\\u0105\\u201d Substack - Wolno\\u015b\\u0107 i Anarchia\",\"description\":\"Odcinek 1: Cisza wewn\\u0119trzna Seria: \\u201eWa\\u017cne sprawy, kt\\u00f3re nas dotykaj\\u0105\\u201d - Odcinek 1: \\u201eCisza wewn\\u0119trzna\\u201d by Wolno\\u015b\\u0107 i AnarchiaCzy potrafisz by\\u0107 sam ze sob\\u0105 bez poczucia pustki? Co odkrywasz w ciszy?Read on Substack Powsta\\u0142a nowa seria na Substacku:\\u201eWa\\u017cne sprawy, kt\\u00f3re nas dotykaj\\u0105\\u201d - to seria o tym, co cz\\u0119sto nosimy w sobie po cichu. O\",\"inLanguage\":\"pl-PL\",\"isPartOf\":{\"@id\":\"https:\\\/\\\/wia.net.pl\\\/#website\"},\"breadcrumb\":{\"@id\":\"https:\\\/\\\/wia.net.pl\\\/index.php\\\/2026\\\/01\\\/12\\\/nowa-seria-wazne-sprawy-ktore-nas-dotykaja-substack\\\/#breadcrumblist\"},\"author\":{\"@id\":\"https:\\\/\\\/wia.net.pl\\\/index.php\\\/author\\\/trinity\\\/#author\"},\"creator\":{\"@id\":\"https:\\\/\\\/wia.net.pl\\\/index.php\\\/author\\\/trinity\\\/#author\"},\"image\":{\"@type\":\"ImageObject\",\"url\":\"https:\\\/\\\/wia.net.pl\\\/wp-content\\\/uploads\\\/2026\\\/01\\\/Wazne-sprawy-ktore-nas-dotykaja-cisza-wewnetrzna-miniatura.jpg\",\"@id\":\"https:\\\/\\\/wia.net.pl\\\/index.php\\\/2026\\\/01\\\/12\\\/nowa-seria-wazne-sprawy-ktore-nas-dotykaja-substack\\\/#mainImage\",\"width\":1920,\"height\":1080},\"primaryImageOfPage\":{\"@id\":\"https:\\\/\\\/wia.net.pl\\\/index.php\\\/2026\\\/01\\\/12\\\/nowa-seria-wazne-sprawy-ktore-nas-dotykaja-substack\\\/#mainImage\"},\"datePublished\":\"2026-01-12T15:39:22+01:00\",\"dateModified\":\"2026-01-22T01:48:04+01:00\"},{\"@type\":\"WebSite\",\"@id\":\"https:\\\/\\\/wia.net.pl\\\/#website\",\"url\":\"https:\\\/\\\/wia.net.pl\\\/\",\"name\":\"Wolno\\u015b\\u0107 i Anarchia\",\"description\":\"Ka\\u017cdy wewn\\u0119trznie jest anarchist\\u0105.\",\"inLanguage\":\"pl-PL\",\"publisher\":{\"@id\":\"https:\\\/\\\/wia.net.pl\\\/#person\"}}]}\n\t\t<\/script>\n\t\t<!-- All in One SEO -->\n\n","aioseo_head_json":{"title":"Nowa seria: \u201eWa\u017cne sprawy, kt\u00f3re nas dotykaj\u0105\u201d Substack - Wolno\u015b\u0107 i Anarchia","description":"Odcinek 1: Cisza wewn\u0119trzna Seria: \u201eWa\u017cne sprawy, kt\u00f3re nas dotykaj\u0105\u201d - Odcinek 1: \u201eCisza wewn\u0119trzna\u201d by Wolno\u015b\u0107 i AnarchiaCzy potrafisz by\u0107 sam ze sob\u0105 bez poczucia pustki? Co odkrywasz w ciszy?Read on Substack Powsta\u0142a nowa seria na Substacku:\u201eWa\u017cne sprawy, kt\u00f3re nas dotykaj\u0105\u201d - to seria o tym, co cz\u0119sto nosimy w sobie po cichu. O","canonical_url":"https:\/\/wia.net.pl\/index.php\/2026\/01\/12\/nowa-seria-wazne-sprawy-ktore-nas-dotykaja-substack\/","robots":"max-image-preview:large","keywords":"","webmasterTools":{"miscellaneous":""},"schema":{"@context":"https:\/\/schema.org","@graph":[{"@type":"BlogPosting","@id":"https:\/\/wia.net.pl\/index.php\/2026\/01\/12\/nowa-seria-wazne-sprawy-ktore-nas-dotykaja-substack\/#blogposting","name":"Nowa seria: \u201eWa\u017cne sprawy, kt\u00f3re nas dotykaj\u0105\u201d Substack - Wolno\u015b\u0107 i Anarchia","headline":"Nowa seria: &#8222;Wa\u017cne sprawy, kt\u00f3re nas dotykaj\u0105&#8221; Substack","author":{"@id":"https:\/\/wia.net.pl\/index.php\/author\/trinity\/#author"},"publisher":{"@id":"https:\/\/wia.net.pl\/#person"},"image":{"@type":"ImageObject","url":"https:\/\/wia.net.pl\/wp-content\/uploads\/2026\/01\/Wazne-sprawy-ktore-nas-dotykaja-cisza-wewnetrzna-miniatura.jpg","width":1920,"height":1080},"datePublished":"2026-01-12T15:39:22+01:00","dateModified":"2026-01-22T01:48:04+01:00","inLanguage":"pl-PL","mainEntityOfPage":{"@id":"https:\/\/wia.net.pl\/index.php\/2026\/01\/12\/nowa-seria-wazne-sprawy-ktore-nas-dotykaja-substack\/#webpage"},"isPartOf":{"@id":"https:\/\/wia.net.pl\/index.php\/2026\/01\/12\/nowa-seria-wazne-sprawy-ktore-nas-dotykaja-substack\/#webpage"},"articleSection":"P\u0142atna subskrypcja Substack"},{"@type":"BreadcrumbList","@id":"https:\/\/wia.net.pl\/index.php\/2026\/01\/12\/nowa-seria-wazne-sprawy-ktore-nas-dotykaja-substack\/#breadcrumblist","itemListElement":[{"@type":"ListItem","@id":"https:\/\/wia.net.pl#listItem","position":1,"name":"Home","item":"https:\/\/wia.net.pl","nextItem":{"@type":"ListItem","@id":"https:\/\/wia.net.pl\/index.php\/category\/platna-subskrypcja-substack\/#listItem","name":"P\u0142atna subskrypcja Substack"}},{"@type":"ListItem","@id":"https:\/\/wia.net.pl\/index.php\/category\/platna-subskrypcja-substack\/#listItem","position":2,"name":"P\u0142atna subskrypcja Substack","item":"https:\/\/wia.net.pl\/index.php\/category\/platna-subskrypcja-substack\/","nextItem":{"@type":"ListItem","@id":"https:\/\/wia.net.pl\/index.php\/2026\/01\/12\/nowa-seria-wazne-sprawy-ktore-nas-dotykaja-substack\/#listItem","name":"Nowa seria: &#8222;Wa\u017cne sprawy, kt\u00f3re nas dotykaj\u0105&#8221; Substack"},"previousItem":{"@type":"ListItem","@id":"https:\/\/wia.net.pl#listItem","name":"Home"}},{"@type":"ListItem","@id":"https:\/\/wia.net.pl\/index.php\/2026\/01\/12\/nowa-seria-wazne-sprawy-ktore-nas-dotykaja-substack\/#listItem","position":3,"name":"Nowa seria: &#8222;Wa\u017cne sprawy, kt\u00f3re nas dotykaj\u0105&#8221; Substack","previousItem":{"@type":"ListItem","@id":"https:\/\/wia.net.pl\/index.php\/category\/platna-subskrypcja-substack\/#listItem","name":"P\u0142atna subskrypcja Substack"}}]},{"@type":"Person","@id":"https:\/\/wia.net.pl\/#person","name":"Bart\u0142omiej Talarczyk","image":{"@type":"ImageObject","@id":"https:\/\/wia.net.pl\/index.php\/2026\/01\/12\/nowa-seria-wazne-sprawy-ktore-nas-dotykaja-substack\/#personImage","url":"https:\/\/wia.net.pl\/wp-content\/uploads\/avatar-privacy\/cache\/user\/1\/7\/176a6b161c58363ff49b5c167264231f519f5c7fa183ca1f61e891769b6b56d5-96.jpg","width":96,"height":96,"caption":"Bart\u0142omiej Talarczyk"}},{"@type":"Person","@id":"https:\/\/wia.net.pl\/index.php\/author\/trinity\/#author","url":"https:\/\/wia.net.pl\/index.php\/author\/trinity\/","name":"trinity","image":{"@type":"ImageObject","@id":"https:\/\/wia.net.pl\/index.php\/2026\/01\/12\/nowa-seria-wazne-sprawy-ktore-nas-dotykaja-substack\/#authorImage","url":"https:\/\/wia.net.pl\/wp-content\/uploads\/avatar-privacy\/cache\/user\/5\/f\/5f6547cf82495eaa10e100a6a45d5dbde2dfdc1be88557de2018fca705bdf6f1-96.jpg","width":96,"height":96,"caption":"trinity"}},{"@type":"WebPage","@id":"https:\/\/wia.net.pl\/index.php\/2026\/01\/12\/nowa-seria-wazne-sprawy-ktore-nas-dotykaja-substack\/#webpage","url":"https:\/\/wia.net.pl\/index.php\/2026\/01\/12\/nowa-seria-wazne-sprawy-ktore-nas-dotykaja-substack\/","name":"Nowa seria: \u201eWa\u017cne sprawy, kt\u00f3re nas dotykaj\u0105\u201d Substack - Wolno\u015b\u0107 i Anarchia","description":"Odcinek 1: Cisza wewn\u0119trzna Seria: \u201eWa\u017cne sprawy, kt\u00f3re nas dotykaj\u0105\u201d - Odcinek 1: \u201eCisza wewn\u0119trzna\u201d by Wolno\u015b\u0107 i AnarchiaCzy potrafisz by\u0107 sam ze sob\u0105 bez poczucia pustki? Co odkrywasz w ciszy?Read on Substack Powsta\u0142a nowa seria na Substacku:\u201eWa\u017cne sprawy, kt\u00f3re nas dotykaj\u0105\u201d - to seria o tym, co cz\u0119sto nosimy w sobie po cichu. O","inLanguage":"pl-PL","isPartOf":{"@id":"https:\/\/wia.net.pl\/#website"},"breadcrumb":{"@id":"https:\/\/wia.net.pl\/index.php\/2026\/01\/12\/nowa-seria-wazne-sprawy-ktore-nas-dotykaja-substack\/#breadcrumblist"},"author":{"@id":"https:\/\/wia.net.pl\/index.php\/author\/trinity\/#author"},"creator":{"@id":"https:\/\/wia.net.pl\/index.php\/author\/trinity\/#author"},"image":{"@type":"ImageObject","url":"https:\/\/wia.net.pl\/wp-content\/uploads\/2026\/01\/Wazne-sprawy-ktore-nas-dotykaja-cisza-wewnetrzna-miniatura.jpg","@id":"https:\/\/wia.net.pl\/index.php\/2026\/01\/12\/nowa-seria-wazne-sprawy-ktore-nas-dotykaja-substack\/#mainImage","width":1920,"height":1080},"primaryImageOfPage":{"@id":"https:\/\/wia.net.pl\/index.php\/2026\/01\/12\/nowa-seria-wazne-sprawy-ktore-nas-dotykaja-substack\/#mainImage"},"datePublished":"2026-01-12T15:39:22+01:00","dateModified":"2026-01-22T01:48:04+01:00"},{"@type":"WebSite","@id":"https:\/\/wia.net.pl\/#website","url":"https:\/\/wia.net.pl\/","name":"Wolno\u015b\u0107 i Anarchia","description":"Ka\u017cdy wewn\u0119trznie jest anarchist\u0105.","inLanguage":"pl-PL","publisher":{"@id":"https:\/\/wia.net.pl\/#person"}}]},"og:locale":"pl_PL","og:site_name":"Wolno\u015b\u0107 i Anarchia - Ka\u017cdy wewn\u0119trznie jest anarchist\u0105.","og:type":"article","og:title":"Nowa seria: \u201eWa\u017cne sprawy, kt\u00f3re nas dotykaj\u0105\u201d Substack - Wolno\u015b\u0107 i Anarchia","og:description":"Odcinek 1: Cisza wewn\u0119trzna Seria: \u201eWa\u017cne sprawy, kt\u00f3re nas dotykaj\u0105\u201d - Odcinek 1: \u201eCisza wewn\u0119trzna\u201d by Wolno\u015b\u0107 i AnarchiaCzy potrafisz by\u0107 sam ze sob\u0105 bez poczucia pustki? Co odkrywasz w ciszy?Read on Substack Powsta\u0142a nowa seria na Substacku:\u201eWa\u017cne sprawy, kt\u00f3re nas dotykaj\u0105\u201d - to seria o tym, co cz\u0119sto nosimy w sobie po cichu. O","og:url":"https:\/\/wia.net.pl\/index.php\/2026\/01\/12\/nowa-seria-wazne-sprawy-ktore-nas-dotykaja-substack\/","og:image":"https:\/\/wia.net.pl\/wp-content\/uploads\/2023\/11\/cropped-freedom-i73367.jpg","og:image:secure_url":"https:\/\/wia.net.pl\/wp-content\/uploads\/2023\/11\/cropped-freedom-i73367.jpg","article:published_time":"2026-01-12T14:39:22+00:00","article:modified_time":"2026-01-22T00:48:04+00:00","twitter:card":"summary_large_image","twitter:title":"Nowa seria: \u201eWa\u017cne sprawy, kt\u00f3re nas dotykaj\u0105\u201d Substack - Wolno\u015b\u0107 i Anarchia","twitter:description":"Odcinek 1: Cisza wewn\u0119trzna Seria: \u201eWa\u017cne sprawy, kt\u00f3re nas dotykaj\u0105\u201d - Odcinek 1: \u201eCisza wewn\u0119trzna\u201d by Wolno\u015b\u0107 i AnarchiaCzy potrafisz by\u0107 sam ze sob\u0105 bez poczucia pustki? Co odkrywasz w ciszy?Read on Substack Powsta\u0142a nowa seria na Substacku:\u201eWa\u017cne sprawy, kt\u00f3re nas dotykaj\u0105\u201d - to seria o tym, co cz\u0119sto nosimy w sobie po cichu. O","twitter:image":"https:\/\/wia.net.pl\/wp-content\/uploads\/2023\/11\/cropped-freedom-i73367.jpg"},"aioseo_meta_data":{"post_id":"11345","title":null,"description":null,"keywords":null,"keyphrases":{"focus":{"keyphrase":"","score":0,"analysis":{"keyphraseInTitle":{"score":0,"maxScore":9,"error":1}}},"additional":[]},"primary_term":null,"canonical_url":null,"og_title":null,"og_description":null,"og_object_type":"default","og_image_type":"default","og_image_url":null,"og_image_width":null,"og_image_height":null,"og_image_custom_url":null,"og_image_custom_fields":null,"og_video":"","og_custom_url":null,"og_article_section":null,"og_article_tags":null,"twitter_use_og":false,"twitter_card":"default","twitter_image_type":"default","twitter_image_url":null,"twitter_image_custom_url":null,"twitter_image_custom_fields":null,"twitter_title":null,"twitter_description":null,"schema":{"blockGraphs":[],"customGraphs":[],"default":{"data":{"Article":[],"Course":[],"Dataset":[],"FAQPage":[],"Movie":[],"Person":[],"Product":[],"ProductReview":[],"Car":[],"Recipe":[],"Service":[],"SoftwareApplication":[],"WebPage":[]},"graphName":"BlogPosting","isEnabled":true},"graphs":[]},"schema_type":"default","schema_type_options":null,"pillar_content":false,"robots_default":true,"robots_noindex":false,"robots_noarchive":false,"robots_nosnippet":false,"robots_nofollow":false,"robots_noimageindex":false,"robots_noodp":false,"robots_notranslate":false,"robots_max_snippet":"-1","robots_max_videopreview":"-1","robots_max_imagepreview":"large","priority":null,"frequency":"default","local_seo":null,"breadcrumb_settings":null,"limit_modified_date":false,"ai":{"faqs":[],"keyPoints":[],"titles":[],"descriptions":[],"socialPosts":{"email":[],"linkedin":[],"twitter":[],"facebook":[],"instagram":[]}},"created":"2026-01-12 14:35:34","updated":"2026-01-22 01:06:35","seo_analyzer_scan_date":null,"focus_keyword":null,"additional_keywords":null,"truseo_locale":null},"aioseo_breadcrumb":"<div class=\"aioseo-breadcrumbs\"><span class=\"aioseo-breadcrumb\">\n\t\t\t<a href=\"https:\/\/wia.net.pl\" title=\"Home\">Home<\/a>\n\t\t<\/span><span class=\"aioseo-breadcrumb-separator\">&raquo;<\/span><span class=\"aioseo-breadcrumb\">\n\t\t\t<a href=\"https:\/\/wia.net.pl\/index.php\/category\/platna-subskrypcja-substack\/\" title=\"P\u0142atna subskrypcja Substack\">P\u0142atna subskrypcja Substack<\/a>\n\t\t<\/span><span class=\"aioseo-breadcrumb-separator\">&raquo;<\/span><span class=\"aioseo-breadcrumb\">\n\t\t\tNowa seria: \u201eWa\u017cne sprawy, kt\u00f3re nas dotykaj\u0105\u201d Substack\n\t\t<\/span><\/div>","aioseo_breadcrumb_json":[{"label":"Home","link":"https:\/\/wia.net.pl"},{"label":"P\u0142atna subskrypcja Substack","link":"https:\/\/wia.net.pl\/index.php\/category\/platna-subskrypcja-substack\/"},{"label":"Nowa seria: &#8222;Wa\u017cne sprawy, kt\u00f3re nas dotykaj\u0105&#8221; Substack","link":"https:\/\/wia.net.pl\/index.php\/2026\/01\/12\/nowa-seria-wazne-sprawy-ktore-nas-dotykaja-substack\/"}],"_links":{"self":[{"href":"https:\/\/wia.net.pl\/index.php\/wp-json\/wp\/v2\/posts\/11345"}],"collection":[{"href":"https:\/\/wia.net.pl\/index.php\/wp-json\/wp\/v2\/posts"}],"about":[{"href":"https:\/\/wia.net.pl\/index.php\/wp-json\/wp\/v2\/types\/post"}],"author":[{"embeddable":true,"href":"https:\/\/wia.net.pl\/index.php\/wp-json\/wp\/v2\/users\/2"}],"replies":[{"embeddable":true,"href":"https:\/\/wia.net.pl\/index.php\/wp-json\/wp\/v2\/comments?post=11345"}],"version-history":[{"count":3,"href":"https:\/\/wia.net.pl\/index.php\/wp-json\/wp\/v2\/posts\/11345\/revisions"}],"predecessor-version":[{"id":11349,"href":"https:\/\/wia.net.pl\/index.php\/wp-json\/wp\/v2\/posts\/11345\/revisions\/11349"}],"wp:featuredmedia":[{"embeddable":true,"href":"https:\/\/wia.net.pl\/index.php\/wp-json\/wp\/v2\/media\/11347"}],"wp:attachment":[{"href":"https:\/\/wia.net.pl\/index.php\/wp-json\/wp\/v2\/media?parent=11345"}],"wp:term":[{"taxonomy":"category","embeddable":true,"href":"https:\/\/wia.net.pl\/index.php\/wp-json\/wp\/v2\/categories?post=11345"},{"taxonomy":"post_tag","embeddable":true,"href":"https:\/\/wia.net.pl\/index.php\/wp-json\/wp\/v2\/tags?post=11345"}],"curies":[{"name":"wp","href":"https:\/\/api.w.org\/{rel}","templated":true}]}}