{"id":11559,"date":"2026-02-07T20:43:48","date_gmt":"2026-02-07T19:43:48","guid":{"rendered":"https:\/\/wia.net.pl\/?p=11559"},"modified":"2026-02-07T20:43:49","modified_gmt":"2026-02-07T19:43:49","slug":"2019-ronald-bernard-czesc-1-5-moja-praca-w-ramach-najwyzszej-struktury-wladzy","status":"publish","type":"post","link":"https:\/\/wia.net.pl\/index.php\/2026\/02\/07\/2019-ronald-bernard-czesc-1-5-moja-praca-w-ramach-najwyzszej-struktury-wladzy\/","title":{"rendered":"(2019) Ronald Bernard (cz\u0119\u015b\u0107 1\/5) \u2013 Moja praca w ramach najwy\u017cszej struktury w\u0142adzy"},"content":{"rendered":"<p><iframe id=\"odysee-iframe\" style=\"width:100%; aspect-ratio:16 \/ 9;\" src=\"https:\/\/odysee.com\/%24\/embed\/%40wolnoscanarchia%3Ad%2F%282019%29-Ronald-Bernard-%28cz%C4%99%C5%9B%C4%87-1-5%29-%E2%80%93-Moja-praca-w-ramach-najwy%C5%BCszej-struktury-w%C5%82adzy%3Ab?r=KqtnN3u2RSe5GxY7Tos527f1XGfjXD4u\" allowfullscreen><\/iframe><\/p>\n\n\n\n<p><br>\u0179r\u00f3d\u0142o <a href=\"https:\/\/rumble.com\/v71c7yk-2019-ronald-bernard-part-15-my-work-within-the-highest-power-structure.html?e9s=src_v1_s%2Csrc_v1_s_o&amp;sci=61f03c8e-0a91-4e37-a9e9-59a070f8a046\">https:\/\/rumble.com\/v71c7yk-2019-ronald-bernard-part-15-my-work-within-the-highest-power-structure.html?e9s=src_v1_s%2Csrc_v1_s_o&amp;sci=61f03c8e-0a91-4e37-a9e9-59a070f8a046<\/a><\/p>\n\n\n\n<p><br>Ten wielocz\u0119\u015bciowy wywiad z Christianne van Wijk zosta\u0142 nagrany w 2019 roku. Film zosta\u0142 zremasterowany w 2023 roku. Z r\u00f3\u017cnych przyczyn nagranie nigdy nie zosta\u0142o opublikowane w domenie publicznej. Ten film ma na celu pog\u0142\u0119bienie \u015bwiadomo\u015bci, aby umo\u017cliwi\u0107 dokonywanie wybor\u00f3w w \u017cyciu. Zmiana zawsze zaczyna si\u0119 w \u015bwiadomo\u015bci\u2026 <\/p>\n\n\n\n<p><\/p>\n","protected":false},"excerpt":{"rendered":"<p>\u0179r\u00f3d\u0142o https:\/\/rumble.com\/v71c7yk-2019-ronald-bernard-part-15-my-work-within-the-highest-power-structure.html?e9s=src_v1_s%2Csrc_v1_s_o&amp;sci=61f03c8e-0a91-4e37-a9e9-59a070f8a046 Ten wielocz\u0119\u015bciowy wywiad z Christianne van Wijk zosta\u0142 nagrany w 2019 roku. Film zosta\u0142 zremasterowany w 2023 roku. Z r\u00f3\u017cnych przyczyn nagranie nigdy nie zosta\u0142o opublikowane w domenie publicznej. Ten film ma na celu pog\u0142\u0119bienie \u015bwiadomo\u015bci, aby umo\u017cliwi\u0107&#8230; <\/p>\n","protected":false},"author":2,"featured_media":11560,"comment_status":"open","ping_status":"open","sticky":false,"template":"","format":"standard","meta":{"_acf_changed":false,"_bbp_topic_count":0,"_bbp_reply_count":0,"_bbp_total_topic_count":0,"_bbp_total_reply_count":0,"_bbp_voice_count":0,"_bbp_anonymous_reply_count":0,"_bbp_topic_count_hidden":0,"_bbp_reply_count_hidden":0,"_bbp_forum_subforum_count":0,"om_disable_all_campaigns":false,"_monsterinsights_skip_tracking":false,"footnotes":""},"categories":[13],"tags":[],"class_list":["post-11559","post","type-post","status-publish","format-standard","has-post-thumbnail","hentry","category-prawdaoswiecie"],"acf":[],"aioseo_notices":[],"aioseo_head":"\n\t\t<!-- All in One SEO 5.0.1.1 - aioseo.com -->\n\t<meta name=\"description\" content=\"\u0179r\u00f3d\u0142o https:\/\/rumble.com\/v71c7yk-2019-ronald-bernard-part-15-my-work-within-the-highest-power-structure.html?e9s=src_v1_s%2Csrc_v1_s_o&amp;sci=61f03c8e-0a91-4e37-a9e9-59a070f8a046 Ten wielocz\u0119\u015bciowy wywiad z Christianne van Wijk zosta\u0142 nagrany w 2019 roku. Film zosta\u0142 zremasterowany w 2023 roku. Z r\u00f3\u017cnych przyczyn nagranie nigdy nie zosta\u0142o opublikowane w domenie publicznej. Ten film ma na celu pog\u0142\u0119bienie \u015bwiadomo\u015bci, aby umo\u017cliwi\u0107 dokonywanie wybor\u00f3w w \u017cyciu. Zmiana zawsze zaczyna si\u0119 w \u015bwiadomo\u015bci\u2026\" \/>\n\t<meta name=\"robots\" content=\"max-image-preview:large\" \/>\n\t<meta name=\"author\" content=\"trinity\"\/>\n\t<link rel=\"canonical\" href=\"https:\/\/wia.net.pl\/index.php\/2026\/02\/07\/2019-ronald-bernard-czesc-1-5-moja-praca-w-ramach-najwyzszej-struktury-wladzy\/\" \/>\n\t<meta name=\"generator\" content=\"All in One SEO (AIOSEO) 5.0.1.1\" \/>\n\t\t<meta property=\"og:locale\" content=\"pl_PL\" \/>\n\t\t<meta property=\"og:site_name\" content=\"Wolno\u015b\u0107 i Anarchia - Ka\u017cdy wewn\u0119trznie jest anarchist\u0105.\" \/>\n\t\t<meta property=\"og:type\" content=\"article\" \/>\n\t\t<meta property=\"og:title\" content=\"(2019) Ronald Bernard (cz\u0119\u015b\u0107 1\/5) \u2013 Moja praca w ramach najwy\u017cszej struktury w\u0142adzy - Wolno\u015b\u0107 i Anarchia\" \/>\n\t\t<meta property=\"og:description\" content=\"\u0179r\u00f3d\u0142o https:\/\/rumble.com\/v71c7yk-2019-ronald-bernard-part-15-my-work-within-the-highest-power-structure.html?e9s=src_v1_s%2Csrc_v1_s_o&amp;sci=61f03c8e-0a91-4e37-a9e9-59a070f8a046 Ten wielocz\u0119\u015bciowy wywiad z Christianne van Wijk zosta\u0142 nagrany w 2019 roku. Film zosta\u0142 zremasterowany w 2023 roku. Z r\u00f3\u017cnych przyczyn nagranie nigdy nie zosta\u0142o opublikowane w domenie publicznej. Ten film ma na celu pog\u0142\u0119bienie \u015bwiadomo\u015bci, aby umo\u017cliwi\u0107 dokonywanie wybor\u00f3w w \u017cyciu. Zmiana zawsze zaczyna si\u0119 w \u015bwiadomo\u015bci\u2026\" \/>\n\t\t<meta property=\"og:url\" content=\"https:\/\/wia.net.pl\/index.php\/2026\/02\/07\/2019-ronald-bernard-czesc-1-5-moja-praca-w-ramach-najwyzszej-struktury-wladzy\/\" \/>\n\t\t<meta property=\"og:image\" content=\"https:\/\/wia.net.pl\/wp-content\/uploads\/2023\/11\/cropped-freedom-i73367.jpg\" \/>\n\t\t<meta property=\"og:image:secure_url\" content=\"https:\/\/wia.net.pl\/wp-content\/uploads\/2023\/11\/cropped-freedom-i73367.jpg\" \/>\n\t\t<meta property=\"article:published_time\" content=\"2026-02-07T19:43:48+00:00\" \/>\n\t\t<meta property=\"article:modified_time\" content=\"2026-02-07T19:43:49+00:00\" \/>\n\t\t<meta name=\"twitter:card\" content=\"summary_large_image\" \/>\n\t\t<meta name=\"twitter:title\" content=\"(2019) Ronald Bernard (cz\u0119\u015b\u0107 1\/5) \u2013 Moja praca w ramach najwy\u017cszej struktury w\u0142adzy - Wolno\u015b\u0107 i Anarchia\" \/>\n\t\t<meta name=\"twitter:description\" content=\"\u0179r\u00f3d\u0142o https:\/\/rumble.com\/v71c7yk-2019-ronald-bernard-part-15-my-work-within-the-highest-power-structure.html?e9s=src_v1_s%2Csrc_v1_s_o&amp;sci=61f03c8e-0a91-4e37-a9e9-59a070f8a046 Ten wielocz\u0119\u015bciowy wywiad z Christianne van Wijk zosta\u0142 nagrany w 2019 roku. Film zosta\u0142 zremasterowany w 2023 roku. Z r\u00f3\u017cnych przyczyn nagranie nigdy nie zosta\u0142o opublikowane w domenie publicznej. Ten film ma na celu pog\u0142\u0119bienie \u015bwiadomo\u015bci, aby umo\u017cliwi\u0107 dokonywanie wybor\u00f3w w \u017cyciu. Zmiana zawsze zaczyna si\u0119 w \u015bwiadomo\u015bci\u2026\" \/>\n\t\t<meta name=\"twitter:image\" content=\"https:\/\/wia.net.pl\/wp-content\/uploads\/2023\/11\/cropped-freedom-i73367.jpg\" \/>\n\t\t<script type=\"application\/ld+json\" class=\"aioseo-schema\">\n\t\t\t{\"@context\":\"https:\\\/\\\/schema.org\",\"@graph\":[{\"@type\":\"BlogPosting\",\"@id\":\"https:\\\/\\\/wia.net.pl\\\/index.php\\\/2026\\\/02\\\/07\\\/2019-ronald-bernard-czesc-1-5-moja-praca-w-ramach-najwyzszej-struktury-wladzy\\\/#blogposting\",\"name\":\"(2019) Ronald Bernard (cz\\u0119\\u015b\\u0107 1\\\/5) \\u2013 Moja praca w ramach najwy\\u017cszej struktury w\\u0142adzy - Wolno\\u015b\\u0107 i Anarchia\",\"headline\":\"(2019) Ronald Bernard (cz\\u0119\\u015b\\u0107 1\\\/5) \\u2013 Moja praca w ramach najwy\\u017cszej struktury w\\u0142adzy\",\"author\":{\"@id\":\"https:\\\/\\\/wia.net.pl\\\/index.php\\\/author\\\/trinity\\\/#author\"},\"publisher\":{\"@id\":\"https:\\\/\\\/wia.net.pl\\\/#person\"},\"image\":{\"@type\":\"ImageObject\",\"url\":\"https:\\\/\\\/wia.net.pl\\\/wp-content\\\/uploads\\\/2026\\\/02\\\/ronald-bernard-1-z-5.jpg\",\"width\":1920,\"height\":1080},\"datePublished\":\"2026-02-07T20:43:48+01:00\",\"dateModified\":\"2026-02-07T20:43:49+01:00\",\"inLanguage\":\"pl-PL\",\"mainEntityOfPage\":{\"@id\":\"https:\\\/\\\/wia.net.pl\\\/index.php\\\/2026\\\/02\\\/07\\\/2019-ronald-bernard-czesc-1-5-moja-praca-w-ramach-najwyzszej-struktury-wladzy\\\/#webpage\"},\"isPartOf\":{\"@id\":\"https:\\\/\\\/wia.net.pl\\\/index.php\\\/2026\\\/02\\\/07\\\/2019-ronald-bernard-czesc-1-5-moja-praca-w-ramach-najwyzszej-struktury-wladzy\\\/#webpage\"},\"articleSection\":\"Prawda o \\u015bwiecie\"},{\"@type\":\"BreadcrumbList\",\"@id\":\"https:\\\/\\\/wia.net.pl\\\/index.php\\\/2026\\\/02\\\/07\\\/2019-ronald-bernard-czesc-1-5-moja-praca-w-ramach-najwyzszej-struktury-wladzy\\\/#breadcrumblist\",\"itemListElement\":[{\"@type\":\"ListItem\",\"@id\":\"https:\\\/\\\/wia.net.pl#listItem\",\"position\":1,\"name\":\"Home\",\"item\":\"https:\\\/\\\/wia.net.pl\",\"nextItem\":{\"@type\":\"ListItem\",\"@id\":\"https:\\\/\\\/wia.net.pl\\\/index.php\\\/category\\\/prawdaoswiecie\\\/#listItem\",\"name\":\"Prawda o \\u015bwiecie\"}},{\"@type\":\"ListItem\",\"@id\":\"https:\\\/\\\/wia.net.pl\\\/index.php\\\/category\\\/prawdaoswiecie\\\/#listItem\",\"position\":2,\"name\":\"Prawda o \\u015bwiecie\",\"item\":\"https:\\\/\\\/wia.net.pl\\\/index.php\\\/category\\\/prawdaoswiecie\\\/\",\"nextItem\":{\"@type\":\"ListItem\",\"@id\":\"https:\\\/\\\/wia.net.pl\\\/index.php\\\/2026\\\/02\\\/07\\\/2019-ronald-bernard-czesc-1-5-moja-praca-w-ramach-najwyzszej-struktury-wladzy\\\/#listItem\",\"name\":\"(2019) Ronald Bernard (cz\\u0119\\u015b\\u0107 1\\\/5) \\u2013 Moja praca w ramach najwy\\u017cszej struktury w\\u0142adzy\"},\"previousItem\":{\"@type\":\"ListItem\",\"@id\":\"https:\\\/\\\/wia.net.pl#listItem\",\"name\":\"Home\"}},{\"@type\":\"ListItem\",\"@id\":\"https:\\\/\\\/wia.net.pl\\\/index.php\\\/2026\\\/02\\\/07\\\/2019-ronald-bernard-czesc-1-5-moja-praca-w-ramach-najwyzszej-struktury-wladzy\\\/#listItem\",\"position\":3,\"name\":\"(2019) Ronald Bernard (cz\\u0119\\u015b\\u0107 1\\\/5) \\u2013 Moja praca w ramach najwy\\u017cszej struktury w\\u0142adzy\",\"previousItem\":{\"@type\":\"ListItem\",\"@id\":\"https:\\\/\\\/wia.net.pl\\\/index.php\\\/category\\\/prawdaoswiecie\\\/#listItem\",\"name\":\"Prawda o \\u015bwiecie\"}}]},{\"@type\":\"Person\",\"@id\":\"https:\\\/\\\/wia.net.pl\\\/#person\",\"name\":\"Bart\\u0142omiej Talarczyk\",\"image\":{\"@type\":\"ImageObject\",\"@id\":\"https:\\\/\\\/wia.net.pl\\\/index.php\\\/2026\\\/02\\\/07\\\/2019-ronald-bernard-czesc-1-5-moja-praca-w-ramach-najwyzszej-struktury-wladzy\\\/#personImage\",\"url\":\"https:\\\/\\\/wia.net.pl\\\/wp-content\\\/uploads\\\/avatar-privacy\\\/cache\\\/user\\\/1\\\/7\\\/176a6b161c58363ff49b5c167264231f519f5c7fa183ca1f61e891769b6b56d5-96.jpg\",\"width\":96,\"height\":96,\"caption\":\"Bart\\u0142omiej Talarczyk\"}},{\"@type\":\"Person\",\"@id\":\"https:\\\/\\\/wia.net.pl\\\/index.php\\\/author\\\/trinity\\\/#author\",\"url\":\"https:\\\/\\\/wia.net.pl\\\/index.php\\\/author\\\/trinity\\\/\",\"name\":\"trinity\",\"image\":{\"@type\":\"ImageObject\",\"@id\":\"https:\\\/\\\/wia.net.pl\\\/index.php\\\/2026\\\/02\\\/07\\\/2019-ronald-bernard-czesc-1-5-moja-praca-w-ramach-najwyzszej-struktury-wladzy\\\/#authorImage\",\"url\":\"https:\\\/\\\/wia.net.pl\\\/wp-content\\\/uploads\\\/avatar-privacy\\\/cache\\\/user\\\/5\\\/f\\\/5f6547cf82495eaa10e100a6a45d5dbde2dfdc1be88557de2018fca705bdf6f1-96.jpg\",\"width\":96,\"height\":96,\"caption\":\"trinity\"}},{\"@type\":\"WebPage\",\"@id\":\"https:\\\/\\\/wia.net.pl\\\/index.php\\\/2026\\\/02\\\/07\\\/2019-ronald-bernard-czesc-1-5-moja-praca-w-ramach-najwyzszej-struktury-wladzy\\\/#webpage\",\"url\":\"https:\\\/\\\/wia.net.pl\\\/index.php\\\/2026\\\/02\\\/07\\\/2019-ronald-bernard-czesc-1-5-moja-praca-w-ramach-najwyzszej-struktury-wladzy\\\/\",\"name\":\"(2019) Ronald Bernard (cz\\u0119\\u015b\\u0107 1\\\/5) \\u2013 Moja praca w ramach najwy\\u017cszej struktury w\\u0142adzy - Wolno\\u015b\\u0107 i Anarchia\",\"description\":\"\\u0179r\\u00f3d\\u0142o https:\\\/\\\/rumble.com\\\/v71c7yk-2019-ronald-bernard-part-15-my-work-within-the-highest-power-structure.html?e9s=src_v1_s%2Csrc_v1_s_o&sci=61f03c8e-0a91-4e37-a9e9-59a070f8a046 Ten wielocz\\u0119\\u015bciowy wywiad z Christianne van Wijk zosta\\u0142 nagrany w 2019 roku. Film zosta\\u0142 zremasterowany w 2023 roku. Z r\\u00f3\\u017cnych przyczyn nagranie nigdy nie zosta\\u0142o opublikowane w domenie publicznej. Ten film ma na celu pog\\u0142\\u0119bienie \\u015bwiadomo\\u015bci, aby umo\\u017cliwi\\u0107 dokonywanie wybor\\u00f3w w \\u017cyciu. Zmiana zawsze zaczyna si\\u0119 w \\u015bwiadomo\\u015bci\\u2026\",\"inLanguage\":\"pl-PL\",\"isPartOf\":{\"@id\":\"https:\\\/\\\/wia.net.pl\\\/#website\"},\"breadcrumb\":{\"@id\":\"https:\\\/\\\/wia.net.pl\\\/index.php\\\/2026\\\/02\\\/07\\\/2019-ronald-bernard-czesc-1-5-moja-praca-w-ramach-najwyzszej-struktury-wladzy\\\/#breadcrumblist\"},\"author\":{\"@id\":\"https:\\\/\\\/wia.net.pl\\\/index.php\\\/author\\\/trinity\\\/#author\"},\"creator\":{\"@id\":\"https:\\\/\\\/wia.net.pl\\\/index.php\\\/author\\\/trinity\\\/#author\"},\"image\":{\"@type\":\"ImageObject\",\"url\":\"https:\\\/\\\/wia.net.pl\\\/wp-content\\\/uploads\\\/2026\\\/02\\\/ronald-bernard-1-z-5.jpg\",\"@id\":\"https:\\\/\\\/wia.net.pl\\\/index.php\\\/2026\\\/02\\\/07\\\/2019-ronald-bernard-czesc-1-5-moja-praca-w-ramach-najwyzszej-struktury-wladzy\\\/#mainImage\",\"width\":1920,\"height\":1080},\"primaryImageOfPage\":{\"@id\":\"https:\\\/\\\/wia.net.pl\\\/index.php\\\/2026\\\/02\\\/07\\\/2019-ronald-bernard-czesc-1-5-moja-praca-w-ramach-najwyzszej-struktury-wladzy\\\/#mainImage\"},\"datePublished\":\"2026-02-07T20:43:48+01:00\",\"dateModified\":\"2026-02-07T20:43:49+01:00\"},{\"@type\":\"WebSite\",\"@id\":\"https:\\\/\\\/wia.net.pl\\\/#website\",\"url\":\"https:\\\/\\\/wia.net.pl\\\/\",\"name\":\"Wolno\\u015b\\u0107 i Anarchia\",\"description\":\"Ka\\u017cdy wewn\\u0119trznie jest anarchist\\u0105.\",\"inLanguage\":\"pl-PL\",\"publisher\":{\"@id\":\"https:\\\/\\\/wia.net.pl\\\/#person\"}}]}\n\t\t<\/script>\n\t\t<!-- All in One SEO -->\n\n","aioseo_head_json":{"title":"(2019) Ronald Bernard (cz\u0119\u015b\u0107 1\/5) \u2013 Moja praca w ramach najwy\u017cszej struktury w\u0142adzy - Wolno\u015b\u0107 i Anarchia","description":"\u0179r\u00f3d\u0142o https:\/\/rumble.com\/v71c7yk-2019-ronald-bernard-part-15-my-work-within-the-highest-power-structure.html?e9s=src_v1_s%2Csrc_v1_s_o&sci=61f03c8e-0a91-4e37-a9e9-59a070f8a046 Ten wielocz\u0119\u015bciowy wywiad z Christianne van Wijk zosta\u0142 nagrany w 2019 roku. Film zosta\u0142 zremasterowany w 2023 roku. Z r\u00f3\u017cnych przyczyn nagranie nigdy nie zosta\u0142o opublikowane w domenie publicznej. Ten film ma na celu pog\u0142\u0119bienie \u015bwiadomo\u015bci, aby umo\u017cliwi\u0107 dokonywanie wybor\u00f3w w \u017cyciu. Zmiana zawsze zaczyna si\u0119 w \u015bwiadomo\u015bci\u2026","canonical_url":"https:\/\/wia.net.pl\/index.php\/2026\/02\/07\/2019-ronald-bernard-czesc-1-5-moja-praca-w-ramach-najwyzszej-struktury-wladzy\/","robots":"max-image-preview:large","keywords":"","webmasterTools":{"miscellaneous":""},"schema":{"@context":"https:\/\/schema.org","@graph":[{"@type":"BlogPosting","@id":"https:\/\/wia.net.pl\/index.php\/2026\/02\/07\/2019-ronald-bernard-czesc-1-5-moja-praca-w-ramach-najwyzszej-struktury-wladzy\/#blogposting","name":"(2019) Ronald Bernard (cz\u0119\u015b\u0107 1\/5) \u2013 Moja praca w ramach najwy\u017cszej struktury w\u0142adzy - Wolno\u015b\u0107 i Anarchia","headline":"(2019) Ronald Bernard (cz\u0119\u015b\u0107 1\/5) \u2013 Moja praca w ramach najwy\u017cszej struktury w\u0142adzy","author":{"@id":"https:\/\/wia.net.pl\/index.php\/author\/trinity\/#author"},"publisher":{"@id":"https:\/\/wia.net.pl\/#person"},"image":{"@type":"ImageObject","url":"https:\/\/wia.net.pl\/wp-content\/uploads\/2026\/02\/ronald-bernard-1-z-5.jpg","width":1920,"height":1080},"datePublished":"2026-02-07T20:43:48+01:00","dateModified":"2026-02-07T20:43:49+01:00","inLanguage":"pl-PL","mainEntityOfPage":{"@id":"https:\/\/wia.net.pl\/index.php\/2026\/02\/07\/2019-ronald-bernard-czesc-1-5-moja-praca-w-ramach-najwyzszej-struktury-wladzy\/#webpage"},"isPartOf":{"@id":"https:\/\/wia.net.pl\/index.php\/2026\/02\/07\/2019-ronald-bernard-czesc-1-5-moja-praca-w-ramach-najwyzszej-struktury-wladzy\/#webpage"},"articleSection":"Prawda o \u015bwiecie"},{"@type":"BreadcrumbList","@id":"https:\/\/wia.net.pl\/index.php\/2026\/02\/07\/2019-ronald-bernard-czesc-1-5-moja-praca-w-ramach-najwyzszej-struktury-wladzy\/#breadcrumblist","itemListElement":[{"@type":"ListItem","@id":"https:\/\/wia.net.pl#listItem","position":1,"name":"Home","item":"https:\/\/wia.net.pl","nextItem":{"@type":"ListItem","@id":"https:\/\/wia.net.pl\/index.php\/category\/prawdaoswiecie\/#listItem","name":"Prawda o \u015bwiecie"}},{"@type":"ListItem","@id":"https:\/\/wia.net.pl\/index.php\/category\/prawdaoswiecie\/#listItem","position":2,"name":"Prawda o \u015bwiecie","item":"https:\/\/wia.net.pl\/index.php\/category\/prawdaoswiecie\/","nextItem":{"@type":"ListItem","@id":"https:\/\/wia.net.pl\/index.php\/2026\/02\/07\/2019-ronald-bernard-czesc-1-5-moja-praca-w-ramach-najwyzszej-struktury-wladzy\/#listItem","name":"(2019) Ronald Bernard (cz\u0119\u015b\u0107 1\/5) \u2013 Moja praca w ramach najwy\u017cszej struktury w\u0142adzy"},"previousItem":{"@type":"ListItem","@id":"https:\/\/wia.net.pl#listItem","name":"Home"}},{"@type":"ListItem","@id":"https:\/\/wia.net.pl\/index.php\/2026\/02\/07\/2019-ronald-bernard-czesc-1-5-moja-praca-w-ramach-najwyzszej-struktury-wladzy\/#listItem","position":3,"name":"(2019) Ronald Bernard (cz\u0119\u015b\u0107 1\/5) \u2013 Moja praca w ramach najwy\u017cszej struktury w\u0142adzy","previousItem":{"@type":"ListItem","@id":"https:\/\/wia.net.pl\/index.php\/category\/prawdaoswiecie\/#listItem","name":"Prawda o \u015bwiecie"}}]},{"@type":"Person","@id":"https:\/\/wia.net.pl\/#person","name":"Bart\u0142omiej Talarczyk","image":{"@type":"ImageObject","@id":"https:\/\/wia.net.pl\/index.php\/2026\/02\/07\/2019-ronald-bernard-czesc-1-5-moja-praca-w-ramach-najwyzszej-struktury-wladzy\/#personImage","url":"https:\/\/wia.net.pl\/wp-content\/uploads\/avatar-privacy\/cache\/user\/1\/7\/176a6b161c58363ff49b5c167264231f519f5c7fa183ca1f61e891769b6b56d5-96.jpg","width":96,"height":96,"caption":"Bart\u0142omiej Talarczyk"}},{"@type":"Person","@id":"https:\/\/wia.net.pl\/index.php\/author\/trinity\/#author","url":"https:\/\/wia.net.pl\/index.php\/author\/trinity\/","name":"trinity","image":{"@type":"ImageObject","@id":"https:\/\/wia.net.pl\/index.php\/2026\/02\/07\/2019-ronald-bernard-czesc-1-5-moja-praca-w-ramach-najwyzszej-struktury-wladzy\/#authorImage","url":"https:\/\/wia.net.pl\/wp-content\/uploads\/avatar-privacy\/cache\/user\/5\/f\/5f6547cf82495eaa10e100a6a45d5dbde2dfdc1be88557de2018fca705bdf6f1-96.jpg","width":96,"height":96,"caption":"trinity"}},{"@type":"WebPage","@id":"https:\/\/wia.net.pl\/index.php\/2026\/02\/07\/2019-ronald-bernard-czesc-1-5-moja-praca-w-ramach-najwyzszej-struktury-wladzy\/#webpage","url":"https:\/\/wia.net.pl\/index.php\/2026\/02\/07\/2019-ronald-bernard-czesc-1-5-moja-praca-w-ramach-najwyzszej-struktury-wladzy\/","name":"(2019) Ronald Bernard (cz\u0119\u015b\u0107 1\/5) \u2013 Moja praca w ramach najwy\u017cszej struktury w\u0142adzy - Wolno\u015b\u0107 i Anarchia","description":"\u0179r\u00f3d\u0142o https:\/\/rumble.com\/v71c7yk-2019-ronald-bernard-part-15-my-work-within-the-highest-power-structure.html?e9s=src_v1_s%2Csrc_v1_s_o&sci=61f03c8e-0a91-4e37-a9e9-59a070f8a046 Ten wielocz\u0119\u015bciowy wywiad z Christianne van Wijk zosta\u0142 nagrany w 2019 roku. Film zosta\u0142 zremasterowany w 2023 roku. Z r\u00f3\u017cnych przyczyn nagranie nigdy nie zosta\u0142o opublikowane w domenie publicznej. Ten film ma na celu pog\u0142\u0119bienie \u015bwiadomo\u015bci, aby umo\u017cliwi\u0107 dokonywanie wybor\u00f3w w \u017cyciu. Zmiana zawsze zaczyna si\u0119 w \u015bwiadomo\u015bci\u2026","inLanguage":"pl-PL","isPartOf":{"@id":"https:\/\/wia.net.pl\/#website"},"breadcrumb":{"@id":"https:\/\/wia.net.pl\/index.php\/2026\/02\/07\/2019-ronald-bernard-czesc-1-5-moja-praca-w-ramach-najwyzszej-struktury-wladzy\/#breadcrumblist"},"author":{"@id":"https:\/\/wia.net.pl\/index.php\/author\/trinity\/#author"},"creator":{"@id":"https:\/\/wia.net.pl\/index.php\/author\/trinity\/#author"},"image":{"@type":"ImageObject","url":"https:\/\/wia.net.pl\/wp-content\/uploads\/2026\/02\/ronald-bernard-1-z-5.jpg","@id":"https:\/\/wia.net.pl\/index.php\/2026\/02\/07\/2019-ronald-bernard-czesc-1-5-moja-praca-w-ramach-najwyzszej-struktury-wladzy\/#mainImage","width":1920,"height":1080},"primaryImageOfPage":{"@id":"https:\/\/wia.net.pl\/index.php\/2026\/02\/07\/2019-ronald-bernard-czesc-1-5-moja-praca-w-ramach-najwyzszej-struktury-wladzy\/#mainImage"},"datePublished":"2026-02-07T20:43:48+01:00","dateModified":"2026-02-07T20:43:49+01:00"},{"@type":"WebSite","@id":"https:\/\/wia.net.pl\/#website","url":"https:\/\/wia.net.pl\/","name":"Wolno\u015b\u0107 i Anarchia","description":"Ka\u017cdy wewn\u0119trznie jest anarchist\u0105.","inLanguage":"pl-PL","publisher":{"@id":"https:\/\/wia.net.pl\/#person"}}]},"og:locale":"pl_PL","og:site_name":"Wolno\u015b\u0107 i Anarchia - Ka\u017cdy wewn\u0119trznie jest anarchist\u0105.","og:type":"article","og:title":"(2019) Ronald Bernard (cz\u0119\u015b\u0107 1\/5) \u2013 Moja praca w ramach najwy\u017cszej struktury w\u0142adzy - Wolno\u015b\u0107 i Anarchia","og:description":"\u0179r\u00f3d\u0142o https:\/\/rumble.com\/v71c7yk-2019-ronald-bernard-part-15-my-work-within-the-highest-power-structure.html?e9s=src_v1_s%2Csrc_v1_s_o&amp;sci=61f03c8e-0a91-4e37-a9e9-59a070f8a046 Ten wielocz\u0119\u015bciowy wywiad z Christianne van Wijk zosta\u0142 nagrany w 2019 roku. Film zosta\u0142 zremasterowany w 2023 roku. Z r\u00f3\u017cnych przyczyn nagranie nigdy nie zosta\u0142o opublikowane w domenie publicznej. Ten film ma na celu pog\u0142\u0119bienie \u015bwiadomo\u015bci, aby umo\u017cliwi\u0107 dokonywanie wybor\u00f3w w \u017cyciu. Zmiana zawsze zaczyna si\u0119 w \u015bwiadomo\u015bci\u2026","og:url":"https:\/\/wia.net.pl\/index.php\/2026\/02\/07\/2019-ronald-bernard-czesc-1-5-moja-praca-w-ramach-najwyzszej-struktury-wladzy\/","og:image":"https:\/\/wia.net.pl\/wp-content\/uploads\/2023\/11\/cropped-freedom-i73367.jpg","og:image:secure_url":"https:\/\/wia.net.pl\/wp-content\/uploads\/2023\/11\/cropped-freedom-i73367.jpg","article:published_time":"2026-02-07T19:43:48+00:00","article:modified_time":"2026-02-07T19:43:49+00:00","twitter:card":"summary_large_image","twitter:title":"(2019) Ronald Bernard (cz\u0119\u015b\u0107 1\/5) \u2013 Moja praca w ramach najwy\u017cszej struktury w\u0142adzy - Wolno\u015b\u0107 i Anarchia","twitter:description":"\u0179r\u00f3d\u0142o https:\/\/rumble.com\/v71c7yk-2019-ronald-bernard-part-15-my-work-within-the-highest-power-structure.html?e9s=src_v1_s%2Csrc_v1_s_o&amp;sci=61f03c8e-0a91-4e37-a9e9-59a070f8a046 Ten wielocz\u0119\u015bciowy wywiad z Christianne van Wijk zosta\u0142 nagrany w 2019 roku. Film zosta\u0142 zremasterowany w 2023 roku. Z r\u00f3\u017cnych przyczyn nagranie nigdy nie zosta\u0142o opublikowane w domenie publicznej. Ten film ma na celu pog\u0142\u0119bienie \u015bwiadomo\u015bci, aby umo\u017cliwi\u0107 dokonywanie wybor\u00f3w w \u017cyciu. Zmiana zawsze zaczyna si\u0119 w \u015bwiadomo\u015bci\u2026","twitter:image":"https:\/\/wia.net.pl\/wp-content\/uploads\/2023\/11\/cropped-freedom-i73367.jpg"},"aioseo_meta_data":{"post_id":"11559","title":null,"description":null,"keywords":null,"keyphrases":{"focus":{"keyphrase":"","score":0,"analysis":{"keyphraseInTitle":{"score":0,"maxScore":9,"error":1}}},"additional":[]},"primary_term":null,"canonical_url":null,"og_title":null,"og_description":null,"og_object_type":"default","og_image_type":"default","og_image_url":null,"og_image_width":null,"og_image_height":null,"og_image_custom_url":null,"og_image_custom_fields":null,"og_video":"","og_custom_url":null,"og_article_section":null,"og_article_tags":null,"twitter_use_og":false,"twitter_card":"default","twitter_image_type":"default","twitter_image_url":null,"twitter_image_custom_url":null,"twitter_image_custom_fields":null,"twitter_title":null,"twitter_description":null,"schema":{"blockGraphs":[],"customGraphs":[],"default":{"data":{"Article":[],"Course":[],"Dataset":[],"FAQPage":[],"Movie":[],"Person":[],"Product":[],"ProductReview":[],"Car":[],"Recipe":[],"Service":[],"SoftwareApplication":[],"WebPage":[]},"graphName":"BlogPosting","isEnabled":true},"graphs":[]},"schema_type":"default","schema_type_options":null,"pillar_content":false,"robots_default":true,"robots_noindex":false,"robots_noarchive":false,"robots_nosnippet":false,"robots_nofollow":false,"robots_noimageindex":false,"robots_noodp":false,"robots_notranslate":false,"robots_max_snippet":"-1","robots_max_videopreview":"-1","robots_max_imagepreview":"large","priority":null,"frequency":"default","local_seo":null,"breadcrumb_settings":null,"limit_modified_date":false,"ai":{"faqs":[],"keyPoints":[],"titles":[],"descriptions":[],"socialPosts":{"email":[],"linkedin":[],"twitter":[],"facebook":[],"instagram":[]}},"created":"2026-02-07 19:43:49","updated":"2026-02-07 19:47:44","seo_analyzer_scan_date":null,"focus_keyword":null,"additional_keywords":null,"truseo_locale":null},"aioseo_breadcrumb":"<div class=\"aioseo-breadcrumbs\"><span class=\"aioseo-breadcrumb\">\n\t\t\t<a href=\"https:\/\/wia.net.pl\" title=\"Home\">Home<\/a>\n\t\t<\/span><span class=\"aioseo-breadcrumb-separator\">&raquo;<\/span><span class=\"aioseo-breadcrumb\">\n\t\t\t<a href=\"https:\/\/wia.net.pl\/index.php\/category\/prawdaoswiecie\/\" title=\"Prawda o \u015bwiecie\">Prawda o \u015bwiecie<\/a>\n\t\t<\/span><span class=\"aioseo-breadcrumb-separator\">&raquo;<\/span><span class=\"aioseo-breadcrumb\">\n\t\t\t(2019) Ronald Bernard (cz\u0119\u015b\u0107 1\/5) \u2013 Moja praca w ramach najwy\u017cszej struktury w\u0142adzy\n\t\t<\/span><\/div>","aioseo_breadcrumb_json":[{"label":"Home","link":"https:\/\/wia.net.pl"},{"label":"Prawda o \u015bwiecie","link":"https:\/\/wia.net.pl\/index.php\/category\/prawdaoswiecie\/"},{"label":"(2019) Ronald Bernard (cz\u0119\u015b\u0107 1\/5) \u2013 Moja praca w ramach najwy\u017cszej struktury w\u0142adzy","link":"https:\/\/wia.net.pl\/index.php\/2026\/02\/07\/2019-ronald-bernard-czesc-1-5-moja-praca-w-ramach-najwyzszej-struktury-wladzy\/"}],"_links":{"self":[{"href":"https:\/\/wia.net.pl\/index.php\/wp-json\/wp\/v2\/posts\/11559"}],"collection":[{"href":"https:\/\/wia.net.pl\/index.php\/wp-json\/wp\/v2\/posts"}],"about":[{"href":"https:\/\/wia.net.pl\/index.php\/wp-json\/wp\/v2\/types\/post"}],"author":[{"embeddable":true,"href":"https:\/\/wia.net.pl\/index.php\/wp-json\/wp\/v2\/users\/2"}],"replies":[{"embeddable":true,"href":"https:\/\/wia.net.pl\/index.php\/wp-json\/wp\/v2\/comments?post=11559"}],"version-history":[{"count":1,"href":"https:\/\/wia.net.pl\/index.php\/wp-json\/wp\/v2\/posts\/11559\/revisions"}],"predecessor-version":[{"id":11561,"href":"https:\/\/wia.net.pl\/index.php\/wp-json\/wp\/v2\/posts\/11559\/revisions\/11561"}],"wp:featuredmedia":[{"embeddable":true,"href":"https:\/\/wia.net.pl\/index.php\/wp-json\/wp\/v2\/media\/11560"}],"wp:attachment":[{"href":"https:\/\/wia.net.pl\/index.php\/wp-json\/wp\/v2\/media?parent=11559"}],"wp:term":[{"taxonomy":"category","embeddable":true,"href":"https:\/\/wia.net.pl\/index.php\/wp-json\/wp\/v2\/categories?post=11559"},{"taxonomy":"post_tag","embeddable":true,"href":"https:\/\/wia.net.pl\/index.php\/wp-json\/wp\/v2\/tags?post=11559"}],"curies":[{"name":"wp","href":"https:\/\/api.w.org\/{rel}","templated":true}]}}