{"id":11579,"date":"2026-02-08T20:40:46","date_gmt":"2026-02-08T19:40:46","guid":{"rendered":"https:\/\/wia.net.pl\/?p=11579"},"modified":"2026-02-08T20:41:06","modified_gmt":"2026-02-08T19:41:06","slug":"epstein-jako-archetyp","status":"publish","type":"post","link":"https:\/\/wia.net.pl\/index.php\/2026\/02\/08\/epstein-jako-archetyp\/","title":{"rendered":"Epstein Jako Archetyp"},"content":{"rendered":"\n<h3 class=\"wp-block-heading\">Milczenie elit, Cie\u0144 w\u0142adzy, Psychologia systemu<\/h3>\n\n\n\n<p>Dla p\u0142atnych subskrybent\u00f3w platformy Substack<\/p>\n\n\n<div class=\"substack-post-embed\">\n<p lang=\"en\">Epstein Jako Archetyp by Wolno\u015b\u0107 i Anarchia<\/p>\n<p>Milczenie elit, Cie\u0144 w\u0142adzy, Psychologia systemu<\/p>\n<p><a data-post-link href=\"https:\/\/wolnoscanarchia.substack.com\/p\/epstein-jako-archetyp\">Read on Substack<\/a><\/div>\n<p><script async src=\"https:\/\/substack.com\/embedjs\/embed.js\" charset=\"utf-8\"><\/script><\/p>\n\n\n\n<p>W tym podca\u015bcie analizuj\u0119 Jeffreya Epsteina nie jako jednostk\u0119, lecz jako archetyp cienia w\u0142adzy. Zag\u0142\u0119biam si\u0119 w mechanizmy milczenia elit, psychologi\u0119 systemu i spos\u00f3b, w jaki struktury chroni\u0105 swoich ponad prawem i moralno\u015bci\u0105.<\/p>\n\n\n\n<p>Pokazuj\u0119, jak kultura New Age, koncentruj\u0105c uwag\u0119 na \u015bwiat\u0142o\u015bci i indywidualnym przebudzeniu, subtelnie odwraca spo\u0142ecze\u0144stwo od realnej analizy w\u0142adzy i mechanizm\u00f3w bezkarno\u015bci.<\/p>\n\n\n\n<p>To opowie\u015b\u0107 o tym, jak cie\u0144 funkcjonuje w systemach w\u0142adzy, jak gniew i \u015bwiadomo\u015b\u0107 s\u0105 przekierowywane, oraz jak prawdziwa transformacja wymaga odwagi spojrzenia w mrok.<\/p>\n\n\n\n<p><\/p>\n","protected":false},"excerpt":{"rendered":"<p>Milczenie elit, Cie\u0144 w\u0142adzy, Psychologia systemu Dla p\u0142atnych subskrybent\u00f3w platformy Substack W tym podca\u015bcie analizuj\u0119 Jeffreya Epsteina nie jako jednostk\u0119, lecz jako archetyp cienia w\u0142adzy. Zag\u0142\u0119biam si\u0119 w mechanizmy milczenia elit, psychologi\u0119 systemu i spos\u00f3b, w jaki struktury chroni\u0105 swoich&#8230; <\/p>\n","protected":false},"author":2,"featured_media":11580,"comment_status":"open","ping_status":"open","sticky":false,"template":"","format":"standard","meta":{"_acf_changed":false,"_bbp_topic_count":0,"_bbp_reply_count":0,"_bbp_total_topic_count":0,"_bbp_total_reply_count":0,"_bbp_voice_count":0,"_bbp_anonymous_reply_count":0,"_bbp_topic_count_hidden":0,"_bbp_reply_count_hidden":0,"_bbp_forum_subforum_count":0,"om_disable_all_campaigns":false,"_monsterinsights_skip_tracking":false,"footnotes":""},"categories":[186],"tags":[],"class_list":["post-11579","post","type-post","status-publish","format-standard","has-post-thumbnail","hentry","category-platna-subskrypcja-substack"],"acf":[],"aioseo_notices":[],"aioseo_head":"\n\t\t<!-- All in One SEO 5.0.1.1 - aioseo.com -->\n\t<meta name=\"description\" content=\"Milczenie elit, Cie\u0144 w\u0142adzy, Psychologia systemu Dla p\u0142atnych subskrybent\u00f3w platformy Substack Epstein Jako Archetyp by Wolno\u015b\u0107 i AnarchiaMilczenie elit, Cie\u0144 w\u0142adzy, Psychologia systemuRead on Substack W tym podca\u015bcie analizuj\u0119 Jeffreya Epsteina nie jako jednostk\u0119, lecz jako archetyp cienia w\u0142adzy. Zag\u0142\u0119biam si\u0119 w mechanizmy milczenia elit, psychologi\u0119 systemu i spos\u00f3b, w jaki struktury chroni\u0105 swoich ponad\" \/>\n\t<meta name=\"robots\" content=\"max-image-preview:large\" \/>\n\t<meta name=\"author\" content=\"trinity\"\/>\n\t<link rel=\"canonical\" href=\"https:\/\/wia.net.pl\/index.php\/2026\/02\/08\/epstein-jako-archetyp\/\" \/>\n\t<meta name=\"generator\" content=\"All in One SEO (AIOSEO) 5.0.1.1\" \/>\n\t\t<meta property=\"og:locale\" content=\"pl_PL\" \/>\n\t\t<meta property=\"og:site_name\" content=\"Wolno\u015b\u0107 i Anarchia - Ka\u017cdy wewn\u0119trznie jest anarchist\u0105.\" \/>\n\t\t<meta property=\"og:type\" content=\"article\" \/>\n\t\t<meta property=\"og:title\" content=\"Epstein Jako Archetyp - Wolno\u015b\u0107 i Anarchia\" \/>\n\t\t<meta property=\"og:description\" content=\"Milczenie elit, Cie\u0144 w\u0142adzy, Psychologia systemu Dla p\u0142atnych subskrybent\u00f3w platformy Substack Epstein Jako Archetyp by Wolno\u015b\u0107 i AnarchiaMilczenie elit, Cie\u0144 w\u0142adzy, Psychologia systemuRead on Substack W tym podca\u015bcie analizuj\u0119 Jeffreya Epsteina nie jako jednostk\u0119, lecz jako archetyp cienia w\u0142adzy. Zag\u0142\u0119biam si\u0119 w mechanizmy milczenia elit, psychologi\u0119 systemu i spos\u00f3b, w jaki struktury chroni\u0105 swoich ponad\" \/>\n\t\t<meta property=\"og:url\" content=\"https:\/\/wia.net.pl\/index.php\/2026\/02\/08\/epstein-jako-archetyp\/\" \/>\n\t\t<meta property=\"og:image\" content=\"https:\/\/wia.net.pl\/wp-content\/uploads\/2023\/11\/cropped-freedom-i73367.jpg\" \/>\n\t\t<meta property=\"og:image:secure_url\" content=\"https:\/\/wia.net.pl\/wp-content\/uploads\/2023\/11\/cropped-freedom-i73367.jpg\" \/>\n\t\t<meta property=\"article:published_time\" content=\"2026-02-08T19:40:46+00:00\" \/>\n\t\t<meta property=\"article:modified_time\" content=\"2026-02-08T19:41:06+00:00\" \/>\n\t\t<meta name=\"twitter:card\" content=\"summary_large_image\" \/>\n\t\t<meta name=\"twitter:title\" content=\"Epstein Jako Archetyp - Wolno\u015b\u0107 i Anarchia\" \/>\n\t\t<meta name=\"twitter:description\" content=\"Milczenie elit, Cie\u0144 w\u0142adzy, Psychologia systemu Dla p\u0142atnych subskrybent\u00f3w platformy Substack Epstein Jako Archetyp by Wolno\u015b\u0107 i AnarchiaMilczenie elit, Cie\u0144 w\u0142adzy, Psychologia systemuRead on Substack W tym podca\u015bcie analizuj\u0119 Jeffreya Epsteina nie jako jednostk\u0119, lecz jako archetyp cienia w\u0142adzy. Zag\u0142\u0119biam si\u0119 w mechanizmy milczenia elit, psychologi\u0119 systemu i spos\u00f3b, w jaki struktury chroni\u0105 swoich ponad\" \/>\n\t\t<meta name=\"twitter:image\" content=\"https:\/\/wia.net.pl\/wp-content\/uploads\/2023\/11\/cropped-freedom-i73367.jpg\" \/>\n\t\t<script type=\"application\/ld+json\" class=\"aioseo-schema\">\n\t\t\t{\"@context\":\"https:\\\/\\\/schema.org\",\"@graph\":[{\"@type\":\"BlogPosting\",\"@id\":\"https:\\\/\\\/wia.net.pl\\\/index.php\\\/2026\\\/02\\\/08\\\/epstein-jako-archetyp\\\/#blogposting\",\"name\":\"Epstein Jako Archetyp - Wolno\\u015b\\u0107 i Anarchia\",\"headline\":\"Epstein Jako Archetyp\",\"author\":{\"@id\":\"https:\\\/\\\/wia.net.pl\\\/index.php\\\/author\\\/trinity\\\/#author\"},\"publisher\":{\"@id\":\"https:\\\/\\\/wia.net.pl\\\/#person\"},\"image\":{\"@type\":\"ImageObject\",\"url\":\"https:\\\/\\\/wia.net.pl\\\/wp-content\\\/uploads\\\/2026\\\/02\\\/epstein-jako-archetym.jpg\",\"width\":1920,\"height\":1080},\"datePublished\":\"2026-02-08T20:40:46+01:00\",\"dateModified\":\"2026-02-08T20:41:06+01:00\",\"inLanguage\":\"pl-PL\",\"mainEntityOfPage\":{\"@id\":\"https:\\\/\\\/wia.net.pl\\\/index.php\\\/2026\\\/02\\\/08\\\/epstein-jako-archetyp\\\/#webpage\"},\"isPartOf\":{\"@id\":\"https:\\\/\\\/wia.net.pl\\\/index.php\\\/2026\\\/02\\\/08\\\/epstein-jako-archetyp\\\/#webpage\"},\"articleSection\":\"P\\u0142atna subskrypcja Substack\"},{\"@type\":\"BreadcrumbList\",\"@id\":\"https:\\\/\\\/wia.net.pl\\\/index.php\\\/2026\\\/02\\\/08\\\/epstein-jako-archetyp\\\/#breadcrumblist\",\"itemListElement\":[{\"@type\":\"ListItem\",\"@id\":\"https:\\\/\\\/wia.net.pl#listItem\",\"position\":1,\"name\":\"Home\",\"item\":\"https:\\\/\\\/wia.net.pl\",\"nextItem\":{\"@type\":\"ListItem\",\"@id\":\"https:\\\/\\\/wia.net.pl\\\/index.php\\\/category\\\/platna-subskrypcja-substack\\\/#listItem\",\"name\":\"P\\u0142atna subskrypcja Substack\"}},{\"@type\":\"ListItem\",\"@id\":\"https:\\\/\\\/wia.net.pl\\\/index.php\\\/category\\\/platna-subskrypcja-substack\\\/#listItem\",\"position\":2,\"name\":\"P\\u0142atna subskrypcja Substack\",\"item\":\"https:\\\/\\\/wia.net.pl\\\/index.php\\\/category\\\/platna-subskrypcja-substack\\\/\",\"nextItem\":{\"@type\":\"ListItem\",\"@id\":\"https:\\\/\\\/wia.net.pl\\\/index.php\\\/2026\\\/02\\\/08\\\/epstein-jako-archetyp\\\/#listItem\",\"name\":\"Epstein Jako Archetyp\"},\"previousItem\":{\"@type\":\"ListItem\",\"@id\":\"https:\\\/\\\/wia.net.pl#listItem\",\"name\":\"Home\"}},{\"@type\":\"ListItem\",\"@id\":\"https:\\\/\\\/wia.net.pl\\\/index.php\\\/2026\\\/02\\\/08\\\/epstein-jako-archetyp\\\/#listItem\",\"position\":3,\"name\":\"Epstein Jako Archetyp\",\"previousItem\":{\"@type\":\"ListItem\",\"@id\":\"https:\\\/\\\/wia.net.pl\\\/index.php\\\/category\\\/platna-subskrypcja-substack\\\/#listItem\",\"name\":\"P\\u0142atna subskrypcja Substack\"}}]},{\"@type\":\"Person\",\"@id\":\"https:\\\/\\\/wia.net.pl\\\/#person\",\"name\":\"Bart\\u0142omiej Talarczyk\",\"image\":{\"@type\":\"ImageObject\",\"@id\":\"https:\\\/\\\/wia.net.pl\\\/index.php\\\/2026\\\/02\\\/08\\\/epstein-jako-archetyp\\\/#personImage\",\"url\":\"https:\\\/\\\/wia.net.pl\\\/wp-content\\\/uploads\\\/avatar-privacy\\\/cache\\\/user\\\/1\\\/7\\\/176a6b161c58363ff49b5c167264231f519f5c7fa183ca1f61e891769b6b56d5-96.jpg\",\"width\":96,\"height\":96,\"caption\":\"Bart\\u0142omiej Talarczyk\"}},{\"@type\":\"Person\",\"@id\":\"https:\\\/\\\/wia.net.pl\\\/index.php\\\/author\\\/trinity\\\/#author\",\"url\":\"https:\\\/\\\/wia.net.pl\\\/index.php\\\/author\\\/trinity\\\/\",\"name\":\"trinity\",\"image\":{\"@type\":\"ImageObject\",\"@id\":\"https:\\\/\\\/wia.net.pl\\\/index.php\\\/2026\\\/02\\\/08\\\/epstein-jako-archetyp\\\/#authorImage\",\"url\":\"https:\\\/\\\/wia.net.pl\\\/wp-content\\\/uploads\\\/avatar-privacy\\\/cache\\\/user\\\/5\\\/f\\\/5f6547cf82495eaa10e100a6a45d5dbde2dfdc1be88557de2018fca705bdf6f1-96.jpg\",\"width\":96,\"height\":96,\"caption\":\"trinity\"}},{\"@type\":\"WebPage\",\"@id\":\"https:\\\/\\\/wia.net.pl\\\/index.php\\\/2026\\\/02\\\/08\\\/epstein-jako-archetyp\\\/#webpage\",\"url\":\"https:\\\/\\\/wia.net.pl\\\/index.php\\\/2026\\\/02\\\/08\\\/epstein-jako-archetyp\\\/\",\"name\":\"Epstein Jako Archetyp - Wolno\\u015b\\u0107 i Anarchia\",\"description\":\"Milczenie elit, Cie\\u0144 w\\u0142adzy, Psychologia systemu Dla p\\u0142atnych subskrybent\\u00f3w platformy Substack Epstein Jako Archetyp by Wolno\\u015b\\u0107 i AnarchiaMilczenie elit, Cie\\u0144 w\\u0142adzy, Psychologia systemuRead on Substack W tym podca\\u015bcie analizuj\\u0119 Jeffreya Epsteina nie jako jednostk\\u0119, lecz jako archetyp cienia w\\u0142adzy. Zag\\u0142\\u0119biam si\\u0119 w mechanizmy milczenia elit, psychologi\\u0119 systemu i spos\\u00f3b, w jaki struktury chroni\\u0105 swoich ponad\",\"inLanguage\":\"pl-PL\",\"isPartOf\":{\"@id\":\"https:\\\/\\\/wia.net.pl\\\/#website\"},\"breadcrumb\":{\"@id\":\"https:\\\/\\\/wia.net.pl\\\/index.php\\\/2026\\\/02\\\/08\\\/epstein-jako-archetyp\\\/#breadcrumblist\"},\"author\":{\"@id\":\"https:\\\/\\\/wia.net.pl\\\/index.php\\\/author\\\/trinity\\\/#author\"},\"creator\":{\"@id\":\"https:\\\/\\\/wia.net.pl\\\/index.php\\\/author\\\/trinity\\\/#author\"},\"image\":{\"@type\":\"ImageObject\",\"url\":\"https:\\\/\\\/wia.net.pl\\\/wp-content\\\/uploads\\\/2026\\\/02\\\/epstein-jako-archetym.jpg\",\"@id\":\"https:\\\/\\\/wia.net.pl\\\/index.php\\\/2026\\\/02\\\/08\\\/epstein-jako-archetyp\\\/#mainImage\",\"width\":1920,\"height\":1080},\"primaryImageOfPage\":{\"@id\":\"https:\\\/\\\/wia.net.pl\\\/index.php\\\/2026\\\/02\\\/08\\\/epstein-jako-archetyp\\\/#mainImage\"},\"datePublished\":\"2026-02-08T20:40:46+01:00\",\"dateModified\":\"2026-02-08T20:41:06+01:00\"},{\"@type\":\"WebSite\",\"@id\":\"https:\\\/\\\/wia.net.pl\\\/#website\",\"url\":\"https:\\\/\\\/wia.net.pl\\\/\",\"name\":\"Wolno\\u015b\\u0107 i Anarchia\",\"description\":\"Ka\\u017cdy wewn\\u0119trznie jest anarchist\\u0105.\",\"inLanguage\":\"pl-PL\",\"publisher\":{\"@id\":\"https:\\\/\\\/wia.net.pl\\\/#person\"}}]}\n\t\t<\/script>\n\t\t<!-- All in One SEO -->\n\n","aioseo_head_json":{"title":"Epstein Jako Archetyp - Wolno\u015b\u0107 i Anarchia","description":"Milczenie elit, Cie\u0144 w\u0142adzy, Psychologia systemu Dla p\u0142atnych subskrybent\u00f3w platformy Substack Epstein Jako Archetyp by Wolno\u015b\u0107 i AnarchiaMilczenie elit, Cie\u0144 w\u0142adzy, Psychologia systemuRead on Substack W tym podca\u015bcie analizuj\u0119 Jeffreya Epsteina nie jako jednostk\u0119, lecz jako archetyp cienia w\u0142adzy. Zag\u0142\u0119biam si\u0119 w mechanizmy milczenia elit, psychologi\u0119 systemu i spos\u00f3b, w jaki struktury chroni\u0105 swoich ponad","canonical_url":"https:\/\/wia.net.pl\/index.php\/2026\/02\/08\/epstein-jako-archetyp\/","robots":"max-image-preview:large","keywords":"","webmasterTools":{"miscellaneous":""},"schema":{"@context":"https:\/\/schema.org","@graph":[{"@type":"BlogPosting","@id":"https:\/\/wia.net.pl\/index.php\/2026\/02\/08\/epstein-jako-archetyp\/#blogposting","name":"Epstein Jako Archetyp - Wolno\u015b\u0107 i Anarchia","headline":"Epstein Jako Archetyp","author":{"@id":"https:\/\/wia.net.pl\/index.php\/author\/trinity\/#author"},"publisher":{"@id":"https:\/\/wia.net.pl\/#person"},"image":{"@type":"ImageObject","url":"https:\/\/wia.net.pl\/wp-content\/uploads\/2026\/02\/epstein-jako-archetym.jpg","width":1920,"height":1080},"datePublished":"2026-02-08T20:40:46+01:00","dateModified":"2026-02-08T20:41:06+01:00","inLanguage":"pl-PL","mainEntityOfPage":{"@id":"https:\/\/wia.net.pl\/index.php\/2026\/02\/08\/epstein-jako-archetyp\/#webpage"},"isPartOf":{"@id":"https:\/\/wia.net.pl\/index.php\/2026\/02\/08\/epstein-jako-archetyp\/#webpage"},"articleSection":"P\u0142atna subskrypcja Substack"},{"@type":"BreadcrumbList","@id":"https:\/\/wia.net.pl\/index.php\/2026\/02\/08\/epstein-jako-archetyp\/#breadcrumblist","itemListElement":[{"@type":"ListItem","@id":"https:\/\/wia.net.pl#listItem","position":1,"name":"Home","item":"https:\/\/wia.net.pl","nextItem":{"@type":"ListItem","@id":"https:\/\/wia.net.pl\/index.php\/category\/platna-subskrypcja-substack\/#listItem","name":"P\u0142atna subskrypcja Substack"}},{"@type":"ListItem","@id":"https:\/\/wia.net.pl\/index.php\/category\/platna-subskrypcja-substack\/#listItem","position":2,"name":"P\u0142atna subskrypcja Substack","item":"https:\/\/wia.net.pl\/index.php\/category\/platna-subskrypcja-substack\/","nextItem":{"@type":"ListItem","@id":"https:\/\/wia.net.pl\/index.php\/2026\/02\/08\/epstein-jako-archetyp\/#listItem","name":"Epstein Jako Archetyp"},"previousItem":{"@type":"ListItem","@id":"https:\/\/wia.net.pl#listItem","name":"Home"}},{"@type":"ListItem","@id":"https:\/\/wia.net.pl\/index.php\/2026\/02\/08\/epstein-jako-archetyp\/#listItem","position":3,"name":"Epstein Jako Archetyp","previousItem":{"@type":"ListItem","@id":"https:\/\/wia.net.pl\/index.php\/category\/platna-subskrypcja-substack\/#listItem","name":"P\u0142atna subskrypcja Substack"}}]},{"@type":"Person","@id":"https:\/\/wia.net.pl\/#person","name":"Bart\u0142omiej Talarczyk","image":{"@type":"ImageObject","@id":"https:\/\/wia.net.pl\/index.php\/2026\/02\/08\/epstein-jako-archetyp\/#personImage","url":"https:\/\/wia.net.pl\/wp-content\/uploads\/avatar-privacy\/cache\/user\/1\/7\/176a6b161c58363ff49b5c167264231f519f5c7fa183ca1f61e891769b6b56d5-96.jpg","width":96,"height":96,"caption":"Bart\u0142omiej Talarczyk"}},{"@type":"Person","@id":"https:\/\/wia.net.pl\/index.php\/author\/trinity\/#author","url":"https:\/\/wia.net.pl\/index.php\/author\/trinity\/","name":"trinity","image":{"@type":"ImageObject","@id":"https:\/\/wia.net.pl\/index.php\/2026\/02\/08\/epstein-jako-archetyp\/#authorImage","url":"https:\/\/wia.net.pl\/wp-content\/uploads\/avatar-privacy\/cache\/user\/5\/f\/5f6547cf82495eaa10e100a6a45d5dbde2dfdc1be88557de2018fca705bdf6f1-96.jpg","width":96,"height":96,"caption":"trinity"}},{"@type":"WebPage","@id":"https:\/\/wia.net.pl\/index.php\/2026\/02\/08\/epstein-jako-archetyp\/#webpage","url":"https:\/\/wia.net.pl\/index.php\/2026\/02\/08\/epstein-jako-archetyp\/","name":"Epstein Jako Archetyp - Wolno\u015b\u0107 i Anarchia","description":"Milczenie elit, Cie\u0144 w\u0142adzy, Psychologia systemu Dla p\u0142atnych subskrybent\u00f3w platformy Substack Epstein Jako Archetyp by Wolno\u015b\u0107 i AnarchiaMilczenie elit, Cie\u0144 w\u0142adzy, Psychologia systemuRead on Substack W tym podca\u015bcie analizuj\u0119 Jeffreya Epsteina nie jako jednostk\u0119, lecz jako archetyp cienia w\u0142adzy. Zag\u0142\u0119biam si\u0119 w mechanizmy milczenia elit, psychologi\u0119 systemu i spos\u00f3b, w jaki struktury chroni\u0105 swoich ponad","inLanguage":"pl-PL","isPartOf":{"@id":"https:\/\/wia.net.pl\/#website"},"breadcrumb":{"@id":"https:\/\/wia.net.pl\/index.php\/2026\/02\/08\/epstein-jako-archetyp\/#breadcrumblist"},"author":{"@id":"https:\/\/wia.net.pl\/index.php\/author\/trinity\/#author"},"creator":{"@id":"https:\/\/wia.net.pl\/index.php\/author\/trinity\/#author"},"image":{"@type":"ImageObject","url":"https:\/\/wia.net.pl\/wp-content\/uploads\/2026\/02\/epstein-jako-archetym.jpg","@id":"https:\/\/wia.net.pl\/index.php\/2026\/02\/08\/epstein-jako-archetyp\/#mainImage","width":1920,"height":1080},"primaryImageOfPage":{"@id":"https:\/\/wia.net.pl\/index.php\/2026\/02\/08\/epstein-jako-archetyp\/#mainImage"},"datePublished":"2026-02-08T20:40:46+01:00","dateModified":"2026-02-08T20:41:06+01:00"},{"@type":"WebSite","@id":"https:\/\/wia.net.pl\/#website","url":"https:\/\/wia.net.pl\/","name":"Wolno\u015b\u0107 i Anarchia","description":"Ka\u017cdy wewn\u0119trznie jest anarchist\u0105.","inLanguage":"pl-PL","publisher":{"@id":"https:\/\/wia.net.pl\/#person"}}]},"og:locale":"pl_PL","og:site_name":"Wolno\u015b\u0107 i Anarchia - Ka\u017cdy wewn\u0119trznie jest anarchist\u0105.","og:type":"article","og:title":"Epstein Jako Archetyp - Wolno\u015b\u0107 i Anarchia","og:description":"Milczenie elit, Cie\u0144 w\u0142adzy, Psychologia systemu Dla p\u0142atnych subskrybent\u00f3w platformy Substack Epstein Jako Archetyp by Wolno\u015b\u0107 i AnarchiaMilczenie elit, Cie\u0144 w\u0142adzy, Psychologia systemuRead on Substack W tym podca\u015bcie analizuj\u0119 Jeffreya Epsteina nie jako jednostk\u0119, lecz jako archetyp cienia w\u0142adzy. Zag\u0142\u0119biam si\u0119 w mechanizmy milczenia elit, psychologi\u0119 systemu i spos\u00f3b, w jaki struktury chroni\u0105 swoich ponad","og:url":"https:\/\/wia.net.pl\/index.php\/2026\/02\/08\/epstein-jako-archetyp\/","og:image":"https:\/\/wia.net.pl\/wp-content\/uploads\/2023\/11\/cropped-freedom-i73367.jpg","og:image:secure_url":"https:\/\/wia.net.pl\/wp-content\/uploads\/2023\/11\/cropped-freedom-i73367.jpg","article:published_time":"2026-02-08T19:40:46+00:00","article:modified_time":"2026-02-08T19:41:06+00:00","twitter:card":"summary_large_image","twitter:title":"Epstein Jako Archetyp - Wolno\u015b\u0107 i Anarchia","twitter:description":"Milczenie elit, Cie\u0144 w\u0142adzy, Psychologia systemu Dla p\u0142atnych subskrybent\u00f3w platformy Substack Epstein Jako Archetyp by Wolno\u015b\u0107 i AnarchiaMilczenie elit, Cie\u0144 w\u0142adzy, Psychologia systemuRead on Substack W tym podca\u015bcie analizuj\u0119 Jeffreya Epsteina nie jako jednostk\u0119, lecz jako archetyp cienia w\u0142adzy. Zag\u0142\u0119biam si\u0119 w mechanizmy milczenia elit, psychologi\u0119 systemu i spos\u00f3b, w jaki struktury chroni\u0105 swoich ponad","twitter:image":"https:\/\/wia.net.pl\/wp-content\/uploads\/2023\/11\/cropped-freedom-i73367.jpg"},"aioseo_meta_data":{"post_id":"11579","title":null,"description":null,"keywords":null,"keyphrases":{"focus":{"keyphrase":"","score":0,"analysis":{"keyphraseInTitle":{"score":0,"maxScore":9,"error":1}}},"additional":[]},"primary_term":null,"canonical_url":null,"og_title":null,"og_description":null,"og_object_type":"default","og_image_type":"default","og_image_url":null,"og_image_width":null,"og_image_height":null,"og_image_custom_url":null,"og_image_custom_fields":null,"og_video":"","og_custom_url":null,"og_article_section":null,"og_article_tags":null,"twitter_use_og":false,"twitter_card":"default","twitter_image_type":"default","twitter_image_url":null,"twitter_image_custom_url":null,"twitter_image_custom_fields":null,"twitter_title":null,"twitter_description":null,"schema":{"blockGraphs":[],"customGraphs":[],"default":{"data":{"Article":[],"Course":[],"Dataset":[],"FAQPage":[],"Movie":[],"Person":[],"Product":[],"ProductReview":[],"Car":[],"Recipe":[],"Service":[],"SoftwareApplication":[],"WebPage":[]},"graphName":"BlogPosting","isEnabled":true},"graphs":[]},"schema_type":"default","schema_type_options":null,"pillar_content":false,"robots_default":true,"robots_noindex":false,"robots_noarchive":false,"robots_nosnippet":false,"robots_nofollow":false,"robots_noimageindex":false,"robots_noodp":false,"robots_notranslate":false,"robots_max_snippet":"-1","robots_max_videopreview":"-1","robots_max_imagepreview":"large","priority":null,"frequency":"default","local_seo":null,"breadcrumb_settings":null,"limit_modified_date":false,"ai":{"faqs":[],"keyPoints":[],"titles":[],"descriptions":[],"socialPosts":{"email":[],"linkedin":[],"twitter":[],"facebook":[],"instagram":[]}},"created":"2026-02-08 19:40:47","updated":"2026-02-08 19:48:18","seo_analyzer_scan_date":null,"focus_keyword":null,"additional_keywords":null,"truseo_locale":null},"aioseo_breadcrumb":"<div class=\"aioseo-breadcrumbs\"><span class=\"aioseo-breadcrumb\">\n\t\t\t<a href=\"https:\/\/wia.net.pl\" title=\"Home\">Home<\/a>\n\t\t<\/span><span class=\"aioseo-breadcrumb-separator\">&raquo;<\/span><span class=\"aioseo-breadcrumb\">\n\t\t\t<a href=\"https:\/\/wia.net.pl\/index.php\/category\/platna-subskrypcja-substack\/\" title=\"P\u0142atna subskrypcja Substack\">P\u0142atna subskrypcja Substack<\/a>\n\t\t<\/span><span class=\"aioseo-breadcrumb-separator\">&raquo;<\/span><span class=\"aioseo-breadcrumb\">\n\t\t\tEpstein Jako Archetyp\n\t\t<\/span><\/div>","aioseo_breadcrumb_json":[{"label":"Home","link":"https:\/\/wia.net.pl"},{"label":"P\u0142atna subskrypcja Substack","link":"https:\/\/wia.net.pl\/index.php\/category\/platna-subskrypcja-substack\/"},{"label":"Epstein Jako Archetyp","link":"https:\/\/wia.net.pl\/index.php\/2026\/02\/08\/epstein-jako-archetyp\/"}],"_links":{"self":[{"href":"https:\/\/wia.net.pl\/index.php\/wp-json\/wp\/v2\/posts\/11579"}],"collection":[{"href":"https:\/\/wia.net.pl\/index.php\/wp-json\/wp\/v2\/posts"}],"about":[{"href":"https:\/\/wia.net.pl\/index.php\/wp-json\/wp\/v2\/types\/post"}],"author":[{"embeddable":true,"href":"https:\/\/wia.net.pl\/index.php\/wp-json\/wp\/v2\/users\/2"}],"replies":[{"embeddable":true,"href":"https:\/\/wia.net.pl\/index.php\/wp-json\/wp\/v2\/comments?post=11579"}],"version-history":[{"count":2,"href":"https:\/\/wia.net.pl\/index.php\/wp-json\/wp\/v2\/posts\/11579\/revisions"}],"predecessor-version":[{"id":11582,"href":"https:\/\/wia.net.pl\/index.php\/wp-json\/wp\/v2\/posts\/11579\/revisions\/11582"}],"wp:featuredmedia":[{"embeddable":true,"href":"https:\/\/wia.net.pl\/index.php\/wp-json\/wp\/v2\/media\/11580"}],"wp:attachment":[{"href":"https:\/\/wia.net.pl\/index.php\/wp-json\/wp\/v2\/media?parent=11579"}],"wp:term":[{"taxonomy":"category","embeddable":true,"href":"https:\/\/wia.net.pl\/index.php\/wp-json\/wp\/v2\/categories?post=11579"},{"taxonomy":"post_tag","embeddable":true,"href":"https:\/\/wia.net.pl\/index.php\/wp-json\/wp\/v2\/tags?post=11579"}],"curies":[{"name":"wp","href":"https:\/\/api.w.org\/{rel}","templated":true}]}}