{"id":1159,"date":"2023-06-02T18:28:22","date_gmt":"2023-06-02T16:28:22","guid":{"rendered":"https:\/\/wia.net.pl\/?p=1159"},"modified":"2025-08-31T23:03:51","modified_gmt":"2025-08-31T21:03:51","slug":"prawo-naturalne-prawo-morza-konstruktem-naszej-rzeczywistosci-cz2","status":"publish","type":"post","link":"https:\/\/wia.net.pl\/index.php\/2023\/06\/02\/prawo-naturalne-prawo-morza-konstruktem-naszej-rzeczywistosci-cz2\/","title":{"rendered":"Prawo naturalne &#8211; Prawo morza konstruktem naszej rzeczywisto\u015bci cz2"},"content":{"rendered":"\n<p>Prawo naturalne &#8211; Prawo morza konstruktem naszej rzeczywisto\u015bci cz2<\/p>\n\n\n<p><iframe id=\"odysee-iframe\" style=\"width:100%; aspect-ratio:16 \/ 9;\" src=\"https:\/\/odysee.com\/%24\/embed\/%40wolnoscanarchia%3Ad%2FPrawo-naturalne---Prawo-morza-konstruktem-naszej-rzeczywisto%C5%9Bci2%3A0?r=KqtnN3u2RSe5GxY7Tos527f1XGfjXD4u\" allowfullscreen><\/iframe><\/p>\n\n\n\n<p>\u0179r\u00f3d\u0142o:\u00a0<a href=\"https:\/\/www.youtube.com\/@TheInternationale\" target=\"_blank\" rel=\"noreferrer noopener\">https:\/\/www.youtube.com\/@TheInternationale<\/a><\/p>\n<div class=\"remoji_bar\"><div class=\"remoji_add_container\" data-remoji-id=\"1159\" data-remoji-type=\"post\"><div class=\"remoji_add_icon\"><\/div><\/div><div class=\"remoji_error_bar\" data-remoji-id=\"1159\" data-remoji-type=\"post\" style=\"display: none;\">Error happened.<\/div><\/div>","protected":false},"excerpt":{"rendered":"<p>Prawo naturalne &#8211; Prawo morza konstruktem naszej rzeczywisto\u015bci cz2 \u0179r\u00f3d\u0142o:\u00a0https:\/\/www.youtube.com\/@TheInternationale Error happened.<\/p>\n","protected":false},"author":3,"featured_media":1160,"comment_status":"open","ping_status":"open","sticky":false,"template":"","format":"standard","meta":{"_acf_changed":false,"_bbp_topic_count":0,"_bbp_reply_count":0,"_bbp_total_topic_count":0,"_bbp_total_reply_count":0,"_bbp_voice_count":0,"_bbp_anonymous_reply_count":0,"_bbp_topic_count_hidden":0,"_bbp_reply_count_hidden":0,"_bbp_forum_subforum_count":0,"om_disable_all_campaigns":false,"_monsterinsights_skip_tracking":false,"_monsterinsights_sitenote_active":false,"_monsterinsights_sitenote_note":"","_monsterinsights_sitenote_category":0,"footnotes":""},"categories":[16],"tags":[68,63,42,99,71,23,59,32,22,70],"class_list":["post-1159","post","type-post","status-publish","format-standard","has-post-thumbnail","hentry","category-prawonaturalne","tag-cesarstwo-rzymskie","tag-historia-ziemi","tag-illuminati","tag-jordan-maxwell","tag-kosciol-katolicki","tag-niewolnictwo","tag-nwo","tag-rzad","tag-satanizm","tag-tajne-stowarzyszenia"],"acf":[],"aioseo_notices":[],"_links":{"self":[{"href":"https:\/\/wia.net.pl\/index.php\/wp-json\/wp\/v2\/posts\/1159"}],"collection":[{"href":"https:\/\/wia.net.pl\/index.php\/wp-json\/wp\/v2\/posts"}],"about":[{"href":"https:\/\/wia.net.pl\/index.php\/wp-json\/wp\/v2\/types\/post"}],"author":[{"embeddable":true,"href":"https:\/\/wia.net.pl\/index.php\/wp-json\/wp\/v2\/users\/3"}],"replies":[{"embeddable":true,"href":"https:\/\/wia.net.pl\/index.php\/wp-json\/wp\/v2\/comments?post=1159"}],"version-history":[{"count":2,"href":"https:\/\/wia.net.pl\/index.php\/wp-json\/wp\/v2\/posts\/1159\/revisions"}],"predecessor-version":[{"id":10637,"href":"https:\/\/wia.net.pl\/index.php\/wp-json\/wp\/v2\/posts\/1159\/revisions\/10637"}],"wp:featuredmedia":[{"embeddable":true,"href":"https:\/\/wia.net.pl\/index.php\/wp-json\/wp\/v2\/media\/1160"}],"wp:attachment":[{"href":"https:\/\/wia.net.pl\/index.php\/wp-json\/wp\/v2\/media?parent=1159"}],"wp:term":[{"taxonomy":"category","embeddable":true,"href":"https:\/\/wia.net.pl\/index.php\/wp-json\/wp\/v2\/categories?post=1159"},{"taxonomy":"post_tag","embeddable":true,"href":"https:\/\/wia.net.pl\/index.php\/wp-json\/wp\/v2\/tags?post=1159"}],"curies":[{"name":"wp","href":"https:\/\/api.w.org\/{rel}","templated":true}]}}