{"id":11636,"date":"2026-02-28T13:01:13","date_gmt":"2026-02-28T12:01:13","guid":{"rendered":"https:\/\/wia.net.pl\/?p=11636"},"modified":"2026-02-28T13:01:18","modified_gmt":"2026-02-28T12:01:18","slug":"neurotechnologia-wymierzona-w-ludzkosc-dr-r-duncan","status":"publish","type":"post","link":"https:\/\/wia.net.pl\/index.php\/2026\/02\/28\/neurotechnologia-wymierzona-w-ludzkosc-dr-r-duncan\/","title":{"rendered":"Neurotechnologia wymierzona w ludzko\u015b\u0107 &#8211; dr R. Duncan"},"content":{"rendered":"\n<p>dr DUNCAN O NEUROTECHNOLOGICZNYM ATAKOWANIU LUDZKO\u015aCI, TAJEMNICY I POTRZEBIE ZMIAN<br><br>16 marca 2021 r<br>Szczera rozmowa z Robertem Duncanem, naukowcem i sygnalist\u0105, na temat neurotechnologicznego atakowania niewinnych, licznych neurotechnologii stosowanych obecnie, kompartmentalizacji, kt\u00f3ra sprzyja przest\u0119pczo\u015bci, oraz tego, co ludzie mog\u0105 zrobi\u0107, aby j\u0105 powstrzyma\u0107.<\/p>\n\n\n<p><iframe id=\"odysee-iframe\" style=\"width:100%; aspect-ratio:16 \/ 9;\" src=\"https:\/\/odysee.com\/%24\/embed\/%40wolnoscanarchia%3Ad%2FNeurotechnologia-wymierzona-w-ludzko%C5%9B%C4%87---dr-Robert-Duncan%3Ae?r=KqtnN3u2RSe5GxY7Tos527f1XGfjXD4u\" allowfullscreen><\/iframe><\/p>\n\n\n\n<pre class=\"wp-block-preformatted\">\u0179r\u00f3d\u0142o <a href=\"https:\/\/rumble.com\/v2vnwia-ramolad-with-darpa-whistleblower-dr.-robert-duncan.-neurotech-targeting-of-.html?e9s=src_v1_s%2Csrc_v1_s_o&amp;sci=06e35668-e5c3-440f-beba-b23f35f77ca1\">https:\/\/rumble.com\/v2vnwia-ramolad-with-darpa-whistleblower-dr.-robert-duncan.-neurotech-targeting-of-.html?e9s=src_v1_s%2Csrc_v1_s_o&amp;sci=06e35668-e5c3-440f-beba-b23f35f77ca1<\/a><\/pre>\n","protected":false},"excerpt":{"rendered":"<p>dr DUNCAN O NEUROTECHNOLOGICZNYM ATAKOWANIU LUDZKO\u015aCI, TAJEMNICY I POTRZEBIE ZMIAN 16 marca 2021 rSzczera rozmowa z Robertem Duncanem, naukowcem i sygnalist\u0105, na temat neurotechnologicznego atakowania niewinnych, licznych neurotechnologii stosowanych obecnie, kompartmentalizacji, kt\u00f3ra sprzyja przest\u0119pczo\u015bci, oraz tego, co ludzie mog\u0105 zrobi\u0107,&#8230; <\/p>\n","protected":false},"author":2,"featured_media":11637,"comment_status":"open","ping_status":"open","sticky":false,"template":"","format":"standard","meta":{"_acf_changed":false,"_bbp_topic_count":0,"_bbp_reply_count":0,"_bbp_total_topic_count":0,"_bbp_total_reply_count":0,"_bbp_voice_count":0,"_bbp_anonymous_reply_count":0,"_bbp_topic_count_hidden":0,"_bbp_reply_count_hidden":0,"_bbp_forum_subforum_count":0,"om_disable_all_campaigns":false,"_monsterinsights_skip_tracking":false,"footnotes":""},"categories":[95],"tags":[],"class_list":["post-11636","post","type-post","status-publish","format-standard","has-post-thumbnail","hentry","category-ufo-i-technologie"],"acf":[],"aioseo_notices":[],"aioseo_head":"\n\t\t<!-- All in One SEO 5.0.1.1 - aioseo.com -->\n\t<meta name=\"description\" content=\"dr DUNCAN O NEUROTECHNOLOGICZNYM ATAKOWANIU LUDZKO\u015aCI, TAJEMNICY I POTRZEBIE ZMIAN16 marca 2021 rSzczera rozmowa z Robertem Duncanem, naukowcem i sygnalist\u0105, na temat neurotechnologicznego atakowania niewinnych, licznych neurotechnologii stosowanych obecnie, kompartmentalizacji, kt\u00f3ra sprzyja przest\u0119pczo\u015bci, oraz tego, co ludzie mog\u0105 zrobi\u0107, aby j\u0105 powstrzyma\u0107. \u0179r\u00f3d\u0142o https:\/\/rumble.com\/v2vnwia-ramolad-with-darpa-whistleblower-dr.-robert-duncan.-neurotech-targeting-of-.html?e9s=src_v1_s%2Csrc_v1_s_o&amp;sci=06e35668-e5c3-440f-beba-b23f35f77ca1\" \/>\n\t<meta name=\"robots\" content=\"max-image-preview:large\" \/>\n\t<meta name=\"author\" content=\"trinity\"\/>\n\t<link rel=\"canonical\" href=\"https:\/\/wia.net.pl\/index.php\/2026\/02\/28\/neurotechnologia-wymierzona-w-ludzkosc-dr-r-duncan\/\" \/>\n\t<meta name=\"generator\" content=\"All in One SEO (AIOSEO) 5.0.1.1\" \/>\n\t\t<meta property=\"og:locale\" content=\"pl_PL\" \/>\n\t\t<meta property=\"og:site_name\" content=\"Wolno\u015b\u0107 i Anarchia - Ka\u017cdy wewn\u0119trznie jest anarchist\u0105.\" \/>\n\t\t<meta property=\"og:type\" content=\"article\" \/>\n\t\t<meta property=\"og:title\" content=\"Neurotechnologia wymierzona w ludzko\u015b\u0107 \u2013 dr R. Duncan - Wolno\u015b\u0107 i Anarchia\" \/>\n\t\t<meta property=\"og:description\" content=\"dr DUNCAN O NEUROTECHNOLOGICZNYM ATAKOWANIU LUDZKO\u015aCI, TAJEMNICY I POTRZEBIE ZMIAN16 marca 2021 rSzczera rozmowa z Robertem Duncanem, naukowcem i sygnalist\u0105, na temat neurotechnologicznego atakowania niewinnych, licznych neurotechnologii stosowanych obecnie, kompartmentalizacji, kt\u00f3ra sprzyja przest\u0119pczo\u015bci, oraz tego, co ludzie mog\u0105 zrobi\u0107, aby j\u0105 powstrzyma\u0107. \u0179r\u00f3d\u0142o https:\/\/rumble.com\/v2vnwia-ramolad-with-darpa-whistleblower-dr.-robert-duncan.-neurotech-targeting-of-.html?e9s=src_v1_s%2Csrc_v1_s_o&amp;sci=06e35668-e5c3-440f-beba-b23f35f77ca1\" \/>\n\t\t<meta property=\"og:url\" content=\"https:\/\/wia.net.pl\/index.php\/2026\/02\/28\/neurotechnologia-wymierzona-w-ludzkosc-dr-r-duncan\/\" \/>\n\t\t<meta property=\"og:image\" content=\"https:\/\/wia.net.pl\/wp-content\/uploads\/2023\/11\/cropped-freedom-i73367.jpg\" \/>\n\t\t<meta property=\"og:image:secure_url\" content=\"https:\/\/wia.net.pl\/wp-content\/uploads\/2023\/11\/cropped-freedom-i73367.jpg\" \/>\n\t\t<meta property=\"article:published_time\" content=\"2026-02-28T12:01:13+00:00\" \/>\n\t\t<meta property=\"article:modified_time\" content=\"2026-02-28T12:01:18+00:00\" \/>\n\t\t<meta name=\"twitter:card\" content=\"summary_large_image\" \/>\n\t\t<meta name=\"twitter:title\" content=\"Neurotechnologia wymierzona w ludzko\u015b\u0107 \u2013 dr R. Duncan - Wolno\u015b\u0107 i Anarchia\" \/>\n\t\t<meta name=\"twitter:description\" content=\"dr DUNCAN O NEUROTECHNOLOGICZNYM ATAKOWANIU LUDZKO\u015aCI, TAJEMNICY I POTRZEBIE ZMIAN16 marca 2021 rSzczera rozmowa z Robertem Duncanem, naukowcem i sygnalist\u0105, na temat neurotechnologicznego atakowania niewinnych, licznych neurotechnologii stosowanych obecnie, kompartmentalizacji, kt\u00f3ra sprzyja przest\u0119pczo\u015bci, oraz tego, co ludzie mog\u0105 zrobi\u0107, aby j\u0105 powstrzyma\u0107. \u0179r\u00f3d\u0142o https:\/\/rumble.com\/v2vnwia-ramolad-with-darpa-whistleblower-dr.-robert-duncan.-neurotech-targeting-of-.html?e9s=src_v1_s%2Csrc_v1_s_o&amp;sci=06e35668-e5c3-440f-beba-b23f35f77ca1\" \/>\n\t\t<meta name=\"twitter:image\" content=\"https:\/\/wia.net.pl\/wp-content\/uploads\/2023\/11\/cropped-freedom-i73367.jpg\" \/>\n\t\t<script type=\"application\/ld+json\" class=\"aioseo-schema\">\n\t\t\t{\"@context\":\"https:\\\/\\\/schema.org\",\"@graph\":[{\"@type\":\"BlogPosting\",\"@id\":\"https:\\\/\\\/wia.net.pl\\\/index.php\\\/2026\\\/02\\\/28\\\/neurotechnologia-wymierzona-w-ludzkosc-dr-r-duncan\\\/#blogposting\",\"name\":\"Neurotechnologia wymierzona w ludzko\\u015b\\u0107 \\u2013 dr R. Duncan - Wolno\\u015b\\u0107 i Anarchia\",\"headline\":\"Neurotechnologia wymierzona w ludzko\\u015b\\u0107 &#8211; dr R. Duncan\",\"author\":{\"@id\":\"https:\\\/\\\/wia.net.pl\\\/index.php\\\/author\\\/trinity\\\/#author\"},\"publisher\":{\"@id\":\"https:\\\/\\\/wia.net.pl\\\/#person\"},\"image\":{\"@type\":\"ImageObject\",\"url\":\"https:\\\/\\\/wia.net.pl\\\/wp-content\\\/uploads\\\/2026\\\/02\\\/Neurotechnologia-wymierzona-w-ludzkosc.jpg\",\"width\":1920,\"height\":1080},\"datePublished\":\"2026-02-28T13:01:13+01:00\",\"dateModified\":\"2026-02-28T13:01:18+01:00\",\"inLanguage\":\"pl-PL\",\"mainEntityOfPage\":{\"@id\":\"https:\\\/\\\/wia.net.pl\\\/index.php\\\/2026\\\/02\\\/28\\\/neurotechnologia-wymierzona-w-ludzkosc-dr-r-duncan\\\/#webpage\"},\"isPartOf\":{\"@id\":\"https:\\\/\\\/wia.net.pl\\\/index.php\\\/2026\\\/02\\\/28\\\/neurotechnologia-wymierzona-w-ludzkosc-dr-r-duncan\\\/#webpage\"},\"articleSection\":\"UFO i Technologie\"},{\"@type\":\"BreadcrumbList\",\"@id\":\"https:\\\/\\\/wia.net.pl\\\/index.php\\\/2026\\\/02\\\/28\\\/neurotechnologia-wymierzona-w-ludzkosc-dr-r-duncan\\\/#breadcrumblist\",\"itemListElement\":[{\"@type\":\"ListItem\",\"@id\":\"https:\\\/\\\/wia.net.pl#listItem\",\"position\":1,\"name\":\"Home\",\"item\":\"https:\\\/\\\/wia.net.pl\",\"nextItem\":{\"@type\":\"ListItem\",\"@id\":\"https:\\\/\\\/wia.net.pl\\\/index.php\\\/category\\\/ufo-i-technologie\\\/#listItem\",\"name\":\"UFO i Technologie\"}},{\"@type\":\"ListItem\",\"@id\":\"https:\\\/\\\/wia.net.pl\\\/index.php\\\/category\\\/ufo-i-technologie\\\/#listItem\",\"position\":2,\"name\":\"UFO i Technologie\",\"item\":\"https:\\\/\\\/wia.net.pl\\\/index.php\\\/category\\\/ufo-i-technologie\\\/\",\"nextItem\":{\"@type\":\"ListItem\",\"@id\":\"https:\\\/\\\/wia.net.pl\\\/index.php\\\/2026\\\/02\\\/28\\\/neurotechnologia-wymierzona-w-ludzkosc-dr-r-duncan\\\/#listItem\",\"name\":\"Neurotechnologia wymierzona w ludzko\\u015b\\u0107 &#8211; dr R. Duncan\"},\"previousItem\":{\"@type\":\"ListItem\",\"@id\":\"https:\\\/\\\/wia.net.pl#listItem\",\"name\":\"Home\"}},{\"@type\":\"ListItem\",\"@id\":\"https:\\\/\\\/wia.net.pl\\\/index.php\\\/2026\\\/02\\\/28\\\/neurotechnologia-wymierzona-w-ludzkosc-dr-r-duncan\\\/#listItem\",\"position\":3,\"name\":\"Neurotechnologia wymierzona w ludzko\\u015b\\u0107 &#8211; dr R. Duncan\",\"previousItem\":{\"@type\":\"ListItem\",\"@id\":\"https:\\\/\\\/wia.net.pl\\\/index.php\\\/category\\\/ufo-i-technologie\\\/#listItem\",\"name\":\"UFO i Technologie\"}}]},{\"@type\":\"Person\",\"@id\":\"https:\\\/\\\/wia.net.pl\\\/#person\",\"name\":\"Bart\\u0142omiej Talarczyk\",\"image\":{\"@type\":\"ImageObject\",\"@id\":\"https:\\\/\\\/wia.net.pl\\\/index.php\\\/2026\\\/02\\\/28\\\/neurotechnologia-wymierzona-w-ludzkosc-dr-r-duncan\\\/#personImage\",\"url\":\"https:\\\/\\\/wia.net.pl\\\/wp-content\\\/uploads\\\/avatar-privacy\\\/cache\\\/user\\\/1\\\/7\\\/176a6b161c58363ff49b5c167264231f519f5c7fa183ca1f61e891769b6b56d5-96.jpg\",\"width\":96,\"height\":96,\"caption\":\"Bart\\u0142omiej Talarczyk\"}},{\"@type\":\"Person\",\"@id\":\"https:\\\/\\\/wia.net.pl\\\/index.php\\\/author\\\/trinity\\\/#author\",\"url\":\"https:\\\/\\\/wia.net.pl\\\/index.php\\\/author\\\/trinity\\\/\",\"name\":\"trinity\",\"image\":{\"@type\":\"ImageObject\",\"@id\":\"https:\\\/\\\/wia.net.pl\\\/index.php\\\/2026\\\/02\\\/28\\\/neurotechnologia-wymierzona-w-ludzkosc-dr-r-duncan\\\/#authorImage\",\"url\":\"https:\\\/\\\/wia.net.pl\\\/wp-content\\\/uploads\\\/avatar-privacy\\\/cache\\\/user\\\/5\\\/f\\\/5f6547cf82495eaa10e100a6a45d5dbde2dfdc1be88557de2018fca705bdf6f1-96.jpg\",\"width\":96,\"height\":96,\"caption\":\"trinity\"}},{\"@type\":\"WebPage\",\"@id\":\"https:\\\/\\\/wia.net.pl\\\/index.php\\\/2026\\\/02\\\/28\\\/neurotechnologia-wymierzona-w-ludzkosc-dr-r-duncan\\\/#webpage\",\"url\":\"https:\\\/\\\/wia.net.pl\\\/index.php\\\/2026\\\/02\\\/28\\\/neurotechnologia-wymierzona-w-ludzkosc-dr-r-duncan\\\/\",\"name\":\"Neurotechnologia wymierzona w ludzko\\u015b\\u0107 \\u2013 dr R. Duncan - Wolno\\u015b\\u0107 i Anarchia\",\"description\":\"dr DUNCAN O NEUROTECHNOLOGICZNYM ATAKOWANIU LUDZKO\\u015aCI, TAJEMNICY I POTRZEBIE ZMIAN16 marca 2021 rSzczera rozmowa z Robertem Duncanem, naukowcem i sygnalist\\u0105, na temat neurotechnologicznego atakowania niewinnych, licznych neurotechnologii stosowanych obecnie, kompartmentalizacji, kt\\u00f3ra sprzyja przest\\u0119pczo\\u015bci, oraz tego, co ludzie mog\\u0105 zrobi\\u0107, aby j\\u0105 powstrzyma\\u0107. \\u0179r\\u00f3d\\u0142o https:\\\/\\\/rumble.com\\\/v2vnwia-ramolad-with-darpa-whistleblower-dr.-robert-duncan.-neurotech-targeting-of-.html?e9s=src_v1_s%2Csrc_v1_s_o&sci=06e35668-e5c3-440f-beba-b23f35f77ca1\",\"inLanguage\":\"pl-PL\",\"isPartOf\":{\"@id\":\"https:\\\/\\\/wia.net.pl\\\/#website\"},\"breadcrumb\":{\"@id\":\"https:\\\/\\\/wia.net.pl\\\/index.php\\\/2026\\\/02\\\/28\\\/neurotechnologia-wymierzona-w-ludzkosc-dr-r-duncan\\\/#breadcrumblist\"},\"author\":{\"@id\":\"https:\\\/\\\/wia.net.pl\\\/index.php\\\/author\\\/trinity\\\/#author\"},\"creator\":{\"@id\":\"https:\\\/\\\/wia.net.pl\\\/index.php\\\/author\\\/trinity\\\/#author\"},\"image\":{\"@type\":\"ImageObject\",\"url\":\"https:\\\/\\\/wia.net.pl\\\/wp-content\\\/uploads\\\/2026\\\/02\\\/Neurotechnologia-wymierzona-w-ludzkosc.jpg\",\"@id\":\"https:\\\/\\\/wia.net.pl\\\/index.php\\\/2026\\\/02\\\/28\\\/neurotechnologia-wymierzona-w-ludzkosc-dr-r-duncan\\\/#mainImage\",\"width\":1920,\"height\":1080},\"primaryImageOfPage\":{\"@id\":\"https:\\\/\\\/wia.net.pl\\\/index.php\\\/2026\\\/02\\\/28\\\/neurotechnologia-wymierzona-w-ludzkosc-dr-r-duncan\\\/#mainImage\"},\"datePublished\":\"2026-02-28T13:01:13+01:00\",\"dateModified\":\"2026-02-28T13:01:18+01:00\"},{\"@type\":\"WebSite\",\"@id\":\"https:\\\/\\\/wia.net.pl\\\/#website\",\"url\":\"https:\\\/\\\/wia.net.pl\\\/\",\"name\":\"Wolno\\u015b\\u0107 i Anarchia\",\"description\":\"Ka\\u017cdy wewn\\u0119trznie jest anarchist\\u0105.\",\"inLanguage\":\"pl-PL\",\"publisher\":{\"@id\":\"https:\\\/\\\/wia.net.pl\\\/#person\"}}]}\n\t\t<\/script>\n\t\t<!-- All in One SEO -->\n\n","aioseo_head_json":{"title":"Neurotechnologia wymierzona w ludzko\u015b\u0107 \u2013 dr R. Duncan - Wolno\u015b\u0107 i Anarchia","description":"dr DUNCAN O NEUROTECHNOLOGICZNYM ATAKOWANIU LUDZKO\u015aCI, TAJEMNICY I POTRZEBIE ZMIAN16 marca 2021 rSzczera rozmowa z Robertem Duncanem, naukowcem i sygnalist\u0105, na temat neurotechnologicznego atakowania niewinnych, licznych neurotechnologii stosowanych obecnie, kompartmentalizacji, kt\u00f3ra sprzyja przest\u0119pczo\u015bci, oraz tego, co ludzie mog\u0105 zrobi\u0107, aby j\u0105 powstrzyma\u0107. \u0179r\u00f3d\u0142o https:\/\/rumble.com\/v2vnwia-ramolad-with-darpa-whistleblower-dr.-robert-duncan.-neurotech-targeting-of-.html?e9s=src_v1_s%2Csrc_v1_s_o&sci=06e35668-e5c3-440f-beba-b23f35f77ca1","canonical_url":"https:\/\/wia.net.pl\/index.php\/2026\/02\/28\/neurotechnologia-wymierzona-w-ludzkosc-dr-r-duncan\/","robots":"max-image-preview:large","keywords":"","webmasterTools":{"miscellaneous":""},"schema":{"@context":"https:\/\/schema.org","@graph":[{"@type":"BlogPosting","@id":"https:\/\/wia.net.pl\/index.php\/2026\/02\/28\/neurotechnologia-wymierzona-w-ludzkosc-dr-r-duncan\/#blogposting","name":"Neurotechnologia wymierzona w ludzko\u015b\u0107 \u2013 dr R. Duncan - Wolno\u015b\u0107 i Anarchia","headline":"Neurotechnologia wymierzona w ludzko\u015b\u0107 &#8211; dr R. Duncan","author":{"@id":"https:\/\/wia.net.pl\/index.php\/author\/trinity\/#author"},"publisher":{"@id":"https:\/\/wia.net.pl\/#person"},"image":{"@type":"ImageObject","url":"https:\/\/wia.net.pl\/wp-content\/uploads\/2026\/02\/Neurotechnologia-wymierzona-w-ludzkosc.jpg","width":1920,"height":1080},"datePublished":"2026-02-28T13:01:13+01:00","dateModified":"2026-02-28T13:01:18+01:00","inLanguage":"pl-PL","mainEntityOfPage":{"@id":"https:\/\/wia.net.pl\/index.php\/2026\/02\/28\/neurotechnologia-wymierzona-w-ludzkosc-dr-r-duncan\/#webpage"},"isPartOf":{"@id":"https:\/\/wia.net.pl\/index.php\/2026\/02\/28\/neurotechnologia-wymierzona-w-ludzkosc-dr-r-duncan\/#webpage"},"articleSection":"UFO i Technologie"},{"@type":"BreadcrumbList","@id":"https:\/\/wia.net.pl\/index.php\/2026\/02\/28\/neurotechnologia-wymierzona-w-ludzkosc-dr-r-duncan\/#breadcrumblist","itemListElement":[{"@type":"ListItem","@id":"https:\/\/wia.net.pl#listItem","position":1,"name":"Home","item":"https:\/\/wia.net.pl","nextItem":{"@type":"ListItem","@id":"https:\/\/wia.net.pl\/index.php\/category\/ufo-i-technologie\/#listItem","name":"UFO i Technologie"}},{"@type":"ListItem","@id":"https:\/\/wia.net.pl\/index.php\/category\/ufo-i-technologie\/#listItem","position":2,"name":"UFO i Technologie","item":"https:\/\/wia.net.pl\/index.php\/category\/ufo-i-technologie\/","nextItem":{"@type":"ListItem","@id":"https:\/\/wia.net.pl\/index.php\/2026\/02\/28\/neurotechnologia-wymierzona-w-ludzkosc-dr-r-duncan\/#listItem","name":"Neurotechnologia wymierzona w ludzko\u015b\u0107 &#8211; dr R. Duncan"},"previousItem":{"@type":"ListItem","@id":"https:\/\/wia.net.pl#listItem","name":"Home"}},{"@type":"ListItem","@id":"https:\/\/wia.net.pl\/index.php\/2026\/02\/28\/neurotechnologia-wymierzona-w-ludzkosc-dr-r-duncan\/#listItem","position":3,"name":"Neurotechnologia wymierzona w ludzko\u015b\u0107 &#8211; dr R. Duncan","previousItem":{"@type":"ListItem","@id":"https:\/\/wia.net.pl\/index.php\/category\/ufo-i-technologie\/#listItem","name":"UFO i Technologie"}}]},{"@type":"Person","@id":"https:\/\/wia.net.pl\/#person","name":"Bart\u0142omiej Talarczyk","image":{"@type":"ImageObject","@id":"https:\/\/wia.net.pl\/index.php\/2026\/02\/28\/neurotechnologia-wymierzona-w-ludzkosc-dr-r-duncan\/#personImage","url":"https:\/\/wia.net.pl\/wp-content\/uploads\/avatar-privacy\/cache\/user\/1\/7\/176a6b161c58363ff49b5c167264231f519f5c7fa183ca1f61e891769b6b56d5-96.jpg","width":96,"height":96,"caption":"Bart\u0142omiej Talarczyk"}},{"@type":"Person","@id":"https:\/\/wia.net.pl\/index.php\/author\/trinity\/#author","url":"https:\/\/wia.net.pl\/index.php\/author\/trinity\/","name":"trinity","image":{"@type":"ImageObject","@id":"https:\/\/wia.net.pl\/index.php\/2026\/02\/28\/neurotechnologia-wymierzona-w-ludzkosc-dr-r-duncan\/#authorImage","url":"https:\/\/wia.net.pl\/wp-content\/uploads\/avatar-privacy\/cache\/user\/5\/f\/5f6547cf82495eaa10e100a6a45d5dbde2dfdc1be88557de2018fca705bdf6f1-96.jpg","width":96,"height":96,"caption":"trinity"}},{"@type":"WebPage","@id":"https:\/\/wia.net.pl\/index.php\/2026\/02\/28\/neurotechnologia-wymierzona-w-ludzkosc-dr-r-duncan\/#webpage","url":"https:\/\/wia.net.pl\/index.php\/2026\/02\/28\/neurotechnologia-wymierzona-w-ludzkosc-dr-r-duncan\/","name":"Neurotechnologia wymierzona w ludzko\u015b\u0107 \u2013 dr R. Duncan - Wolno\u015b\u0107 i Anarchia","description":"dr DUNCAN O NEUROTECHNOLOGICZNYM ATAKOWANIU LUDZKO\u015aCI, TAJEMNICY I POTRZEBIE ZMIAN16 marca 2021 rSzczera rozmowa z Robertem Duncanem, naukowcem i sygnalist\u0105, na temat neurotechnologicznego atakowania niewinnych, licznych neurotechnologii stosowanych obecnie, kompartmentalizacji, kt\u00f3ra sprzyja przest\u0119pczo\u015bci, oraz tego, co ludzie mog\u0105 zrobi\u0107, aby j\u0105 powstrzyma\u0107. \u0179r\u00f3d\u0142o https:\/\/rumble.com\/v2vnwia-ramolad-with-darpa-whistleblower-dr.-robert-duncan.-neurotech-targeting-of-.html?e9s=src_v1_s%2Csrc_v1_s_o&sci=06e35668-e5c3-440f-beba-b23f35f77ca1","inLanguage":"pl-PL","isPartOf":{"@id":"https:\/\/wia.net.pl\/#website"},"breadcrumb":{"@id":"https:\/\/wia.net.pl\/index.php\/2026\/02\/28\/neurotechnologia-wymierzona-w-ludzkosc-dr-r-duncan\/#breadcrumblist"},"author":{"@id":"https:\/\/wia.net.pl\/index.php\/author\/trinity\/#author"},"creator":{"@id":"https:\/\/wia.net.pl\/index.php\/author\/trinity\/#author"},"image":{"@type":"ImageObject","url":"https:\/\/wia.net.pl\/wp-content\/uploads\/2026\/02\/Neurotechnologia-wymierzona-w-ludzkosc.jpg","@id":"https:\/\/wia.net.pl\/index.php\/2026\/02\/28\/neurotechnologia-wymierzona-w-ludzkosc-dr-r-duncan\/#mainImage","width":1920,"height":1080},"primaryImageOfPage":{"@id":"https:\/\/wia.net.pl\/index.php\/2026\/02\/28\/neurotechnologia-wymierzona-w-ludzkosc-dr-r-duncan\/#mainImage"},"datePublished":"2026-02-28T13:01:13+01:00","dateModified":"2026-02-28T13:01:18+01:00"},{"@type":"WebSite","@id":"https:\/\/wia.net.pl\/#website","url":"https:\/\/wia.net.pl\/","name":"Wolno\u015b\u0107 i Anarchia","description":"Ka\u017cdy wewn\u0119trznie jest anarchist\u0105.","inLanguage":"pl-PL","publisher":{"@id":"https:\/\/wia.net.pl\/#person"}}]},"og:locale":"pl_PL","og:site_name":"Wolno\u015b\u0107 i Anarchia - Ka\u017cdy wewn\u0119trznie jest anarchist\u0105.","og:type":"article","og:title":"Neurotechnologia wymierzona w ludzko\u015b\u0107 \u2013 dr R. Duncan - Wolno\u015b\u0107 i Anarchia","og:description":"dr DUNCAN O NEUROTECHNOLOGICZNYM ATAKOWANIU LUDZKO\u015aCI, TAJEMNICY I POTRZEBIE ZMIAN16 marca 2021 rSzczera rozmowa z Robertem Duncanem, naukowcem i sygnalist\u0105, na temat neurotechnologicznego atakowania niewinnych, licznych neurotechnologii stosowanych obecnie, kompartmentalizacji, kt\u00f3ra sprzyja przest\u0119pczo\u015bci, oraz tego, co ludzie mog\u0105 zrobi\u0107, aby j\u0105 powstrzyma\u0107. \u0179r\u00f3d\u0142o https:\/\/rumble.com\/v2vnwia-ramolad-with-darpa-whistleblower-dr.-robert-duncan.-neurotech-targeting-of-.html?e9s=src_v1_s%2Csrc_v1_s_o&amp;sci=06e35668-e5c3-440f-beba-b23f35f77ca1","og:url":"https:\/\/wia.net.pl\/index.php\/2026\/02\/28\/neurotechnologia-wymierzona-w-ludzkosc-dr-r-duncan\/","og:image":"https:\/\/wia.net.pl\/wp-content\/uploads\/2023\/11\/cropped-freedom-i73367.jpg","og:image:secure_url":"https:\/\/wia.net.pl\/wp-content\/uploads\/2023\/11\/cropped-freedom-i73367.jpg","article:published_time":"2026-02-28T12:01:13+00:00","article:modified_time":"2026-02-28T12:01:18+00:00","twitter:card":"summary_large_image","twitter:title":"Neurotechnologia wymierzona w ludzko\u015b\u0107 \u2013 dr R. Duncan - Wolno\u015b\u0107 i Anarchia","twitter:description":"dr DUNCAN O NEUROTECHNOLOGICZNYM ATAKOWANIU LUDZKO\u015aCI, TAJEMNICY I POTRZEBIE ZMIAN16 marca 2021 rSzczera rozmowa z Robertem Duncanem, naukowcem i sygnalist\u0105, na temat neurotechnologicznego atakowania niewinnych, licznych neurotechnologii stosowanych obecnie, kompartmentalizacji, kt\u00f3ra sprzyja przest\u0119pczo\u015bci, oraz tego, co ludzie mog\u0105 zrobi\u0107, aby j\u0105 powstrzyma\u0107. \u0179r\u00f3d\u0142o https:\/\/rumble.com\/v2vnwia-ramolad-with-darpa-whistleblower-dr.-robert-duncan.-neurotech-targeting-of-.html?e9s=src_v1_s%2Csrc_v1_s_o&amp;sci=06e35668-e5c3-440f-beba-b23f35f77ca1","twitter:image":"https:\/\/wia.net.pl\/wp-content\/uploads\/2023\/11\/cropped-freedom-i73367.jpg"},"aioseo_meta_data":{"post_id":"11636","title":null,"description":null,"keywords":null,"keyphrases":{"focus":{"keyphrase":"","score":0,"analysis":{"keyphraseInTitle":{"score":0,"maxScore":9,"error":1}}},"additional":[]},"primary_term":null,"canonical_url":null,"og_title":null,"og_description":null,"og_object_type":"default","og_image_type":"default","og_image_url":null,"og_image_width":null,"og_image_height":null,"og_image_custom_url":null,"og_image_custom_fields":null,"og_video":"","og_custom_url":null,"og_article_section":null,"og_article_tags":null,"twitter_use_og":false,"twitter_card":"default","twitter_image_type":"default","twitter_image_url":null,"twitter_image_custom_url":null,"twitter_image_custom_fields":null,"twitter_title":null,"twitter_description":null,"schema":{"blockGraphs":[],"customGraphs":[],"default":{"data":{"Article":[],"Course":[],"Dataset":[],"FAQPage":[],"Movie":[],"Person":[],"Product":[],"ProductReview":[],"Car":[],"Recipe":[],"Service":[],"SoftwareApplication":[],"WebPage":[]},"graphName":"BlogPosting","isEnabled":true},"graphs":[]},"schema_type":"default","schema_type_options":null,"pillar_content":false,"robots_default":true,"robots_noindex":false,"robots_noarchive":false,"robots_nosnippet":false,"robots_nofollow":false,"robots_noimageindex":false,"robots_noodp":false,"robots_notranslate":false,"robots_max_snippet":"-1","robots_max_videopreview":"-1","robots_max_imagepreview":"large","priority":null,"frequency":"default","local_seo":null,"breadcrumb_settings":null,"limit_modified_date":false,"ai":{"faqs":[],"keyPoints":[],"titles":[],"descriptions":[],"socialPosts":{"email":[],"linkedin":[],"twitter":[],"facebook":[],"instagram":[]}},"created":"2026-02-28 12:01:18","updated":"2026-02-28 12:14:36","seo_analyzer_scan_date":null,"focus_keyword":null,"additional_keywords":null,"truseo_locale":null},"aioseo_breadcrumb":"<div class=\"aioseo-breadcrumbs\"><span class=\"aioseo-breadcrumb\">\n\t\t\t<a href=\"https:\/\/wia.net.pl\" title=\"Home\">Home<\/a>\n\t\t<\/span><span class=\"aioseo-breadcrumb-separator\">&raquo;<\/span><span class=\"aioseo-breadcrumb\">\n\t\t\t<a href=\"https:\/\/wia.net.pl\/index.php\/category\/ufo-i-technologie\/\" title=\"UFO i Technologie\">UFO i Technologie<\/a>\n\t\t<\/span><span class=\"aioseo-breadcrumb-separator\">&raquo;<\/span><span class=\"aioseo-breadcrumb\">\n\t\t\tNeurotechnologia wymierzona w ludzko\u015b\u0107 \u2013 dr R. Duncan\n\t\t<\/span><\/div>","aioseo_breadcrumb_json":[{"label":"Home","link":"https:\/\/wia.net.pl"},{"label":"UFO i Technologie","link":"https:\/\/wia.net.pl\/index.php\/category\/ufo-i-technologie\/"},{"label":"Neurotechnologia wymierzona w ludzko\u015b\u0107 &#8211; dr R. Duncan","link":"https:\/\/wia.net.pl\/index.php\/2026\/02\/28\/neurotechnologia-wymierzona-w-ludzkosc-dr-r-duncan\/"}],"_links":{"self":[{"href":"https:\/\/wia.net.pl\/index.php\/wp-json\/wp\/v2\/posts\/11636"}],"collection":[{"href":"https:\/\/wia.net.pl\/index.php\/wp-json\/wp\/v2\/posts"}],"about":[{"href":"https:\/\/wia.net.pl\/index.php\/wp-json\/wp\/v2\/types\/post"}],"author":[{"embeddable":true,"href":"https:\/\/wia.net.pl\/index.php\/wp-json\/wp\/v2\/users\/2"}],"replies":[{"embeddable":true,"href":"https:\/\/wia.net.pl\/index.php\/wp-json\/wp\/v2\/comments?post=11636"}],"version-history":[{"count":1,"href":"https:\/\/wia.net.pl\/index.php\/wp-json\/wp\/v2\/posts\/11636\/revisions"}],"predecessor-version":[{"id":11638,"href":"https:\/\/wia.net.pl\/index.php\/wp-json\/wp\/v2\/posts\/11636\/revisions\/11638"}],"wp:featuredmedia":[{"embeddable":true,"href":"https:\/\/wia.net.pl\/index.php\/wp-json\/wp\/v2\/media\/11637"}],"wp:attachment":[{"href":"https:\/\/wia.net.pl\/index.php\/wp-json\/wp\/v2\/media?parent=11636"}],"wp:term":[{"taxonomy":"category","embeddable":true,"href":"https:\/\/wia.net.pl\/index.php\/wp-json\/wp\/v2\/categories?post=11636"},{"taxonomy":"post_tag","embeddable":true,"href":"https:\/\/wia.net.pl\/index.php\/wp-json\/wp\/v2\/tags?post=11636"}],"curies":[{"name":"wp","href":"https:\/\/api.w.org\/{rel}","templated":true}]}}