{"id":11701,"date":"2026-03-12T13:40:28","date_gmt":"2026-03-12T12:40:28","guid":{"rendered":"https:\/\/wia.net.pl\/?p=11701"},"modified":"2026-03-12T13:40:56","modified_gmt":"2026-03-12T12:40:56","slug":"nowa-seria-czasy-w-ktorych-zyjemy-odcinek-1","status":"publish","type":"post","link":"https:\/\/wia.net.pl\/index.php\/2026\/03\/12\/nowa-seria-czasy-w-ktorych-zyjemy-odcinek-1\/","title":{"rendered":"Nowa seria: Czasy, w kt\u00f3rych \u017cyjemy &#8211; Odcinek 1 &#8211; Substack"},"content":{"rendered":"<div class=\"substack-post-embed\">\n<p lang=\"en\">SERIA: Czasy, w kt\u00f3rych \u017cyjemy. Odcinek 1 &#8211; Dlaczego ludzie s\u0105 coraz bardziej zm\u0119czeni mimo wygodniejszego \u017cycia? by Wolno\u015b\u0107 i Anarchia<\/p>\n<p>W \u015bwiecie pe\u0142nym wygody i technologii coraz wi\u0119cej ludzi czuje si\u0119 zm\u0119czonych. W tym odcinku przygl\u0105damy si\u0119 mechanizmom wsp\u00f3\u0142czesno\u015bci wp\u0142ywaj\u0105cym na nasz\u0105 uwag\u0119 i energi\u0119.<\/p>\n<p><a data-post-link href=\"https:\/\/wolnoscanarchia.substack.com\/p\/seria-czasy-w-ktorych-zyjemy-odcinek\">Read on Substack<\/a><\/div>\n<p><script async src=\"https:\/\/substack.com\/embedjs\/embed.js\" charset=\"utf-8\"><\/script><\/p>\n\n\n\n<p>Zapraszamy Was do nowej serii \u2013 \u201eCzasy, w kt\u00f3rych \u017cyjemy\u201d na platformie Substack, dla wszystkich. B\u0119dzie to przestrze\u0144 do spokojnej refleksji nad zjawiskami wsp\u00f3\u0142czesnego \u015bwiata, kt\u00f3re wp\u0142ywaj\u0105 na nasze \u017cycie, spos\u00f3b my\u015blenia i codzienne do\u015bwiadczenia.<\/p>\n\n\n\n<p>W pierwszym odcinku przygl\u0105dam si\u0119 pytaniu, kt\u00f3re wielu ludzi zadaje sobie coraz cz\u0119\u015bciej: dlaczego mimo coraz wygodniejszego \u017cycia czujemy si\u0119 coraz bardziej zm\u0119czeni?<\/p>\n\n\n\n<p>Je\u015bli interesuj\u0105 Was mechanizmy wsp\u00f3\u0142czesno\u015bci, wp\u0142yw technologii, informacji i stylu \u017cycia na nasz\u0105 uwag\u0119, energi\u0119 i samopoczucie \u2013 zapraszam do wys\u0142uchania odcinka 1 serii \u201eCzasy, w kt\u00f3rych \u017cyjemy\u201d.<\/p>\n","protected":false},"excerpt":{"rendered":"<p>Zapraszamy Was do nowej serii \u2013 \u201eCzasy, w kt\u00f3rych \u017cyjemy\u201d na platformie Substack, dla wszystkich. B\u0119dzie to przestrze\u0144 do spokojnej refleksji nad zjawiskami wsp\u00f3\u0142czesnego \u015bwiata, kt\u00f3re wp\u0142ywaj\u0105 na nasze \u017cycie, spos\u00f3b my\u015blenia i codzienne do\u015bwiadczenia. W pierwszym odcinku przygl\u0105dam si\u0119&#8230; <\/p>\n","protected":false},"author":2,"featured_media":11702,"comment_status":"open","ping_status":"open","sticky":false,"template":"","format":"standard","meta":{"_acf_changed":false,"_bbp_topic_count":0,"_bbp_reply_count":0,"_bbp_total_topic_count":0,"_bbp_total_reply_count":0,"_bbp_voice_count":0,"_bbp_anonymous_reply_count":0,"_bbp_topic_count_hidden":0,"_bbp_reply_count_hidden":0,"_bbp_forum_subforum_count":0,"om_disable_all_campaigns":false,"_monsterinsights_skip_tracking":false,"footnotes":""},"categories":[13],"tags":[],"class_list":["post-11701","post","type-post","status-publish","format-standard","has-post-thumbnail","hentry","category-prawdaoswiecie"],"acf":[],"aioseo_notices":[],"aioseo_head":"\n\t\t<!-- All in One SEO 5.0.1.1 - aioseo.com -->\n\t<meta name=\"description\" content=\"SERIA: Czasy, w kt\u00f3rych \u017cyjemy. Odcinek 1 - Dlaczego ludzie s\u0105 coraz bardziej zm\u0119czeni mimo wygodniejszego \u017cycia? by Wolno\u015b\u0107 i AnarchiaW \u015bwiecie pe\u0142nym wygody i technologii coraz wi\u0119cej ludzi czuje si\u0119 zm\u0119czonych. W tym odcinku przygl\u0105damy si\u0119 mechanizmom wsp\u00f3\u0142czesno\u015bci wp\u0142ywaj\u0105cym na nasz\u0105 uwag\u0119 i energi\u0119.Read on Substack Zapraszamy Was do nowej serii \u2013 \u201eCzasy, w\" \/>\n\t<meta name=\"robots\" content=\"max-image-preview:large\" \/>\n\t<meta name=\"author\" content=\"trinity\"\/>\n\t<link rel=\"canonical\" href=\"https:\/\/wia.net.pl\/index.php\/2026\/03\/12\/nowa-seria-czasy-w-ktorych-zyjemy-odcinek-1\/\" \/>\n\t<meta name=\"generator\" content=\"All in One SEO (AIOSEO) 5.0.1.1\" \/>\n\t\t<meta property=\"og:locale\" content=\"pl_PL\" \/>\n\t\t<meta property=\"og:site_name\" content=\"Wolno\u015b\u0107 i Anarchia - Ka\u017cdy wewn\u0119trznie jest anarchist\u0105.\" \/>\n\t\t<meta property=\"og:type\" content=\"article\" \/>\n\t\t<meta property=\"og:title\" content=\"Nowa seria: Czasy, w kt\u00f3rych \u017cyjemy \u2013 Odcinek 1 \u2013 Substack - Wolno\u015b\u0107 i Anarchia\" \/>\n\t\t<meta property=\"og:description\" content=\"SERIA: Czasy, w kt\u00f3rych \u017cyjemy. Odcinek 1 - Dlaczego ludzie s\u0105 coraz bardziej zm\u0119czeni mimo wygodniejszego \u017cycia? by Wolno\u015b\u0107 i AnarchiaW \u015bwiecie pe\u0142nym wygody i technologii coraz wi\u0119cej ludzi czuje si\u0119 zm\u0119czonych. W tym odcinku przygl\u0105damy si\u0119 mechanizmom wsp\u00f3\u0142czesno\u015bci wp\u0142ywaj\u0105cym na nasz\u0105 uwag\u0119 i energi\u0119.Read on Substack Zapraszamy Was do nowej serii \u2013 \u201eCzasy, w\" \/>\n\t\t<meta property=\"og:url\" content=\"https:\/\/wia.net.pl\/index.php\/2026\/03\/12\/nowa-seria-czasy-w-ktorych-zyjemy-odcinek-1\/\" \/>\n\t\t<meta property=\"og:image\" content=\"https:\/\/wia.net.pl\/wp-content\/uploads\/2023\/11\/cropped-freedom-i73367.jpg\" \/>\n\t\t<meta property=\"og:image:secure_url\" content=\"https:\/\/wia.net.pl\/wp-content\/uploads\/2023\/11\/cropped-freedom-i73367.jpg\" \/>\n\t\t<meta property=\"article:published_time\" content=\"2026-03-12T12:40:28+00:00\" \/>\n\t\t<meta property=\"article:modified_time\" content=\"2026-03-12T12:40:56+00:00\" \/>\n\t\t<meta name=\"twitter:card\" content=\"summary_large_image\" \/>\n\t\t<meta name=\"twitter:title\" content=\"Nowa seria: Czasy, w kt\u00f3rych \u017cyjemy \u2013 Odcinek 1 \u2013 Substack - Wolno\u015b\u0107 i Anarchia\" \/>\n\t\t<meta name=\"twitter:description\" content=\"SERIA: Czasy, w kt\u00f3rych \u017cyjemy. Odcinek 1 - Dlaczego ludzie s\u0105 coraz bardziej zm\u0119czeni mimo wygodniejszego \u017cycia? by Wolno\u015b\u0107 i AnarchiaW \u015bwiecie pe\u0142nym wygody i technologii coraz wi\u0119cej ludzi czuje si\u0119 zm\u0119czonych. W tym odcinku przygl\u0105damy si\u0119 mechanizmom wsp\u00f3\u0142czesno\u015bci wp\u0142ywaj\u0105cym na nasz\u0105 uwag\u0119 i energi\u0119.Read on Substack Zapraszamy Was do nowej serii \u2013 \u201eCzasy, w\" \/>\n\t\t<meta name=\"twitter:image\" content=\"https:\/\/wia.net.pl\/wp-content\/uploads\/2023\/11\/cropped-freedom-i73367.jpg\" \/>\n\t\t<script type=\"application\/ld+json\" class=\"aioseo-schema\">\n\t\t\t{\"@context\":\"https:\\\/\\\/schema.org\",\"@graph\":[{\"@type\":\"BlogPosting\",\"@id\":\"https:\\\/\\\/wia.net.pl\\\/index.php\\\/2026\\\/03\\\/12\\\/nowa-seria-czasy-w-ktorych-zyjemy-odcinek-1\\\/#blogposting\",\"name\":\"Nowa seria: Czasy, w kt\\u00f3rych \\u017cyjemy \\u2013 Odcinek 1 \\u2013 Substack - Wolno\\u015b\\u0107 i Anarchia\",\"headline\":\"Nowa seria: Czasy, w kt\\u00f3rych \\u017cyjemy &#8211; Odcinek 1 &#8211; Substack\",\"author\":{\"@id\":\"https:\\\/\\\/wia.net.pl\\\/index.php\\\/author\\\/trinity\\\/#author\"},\"publisher\":{\"@id\":\"https:\\\/\\\/wia.net.pl\\\/#person\"},\"image\":{\"@type\":\"ImageObject\",\"url\":\"https:\\\/\\\/wia.net.pl\\\/wp-content\\\/uploads\\\/2026\\\/03\\\/czasy-w-ktorych-zyjemy-1-dlaczego-ludzie-sa-zmeczeni.png\",\"width\":1536,\"height\":1024},\"datePublished\":\"2026-03-12T13:40:28+01:00\",\"dateModified\":\"2026-03-12T13:40:56+01:00\",\"inLanguage\":\"pl-PL\",\"mainEntityOfPage\":{\"@id\":\"https:\\\/\\\/wia.net.pl\\\/index.php\\\/2026\\\/03\\\/12\\\/nowa-seria-czasy-w-ktorych-zyjemy-odcinek-1\\\/#webpage\"},\"isPartOf\":{\"@id\":\"https:\\\/\\\/wia.net.pl\\\/index.php\\\/2026\\\/03\\\/12\\\/nowa-seria-czasy-w-ktorych-zyjemy-odcinek-1\\\/#webpage\"},\"articleSection\":\"Prawda o \\u015bwiecie\"},{\"@type\":\"BreadcrumbList\",\"@id\":\"https:\\\/\\\/wia.net.pl\\\/index.php\\\/2026\\\/03\\\/12\\\/nowa-seria-czasy-w-ktorych-zyjemy-odcinek-1\\\/#breadcrumblist\",\"itemListElement\":[{\"@type\":\"ListItem\",\"@id\":\"https:\\\/\\\/wia.net.pl#listItem\",\"position\":1,\"name\":\"Home\",\"item\":\"https:\\\/\\\/wia.net.pl\",\"nextItem\":{\"@type\":\"ListItem\",\"@id\":\"https:\\\/\\\/wia.net.pl\\\/index.php\\\/category\\\/prawdaoswiecie\\\/#listItem\",\"name\":\"Prawda o \\u015bwiecie\"}},{\"@type\":\"ListItem\",\"@id\":\"https:\\\/\\\/wia.net.pl\\\/index.php\\\/category\\\/prawdaoswiecie\\\/#listItem\",\"position\":2,\"name\":\"Prawda o \\u015bwiecie\",\"item\":\"https:\\\/\\\/wia.net.pl\\\/index.php\\\/category\\\/prawdaoswiecie\\\/\",\"nextItem\":{\"@type\":\"ListItem\",\"@id\":\"https:\\\/\\\/wia.net.pl\\\/index.php\\\/2026\\\/03\\\/12\\\/nowa-seria-czasy-w-ktorych-zyjemy-odcinek-1\\\/#listItem\",\"name\":\"Nowa seria: Czasy, w kt\\u00f3rych \\u017cyjemy &#8211; Odcinek 1 &#8211; Substack\"},\"previousItem\":{\"@type\":\"ListItem\",\"@id\":\"https:\\\/\\\/wia.net.pl#listItem\",\"name\":\"Home\"}},{\"@type\":\"ListItem\",\"@id\":\"https:\\\/\\\/wia.net.pl\\\/index.php\\\/2026\\\/03\\\/12\\\/nowa-seria-czasy-w-ktorych-zyjemy-odcinek-1\\\/#listItem\",\"position\":3,\"name\":\"Nowa seria: Czasy, w kt\\u00f3rych \\u017cyjemy &#8211; Odcinek 1 &#8211; Substack\",\"previousItem\":{\"@type\":\"ListItem\",\"@id\":\"https:\\\/\\\/wia.net.pl\\\/index.php\\\/category\\\/prawdaoswiecie\\\/#listItem\",\"name\":\"Prawda o \\u015bwiecie\"}}]},{\"@type\":\"Person\",\"@id\":\"https:\\\/\\\/wia.net.pl\\\/#person\",\"name\":\"Bart\\u0142omiej Talarczyk\",\"image\":{\"@type\":\"ImageObject\",\"@id\":\"https:\\\/\\\/wia.net.pl\\\/index.php\\\/2026\\\/03\\\/12\\\/nowa-seria-czasy-w-ktorych-zyjemy-odcinek-1\\\/#personImage\",\"url\":\"https:\\\/\\\/wia.net.pl\\\/wp-content\\\/uploads\\\/avatar-privacy\\\/cache\\\/user\\\/1\\\/7\\\/176a6b161c58363ff49b5c167264231f519f5c7fa183ca1f61e891769b6b56d5-96.jpg\",\"width\":96,\"height\":96,\"caption\":\"Bart\\u0142omiej Talarczyk\"}},{\"@type\":\"Person\",\"@id\":\"https:\\\/\\\/wia.net.pl\\\/index.php\\\/author\\\/trinity\\\/#author\",\"url\":\"https:\\\/\\\/wia.net.pl\\\/index.php\\\/author\\\/trinity\\\/\",\"name\":\"trinity\",\"image\":{\"@type\":\"ImageObject\",\"@id\":\"https:\\\/\\\/wia.net.pl\\\/index.php\\\/2026\\\/03\\\/12\\\/nowa-seria-czasy-w-ktorych-zyjemy-odcinek-1\\\/#authorImage\",\"url\":\"https:\\\/\\\/wia.net.pl\\\/wp-content\\\/uploads\\\/avatar-privacy\\\/cache\\\/user\\\/5\\\/f\\\/5f6547cf82495eaa10e100a6a45d5dbde2dfdc1be88557de2018fca705bdf6f1-96.jpg\",\"width\":96,\"height\":96,\"caption\":\"trinity\"}},{\"@type\":\"WebPage\",\"@id\":\"https:\\\/\\\/wia.net.pl\\\/index.php\\\/2026\\\/03\\\/12\\\/nowa-seria-czasy-w-ktorych-zyjemy-odcinek-1\\\/#webpage\",\"url\":\"https:\\\/\\\/wia.net.pl\\\/index.php\\\/2026\\\/03\\\/12\\\/nowa-seria-czasy-w-ktorych-zyjemy-odcinek-1\\\/\",\"name\":\"Nowa seria: Czasy, w kt\\u00f3rych \\u017cyjemy \\u2013 Odcinek 1 \\u2013 Substack - Wolno\\u015b\\u0107 i Anarchia\",\"description\":\"SERIA: Czasy, w kt\\u00f3rych \\u017cyjemy. Odcinek 1 - Dlaczego ludzie s\\u0105 coraz bardziej zm\\u0119czeni mimo wygodniejszego \\u017cycia? by Wolno\\u015b\\u0107 i AnarchiaW \\u015bwiecie pe\\u0142nym wygody i technologii coraz wi\\u0119cej ludzi czuje si\\u0119 zm\\u0119czonych. W tym odcinku przygl\\u0105damy si\\u0119 mechanizmom wsp\\u00f3\\u0142czesno\\u015bci wp\\u0142ywaj\\u0105cym na nasz\\u0105 uwag\\u0119 i energi\\u0119.Read on Substack Zapraszamy Was do nowej serii \\u2013 \\u201eCzasy, w\",\"inLanguage\":\"pl-PL\",\"isPartOf\":{\"@id\":\"https:\\\/\\\/wia.net.pl\\\/#website\"},\"breadcrumb\":{\"@id\":\"https:\\\/\\\/wia.net.pl\\\/index.php\\\/2026\\\/03\\\/12\\\/nowa-seria-czasy-w-ktorych-zyjemy-odcinek-1\\\/#breadcrumblist\"},\"author\":{\"@id\":\"https:\\\/\\\/wia.net.pl\\\/index.php\\\/author\\\/trinity\\\/#author\"},\"creator\":{\"@id\":\"https:\\\/\\\/wia.net.pl\\\/index.php\\\/author\\\/trinity\\\/#author\"},\"image\":{\"@type\":\"ImageObject\",\"url\":\"https:\\\/\\\/wia.net.pl\\\/wp-content\\\/uploads\\\/2026\\\/03\\\/czasy-w-ktorych-zyjemy-1-dlaczego-ludzie-sa-zmeczeni.png\",\"@id\":\"https:\\\/\\\/wia.net.pl\\\/index.php\\\/2026\\\/03\\\/12\\\/nowa-seria-czasy-w-ktorych-zyjemy-odcinek-1\\\/#mainImage\",\"width\":1536,\"height\":1024},\"primaryImageOfPage\":{\"@id\":\"https:\\\/\\\/wia.net.pl\\\/index.php\\\/2026\\\/03\\\/12\\\/nowa-seria-czasy-w-ktorych-zyjemy-odcinek-1\\\/#mainImage\"},\"datePublished\":\"2026-03-12T13:40:28+01:00\",\"dateModified\":\"2026-03-12T13:40:56+01:00\"},{\"@type\":\"WebSite\",\"@id\":\"https:\\\/\\\/wia.net.pl\\\/#website\",\"url\":\"https:\\\/\\\/wia.net.pl\\\/\",\"name\":\"Wolno\\u015b\\u0107 i Anarchia\",\"description\":\"Ka\\u017cdy wewn\\u0119trznie jest anarchist\\u0105.\",\"inLanguage\":\"pl-PL\",\"publisher\":{\"@id\":\"https:\\\/\\\/wia.net.pl\\\/#person\"}}]}\n\t\t<\/script>\n\t\t<!-- All in One SEO -->\n\n","aioseo_head_json":{"title":"Nowa seria: Czasy, w kt\u00f3rych \u017cyjemy \u2013 Odcinek 1 \u2013 Substack - Wolno\u015b\u0107 i Anarchia","description":"SERIA: Czasy, w kt\u00f3rych \u017cyjemy. Odcinek 1 - Dlaczego ludzie s\u0105 coraz bardziej zm\u0119czeni mimo wygodniejszego \u017cycia? by Wolno\u015b\u0107 i AnarchiaW \u015bwiecie pe\u0142nym wygody i technologii coraz wi\u0119cej ludzi czuje si\u0119 zm\u0119czonych. W tym odcinku przygl\u0105damy si\u0119 mechanizmom wsp\u00f3\u0142czesno\u015bci wp\u0142ywaj\u0105cym na nasz\u0105 uwag\u0119 i energi\u0119.Read on Substack Zapraszamy Was do nowej serii \u2013 \u201eCzasy, w","canonical_url":"https:\/\/wia.net.pl\/index.php\/2026\/03\/12\/nowa-seria-czasy-w-ktorych-zyjemy-odcinek-1\/","robots":"max-image-preview:large","keywords":"","webmasterTools":{"miscellaneous":""},"schema":{"@context":"https:\/\/schema.org","@graph":[{"@type":"BlogPosting","@id":"https:\/\/wia.net.pl\/index.php\/2026\/03\/12\/nowa-seria-czasy-w-ktorych-zyjemy-odcinek-1\/#blogposting","name":"Nowa seria: Czasy, w kt\u00f3rych \u017cyjemy \u2013 Odcinek 1 \u2013 Substack - Wolno\u015b\u0107 i Anarchia","headline":"Nowa seria: Czasy, w kt\u00f3rych \u017cyjemy &#8211; Odcinek 1 &#8211; Substack","author":{"@id":"https:\/\/wia.net.pl\/index.php\/author\/trinity\/#author"},"publisher":{"@id":"https:\/\/wia.net.pl\/#person"},"image":{"@type":"ImageObject","url":"https:\/\/wia.net.pl\/wp-content\/uploads\/2026\/03\/czasy-w-ktorych-zyjemy-1-dlaczego-ludzie-sa-zmeczeni.png","width":1536,"height":1024},"datePublished":"2026-03-12T13:40:28+01:00","dateModified":"2026-03-12T13:40:56+01:00","inLanguage":"pl-PL","mainEntityOfPage":{"@id":"https:\/\/wia.net.pl\/index.php\/2026\/03\/12\/nowa-seria-czasy-w-ktorych-zyjemy-odcinek-1\/#webpage"},"isPartOf":{"@id":"https:\/\/wia.net.pl\/index.php\/2026\/03\/12\/nowa-seria-czasy-w-ktorych-zyjemy-odcinek-1\/#webpage"},"articleSection":"Prawda o \u015bwiecie"},{"@type":"BreadcrumbList","@id":"https:\/\/wia.net.pl\/index.php\/2026\/03\/12\/nowa-seria-czasy-w-ktorych-zyjemy-odcinek-1\/#breadcrumblist","itemListElement":[{"@type":"ListItem","@id":"https:\/\/wia.net.pl#listItem","position":1,"name":"Home","item":"https:\/\/wia.net.pl","nextItem":{"@type":"ListItem","@id":"https:\/\/wia.net.pl\/index.php\/category\/prawdaoswiecie\/#listItem","name":"Prawda o \u015bwiecie"}},{"@type":"ListItem","@id":"https:\/\/wia.net.pl\/index.php\/category\/prawdaoswiecie\/#listItem","position":2,"name":"Prawda o \u015bwiecie","item":"https:\/\/wia.net.pl\/index.php\/category\/prawdaoswiecie\/","nextItem":{"@type":"ListItem","@id":"https:\/\/wia.net.pl\/index.php\/2026\/03\/12\/nowa-seria-czasy-w-ktorych-zyjemy-odcinek-1\/#listItem","name":"Nowa seria: Czasy, w kt\u00f3rych \u017cyjemy &#8211; Odcinek 1 &#8211; Substack"},"previousItem":{"@type":"ListItem","@id":"https:\/\/wia.net.pl#listItem","name":"Home"}},{"@type":"ListItem","@id":"https:\/\/wia.net.pl\/index.php\/2026\/03\/12\/nowa-seria-czasy-w-ktorych-zyjemy-odcinek-1\/#listItem","position":3,"name":"Nowa seria: Czasy, w kt\u00f3rych \u017cyjemy &#8211; Odcinek 1 &#8211; Substack","previousItem":{"@type":"ListItem","@id":"https:\/\/wia.net.pl\/index.php\/category\/prawdaoswiecie\/#listItem","name":"Prawda o \u015bwiecie"}}]},{"@type":"Person","@id":"https:\/\/wia.net.pl\/#person","name":"Bart\u0142omiej Talarczyk","image":{"@type":"ImageObject","@id":"https:\/\/wia.net.pl\/index.php\/2026\/03\/12\/nowa-seria-czasy-w-ktorych-zyjemy-odcinek-1\/#personImage","url":"https:\/\/wia.net.pl\/wp-content\/uploads\/avatar-privacy\/cache\/user\/1\/7\/176a6b161c58363ff49b5c167264231f519f5c7fa183ca1f61e891769b6b56d5-96.jpg","width":96,"height":96,"caption":"Bart\u0142omiej Talarczyk"}},{"@type":"Person","@id":"https:\/\/wia.net.pl\/index.php\/author\/trinity\/#author","url":"https:\/\/wia.net.pl\/index.php\/author\/trinity\/","name":"trinity","image":{"@type":"ImageObject","@id":"https:\/\/wia.net.pl\/index.php\/2026\/03\/12\/nowa-seria-czasy-w-ktorych-zyjemy-odcinek-1\/#authorImage","url":"https:\/\/wia.net.pl\/wp-content\/uploads\/avatar-privacy\/cache\/user\/5\/f\/5f6547cf82495eaa10e100a6a45d5dbde2dfdc1be88557de2018fca705bdf6f1-96.jpg","width":96,"height":96,"caption":"trinity"}},{"@type":"WebPage","@id":"https:\/\/wia.net.pl\/index.php\/2026\/03\/12\/nowa-seria-czasy-w-ktorych-zyjemy-odcinek-1\/#webpage","url":"https:\/\/wia.net.pl\/index.php\/2026\/03\/12\/nowa-seria-czasy-w-ktorych-zyjemy-odcinek-1\/","name":"Nowa seria: Czasy, w kt\u00f3rych \u017cyjemy \u2013 Odcinek 1 \u2013 Substack - Wolno\u015b\u0107 i Anarchia","description":"SERIA: Czasy, w kt\u00f3rych \u017cyjemy. Odcinek 1 - Dlaczego ludzie s\u0105 coraz bardziej zm\u0119czeni mimo wygodniejszego \u017cycia? by Wolno\u015b\u0107 i AnarchiaW \u015bwiecie pe\u0142nym wygody i technologii coraz wi\u0119cej ludzi czuje si\u0119 zm\u0119czonych. W tym odcinku przygl\u0105damy si\u0119 mechanizmom wsp\u00f3\u0142czesno\u015bci wp\u0142ywaj\u0105cym na nasz\u0105 uwag\u0119 i energi\u0119.Read on Substack Zapraszamy Was do nowej serii \u2013 \u201eCzasy, w","inLanguage":"pl-PL","isPartOf":{"@id":"https:\/\/wia.net.pl\/#website"},"breadcrumb":{"@id":"https:\/\/wia.net.pl\/index.php\/2026\/03\/12\/nowa-seria-czasy-w-ktorych-zyjemy-odcinek-1\/#breadcrumblist"},"author":{"@id":"https:\/\/wia.net.pl\/index.php\/author\/trinity\/#author"},"creator":{"@id":"https:\/\/wia.net.pl\/index.php\/author\/trinity\/#author"},"image":{"@type":"ImageObject","url":"https:\/\/wia.net.pl\/wp-content\/uploads\/2026\/03\/czasy-w-ktorych-zyjemy-1-dlaczego-ludzie-sa-zmeczeni.png","@id":"https:\/\/wia.net.pl\/index.php\/2026\/03\/12\/nowa-seria-czasy-w-ktorych-zyjemy-odcinek-1\/#mainImage","width":1536,"height":1024},"primaryImageOfPage":{"@id":"https:\/\/wia.net.pl\/index.php\/2026\/03\/12\/nowa-seria-czasy-w-ktorych-zyjemy-odcinek-1\/#mainImage"},"datePublished":"2026-03-12T13:40:28+01:00","dateModified":"2026-03-12T13:40:56+01:00"},{"@type":"WebSite","@id":"https:\/\/wia.net.pl\/#website","url":"https:\/\/wia.net.pl\/","name":"Wolno\u015b\u0107 i Anarchia","description":"Ka\u017cdy wewn\u0119trznie jest anarchist\u0105.","inLanguage":"pl-PL","publisher":{"@id":"https:\/\/wia.net.pl\/#person"}}]},"og:locale":"pl_PL","og:site_name":"Wolno\u015b\u0107 i Anarchia - Ka\u017cdy wewn\u0119trznie jest anarchist\u0105.","og:type":"article","og:title":"Nowa seria: Czasy, w kt\u00f3rych \u017cyjemy \u2013 Odcinek 1 \u2013 Substack - Wolno\u015b\u0107 i Anarchia","og:description":"SERIA: Czasy, w kt\u00f3rych \u017cyjemy. Odcinek 1 - Dlaczego ludzie s\u0105 coraz bardziej zm\u0119czeni mimo wygodniejszego \u017cycia? by Wolno\u015b\u0107 i AnarchiaW \u015bwiecie pe\u0142nym wygody i technologii coraz wi\u0119cej ludzi czuje si\u0119 zm\u0119czonych. W tym odcinku przygl\u0105damy si\u0119 mechanizmom wsp\u00f3\u0142czesno\u015bci wp\u0142ywaj\u0105cym na nasz\u0105 uwag\u0119 i energi\u0119.Read on Substack Zapraszamy Was do nowej serii \u2013 \u201eCzasy, w","og:url":"https:\/\/wia.net.pl\/index.php\/2026\/03\/12\/nowa-seria-czasy-w-ktorych-zyjemy-odcinek-1\/","og:image":"https:\/\/wia.net.pl\/wp-content\/uploads\/2023\/11\/cropped-freedom-i73367.jpg","og:image:secure_url":"https:\/\/wia.net.pl\/wp-content\/uploads\/2023\/11\/cropped-freedom-i73367.jpg","article:published_time":"2026-03-12T12:40:28+00:00","article:modified_time":"2026-03-12T12:40:56+00:00","twitter:card":"summary_large_image","twitter:title":"Nowa seria: Czasy, w kt\u00f3rych \u017cyjemy \u2013 Odcinek 1 \u2013 Substack - Wolno\u015b\u0107 i Anarchia","twitter:description":"SERIA: Czasy, w kt\u00f3rych \u017cyjemy. Odcinek 1 - Dlaczego ludzie s\u0105 coraz bardziej zm\u0119czeni mimo wygodniejszego \u017cycia? by Wolno\u015b\u0107 i AnarchiaW \u015bwiecie pe\u0142nym wygody i technologii coraz wi\u0119cej ludzi czuje si\u0119 zm\u0119czonych. W tym odcinku przygl\u0105damy si\u0119 mechanizmom wsp\u00f3\u0142czesno\u015bci wp\u0142ywaj\u0105cym na nasz\u0105 uwag\u0119 i energi\u0119.Read on Substack Zapraszamy Was do nowej serii \u2013 \u201eCzasy, w","twitter:image":"https:\/\/wia.net.pl\/wp-content\/uploads\/2023\/11\/cropped-freedom-i73367.jpg"},"aioseo_meta_data":{"post_id":"11701","title":null,"description":null,"keywords":null,"keyphrases":{"focus":{"keyphrase":"","score":0,"analysis":{"keyphraseInTitle":{"score":0,"maxScore":9,"error":1}}},"additional":[]},"primary_term":null,"canonical_url":null,"og_title":null,"og_description":null,"og_object_type":"default","og_image_type":"default","og_image_url":null,"og_image_width":null,"og_image_height":null,"og_image_custom_url":null,"og_image_custom_fields":null,"og_video":"","og_custom_url":null,"og_article_section":null,"og_article_tags":null,"twitter_use_og":false,"twitter_card":"default","twitter_image_type":"default","twitter_image_url":null,"twitter_image_custom_url":null,"twitter_image_custom_fields":null,"twitter_title":null,"twitter_description":null,"schema":{"blockGraphs":[],"customGraphs":[],"default":{"data":{"Article":[],"Course":[],"Dataset":[],"FAQPage":[],"Movie":[],"Person":[],"Product":[],"ProductReview":[],"Car":[],"Recipe":[],"Service":[],"SoftwareApplication":[],"WebPage":[]},"graphName":"BlogPosting","isEnabled":true},"graphs":[]},"schema_type":"default","schema_type_options":null,"pillar_content":false,"robots_default":true,"robots_noindex":false,"robots_noarchive":false,"robots_nosnippet":false,"robots_nofollow":false,"robots_noimageindex":false,"robots_noodp":false,"robots_notranslate":false,"robots_max_snippet":"-1","robots_max_videopreview":"-1","robots_max_imagepreview":"large","priority":null,"frequency":"default","local_seo":null,"breadcrumb_settings":null,"limit_modified_date":false,"ai":{"faqs":[],"keyPoints":[],"titles":[],"descriptions":[],"socialPosts":{"email":[],"linkedin":[],"twitter":[],"facebook":[],"instagram":[]}},"created":"2026-03-12 12:40:31","updated":"2026-03-12 12:58:58","seo_analyzer_scan_date":null,"focus_keyword":null,"additional_keywords":null,"truseo_locale":null},"aioseo_breadcrumb":"<div class=\"aioseo-breadcrumbs\"><span class=\"aioseo-breadcrumb\">\n\t\t\t<a href=\"https:\/\/wia.net.pl\" title=\"Home\">Home<\/a>\n\t\t<\/span><span class=\"aioseo-breadcrumb-separator\">&raquo;<\/span><span class=\"aioseo-breadcrumb\">\n\t\t\t<a href=\"https:\/\/wia.net.pl\/index.php\/category\/prawdaoswiecie\/\" title=\"Prawda o \u015bwiecie\">Prawda o \u015bwiecie<\/a>\n\t\t<\/span><span class=\"aioseo-breadcrumb-separator\">&raquo;<\/span><span class=\"aioseo-breadcrumb\">\n\t\t\tNowa seria: Czasy, w kt\u00f3rych \u017cyjemy \u2013 Odcinek 1 \u2013 Substack\n\t\t<\/span><\/div>","aioseo_breadcrumb_json":[{"label":"Home","link":"https:\/\/wia.net.pl"},{"label":"Prawda o \u015bwiecie","link":"https:\/\/wia.net.pl\/index.php\/category\/prawdaoswiecie\/"},{"label":"Nowa seria: Czasy, w kt\u00f3rych \u017cyjemy &#8211; Odcinek 1 &#8211; Substack","link":"https:\/\/wia.net.pl\/index.php\/2026\/03\/12\/nowa-seria-czasy-w-ktorych-zyjemy-odcinek-1\/"}],"_links":{"self":[{"href":"https:\/\/wia.net.pl\/index.php\/wp-json\/wp\/v2\/posts\/11701"}],"collection":[{"href":"https:\/\/wia.net.pl\/index.php\/wp-json\/wp\/v2\/posts"}],"about":[{"href":"https:\/\/wia.net.pl\/index.php\/wp-json\/wp\/v2\/types\/post"}],"author":[{"embeddable":true,"href":"https:\/\/wia.net.pl\/index.php\/wp-json\/wp\/v2\/users\/2"}],"replies":[{"embeddable":true,"href":"https:\/\/wia.net.pl\/index.php\/wp-json\/wp\/v2\/comments?post=11701"}],"version-history":[{"count":2,"href":"https:\/\/wia.net.pl\/index.php\/wp-json\/wp\/v2\/posts\/11701\/revisions"}],"predecessor-version":[{"id":11704,"href":"https:\/\/wia.net.pl\/index.php\/wp-json\/wp\/v2\/posts\/11701\/revisions\/11704"}],"wp:featuredmedia":[{"embeddable":true,"href":"https:\/\/wia.net.pl\/index.php\/wp-json\/wp\/v2\/media\/11702"}],"wp:attachment":[{"href":"https:\/\/wia.net.pl\/index.php\/wp-json\/wp\/v2\/media?parent=11701"}],"wp:term":[{"taxonomy":"category","embeddable":true,"href":"https:\/\/wia.net.pl\/index.php\/wp-json\/wp\/v2\/categories?post=11701"},{"taxonomy":"post_tag","embeddable":true,"href":"https:\/\/wia.net.pl\/index.php\/wp-json\/wp\/v2\/tags?post=11701"}],"curies":[{"name":"wp","href":"https:\/\/api.w.org\/{rel}","templated":true}]}}