{"id":11722,"date":"2026-03-18T17:56:11","date_gmt":"2026-03-18T16:56:11","guid":{"rendered":"https:\/\/wia.net.pl\/?p=11722"},"modified":"2026-03-18T17:56:12","modified_gmt":"2026-03-18T16:56:12","slug":"czy-technologia-moze-czytac-nasze-mysli","status":"publish","type":"post","link":"https:\/\/wia.net.pl\/index.php\/2026\/03\/18\/czy-technologia-moze-czytac-nasze-mysli\/","title":{"rendered":"Czy technologia mo\u017ce czyta\u0107 nasze my\u015bli?"},"content":{"rendered":"\n<p>Czy technologia mo\u017ce czyta\u0107 nasze my\u015bli? Kontrowersje wok\u00f3\u0142 syntetycznej telepatii<\/p>\n\n\n<p><iframe id=\"odysee-iframe\" style=\"width:100%; aspect-ratio:16 \/ 9;\" src=\"https:\/\/odysee.com\/%24\/embed\/%40wolnoscanarchia%3Ad%2FNanotechnologia%2C-szczepionki-i-syntetyczna-telepatia--Kontrowersyjne-twierdzenia-o-kontroli-umys%C5%82u-i-syndromie-hawa%C5%84skim%3Ae?r=KqtnN3u2RSe5GxY7Tos527f1XGfjXD4u\" allowfullscreen><\/iframe><\/p>\n\n\n\n<pre class=\"wp-block-preformatted\">\u0179r\u00f3d\u0142o <a href=\"https:\/\/www.facebook.com\/reel\/26205668315752101\">https:\/\/www.facebook.com\/reel\/26205668315752101<\/a><\/pre>\n","protected":false},"excerpt":{"rendered":"<p>Czy technologia mo\u017ce czyta\u0107 nasze my\u015bli? Kontrowersje wok\u00f3\u0142 syntetycznej telepatii \u0179r\u00f3d\u0142o https:\/\/www.facebook.com\/reel\/26205668315752101<\/p>\n","protected":false},"author":2,"featured_media":11723,"comment_status":"open","ping_status":"open","sticky":false,"template":"","format":"standard","meta":{"_acf_changed":false,"_bbp_topic_count":0,"_bbp_reply_count":0,"_bbp_total_topic_count":0,"_bbp_total_reply_count":0,"_bbp_voice_count":0,"_bbp_anonymous_reply_count":0,"_bbp_topic_count_hidden":0,"_bbp_reply_count_hidden":0,"_bbp_forum_subforum_count":0,"om_disable_all_campaigns":false,"_monsterinsights_skip_tracking":false,"footnotes":""},"categories":[95],"tags":[],"class_list":["post-11722","post","type-post","status-publish","format-standard","has-post-thumbnail","hentry","category-ufo-i-technologie"],"acf":[],"aioseo_notices":[],"aioseo_head":"\n\t\t<!-- All in One SEO 5.0.1.1 - aioseo.com -->\n\t<meta name=\"description\" content=\"Czy technologia mo\u017ce czyta\u0107 nasze my\u015bli? Kontrowersje wok\u00f3\u0142 syntetycznej telepatii \u0179r\u00f3d\u0142o https:\/\/www.facebook.com\/reel\/26205668315752101\" \/>\n\t<meta name=\"robots\" content=\"max-image-preview:large\" \/>\n\t<meta name=\"author\" content=\"trinity\"\/>\n\t<link rel=\"canonical\" href=\"https:\/\/wia.net.pl\/index.php\/2026\/03\/18\/czy-technologia-moze-czytac-nasze-mysli\/\" \/>\n\t<meta name=\"generator\" content=\"All in One SEO (AIOSEO) 5.0.1.1\" \/>\n\t\t<meta property=\"og:locale\" content=\"pl_PL\" \/>\n\t\t<meta property=\"og:site_name\" content=\"Wolno\u015b\u0107 i Anarchia - Ka\u017cdy wewn\u0119trznie jest anarchist\u0105.\" \/>\n\t\t<meta property=\"og:type\" content=\"article\" \/>\n\t\t<meta property=\"og:title\" content=\"Czy technologia mo\u017ce czyta\u0107 nasze my\u015bli? - Wolno\u015b\u0107 i Anarchia\" \/>\n\t\t<meta property=\"og:description\" content=\"Czy technologia mo\u017ce czyta\u0107 nasze my\u015bli? Kontrowersje wok\u00f3\u0142 syntetycznej telepatii \u0179r\u00f3d\u0142o https:\/\/www.facebook.com\/reel\/26205668315752101\" \/>\n\t\t<meta property=\"og:url\" content=\"https:\/\/wia.net.pl\/index.php\/2026\/03\/18\/czy-technologia-moze-czytac-nasze-mysli\/\" \/>\n\t\t<meta property=\"og:image\" content=\"https:\/\/wia.net.pl\/wp-content\/uploads\/2023\/11\/cropped-freedom-i73367.jpg\" \/>\n\t\t<meta property=\"og:image:secure_url\" content=\"https:\/\/wia.net.pl\/wp-content\/uploads\/2023\/11\/cropped-freedom-i73367.jpg\" \/>\n\t\t<meta property=\"article:published_time\" content=\"2026-03-18T16:56:11+00:00\" \/>\n\t\t<meta property=\"article:modified_time\" content=\"2026-03-18T16:56:12+00:00\" \/>\n\t\t<meta name=\"twitter:card\" content=\"summary_large_image\" \/>\n\t\t<meta name=\"twitter:title\" content=\"Czy technologia mo\u017ce czyta\u0107 nasze my\u015bli? - Wolno\u015b\u0107 i Anarchia\" \/>\n\t\t<meta name=\"twitter:description\" content=\"Czy technologia mo\u017ce czyta\u0107 nasze my\u015bli? Kontrowersje wok\u00f3\u0142 syntetycznej telepatii \u0179r\u00f3d\u0142o https:\/\/www.facebook.com\/reel\/26205668315752101\" \/>\n\t\t<meta name=\"twitter:image\" content=\"https:\/\/wia.net.pl\/wp-content\/uploads\/2023\/11\/cropped-freedom-i73367.jpg\" \/>\n\t\t<script type=\"application\/ld+json\" class=\"aioseo-schema\">\n\t\t\t{\"@context\":\"https:\\\/\\\/schema.org\",\"@graph\":[{\"@type\":\"BlogPosting\",\"@id\":\"https:\\\/\\\/wia.net.pl\\\/index.php\\\/2026\\\/03\\\/18\\\/czy-technologia-moze-czytac-nasze-mysli\\\/#blogposting\",\"name\":\"Czy technologia mo\\u017ce czyta\\u0107 nasze my\\u015bli? - Wolno\\u015b\\u0107 i Anarchia\",\"headline\":\"Czy technologia mo\\u017ce czyta\\u0107 nasze my\\u015bli?\",\"author\":{\"@id\":\"https:\\\/\\\/wia.net.pl\\\/index.php\\\/author\\\/trinity\\\/#author\"},\"publisher\":{\"@id\":\"https:\\\/\\\/wia.net.pl\\\/#person\"},\"image\":{\"@type\":\"ImageObject\",\"url\":\"https:\\\/\\\/wia.net.pl\\\/wp-content\\\/uploads\\\/2026\\\/03\\\/Czy-technologia-moze-czytac-nasze-mysli-Kontrowersje-wokol-syntetycznej-telepatii.jpg\",\"width\":320,\"height\":180},\"datePublished\":\"2026-03-18T17:56:11+01:00\",\"dateModified\":\"2026-03-18T17:56:12+01:00\",\"inLanguage\":\"pl-PL\",\"mainEntityOfPage\":{\"@id\":\"https:\\\/\\\/wia.net.pl\\\/index.php\\\/2026\\\/03\\\/18\\\/czy-technologia-moze-czytac-nasze-mysli\\\/#webpage\"},\"isPartOf\":{\"@id\":\"https:\\\/\\\/wia.net.pl\\\/index.php\\\/2026\\\/03\\\/18\\\/czy-technologia-moze-czytac-nasze-mysli\\\/#webpage\"},\"articleSection\":\"UFO i Technologie\"},{\"@type\":\"BreadcrumbList\",\"@id\":\"https:\\\/\\\/wia.net.pl\\\/index.php\\\/2026\\\/03\\\/18\\\/czy-technologia-moze-czytac-nasze-mysli\\\/#breadcrumblist\",\"itemListElement\":[{\"@type\":\"ListItem\",\"@id\":\"https:\\\/\\\/wia.net.pl#listItem\",\"position\":1,\"name\":\"Home\",\"item\":\"https:\\\/\\\/wia.net.pl\",\"nextItem\":{\"@type\":\"ListItem\",\"@id\":\"https:\\\/\\\/wia.net.pl\\\/index.php\\\/category\\\/ufo-i-technologie\\\/#listItem\",\"name\":\"UFO i Technologie\"}},{\"@type\":\"ListItem\",\"@id\":\"https:\\\/\\\/wia.net.pl\\\/index.php\\\/category\\\/ufo-i-technologie\\\/#listItem\",\"position\":2,\"name\":\"UFO i Technologie\",\"item\":\"https:\\\/\\\/wia.net.pl\\\/index.php\\\/category\\\/ufo-i-technologie\\\/\",\"nextItem\":{\"@type\":\"ListItem\",\"@id\":\"https:\\\/\\\/wia.net.pl\\\/index.php\\\/2026\\\/03\\\/18\\\/czy-technologia-moze-czytac-nasze-mysli\\\/#listItem\",\"name\":\"Czy technologia mo\\u017ce czyta\\u0107 nasze my\\u015bli?\"},\"previousItem\":{\"@type\":\"ListItem\",\"@id\":\"https:\\\/\\\/wia.net.pl#listItem\",\"name\":\"Home\"}},{\"@type\":\"ListItem\",\"@id\":\"https:\\\/\\\/wia.net.pl\\\/index.php\\\/2026\\\/03\\\/18\\\/czy-technologia-moze-czytac-nasze-mysli\\\/#listItem\",\"position\":3,\"name\":\"Czy technologia mo\\u017ce czyta\\u0107 nasze my\\u015bli?\",\"previousItem\":{\"@type\":\"ListItem\",\"@id\":\"https:\\\/\\\/wia.net.pl\\\/index.php\\\/category\\\/ufo-i-technologie\\\/#listItem\",\"name\":\"UFO i Technologie\"}}]},{\"@type\":\"Person\",\"@id\":\"https:\\\/\\\/wia.net.pl\\\/#person\",\"name\":\"Bart\\u0142omiej Talarczyk\",\"image\":{\"@type\":\"ImageObject\",\"@id\":\"https:\\\/\\\/wia.net.pl\\\/index.php\\\/2026\\\/03\\\/18\\\/czy-technologia-moze-czytac-nasze-mysli\\\/#personImage\",\"url\":\"https:\\\/\\\/wia.net.pl\\\/wp-content\\\/uploads\\\/avatar-privacy\\\/cache\\\/user\\\/1\\\/7\\\/176a6b161c58363ff49b5c167264231f519f5c7fa183ca1f61e891769b6b56d5-96.jpg\",\"width\":96,\"height\":96,\"caption\":\"Bart\\u0142omiej Talarczyk\"}},{\"@type\":\"Person\",\"@id\":\"https:\\\/\\\/wia.net.pl\\\/index.php\\\/author\\\/trinity\\\/#author\",\"url\":\"https:\\\/\\\/wia.net.pl\\\/index.php\\\/author\\\/trinity\\\/\",\"name\":\"trinity\",\"image\":{\"@type\":\"ImageObject\",\"@id\":\"https:\\\/\\\/wia.net.pl\\\/index.php\\\/2026\\\/03\\\/18\\\/czy-technologia-moze-czytac-nasze-mysli\\\/#authorImage\",\"url\":\"https:\\\/\\\/wia.net.pl\\\/wp-content\\\/uploads\\\/avatar-privacy\\\/cache\\\/user\\\/5\\\/f\\\/5f6547cf82495eaa10e100a6a45d5dbde2dfdc1be88557de2018fca705bdf6f1-96.jpg\",\"width\":96,\"height\":96,\"caption\":\"trinity\"}},{\"@type\":\"WebPage\",\"@id\":\"https:\\\/\\\/wia.net.pl\\\/index.php\\\/2026\\\/03\\\/18\\\/czy-technologia-moze-czytac-nasze-mysli\\\/#webpage\",\"url\":\"https:\\\/\\\/wia.net.pl\\\/index.php\\\/2026\\\/03\\\/18\\\/czy-technologia-moze-czytac-nasze-mysli\\\/\",\"name\":\"Czy technologia mo\\u017ce czyta\\u0107 nasze my\\u015bli? - Wolno\\u015b\\u0107 i Anarchia\",\"description\":\"Czy technologia mo\\u017ce czyta\\u0107 nasze my\\u015bli? Kontrowersje wok\\u00f3\\u0142 syntetycznej telepatii \\u0179r\\u00f3d\\u0142o https:\\\/\\\/www.facebook.com\\\/reel\\\/26205668315752101\",\"inLanguage\":\"pl-PL\",\"isPartOf\":{\"@id\":\"https:\\\/\\\/wia.net.pl\\\/#website\"},\"breadcrumb\":{\"@id\":\"https:\\\/\\\/wia.net.pl\\\/index.php\\\/2026\\\/03\\\/18\\\/czy-technologia-moze-czytac-nasze-mysli\\\/#breadcrumblist\"},\"author\":{\"@id\":\"https:\\\/\\\/wia.net.pl\\\/index.php\\\/author\\\/trinity\\\/#author\"},\"creator\":{\"@id\":\"https:\\\/\\\/wia.net.pl\\\/index.php\\\/author\\\/trinity\\\/#author\"},\"image\":{\"@type\":\"ImageObject\",\"url\":\"https:\\\/\\\/wia.net.pl\\\/wp-content\\\/uploads\\\/2026\\\/03\\\/Czy-technologia-moze-czytac-nasze-mysli-Kontrowersje-wokol-syntetycznej-telepatii.jpg\",\"@id\":\"https:\\\/\\\/wia.net.pl\\\/index.php\\\/2026\\\/03\\\/18\\\/czy-technologia-moze-czytac-nasze-mysli\\\/#mainImage\",\"width\":320,\"height\":180},\"primaryImageOfPage\":{\"@id\":\"https:\\\/\\\/wia.net.pl\\\/index.php\\\/2026\\\/03\\\/18\\\/czy-technologia-moze-czytac-nasze-mysli\\\/#mainImage\"},\"datePublished\":\"2026-03-18T17:56:11+01:00\",\"dateModified\":\"2026-03-18T17:56:12+01:00\"},{\"@type\":\"WebSite\",\"@id\":\"https:\\\/\\\/wia.net.pl\\\/#website\",\"url\":\"https:\\\/\\\/wia.net.pl\\\/\",\"name\":\"Wolno\\u015b\\u0107 i Anarchia\",\"description\":\"Ka\\u017cdy wewn\\u0119trznie jest anarchist\\u0105.\",\"inLanguage\":\"pl-PL\",\"publisher\":{\"@id\":\"https:\\\/\\\/wia.net.pl\\\/#person\"}}]}\n\t\t<\/script>\n\t\t<!-- All in One SEO -->\n\n","aioseo_head_json":{"title":"Czy technologia mo\u017ce czyta\u0107 nasze my\u015bli? - Wolno\u015b\u0107 i Anarchia","description":"Czy technologia mo\u017ce czyta\u0107 nasze my\u015bli? Kontrowersje wok\u00f3\u0142 syntetycznej telepatii \u0179r\u00f3d\u0142o https:\/\/www.facebook.com\/reel\/26205668315752101","canonical_url":"https:\/\/wia.net.pl\/index.php\/2026\/03\/18\/czy-technologia-moze-czytac-nasze-mysli\/","robots":"max-image-preview:large","keywords":"","webmasterTools":{"miscellaneous":""},"schema":{"@context":"https:\/\/schema.org","@graph":[{"@type":"BlogPosting","@id":"https:\/\/wia.net.pl\/index.php\/2026\/03\/18\/czy-technologia-moze-czytac-nasze-mysli\/#blogposting","name":"Czy technologia mo\u017ce czyta\u0107 nasze my\u015bli? - Wolno\u015b\u0107 i Anarchia","headline":"Czy technologia mo\u017ce czyta\u0107 nasze my\u015bli?","author":{"@id":"https:\/\/wia.net.pl\/index.php\/author\/trinity\/#author"},"publisher":{"@id":"https:\/\/wia.net.pl\/#person"},"image":{"@type":"ImageObject","url":"https:\/\/wia.net.pl\/wp-content\/uploads\/2026\/03\/Czy-technologia-moze-czytac-nasze-mysli-Kontrowersje-wokol-syntetycznej-telepatii.jpg","width":320,"height":180},"datePublished":"2026-03-18T17:56:11+01:00","dateModified":"2026-03-18T17:56:12+01:00","inLanguage":"pl-PL","mainEntityOfPage":{"@id":"https:\/\/wia.net.pl\/index.php\/2026\/03\/18\/czy-technologia-moze-czytac-nasze-mysli\/#webpage"},"isPartOf":{"@id":"https:\/\/wia.net.pl\/index.php\/2026\/03\/18\/czy-technologia-moze-czytac-nasze-mysli\/#webpage"},"articleSection":"UFO i Technologie"},{"@type":"BreadcrumbList","@id":"https:\/\/wia.net.pl\/index.php\/2026\/03\/18\/czy-technologia-moze-czytac-nasze-mysli\/#breadcrumblist","itemListElement":[{"@type":"ListItem","@id":"https:\/\/wia.net.pl#listItem","position":1,"name":"Home","item":"https:\/\/wia.net.pl","nextItem":{"@type":"ListItem","@id":"https:\/\/wia.net.pl\/index.php\/category\/ufo-i-technologie\/#listItem","name":"UFO i Technologie"}},{"@type":"ListItem","@id":"https:\/\/wia.net.pl\/index.php\/category\/ufo-i-technologie\/#listItem","position":2,"name":"UFO i Technologie","item":"https:\/\/wia.net.pl\/index.php\/category\/ufo-i-technologie\/","nextItem":{"@type":"ListItem","@id":"https:\/\/wia.net.pl\/index.php\/2026\/03\/18\/czy-technologia-moze-czytac-nasze-mysli\/#listItem","name":"Czy technologia mo\u017ce czyta\u0107 nasze my\u015bli?"},"previousItem":{"@type":"ListItem","@id":"https:\/\/wia.net.pl#listItem","name":"Home"}},{"@type":"ListItem","@id":"https:\/\/wia.net.pl\/index.php\/2026\/03\/18\/czy-technologia-moze-czytac-nasze-mysli\/#listItem","position":3,"name":"Czy technologia mo\u017ce czyta\u0107 nasze my\u015bli?","previousItem":{"@type":"ListItem","@id":"https:\/\/wia.net.pl\/index.php\/category\/ufo-i-technologie\/#listItem","name":"UFO i Technologie"}}]},{"@type":"Person","@id":"https:\/\/wia.net.pl\/#person","name":"Bart\u0142omiej Talarczyk","image":{"@type":"ImageObject","@id":"https:\/\/wia.net.pl\/index.php\/2026\/03\/18\/czy-technologia-moze-czytac-nasze-mysli\/#personImage","url":"https:\/\/wia.net.pl\/wp-content\/uploads\/avatar-privacy\/cache\/user\/1\/7\/176a6b161c58363ff49b5c167264231f519f5c7fa183ca1f61e891769b6b56d5-96.jpg","width":96,"height":96,"caption":"Bart\u0142omiej Talarczyk"}},{"@type":"Person","@id":"https:\/\/wia.net.pl\/index.php\/author\/trinity\/#author","url":"https:\/\/wia.net.pl\/index.php\/author\/trinity\/","name":"trinity","image":{"@type":"ImageObject","@id":"https:\/\/wia.net.pl\/index.php\/2026\/03\/18\/czy-technologia-moze-czytac-nasze-mysli\/#authorImage","url":"https:\/\/wia.net.pl\/wp-content\/uploads\/avatar-privacy\/cache\/user\/5\/f\/5f6547cf82495eaa10e100a6a45d5dbde2dfdc1be88557de2018fca705bdf6f1-96.jpg","width":96,"height":96,"caption":"trinity"}},{"@type":"WebPage","@id":"https:\/\/wia.net.pl\/index.php\/2026\/03\/18\/czy-technologia-moze-czytac-nasze-mysli\/#webpage","url":"https:\/\/wia.net.pl\/index.php\/2026\/03\/18\/czy-technologia-moze-czytac-nasze-mysli\/","name":"Czy technologia mo\u017ce czyta\u0107 nasze my\u015bli? - Wolno\u015b\u0107 i Anarchia","description":"Czy technologia mo\u017ce czyta\u0107 nasze my\u015bli? Kontrowersje wok\u00f3\u0142 syntetycznej telepatii \u0179r\u00f3d\u0142o https:\/\/www.facebook.com\/reel\/26205668315752101","inLanguage":"pl-PL","isPartOf":{"@id":"https:\/\/wia.net.pl\/#website"},"breadcrumb":{"@id":"https:\/\/wia.net.pl\/index.php\/2026\/03\/18\/czy-technologia-moze-czytac-nasze-mysli\/#breadcrumblist"},"author":{"@id":"https:\/\/wia.net.pl\/index.php\/author\/trinity\/#author"},"creator":{"@id":"https:\/\/wia.net.pl\/index.php\/author\/trinity\/#author"},"image":{"@type":"ImageObject","url":"https:\/\/wia.net.pl\/wp-content\/uploads\/2026\/03\/Czy-technologia-moze-czytac-nasze-mysli-Kontrowersje-wokol-syntetycznej-telepatii.jpg","@id":"https:\/\/wia.net.pl\/index.php\/2026\/03\/18\/czy-technologia-moze-czytac-nasze-mysli\/#mainImage","width":320,"height":180},"primaryImageOfPage":{"@id":"https:\/\/wia.net.pl\/index.php\/2026\/03\/18\/czy-technologia-moze-czytac-nasze-mysli\/#mainImage"},"datePublished":"2026-03-18T17:56:11+01:00","dateModified":"2026-03-18T17:56:12+01:00"},{"@type":"WebSite","@id":"https:\/\/wia.net.pl\/#website","url":"https:\/\/wia.net.pl\/","name":"Wolno\u015b\u0107 i Anarchia","description":"Ka\u017cdy wewn\u0119trznie jest anarchist\u0105.","inLanguage":"pl-PL","publisher":{"@id":"https:\/\/wia.net.pl\/#person"}}]},"og:locale":"pl_PL","og:site_name":"Wolno\u015b\u0107 i Anarchia - Ka\u017cdy wewn\u0119trznie jest anarchist\u0105.","og:type":"article","og:title":"Czy technologia mo\u017ce czyta\u0107 nasze my\u015bli? - Wolno\u015b\u0107 i Anarchia","og:description":"Czy technologia mo\u017ce czyta\u0107 nasze my\u015bli? Kontrowersje wok\u00f3\u0142 syntetycznej telepatii \u0179r\u00f3d\u0142o https:\/\/www.facebook.com\/reel\/26205668315752101","og:url":"https:\/\/wia.net.pl\/index.php\/2026\/03\/18\/czy-technologia-moze-czytac-nasze-mysli\/","og:image":"https:\/\/wia.net.pl\/wp-content\/uploads\/2023\/11\/cropped-freedom-i73367.jpg","og:image:secure_url":"https:\/\/wia.net.pl\/wp-content\/uploads\/2023\/11\/cropped-freedom-i73367.jpg","article:published_time":"2026-03-18T16:56:11+00:00","article:modified_time":"2026-03-18T16:56:12+00:00","twitter:card":"summary_large_image","twitter:title":"Czy technologia mo\u017ce czyta\u0107 nasze my\u015bli? - Wolno\u015b\u0107 i Anarchia","twitter:description":"Czy technologia mo\u017ce czyta\u0107 nasze my\u015bli? Kontrowersje wok\u00f3\u0142 syntetycznej telepatii \u0179r\u00f3d\u0142o https:\/\/www.facebook.com\/reel\/26205668315752101","twitter:image":"https:\/\/wia.net.pl\/wp-content\/uploads\/2023\/11\/cropped-freedom-i73367.jpg"},"aioseo_meta_data":{"post_id":"11722","title":null,"description":null,"keywords":null,"keyphrases":{"focus":{"keyphrase":"","score":0,"analysis":{"keyphraseInTitle":{"score":0,"maxScore":9,"error":1}}},"additional":[]},"primary_term":null,"canonical_url":null,"og_title":null,"og_description":null,"og_object_type":"default","og_image_type":"default","og_image_url":null,"og_image_width":null,"og_image_height":null,"og_image_custom_url":null,"og_image_custom_fields":null,"og_video":"","og_custom_url":null,"og_article_section":null,"og_article_tags":null,"twitter_use_og":false,"twitter_card":"default","twitter_image_type":"default","twitter_image_url":null,"twitter_image_custom_url":null,"twitter_image_custom_fields":null,"twitter_title":null,"twitter_description":null,"schema":{"blockGraphs":[],"customGraphs":[],"default":{"data":{"Article":[],"Course":[],"Dataset":[],"FAQPage":[],"Movie":[],"Person":[],"Product":[],"ProductReview":[],"Car":[],"Recipe":[],"Service":[],"SoftwareApplication":[],"WebPage":[]},"graphName":"BlogPosting","isEnabled":true},"graphs":[]},"schema_type":"default","schema_type_options":null,"pillar_content":false,"robots_default":true,"robots_noindex":false,"robots_noarchive":false,"robots_nosnippet":false,"robots_nofollow":false,"robots_noimageindex":false,"robots_noodp":false,"robots_notranslate":false,"robots_max_snippet":"-1","robots_max_videopreview":"-1","robots_max_imagepreview":"large","priority":null,"frequency":"default","local_seo":null,"breadcrumb_settings":null,"limit_modified_date":false,"ai":{"faqs":[],"keyPoints":[],"titles":[],"descriptions":[],"socialPosts":{"email":[],"linkedin":[],"twitter":[],"facebook":[],"instagram":[]}},"created":"2026-03-18 16:56:12","updated":"2026-03-18 17:37:21","seo_analyzer_scan_date":null,"focus_keyword":null,"additional_keywords":null,"truseo_locale":null},"aioseo_breadcrumb":"<div class=\"aioseo-breadcrumbs\"><span class=\"aioseo-breadcrumb\">\n\t\t\t<a href=\"https:\/\/wia.net.pl\" title=\"Home\">Home<\/a>\n\t\t<\/span><span class=\"aioseo-breadcrumb-separator\">&raquo;<\/span><span class=\"aioseo-breadcrumb\">\n\t\t\t<a href=\"https:\/\/wia.net.pl\/index.php\/category\/ufo-i-technologie\/\" title=\"UFO i Technologie\">UFO i Technologie<\/a>\n\t\t<\/span><span class=\"aioseo-breadcrumb-separator\">&raquo;<\/span><span class=\"aioseo-breadcrumb\">\n\t\t\tCzy technologia mo\u017ce czyta\u0107 nasze my\u015bli?\n\t\t<\/span><\/div>","aioseo_breadcrumb_json":[{"label":"Home","link":"https:\/\/wia.net.pl"},{"label":"UFO i Technologie","link":"https:\/\/wia.net.pl\/index.php\/category\/ufo-i-technologie\/"},{"label":"Czy technologia mo\u017ce czyta\u0107 nasze my\u015bli?","link":"https:\/\/wia.net.pl\/index.php\/2026\/03\/18\/czy-technologia-moze-czytac-nasze-mysli\/"}],"_links":{"self":[{"href":"https:\/\/wia.net.pl\/index.php\/wp-json\/wp\/v2\/posts\/11722"}],"collection":[{"href":"https:\/\/wia.net.pl\/index.php\/wp-json\/wp\/v2\/posts"}],"about":[{"href":"https:\/\/wia.net.pl\/index.php\/wp-json\/wp\/v2\/types\/post"}],"author":[{"embeddable":true,"href":"https:\/\/wia.net.pl\/index.php\/wp-json\/wp\/v2\/users\/2"}],"replies":[{"embeddable":true,"href":"https:\/\/wia.net.pl\/index.php\/wp-json\/wp\/v2\/comments?post=11722"}],"version-history":[{"count":1,"href":"https:\/\/wia.net.pl\/index.php\/wp-json\/wp\/v2\/posts\/11722\/revisions"}],"predecessor-version":[{"id":11724,"href":"https:\/\/wia.net.pl\/index.php\/wp-json\/wp\/v2\/posts\/11722\/revisions\/11724"}],"wp:featuredmedia":[{"embeddable":true,"href":"https:\/\/wia.net.pl\/index.php\/wp-json\/wp\/v2\/media\/11723"}],"wp:attachment":[{"href":"https:\/\/wia.net.pl\/index.php\/wp-json\/wp\/v2\/media?parent=11722"}],"wp:term":[{"taxonomy":"category","embeddable":true,"href":"https:\/\/wia.net.pl\/index.php\/wp-json\/wp\/v2\/categories?post=11722"},{"taxonomy":"post_tag","embeddable":true,"href":"https:\/\/wia.net.pl\/index.php\/wp-json\/wp\/v2\/tags?post=11722"}],"curies":[{"name":"wp","href":"https:\/\/api.w.org\/{rel}","templated":true}]}}