{"id":1184,"date":"2023-06-02T19:09:06","date_gmt":"2023-06-02T17:09:06","guid":{"rendered":"https:\/\/wia.net.pl\/?p=1184"},"modified":"2023-06-02T19:09:07","modified_gmt":"2023-06-02T17:09:07","slug":"czy-prehistoryczny-czlowiek-byl-genetycznie-modyfikowany","status":"publish","type":"post","link":"https:\/\/wia.net.pl\/index.php\/2023\/06\/02\/czy-prehistoryczny-czlowiek-byl-genetycznie-modyfikowany\/","title":{"rendered":"Czy prehistoryczny cz\u0142owiek by\u0142 genetycznie modyfikowany"},"content":{"rendered":"\n<p>Czy prehistoryczny cz\u0142owiek by\u0142 genetycznie modyfikowany<\/p>\n\n\n\n<figure class=\"wp-block-embed is-type-video is-provider-youtube wp-block-embed-youtube wp-embed-aspect-16-9 wp-has-aspect-ratio\"><div class=\"wp-block-embed__wrapper\">\n<iframe loading=\"lazy\" title=\"Czy prehistoryczny cz\u0142owiek by\u0142 genetycznie modyfikowany\" width=\"858\" height=\"483\" src=\"https:\/\/www.youtube.com\/embed\/5LlbMTfo3aQ?feature=oembed\" frameborder=\"0\" allow=\"accelerometer; autoplay; clipboard-write; encrypted-media; gyroscope; picture-in-picture; web-share\" allowfullscreen><\/iframe>\n<\/div><\/figure>\n","protected":false},"excerpt":{"rendered":"<p>Czy prehistoryczny cz\u0142owiek by\u0142 genetycznie modyfikowany<\/p>\n","protected":false},"author":3,"featured_media":1185,"comment_status":"open","ping_status":"open","sticky":false,"template":"","format":"standard","meta":{"_acf_changed":false,"_bbp_topic_count":0,"_bbp_reply_count":0,"_bbp_total_topic_count":0,"_bbp_total_reply_count":0,"_bbp_voice_count":0,"_bbp_anonymous_reply_count":0,"_bbp_topic_count_hidden":0,"_bbp_reply_count_hidden":0,"_bbp_forum_subforum_count":0,"om_disable_all_campaigns":false,"_monsterinsights_skip_tracking":false,"footnotes":""},"categories":[11],"tags":[114,60,89,63,42,113,43,23,58,112,88,32,22,70],"class_list":["post-1184","post","type-post","status-publish","format-standard","has-post-thumbnail","hentry","category-antropologia","tag-alchemia","tag-aliens","tag-atlantean-gardens","tag-historia-ziemi","tag-illuminati","tag-magia","tag-masoneria","tag-niewolnictwo","tag-obcy","tag-okultyzm","tag-robert-sepehr","tag-rzad","tag-satanizm","tag-tajne-stowarzyszenia"],"acf":[],"aioseo_notices":[],"aioseo_head":"\n\t\t<!-- All in One SEO 5.0.1.1 - aioseo.com -->\n\t<meta name=\"description\" content=\"Czy prehistoryczny cz\u0142owiek by\u0142 genetycznie modyfikowany\" \/>\n\t<meta name=\"robots\" content=\"max-image-preview:large\" \/>\n\t<meta name=\"author\" content=\"Bart\u0142omiej Talarczyk\"\/>\n\t<link rel=\"canonical\" href=\"https:\/\/wia.net.pl\/index.php\/2023\/06\/02\/czy-prehistoryczny-czlowiek-byl-genetycznie-modyfikowany\/\" \/>\n\t<meta name=\"generator\" content=\"All in One SEO (AIOSEO) 5.0.1.1\" \/>\n\t\t<meta property=\"og:locale\" content=\"pl_PL\" \/>\n\t\t<meta property=\"og:site_name\" content=\"Wolno\u015b\u0107 i Anarchia - Ka\u017cdy wewn\u0119trznie jest anarchist\u0105.\" \/>\n\t\t<meta property=\"og:type\" content=\"article\" \/>\n\t\t<meta property=\"og:title\" content=\"Czy prehistoryczny cz\u0142owiek by\u0142 genetycznie modyfikowany - Wolno\u015b\u0107 i Anarchia\" \/>\n\t\t<meta property=\"og:description\" content=\"Czy prehistoryczny cz\u0142owiek by\u0142 genetycznie modyfikowany\" \/>\n\t\t<meta property=\"og:url\" content=\"https:\/\/wia.net.pl\/index.php\/2023\/06\/02\/czy-prehistoryczny-czlowiek-byl-genetycznie-modyfikowany\/\" \/>\n\t\t<meta property=\"og:image\" content=\"https:\/\/wia.net.pl\/wp-content\/uploads\/2023\/11\/cropped-freedom-i73367.jpg\" \/>\n\t\t<meta property=\"og:image:secure_url\" content=\"https:\/\/wia.net.pl\/wp-content\/uploads\/2023\/11\/cropped-freedom-i73367.jpg\" \/>\n\t\t<meta property=\"article:published_time\" content=\"2023-06-02T17:09:06+00:00\" \/>\n\t\t<meta property=\"article:modified_time\" content=\"2023-06-02T17:09:07+00:00\" \/>\n\t\t<meta name=\"twitter:card\" content=\"summary_large_image\" \/>\n\t\t<meta name=\"twitter:title\" content=\"Czy prehistoryczny cz\u0142owiek by\u0142 genetycznie modyfikowany - Wolno\u015b\u0107 i Anarchia\" \/>\n\t\t<meta name=\"twitter:description\" content=\"Czy prehistoryczny cz\u0142owiek by\u0142 genetycznie modyfikowany\" \/>\n\t\t<meta name=\"twitter:image\" content=\"https:\/\/wia.net.pl\/wp-content\/uploads\/2023\/11\/cropped-freedom-i73367.jpg\" \/>\n\t\t<script type=\"application\/ld+json\" class=\"aioseo-schema\">\n\t\t\t{\"@context\":\"https:\\\/\\\/schema.org\",\"@graph\":[{\"@type\":\"BlogPosting\",\"@id\":\"https:\\\/\\\/wia.net.pl\\\/index.php\\\/2023\\\/06\\\/02\\\/czy-prehistoryczny-czlowiek-byl-genetycznie-modyfikowany\\\/#blogposting\",\"name\":\"Czy prehistoryczny cz\\u0142owiek by\\u0142 genetycznie modyfikowany - Wolno\\u015b\\u0107 i Anarchia\",\"headline\":\"Czy prehistoryczny cz\\u0142owiek by\\u0142 genetycznie modyfikowany\",\"author\":{\"@id\":\"https:\\\/\\\/wia.net.pl\\\/index.php\\\/author\\\/talar\\\/#author\"},\"publisher\":{\"@id\":\"https:\\\/\\\/wia.net.pl\\\/#person\"},\"image\":{\"@type\":\"ImageObject\",\"url\":\"https:\\\/\\\/wia.net.pl\\\/wp-content\\\/uploads\\\/2023\\\/06\\\/Czy-prehistoryczny-czlowiek-zostal-genetycznie-zmodyfikowany-.jpg\",\"width\":1920,\"height\":1080},\"datePublished\":\"2023-06-02T19:09:06+02:00\",\"dateModified\":\"2023-06-02T19:09:07+02:00\",\"inLanguage\":\"pl-PL\",\"mainEntityOfPage\":{\"@id\":\"https:\\\/\\\/wia.net.pl\\\/index.php\\\/2023\\\/06\\\/02\\\/czy-prehistoryczny-czlowiek-byl-genetycznie-modyfikowany\\\/#webpage\"},\"isPartOf\":{\"@id\":\"https:\\\/\\\/wia.net.pl\\\/index.php\\\/2023\\\/06\\\/02\\\/czy-prehistoryczny-czlowiek-byl-genetycznie-modyfikowany\\\/#webpage\"},\"articleSection\":\"Antropologia, Alchemia, Aliens, Atlantean gardens, Historia ziemi, Illuminati, Magia, Masoneria, Niewolnictwo, Obcy, Okultyzm, Robert Sepehr, Rz\\u0105d, Satanizm, Tajne stowarzyszenia\"},{\"@type\":\"BreadcrumbList\",\"@id\":\"https:\\\/\\\/wia.net.pl\\\/index.php\\\/2023\\\/06\\\/02\\\/czy-prehistoryczny-czlowiek-byl-genetycznie-modyfikowany\\\/#breadcrumblist\",\"itemListElement\":[{\"@type\":\"ListItem\",\"@id\":\"https:\\\/\\\/wia.net.pl#listItem\",\"position\":1,\"name\":\"Home\",\"item\":\"https:\\\/\\\/wia.net.pl\",\"nextItem\":{\"@type\":\"ListItem\",\"@id\":\"https:\\\/\\\/wia.net.pl\\\/index.php\\\/category\\\/antropologia\\\/#listItem\",\"name\":\"Antropologia\"}},{\"@type\":\"ListItem\",\"@id\":\"https:\\\/\\\/wia.net.pl\\\/index.php\\\/category\\\/antropologia\\\/#listItem\",\"position\":2,\"name\":\"Antropologia\",\"item\":\"https:\\\/\\\/wia.net.pl\\\/index.php\\\/category\\\/antropologia\\\/\",\"nextItem\":{\"@type\":\"ListItem\",\"@id\":\"https:\\\/\\\/wia.net.pl\\\/index.php\\\/2023\\\/06\\\/02\\\/czy-prehistoryczny-czlowiek-byl-genetycznie-modyfikowany\\\/#listItem\",\"name\":\"Czy prehistoryczny cz\\u0142owiek by\\u0142 genetycznie modyfikowany\"},\"previousItem\":{\"@type\":\"ListItem\",\"@id\":\"https:\\\/\\\/wia.net.pl#listItem\",\"name\":\"Home\"}},{\"@type\":\"ListItem\",\"@id\":\"https:\\\/\\\/wia.net.pl\\\/index.php\\\/2023\\\/06\\\/02\\\/czy-prehistoryczny-czlowiek-byl-genetycznie-modyfikowany\\\/#listItem\",\"position\":3,\"name\":\"Czy prehistoryczny cz\\u0142owiek by\\u0142 genetycznie modyfikowany\",\"previousItem\":{\"@type\":\"ListItem\",\"@id\":\"https:\\\/\\\/wia.net.pl\\\/index.php\\\/category\\\/antropologia\\\/#listItem\",\"name\":\"Antropologia\"}}]},{\"@type\":\"Person\",\"@id\":\"https:\\\/\\\/wia.net.pl\\\/#person\",\"name\":\"Bart\\u0142omiej Talarczyk\",\"image\":{\"@type\":\"ImageObject\",\"@id\":\"https:\\\/\\\/wia.net.pl\\\/index.php\\\/2023\\\/06\\\/02\\\/czy-prehistoryczny-czlowiek-byl-genetycznie-modyfikowany\\\/#personImage\",\"url\":\"https:\\\/\\\/wia.net.pl\\\/wp-content\\\/uploads\\\/avatar-privacy\\\/cache\\\/user\\\/1\\\/7\\\/176a6b161c58363ff49b5c167264231f519f5c7fa183ca1f61e891769b6b56d5-96.jpg\",\"width\":96,\"height\":96,\"caption\":\"Bart\\u0142omiej Talarczyk\"}},{\"@type\":\"Person\",\"@id\":\"https:\\\/\\\/wia.net.pl\\\/index.php\\\/author\\\/talar\\\/#author\",\"url\":\"https:\\\/\\\/wia.net.pl\\\/index.php\\\/author\\\/talar\\\/\",\"name\":\"Bart\\u0142omiej Talarczyk\",\"image\":{\"@type\":\"ImageObject\",\"@id\":\"https:\\\/\\\/wia.net.pl\\\/index.php\\\/2023\\\/06\\\/02\\\/czy-prehistoryczny-czlowiek-byl-genetycznie-modyfikowany\\\/#authorImage\",\"url\":\"https:\\\/\\\/wia.net.pl\\\/wp-content\\\/uploads\\\/avatar-privacy\\\/cache\\\/user\\\/1\\\/7\\\/176a6b161c58363ff49b5c167264231f519f5c7fa183ca1f61e891769b6b56d5-96.jpg\",\"width\":96,\"height\":96,\"caption\":\"Bart\\u0142omiej Talarczyk\"}},{\"@type\":\"WebPage\",\"@id\":\"https:\\\/\\\/wia.net.pl\\\/index.php\\\/2023\\\/06\\\/02\\\/czy-prehistoryczny-czlowiek-byl-genetycznie-modyfikowany\\\/#webpage\",\"url\":\"https:\\\/\\\/wia.net.pl\\\/index.php\\\/2023\\\/06\\\/02\\\/czy-prehistoryczny-czlowiek-byl-genetycznie-modyfikowany\\\/\",\"name\":\"Czy prehistoryczny cz\\u0142owiek by\\u0142 genetycznie modyfikowany - Wolno\\u015b\\u0107 i Anarchia\",\"description\":\"Czy prehistoryczny cz\\u0142owiek by\\u0142 genetycznie modyfikowany\",\"inLanguage\":\"pl-PL\",\"isPartOf\":{\"@id\":\"https:\\\/\\\/wia.net.pl\\\/#website\"},\"breadcrumb\":{\"@id\":\"https:\\\/\\\/wia.net.pl\\\/index.php\\\/2023\\\/06\\\/02\\\/czy-prehistoryczny-czlowiek-byl-genetycznie-modyfikowany\\\/#breadcrumblist\"},\"author\":{\"@id\":\"https:\\\/\\\/wia.net.pl\\\/index.php\\\/author\\\/talar\\\/#author\"},\"creator\":{\"@id\":\"https:\\\/\\\/wia.net.pl\\\/index.php\\\/author\\\/talar\\\/#author\"},\"image\":{\"@type\":\"ImageObject\",\"url\":\"https:\\\/\\\/wia.net.pl\\\/wp-content\\\/uploads\\\/2023\\\/06\\\/Czy-prehistoryczny-czlowiek-zostal-genetycznie-zmodyfikowany-.jpg\",\"@id\":\"https:\\\/\\\/wia.net.pl\\\/index.php\\\/2023\\\/06\\\/02\\\/czy-prehistoryczny-czlowiek-byl-genetycznie-modyfikowany\\\/#mainImage\",\"width\":1920,\"height\":1080},\"primaryImageOfPage\":{\"@id\":\"https:\\\/\\\/wia.net.pl\\\/index.php\\\/2023\\\/06\\\/02\\\/czy-prehistoryczny-czlowiek-byl-genetycznie-modyfikowany\\\/#mainImage\"},\"datePublished\":\"2023-06-02T19:09:06+02:00\",\"dateModified\":\"2023-06-02T19:09:07+02:00\"},{\"@type\":\"WebSite\",\"@id\":\"https:\\\/\\\/wia.net.pl\\\/#website\",\"url\":\"https:\\\/\\\/wia.net.pl\\\/\",\"name\":\"Wolno\\u015b\\u0107 i Anarchia\",\"description\":\"Ka\\u017cdy wewn\\u0119trznie jest anarchist\\u0105.\",\"inLanguage\":\"pl-PL\",\"publisher\":{\"@id\":\"https:\\\/\\\/wia.net.pl\\\/#person\"}}]}\n\t\t<\/script>\n\t\t<!-- All in One SEO -->\n\n","aioseo_head_json":{"title":"Czy prehistoryczny cz\u0142owiek by\u0142 genetycznie modyfikowany - Wolno\u015b\u0107 i Anarchia","description":"Czy prehistoryczny cz\u0142owiek by\u0142 genetycznie modyfikowany","canonical_url":"https:\/\/wia.net.pl\/index.php\/2023\/06\/02\/czy-prehistoryczny-czlowiek-byl-genetycznie-modyfikowany\/","robots":"max-image-preview:large","keywords":"","webmasterTools":{"miscellaneous":""},"schema":{"@context":"https:\/\/schema.org","@graph":[{"@type":"BlogPosting","@id":"https:\/\/wia.net.pl\/index.php\/2023\/06\/02\/czy-prehistoryczny-czlowiek-byl-genetycznie-modyfikowany\/#blogposting","name":"Czy prehistoryczny cz\u0142owiek by\u0142 genetycznie modyfikowany - Wolno\u015b\u0107 i Anarchia","headline":"Czy prehistoryczny cz\u0142owiek by\u0142 genetycznie modyfikowany","author":{"@id":"https:\/\/wia.net.pl\/index.php\/author\/talar\/#author"},"publisher":{"@id":"https:\/\/wia.net.pl\/#person"},"image":{"@type":"ImageObject","url":"https:\/\/wia.net.pl\/wp-content\/uploads\/2023\/06\/Czy-prehistoryczny-czlowiek-zostal-genetycznie-zmodyfikowany-.jpg","width":1920,"height":1080},"datePublished":"2023-06-02T19:09:06+02:00","dateModified":"2023-06-02T19:09:07+02:00","inLanguage":"pl-PL","mainEntityOfPage":{"@id":"https:\/\/wia.net.pl\/index.php\/2023\/06\/02\/czy-prehistoryczny-czlowiek-byl-genetycznie-modyfikowany\/#webpage"},"isPartOf":{"@id":"https:\/\/wia.net.pl\/index.php\/2023\/06\/02\/czy-prehistoryczny-czlowiek-byl-genetycznie-modyfikowany\/#webpage"},"articleSection":"Antropologia, Alchemia, Aliens, Atlantean gardens, Historia ziemi, Illuminati, Magia, Masoneria, Niewolnictwo, Obcy, Okultyzm, Robert Sepehr, Rz\u0105d, Satanizm, Tajne stowarzyszenia"},{"@type":"BreadcrumbList","@id":"https:\/\/wia.net.pl\/index.php\/2023\/06\/02\/czy-prehistoryczny-czlowiek-byl-genetycznie-modyfikowany\/#breadcrumblist","itemListElement":[{"@type":"ListItem","@id":"https:\/\/wia.net.pl#listItem","position":1,"name":"Home","item":"https:\/\/wia.net.pl","nextItem":{"@type":"ListItem","@id":"https:\/\/wia.net.pl\/index.php\/category\/antropologia\/#listItem","name":"Antropologia"}},{"@type":"ListItem","@id":"https:\/\/wia.net.pl\/index.php\/category\/antropologia\/#listItem","position":2,"name":"Antropologia","item":"https:\/\/wia.net.pl\/index.php\/category\/antropologia\/","nextItem":{"@type":"ListItem","@id":"https:\/\/wia.net.pl\/index.php\/2023\/06\/02\/czy-prehistoryczny-czlowiek-byl-genetycznie-modyfikowany\/#listItem","name":"Czy prehistoryczny cz\u0142owiek by\u0142 genetycznie modyfikowany"},"previousItem":{"@type":"ListItem","@id":"https:\/\/wia.net.pl#listItem","name":"Home"}},{"@type":"ListItem","@id":"https:\/\/wia.net.pl\/index.php\/2023\/06\/02\/czy-prehistoryczny-czlowiek-byl-genetycznie-modyfikowany\/#listItem","position":3,"name":"Czy prehistoryczny cz\u0142owiek by\u0142 genetycznie modyfikowany","previousItem":{"@type":"ListItem","@id":"https:\/\/wia.net.pl\/index.php\/category\/antropologia\/#listItem","name":"Antropologia"}}]},{"@type":"Person","@id":"https:\/\/wia.net.pl\/#person","name":"Bart\u0142omiej Talarczyk","image":{"@type":"ImageObject","@id":"https:\/\/wia.net.pl\/index.php\/2023\/06\/02\/czy-prehistoryczny-czlowiek-byl-genetycznie-modyfikowany\/#personImage","url":"https:\/\/wia.net.pl\/wp-content\/uploads\/avatar-privacy\/cache\/user\/1\/7\/176a6b161c58363ff49b5c167264231f519f5c7fa183ca1f61e891769b6b56d5-96.jpg","width":96,"height":96,"caption":"Bart\u0142omiej Talarczyk"}},{"@type":"Person","@id":"https:\/\/wia.net.pl\/index.php\/author\/talar\/#author","url":"https:\/\/wia.net.pl\/index.php\/author\/talar\/","name":"Bart\u0142omiej Talarczyk","image":{"@type":"ImageObject","@id":"https:\/\/wia.net.pl\/index.php\/2023\/06\/02\/czy-prehistoryczny-czlowiek-byl-genetycznie-modyfikowany\/#authorImage","url":"https:\/\/wia.net.pl\/wp-content\/uploads\/avatar-privacy\/cache\/user\/1\/7\/176a6b161c58363ff49b5c167264231f519f5c7fa183ca1f61e891769b6b56d5-96.jpg","width":96,"height":96,"caption":"Bart\u0142omiej Talarczyk"}},{"@type":"WebPage","@id":"https:\/\/wia.net.pl\/index.php\/2023\/06\/02\/czy-prehistoryczny-czlowiek-byl-genetycznie-modyfikowany\/#webpage","url":"https:\/\/wia.net.pl\/index.php\/2023\/06\/02\/czy-prehistoryczny-czlowiek-byl-genetycznie-modyfikowany\/","name":"Czy prehistoryczny cz\u0142owiek by\u0142 genetycznie modyfikowany - Wolno\u015b\u0107 i Anarchia","description":"Czy prehistoryczny cz\u0142owiek by\u0142 genetycznie modyfikowany","inLanguage":"pl-PL","isPartOf":{"@id":"https:\/\/wia.net.pl\/#website"},"breadcrumb":{"@id":"https:\/\/wia.net.pl\/index.php\/2023\/06\/02\/czy-prehistoryczny-czlowiek-byl-genetycznie-modyfikowany\/#breadcrumblist"},"author":{"@id":"https:\/\/wia.net.pl\/index.php\/author\/talar\/#author"},"creator":{"@id":"https:\/\/wia.net.pl\/index.php\/author\/talar\/#author"},"image":{"@type":"ImageObject","url":"https:\/\/wia.net.pl\/wp-content\/uploads\/2023\/06\/Czy-prehistoryczny-czlowiek-zostal-genetycznie-zmodyfikowany-.jpg","@id":"https:\/\/wia.net.pl\/index.php\/2023\/06\/02\/czy-prehistoryczny-czlowiek-byl-genetycznie-modyfikowany\/#mainImage","width":1920,"height":1080},"primaryImageOfPage":{"@id":"https:\/\/wia.net.pl\/index.php\/2023\/06\/02\/czy-prehistoryczny-czlowiek-byl-genetycznie-modyfikowany\/#mainImage"},"datePublished":"2023-06-02T19:09:06+02:00","dateModified":"2023-06-02T19:09:07+02:00"},{"@type":"WebSite","@id":"https:\/\/wia.net.pl\/#website","url":"https:\/\/wia.net.pl\/","name":"Wolno\u015b\u0107 i Anarchia","description":"Ka\u017cdy wewn\u0119trznie jest anarchist\u0105.","inLanguage":"pl-PL","publisher":{"@id":"https:\/\/wia.net.pl\/#person"}}]},"og:locale":"pl_PL","og:site_name":"Wolno\u015b\u0107 i Anarchia - Ka\u017cdy wewn\u0119trznie jest anarchist\u0105.","og:type":"article","og:title":"Czy prehistoryczny cz\u0142owiek by\u0142 genetycznie modyfikowany - Wolno\u015b\u0107 i Anarchia","og:description":"Czy prehistoryczny cz\u0142owiek by\u0142 genetycznie modyfikowany","og:url":"https:\/\/wia.net.pl\/index.php\/2023\/06\/02\/czy-prehistoryczny-czlowiek-byl-genetycznie-modyfikowany\/","og:image":"https:\/\/wia.net.pl\/wp-content\/uploads\/2023\/11\/cropped-freedom-i73367.jpg","og:image:secure_url":"https:\/\/wia.net.pl\/wp-content\/uploads\/2023\/11\/cropped-freedom-i73367.jpg","article:published_time":"2023-06-02T17:09:06+00:00","article:modified_time":"2023-06-02T17:09:07+00:00","twitter:card":"summary_large_image","twitter:title":"Czy prehistoryczny cz\u0142owiek by\u0142 genetycznie modyfikowany - Wolno\u015b\u0107 i Anarchia","twitter:description":"Czy prehistoryczny cz\u0142owiek by\u0142 genetycznie modyfikowany","twitter:image":"https:\/\/wia.net.pl\/wp-content\/uploads\/2023\/11\/cropped-freedom-i73367.jpg"},"aioseo_meta_data":{"post_id":"1184","title":null,"description":null,"keywords":null,"keyphrases":null,"primary_term":null,"canonical_url":null,"og_title":null,"og_description":null,"og_object_type":"default","og_image_type":"default","og_image_url":null,"og_image_width":null,"og_image_height":null,"og_image_custom_url":null,"og_image_custom_fields":null,"og_video":null,"og_custom_url":null,"og_article_section":null,"og_article_tags":null,"twitter_use_og":false,"twitter_card":"default","twitter_image_type":"default","twitter_image_url":null,"twitter_image_custom_url":null,"twitter_image_custom_fields":null,"twitter_title":null,"twitter_description":null,"schema":{"blockGraphs":[],"customGraphs":[],"default":{"data":{"Article":[],"Course":[],"Dataset":[],"FAQPage":[],"Movie":[],"Person":[],"Product":[],"ProductReview":[],"Car":[],"Recipe":[],"Service":[],"SoftwareApplication":[],"WebPage":[]},"graphName":"","isEnabled":true},"graphs":[]},"schema_type":"default","schema_type_options":null,"pillar_content":false,"robots_default":true,"robots_noindex":false,"robots_noarchive":false,"robots_nosnippet":false,"robots_nofollow":false,"robots_noimageindex":false,"robots_noodp":false,"robots_notranslate":false,"robots_max_snippet":null,"robots_max_videopreview":null,"robots_max_imagepreview":"large","priority":null,"frequency":null,"local_seo":null,"breadcrumb_settings":null,"limit_modified_date":false,"ai":null,"created":"2023-06-06 13:40:01","updated":"2025-06-04 07:34:32","seo_analyzer_scan_date":null,"focus_keyword":null,"additional_keywords":null,"truseo_locale":null},"aioseo_breadcrumb":"<div class=\"aioseo-breadcrumbs\"><span class=\"aioseo-breadcrumb\">\n\t\t\t<a href=\"https:\/\/wia.net.pl\" title=\"Home\">Home<\/a>\n\t\t<\/span><span class=\"aioseo-breadcrumb-separator\">&raquo;<\/span><span class=\"aioseo-breadcrumb\">\n\t\t\t<a href=\"https:\/\/wia.net.pl\/index.php\/category\/antropologia\/\" title=\"Antropologia\">Antropologia<\/a>\n\t\t<\/span><span class=\"aioseo-breadcrumb-separator\">&raquo;<\/span><span class=\"aioseo-breadcrumb\">\n\t\t\tCzy prehistoryczny cz\u0142owiek by\u0142 genetycznie modyfikowany\n\t\t<\/span><\/div>","aioseo_breadcrumb_json":[{"label":"Home","link":"https:\/\/wia.net.pl"},{"label":"Antropologia","link":"https:\/\/wia.net.pl\/index.php\/category\/antropologia\/"},{"label":"Czy prehistoryczny cz\u0142owiek by\u0142 genetycznie modyfikowany","link":"https:\/\/wia.net.pl\/index.php\/2023\/06\/02\/czy-prehistoryczny-czlowiek-byl-genetycznie-modyfikowany\/"}],"_links":{"self":[{"href":"https:\/\/wia.net.pl\/index.php\/wp-json\/wp\/v2\/posts\/1184"}],"collection":[{"href":"https:\/\/wia.net.pl\/index.php\/wp-json\/wp\/v2\/posts"}],"about":[{"href":"https:\/\/wia.net.pl\/index.php\/wp-json\/wp\/v2\/types\/post"}],"author":[{"embeddable":true,"href":"https:\/\/wia.net.pl\/index.php\/wp-json\/wp\/v2\/users\/3"}],"replies":[{"embeddable":true,"href":"https:\/\/wia.net.pl\/index.php\/wp-json\/wp\/v2\/comments?post=1184"}],"version-history":[{"count":1,"href":"https:\/\/wia.net.pl\/index.php\/wp-json\/wp\/v2\/posts\/1184\/revisions"}],"predecessor-version":[{"id":1186,"href":"https:\/\/wia.net.pl\/index.php\/wp-json\/wp\/v2\/posts\/1184\/revisions\/1186"}],"wp:featuredmedia":[{"embeddable":true,"href":"https:\/\/wia.net.pl\/index.php\/wp-json\/wp\/v2\/media\/1185"}],"wp:attachment":[{"href":"https:\/\/wia.net.pl\/index.php\/wp-json\/wp\/v2\/media?parent=1184"}],"wp:term":[{"taxonomy":"category","embeddable":true,"href":"https:\/\/wia.net.pl\/index.php\/wp-json\/wp\/v2\/categories?post=1184"},{"taxonomy":"post_tag","embeddable":true,"href":"https:\/\/wia.net.pl\/index.php\/wp-json\/wp\/v2\/tags?post=1184"}],"curies":[{"name":"wp","href":"https:\/\/api.w.org\/{rel}","templated":true}]}}