{"id":1190,"date":"2023-06-02T19:16:48","date_gmt":"2023-06-02T17:16:48","guid":{"rendered":"https:\/\/wia.net.pl\/?p=1190"},"modified":"2023-06-02T19:16:49","modified_gmt":"2023-06-02T17:16:49","slug":"elon-musk-ai-i-neuralink","status":"publish","type":"post","link":"https:\/\/wia.net.pl\/index.php\/2023\/06\/02\/elon-musk-ai-i-neuralink\/","title":{"rendered":"Elon Musk &#8211; AI i Neuralink"},"content":{"rendered":"\n<p>Elon Musk &#8211; AI i Neuralink<\/p>\n\n\n\n<p>Wielu sygnatariuszy, w tym Musk, wyrazi\u0142o swoje obawy dotycz\u0105ce powa\u017cnych konsekwencji AI. Uwa\u017caj\u0105 oni, \u017ce maszyny cyfrowe z wcieleniem AI szybko prze\u015bcign\u0105 cz\u0142owieka. Elon Musk nazywa AI najbardziej niebezpiecznym ostrze\u017ceniem dla ludzko\u015bci. M\u00f3wi, \u017ce nie jest przeciwny cyfrowej transformacji, ale gdy chodzi o AI ma zupe\u0142nie inne zdanie. Twierdzi\u0142 te\u017c, \u017ce nale\u017cy by\u0107 ostro\u017cnym w kwestii post\u0119pu AI.<\/p>\n\n\n\n<p>Zapytany ostatnio, czy Neuralink jest nadal na dobrej drodze do przeprowadzenia pierwszej pr\u00f3by na ludziach do ko\u0144ca tego roku, Elon Musk odpowiedzia\u0142 po prostu: &#8222;Tak&#8221;. Wydaje si\u0119, \u017ce zawsze, gdy Elon daje nag\u0142\u0105 odpowied\u017a w ten spos\u00f3b, oznacza to, \u017ce jest pewny tego, co m\u00f3wi. Dla por\u00f3wnania, mniej wi\u0119cej w tym samym czasie w zesz\u0142ym roku, zapytany o pr\u00f3by na ludziach z Neuralink, Elon napisa\u0142, &#8222;Je\u015bli wszystko p\u00f3jdzie dobrze, b\u0119dziemy mogli przeprowadzi\u0107 wst\u0119pne pr\u00f3by na ludziach jeszcze w tym roku.&#8221; Zauwa\u017c znacz\u0105c\u0105 r\u00f3\u017cnic\u0119 w tych dw\u00f3ch odpowiedziach. Nie m\u00f3wi\u0105c, \u017ce jest to nauka czy co\u015b, ale jest to godne uwagi.<\/p>\n\n\n\n<figure class=\"wp-block-embed is-type-video is-provider-youtube wp-block-embed-youtube wp-embed-aspect-16-9 wp-has-aspect-ratio\"><div class=\"wp-block-embed__wrapper\">\n<iframe loading=\"lazy\" title=\"Elon Musk - AI i NeuraLink\" width=\"858\" height=\"483\" src=\"https:\/\/www.youtube.com\/embed\/f9lwTvdzCpQ?feature=oembed\" frameborder=\"0\" allow=\"accelerometer; autoplay; clipboard-write; encrypted-media; gyroscope; picture-in-picture; web-share\" allowfullscreen><\/iframe>\n<\/div><\/figure>\n<div class=\"remoji_bar\"><div class=\"remoji_add_container\" data-remoji-id=\"1190\" data-remoji-type=\"post\"><div class=\"remoji_add_icon\"><\/div><\/div><div class=\"remoji_error_bar\" data-remoji-id=\"1190\" data-remoji-type=\"post\" style=\"display: none;\">Error happened.<\/div><\/div>","protected":false},"excerpt":{"rendered":"<p>Elon Musk &#8211; AI i Neuralink Wielu sygnatariuszy, w tym Musk, wyrazi\u0142o swoje obawy dotycz\u0105ce powa\u017cnych konsekwencji AI. Uwa\u017caj\u0105 oni, \u017ce maszyny cyfrowe z wcieleniem AI szybko prze\u015bcign\u0105 cz\u0142owieka. Elon Musk nazywa AI najbardziej niebezpiecznym ostrze\u017ceniem dla ludzko\u015bci. M\u00f3wi, \u017ce&#8230; <\/p>\n","protected":false},"author":3,"featured_media":1191,"comment_status":"open","ping_status":"open","sticky":false,"template":"","format":"standard","meta":{"_acf_changed":false,"_bbp_topic_count":0,"_bbp_reply_count":0,"_bbp_total_topic_count":0,"_bbp_total_reply_count":0,"_bbp_voice_count":0,"_bbp_anonymous_reply_count":0,"_bbp_topic_count_hidden":0,"_bbp_reply_count_hidden":0,"_bbp_forum_subforum_count":0,"om_disable_all_campaigns":false,"_monsterinsights_skip_tracking":false,"_monsterinsights_sitenote_active":false,"_monsterinsights_sitenote_note":"","_monsterinsights_sitenote_category":0,"footnotes":""},"categories":[95],"tags":[107,41,32,70,75,74],"class_list":["post-1190","post","type-post","status-publish","format-standard","has-post-thumbnail","hentry","category-ufo-i-technologie","tag-elon-musk","tag-nasa","tag-rzad","tag-tajne-stowarzyszenia","tag-terraformacja","tag-transhumanizm"],"acf":[],"aioseo_notices":[],"_links":{"self":[{"href":"https:\/\/wia.net.pl\/index.php\/wp-json\/wp\/v2\/posts\/1190"}],"collection":[{"href":"https:\/\/wia.net.pl\/index.php\/wp-json\/wp\/v2\/posts"}],"about":[{"href":"https:\/\/wia.net.pl\/index.php\/wp-json\/wp\/v2\/types\/post"}],"author":[{"embeddable":true,"href":"https:\/\/wia.net.pl\/index.php\/wp-json\/wp\/v2\/users\/3"}],"replies":[{"embeddable":true,"href":"https:\/\/wia.net.pl\/index.php\/wp-json\/wp\/v2\/comments?post=1190"}],"version-history":[{"count":1,"href":"https:\/\/wia.net.pl\/index.php\/wp-json\/wp\/v2\/posts\/1190\/revisions"}],"predecessor-version":[{"id":1192,"href":"https:\/\/wia.net.pl\/index.php\/wp-json\/wp\/v2\/posts\/1190\/revisions\/1192"}],"wp:featuredmedia":[{"embeddable":true,"href":"https:\/\/wia.net.pl\/index.php\/wp-json\/wp\/v2\/media\/1191"}],"wp:attachment":[{"href":"https:\/\/wia.net.pl\/index.php\/wp-json\/wp\/v2\/media?parent=1190"}],"wp:term":[{"taxonomy":"category","embeddable":true,"href":"https:\/\/wia.net.pl\/index.php\/wp-json\/wp\/v2\/categories?post=1190"},{"taxonomy":"post_tag","embeddable":true,"href":"https:\/\/wia.net.pl\/index.php\/wp-json\/wp\/v2\/tags?post=1190"}],"curies":[{"name":"wp","href":"https:\/\/api.w.org\/{rel}","templated":true}]}}