{"id":1190,"date":"2023-06-02T19:16:48","date_gmt":"2023-06-02T17:16:48","guid":{"rendered":"https:\/\/wia.net.pl\/?p=1190"},"modified":"2023-06-02T19:16:49","modified_gmt":"2023-06-02T17:16:49","slug":"elon-musk-ai-i-neuralink","status":"publish","type":"post","link":"https:\/\/wia.net.pl\/index.php\/2023\/06\/02\/elon-musk-ai-i-neuralink\/","title":{"rendered":"Elon Musk &#8211; AI i Neuralink"},"content":{"rendered":"\n<p>Elon Musk &#8211; AI i Neuralink<\/p>\n\n\n\n<p>Wielu sygnatariuszy, w tym Musk, wyrazi\u0142o swoje obawy dotycz\u0105ce powa\u017cnych konsekwencji AI. Uwa\u017caj\u0105 oni, \u017ce maszyny cyfrowe z wcieleniem AI szybko prze\u015bcign\u0105 cz\u0142owieka. Elon Musk nazywa AI najbardziej niebezpiecznym ostrze\u017ceniem dla ludzko\u015bci. M\u00f3wi, \u017ce nie jest przeciwny cyfrowej transformacji, ale gdy chodzi o AI ma zupe\u0142nie inne zdanie. Twierdzi\u0142 te\u017c, \u017ce nale\u017cy by\u0107 ostro\u017cnym w kwestii post\u0119pu AI.<\/p>\n\n\n\n<p>Zapytany ostatnio, czy Neuralink jest nadal na dobrej drodze do przeprowadzenia pierwszej pr\u00f3by na ludziach do ko\u0144ca tego roku, Elon Musk odpowiedzia\u0142 po prostu: &#8222;Tak&#8221;. Wydaje si\u0119, \u017ce zawsze, gdy Elon daje nag\u0142\u0105 odpowied\u017a w ten spos\u00f3b, oznacza to, \u017ce jest pewny tego, co m\u00f3wi. Dla por\u00f3wnania, mniej wi\u0119cej w tym samym czasie w zesz\u0142ym roku, zapytany o pr\u00f3by na ludziach z Neuralink, Elon napisa\u0142, &#8222;Je\u015bli wszystko p\u00f3jdzie dobrze, b\u0119dziemy mogli przeprowadzi\u0107 wst\u0119pne pr\u00f3by na ludziach jeszcze w tym roku.&#8221; Zauwa\u017c znacz\u0105c\u0105 r\u00f3\u017cnic\u0119 w tych dw\u00f3ch odpowiedziach. Nie m\u00f3wi\u0105c, \u017ce jest to nauka czy co\u015b, ale jest to godne uwagi.<\/p>\n\n\n\n<figure class=\"wp-block-embed is-type-video is-provider-youtube wp-block-embed-youtube wp-embed-aspect-16-9 wp-has-aspect-ratio\"><div class=\"wp-block-embed__wrapper\">\n<iframe loading=\"lazy\" title=\"Elon Musk - AI i NeuraLink\" width=\"858\" height=\"483\" src=\"https:\/\/www.youtube.com\/embed\/f9lwTvdzCpQ?feature=oembed\" frameborder=\"0\" allow=\"accelerometer; autoplay; clipboard-write; encrypted-media; gyroscope; picture-in-picture; web-share\" allowfullscreen><\/iframe>\n<\/div><\/figure>\n","protected":false},"excerpt":{"rendered":"<p>Elon Musk &#8211; AI i Neuralink Wielu sygnatariuszy, w tym Musk, wyrazi\u0142o swoje obawy dotycz\u0105ce powa\u017cnych konsekwencji AI. Uwa\u017caj\u0105 oni, \u017ce maszyny cyfrowe z wcieleniem AI szybko prze\u015bcign\u0105 cz\u0142owieka. Elon Musk nazywa AI najbardziej niebezpiecznym ostrze\u017ceniem dla ludzko\u015bci. M\u00f3wi, \u017ce&#8230; <\/p>\n","protected":false},"author":3,"featured_media":1191,"comment_status":"open","ping_status":"open","sticky":false,"template":"","format":"standard","meta":{"_acf_changed":false,"_bbp_topic_count":0,"_bbp_reply_count":0,"_bbp_total_topic_count":0,"_bbp_total_reply_count":0,"_bbp_voice_count":0,"_bbp_anonymous_reply_count":0,"_bbp_topic_count_hidden":0,"_bbp_reply_count_hidden":0,"_bbp_forum_subforum_count":0,"om_disable_all_campaigns":false,"_monsterinsights_skip_tracking":false,"footnotes":""},"categories":[95],"tags":[107,41,32,70,75,74],"class_list":["post-1190","post","type-post","status-publish","format-standard","has-post-thumbnail","hentry","category-ufo-i-technologie","tag-elon-musk","tag-nasa","tag-rzad","tag-tajne-stowarzyszenia","tag-terraformacja","tag-transhumanizm"],"acf":[],"aioseo_notices":[],"aioseo_head":"\n\t\t<!-- All in One SEO 5.0.1.1 - aioseo.com -->\n\t<meta name=\"description\" content=\"Elon Musk - AI i Neuralink Wielu sygnatariuszy, w tym Musk, wyrazi\u0142o swoje obawy dotycz\u0105ce powa\u017cnych konsekwencji AI. Uwa\u017caj\u0105 oni, \u017ce maszyny cyfrowe z wcieleniem AI szybko prze\u015bcign\u0105 cz\u0142owieka. Elon Musk nazywa AI najbardziej niebezpiecznym ostrze\u017ceniem dla ludzko\u015bci. M\u00f3wi, \u017ce nie jest przeciwny cyfrowej transformacji, ale gdy chodzi o AI ma zupe\u0142nie inne zdanie. Twierdzi\u0142\" \/>\n\t<meta name=\"robots\" content=\"max-image-preview:large\" \/>\n\t<meta name=\"author\" content=\"Bart\u0142omiej Talarczyk\"\/>\n\t<link rel=\"canonical\" href=\"https:\/\/wia.net.pl\/index.php\/2023\/06\/02\/elon-musk-ai-i-neuralink\/\" \/>\n\t<meta name=\"generator\" content=\"All in One SEO (AIOSEO) 5.0.1.1\" \/>\n\t\t<meta property=\"og:locale\" content=\"pl_PL\" \/>\n\t\t<meta property=\"og:site_name\" content=\"Wolno\u015b\u0107 i Anarchia - Ka\u017cdy wewn\u0119trznie jest anarchist\u0105.\" \/>\n\t\t<meta property=\"og:type\" content=\"article\" \/>\n\t\t<meta property=\"og:title\" content=\"Elon Musk \u2013 AI i Neuralink - Wolno\u015b\u0107 i Anarchia\" \/>\n\t\t<meta property=\"og:description\" content=\"Elon Musk - AI i Neuralink Wielu sygnatariuszy, w tym Musk, wyrazi\u0142o swoje obawy dotycz\u0105ce powa\u017cnych konsekwencji AI. Uwa\u017caj\u0105 oni, \u017ce maszyny cyfrowe z wcieleniem AI szybko prze\u015bcign\u0105 cz\u0142owieka. Elon Musk nazywa AI najbardziej niebezpiecznym ostrze\u017ceniem dla ludzko\u015bci. M\u00f3wi, \u017ce nie jest przeciwny cyfrowej transformacji, ale gdy chodzi o AI ma zupe\u0142nie inne zdanie. Twierdzi\u0142\" \/>\n\t\t<meta property=\"og:url\" content=\"https:\/\/wia.net.pl\/index.php\/2023\/06\/02\/elon-musk-ai-i-neuralink\/\" \/>\n\t\t<meta property=\"og:image\" content=\"https:\/\/wia.net.pl\/wp-content\/uploads\/2023\/11\/cropped-freedom-i73367.jpg\" \/>\n\t\t<meta property=\"og:image:secure_url\" content=\"https:\/\/wia.net.pl\/wp-content\/uploads\/2023\/11\/cropped-freedom-i73367.jpg\" \/>\n\t\t<meta property=\"article:published_time\" content=\"2023-06-02T17:16:48+00:00\" \/>\n\t\t<meta property=\"article:modified_time\" content=\"2023-06-02T17:16:49+00:00\" \/>\n\t\t<meta name=\"twitter:card\" content=\"summary_large_image\" \/>\n\t\t<meta name=\"twitter:title\" content=\"Elon Musk \u2013 AI i Neuralink - Wolno\u015b\u0107 i Anarchia\" \/>\n\t\t<meta name=\"twitter:description\" content=\"Elon Musk - AI i Neuralink Wielu sygnatariuszy, w tym Musk, wyrazi\u0142o swoje obawy dotycz\u0105ce powa\u017cnych konsekwencji AI. Uwa\u017caj\u0105 oni, \u017ce maszyny cyfrowe z wcieleniem AI szybko prze\u015bcign\u0105 cz\u0142owieka. Elon Musk nazywa AI najbardziej niebezpiecznym ostrze\u017ceniem dla ludzko\u015bci. M\u00f3wi, \u017ce nie jest przeciwny cyfrowej transformacji, ale gdy chodzi o AI ma zupe\u0142nie inne zdanie. Twierdzi\u0142\" \/>\n\t\t<meta name=\"twitter:image\" content=\"https:\/\/wia.net.pl\/wp-content\/uploads\/2023\/11\/cropped-freedom-i73367.jpg\" \/>\n\t\t<script type=\"application\/ld+json\" class=\"aioseo-schema\">\n\t\t\t{\"@context\":\"https:\\\/\\\/schema.org\",\"@graph\":[{\"@type\":\"BlogPosting\",\"@id\":\"https:\\\/\\\/wia.net.pl\\\/index.php\\\/2023\\\/06\\\/02\\\/elon-musk-ai-i-neuralink\\\/#blogposting\",\"name\":\"Elon Musk \\u2013 AI i Neuralink - Wolno\\u015b\\u0107 i Anarchia\",\"headline\":\"Elon Musk &#8211; AI i Neuralink\",\"author\":{\"@id\":\"https:\\\/\\\/wia.net.pl\\\/index.php\\\/author\\\/talar\\\/#author\"},\"publisher\":{\"@id\":\"https:\\\/\\\/wia.net.pl\\\/#person\"},\"image\":{\"@type\":\"ImageObject\",\"url\":\"https:\\\/\\\/wia.net.pl\\\/wp-content\\\/uploads\\\/2023\\\/06\\\/ter1.jpg\",\"width\":1920,\"height\":1200},\"datePublished\":\"2023-06-02T19:16:48+02:00\",\"dateModified\":\"2023-06-02T19:16:49+02:00\",\"inLanguage\":\"pl-PL\",\"mainEntityOfPage\":{\"@id\":\"https:\\\/\\\/wia.net.pl\\\/index.php\\\/2023\\\/06\\\/02\\\/elon-musk-ai-i-neuralink\\\/#webpage\"},\"isPartOf\":{\"@id\":\"https:\\\/\\\/wia.net.pl\\\/index.php\\\/2023\\\/06\\\/02\\\/elon-musk-ai-i-neuralink\\\/#webpage\"},\"articleSection\":\"UFO i Technologie, Elon Musk, NASA, Rz\\u0105d, Tajne stowarzyszenia, Terraformacja, Transhumanizm\"},{\"@type\":\"BreadcrumbList\",\"@id\":\"https:\\\/\\\/wia.net.pl\\\/index.php\\\/2023\\\/06\\\/02\\\/elon-musk-ai-i-neuralink\\\/#breadcrumblist\",\"itemListElement\":[{\"@type\":\"ListItem\",\"@id\":\"https:\\\/\\\/wia.net.pl#listItem\",\"position\":1,\"name\":\"Home\",\"item\":\"https:\\\/\\\/wia.net.pl\",\"nextItem\":{\"@type\":\"ListItem\",\"@id\":\"https:\\\/\\\/wia.net.pl\\\/index.php\\\/category\\\/ufo-i-technologie\\\/#listItem\",\"name\":\"UFO i Technologie\"}},{\"@type\":\"ListItem\",\"@id\":\"https:\\\/\\\/wia.net.pl\\\/index.php\\\/category\\\/ufo-i-technologie\\\/#listItem\",\"position\":2,\"name\":\"UFO i Technologie\",\"item\":\"https:\\\/\\\/wia.net.pl\\\/index.php\\\/category\\\/ufo-i-technologie\\\/\",\"nextItem\":{\"@type\":\"ListItem\",\"@id\":\"https:\\\/\\\/wia.net.pl\\\/index.php\\\/2023\\\/06\\\/02\\\/elon-musk-ai-i-neuralink\\\/#listItem\",\"name\":\"Elon Musk &#8211; AI i Neuralink\"},\"previousItem\":{\"@type\":\"ListItem\",\"@id\":\"https:\\\/\\\/wia.net.pl#listItem\",\"name\":\"Home\"}},{\"@type\":\"ListItem\",\"@id\":\"https:\\\/\\\/wia.net.pl\\\/index.php\\\/2023\\\/06\\\/02\\\/elon-musk-ai-i-neuralink\\\/#listItem\",\"position\":3,\"name\":\"Elon Musk &#8211; AI i Neuralink\",\"previousItem\":{\"@type\":\"ListItem\",\"@id\":\"https:\\\/\\\/wia.net.pl\\\/index.php\\\/category\\\/ufo-i-technologie\\\/#listItem\",\"name\":\"UFO i Technologie\"}}]},{\"@type\":\"Person\",\"@id\":\"https:\\\/\\\/wia.net.pl\\\/#person\",\"name\":\"Bart\\u0142omiej Talarczyk\",\"image\":{\"@type\":\"ImageObject\",\"@id\":\"https:\\\/\\\/wia.net.pl\\\/index.php\\\/2023\\\/06\\\/02\\\/elon-musk-ai-i-neuralink\\\/#personImage\",\"url\":\"https:\\\/\\\/wia.net.pl\\\/wp-content\\\/uploads\\\/avatar-privacy\\\/cache\\\/user\\\/1\\\/7\\\/176a6b161c58363ff49b5c167264231f519f5c7fa183ca1f61e891769b6b56d5-96.jpg\",\"width\":96,\"height\":96,\"caption\":\"Bart\\u0142omiej Talarczyk\"}},{\"@type\":\"Person\",\"@id\":\"https:\\\/\\\/wia.net.pl\\\/index.php\\\/author\\\/talar\\\/#author\",\"url\":\"https:\\\/\\\/wia.net.pl\\\/index.php\\\/author\\\/talar\\\/\",\"name\":\"Bart\\u0142omiej Talarczyk\",\"image\":{\"@type\":\"ImageObject\",\"@id\":\"https:\\\/\\\/wia.net.pl\\\/index.php\\\/2023\\\/06\\\/02\\\/elon-musk-ai-i-neuralink\\\/#authorImage\",\"url\":\"https:\\\/\\\/wia.net.pl\\\/wp-content\\\/uploads\\\/avatar-privacy\\\/cache\\\/user\\\/1\\\/7\\\/176a6b161c58363ff49b5c167264231f519f5c7fa183ca1f61e891769b6b56d5-96.jpg\",\"width\":96,\"height\":96,\"caption\":\"Bart\\u0142omiej Talarczyk\"}},{\"@type\":\"WebPage\",\"@id\":\"https:\\\/\\\/wia.net.pl\\\/index.php\\\/2023\\\/06\\\/02\\\/elon-musk-ai-i-neuralink\\\/#webpage\",\"url\":\"https:\\\/\\\/wia.net.pl\\\/index.php\\\/2023\\\/06\\\/02\\\/elon-musk-ai-i-neuralink\\\/\",\"name\":\"Elon Musk \\u2013 AI i Neuralink - Wolno\\u015b\\u0107 i Anarchia\",\"description\":\"Elon Musk - AI i Neuralink Wielu sygnatariuszy, w tym Musk, wyrazi\\u0142o swoje obawy dotycz\\u0105ce powa\\u017cnych konsekwencji AI. Uwa\\u017caj\\u0105 oni, \\u017ce maszyny cyfrowe z wcieleniem AI szybko prze\\u015bcign\\u0105 cz\\u0142owieka. Elon Musk nazywa AI najbardziej niebezpiecznym ostrze\\u017ceniem dla ludzko\\u015bci. M\\u00f3wi, \\u017ce nie jest przeciwny cyfrowej transformacji, ale gdy chodzi o AI ma zupe\\u0142nie inne zdanie. Twierdzi\\u0142\",\"inLanguage\":\"pl-PL\",\"isPartOf\":{\"@id\":\"https:\\\/\\\/wia.net.pl\\\/#website\"},\"breadcrumb\":{\"@id\":\"https:\\\/\\\/wia.net.pl\\\/index.php\\\/2023\\\/06\\\/02\\\/elon-musk-ai-i-neuralink\\\/#breadcrumblist\"},\"author\":{\"@id\":\"https:\\\/\\\/wia.net.pl\\\/index.php\\\/author\\\/talar\\\/#author\"},\"creator\":{\"@id\":\"https:\\\/\\\/wia.net.pl\\\/index.php\\\/author\\\/talar\\\/#author\"},\"image\":{\"@type\":\"ImageObject\",\"url\":\"https:\\\/\\\/wia.net.pl\\\/wp-content\\\/uploads\\\/2023\\\/06\\\/ter1.jpg\",\"@id\":\"https:\\\/\\\/wia.net.pl\\\/index.php\\\/2023\\\/06\\\/02\\\/elon-musk-ai-i-neuralink\\\/#mainImage\",\"width\":1920,\"height\":1200},\"primaryImageOfPage\":{\"@id\":\"https:\\\/\\\/wia.net.pl\\\/index.php\\\/2023\\\/06\\\/02\\\/elon-musk-ai-i-neuralink\\\/#mainImage\"},\"datePublished\":\"2023-06-02T19:16:48+02:00\",\"dateModified\":\"2023-06-02T19:16:49+02:00\"},{\"@type\":\"WebSite\",\"@id\":\"https:\\\/\\\/wia.net.pl\\\/#website\",\"url\":\"https:\\\/\\\/wia.net.pl\\\/\",\"name\":\"Wolno\\u015b\\u0107 i Anarchia\",\"description\":\"Ka\\u017cdy wewn\\u0119trznie jest anarchist\\u0105.\",\"inLanguage\":\"pl-PL\",\"publisher\":{\"@id\":\"https:\\\/\\\/wia.net.pl\\\/#person\"}}]}\n\t\t<\/script>\n\t\t<!-- All in One SEO -->\n\n","aioseo_head_json":{"title":"Elon Musk \u2013 AI i Neuralink - Wolno\u015b\u0107 i Anarchia","description":"Elon Musk - AI i Neuralink Wielu sygnatariuszy, w tym Musk, wyrazi\u0142o swoje obawy dotycz\u0105ce powa\u017cnych konsekwencji AI. Uwa\u017caj\u0105 oni, \u017ce maszyny cyfrowe z wcieleniem AI szybko prze\u015bcign\u0105 cz\u0142owieka. Elon Musk nazywa AI najbardziej niebezpiecznym ostrze\u017ceniem dla ludzko\u015bci. M\u00f3wi, \u017ce nie jest przeciwny cyfrowej transformacji, ale gdy chodzi o AI ma zupe\u0142nie inne zdanie. Twierdzi\u0142","canonical_url":"https:\/\/wia.net.pl\/index.php\/2023\/06\/02\/elon-musk-ai-i-neuralink\/","robots":"max-image-preview:large","keywords":"","webmasterTools":{"miscellaneous":""},"schema":{"@context":"https:\/\/schema.org","@graph":[{"@type":"BlogPosting","@id":"https:\/\/wia.net.pl\/index.php\/2023\/06\/02\/elon-musk-ai-i-neuralink\/#blogposting","name":"Elon Musk \u2013 AI i Neuralink - Wolno\u015b\u0107 i Anarchia","headline":"Elon Musk &#8211; AI i Neuralink","author":{"@id":"https:\/\/wia.net.pl\/index.php\/author\/talar\/#author"},"publisher":{"@id":"https:\/\/wia.net.pl\/#person"},"image":{"@type":"ImageObject","url":"https:\/\/wia.net.pl\/wp-content\/uploads\/2023\/06\/ter1.jpg","width":1920,"height":1200},"datePublished":"2023-06-02T19:16:48+02:00","dateModified":"2023-06-02T19:16:49+02:00","inLanguage":"pl-PL","mainEntityOfPage":{"@id":"https:\/\/wia.net.pl\/index.php\/2023\/06\/02\/elon-musk-ai-i-neuralink\/#webpage"},"isPartOf":{"@id":"https:\/\/wia.net.pl\/index.php\/2023\/06\/02\/elon-musk-ai-i-neuralink\/#webpage"},"articleSection":"UFO i Technologie, Elon Musk, NASA, Rz\u0105d, Tajne stowarzyszenia, Terraformacja, Transhumanizm"},{"@type":"BreadcrumbList","@id":"https:\/\/wia.net.pl\/index.php\/2023\/06\/02\/elon-musk-ai-i-neuralink\/#breadcrumblist","itemListElement":[{"@type":"ListItem","@id":"https:\/\/wia.net.pl#listItem","position":1,"name":"Home","item":"https:\/\/wia.net.pl","nextItem":{"@type":"ListItem","@id":"https:\/\/wia.net.pl\/index.php\/category\/ufo-i-technologie\/#listItem","name":"UFO i Technologie"}},{"@type":"ListItem","@id":"https:\/\/wia.net.pl\/index.php\/category\/ufo-i-technologie\/#listItem","position":2,"name":"UFO i Technologie","item":"https:\/\/wia.net.pl\/index.php\/category\/ufo-i-technologie\/","nextItem":{"@type":"ListItem","@id":"https:\/\/wia.net.pl\/index.php\/2023\/06\/02\/elon-musk-ai-i-neuralink\/#listItem","name":"Elon Musk &#8211; AI i Neuralink"},"previousItem":{"@type":"ListItem","@id":"https:\/\/wia.net.pl#listItem","name":"Home"}},{"@type":"ListItem","@id":"https:\/\/wia.net.pl\/index.php\/2023\/06\/02\/elon-musk-ai-i-neuralink\/#listItem","position":3,"name":"Elon Musk &#8211; AI i Neuralink","previousItem":{"@type":"ListItem","@id":"https:\/\/wia.net.pl\/index.php\/category\/ufo-i-technologie\/#listItem","name":"UFO i Technologie"}}]},{"@type":"Person","@id":"https:\/\/wia.net.pl\/#person","name":"Bart\u0142omiej Talarczyk","image":{"@type":"ImageObject","@id":"https:\/\/wia.net.pl\/index.php\/2023\/06\/02\/elon-musk-ai-i-neuralink\/#personImage","url":"https:\/\/wia.net.pl\/wp-content\/uploads\/avatar-privacy\/cache\/user\/1\/7\/176a6b161c58363ff49b5c167264231f519f5c7fa183ca1f61e891769b6b56d5-96.jpg","width":96,"height":96,"caption":"Bart\u0142omiej Talarczyk"}},{"@type":"Person","@id":"https:\/\/wia.net.pl\/index.php\/author\/talar\/#author","url":"https:\/\/wia.net.pl\/index.php\/author\/talar\/","name":"Bart\u0142omiej Talarczyk","image":{"@type":"ImageObject","@id":"https:\/\/wia.net.pl\/index.php\/2023\/06\/02\/elon-musk-ai-i-neuralink\/#authorImage","url":"https:\/\/wia.net.pl\/wp-content\/uploads\/avatar-privacy\/cache\/user\/1\/7\/176a6b161c58363ff49b5c167264231f519f5c7fa183ca1f61e891769b6b56d5-96.jpg","width":96,"height":96,"caption":"Bart\u0142omiej Talarczyk"}},{"@type":"WebPage","@id":"https:\/\/wia.net.pl\/index.php\/2023\/06\/02\/elon-musk-ai-i-neuralink\/#webpage","url":"https:\/\/wia.net.pl\/index.php\/2023\/06\/02\/elon-musk-ai-i-neuralink\/","name":"Elon Musk \u2013 AI i Neuralink - Wolno\u015b\u0107 i Anarchia","description":"Elon Musk - AI i Neuralink Wielu sygnatariuszy, w tym Musk, wyrazi\u0142o swoje obawy dotycz\u0105ce powa\u017cnych konsekwencji AI. Uwa\u017caj\u0105 oni, \u017ce maszyny cyfrowe z wcieleniem AI szybko prze\u015bcign\u0105 cz\u0142owieka. Elon Musk nazywa AI najbardziej niebezpiecznym ostrze\u017ceniem dla ludzko\u015bci. M\u00f3wi, \u017ce nie jest przeciwny cyfrowej transformacji, ale gdy chodzi o AI ma zupe\u0142nie inne zdanie. Twierdzi\u0142","inLanguage":"pl-PL","isPartOf":{"@id":"https:\/\/wia.net.pl\/#website"},"breadcrumb":{"@id":"https:\/\/wia.net.pl\/index.php\/2023\/06\/02\/elon-musk-ai-i-neuralink\/#breadcrumblist"},"author":{"@id":"https:\/\/wia.net.pl\/index.php\/author\/talar\/#author"},"creator":{"@id":"https:\/\/wia.net.pl\/index.php\/author\/talar\/#author"},"image":{"@type":"ImageObject","url":"https:\/\/wia.net.pl\/wp-content\/uploads\/2023\/06\/ter1.jpg","@id":"https:\/\/wia.net.pl\/index.php\/2023\/06\/02\/elon-musk-ai-i-neuralink\/#mainImage","width":1920,"height":1200},"primaryImageOfPage":{"@id":"https:\/\/wia.net.pl\/index.php\/2023\/06\/02\/elon-musk-ai-i-neuralink\/#mainImage"},"datePublished":"2023-06-02T19:16:48+02:00","dateModified":"2023-06-02T19:16:49+02:00"},{"@type":"WebSite","@id":"https:\/\/wia.net.pl\/#website","url":"https:\/\/wia.net.pl\/","name":"Wolno\u015b\u0107 i Anarchia","description":"Ka\u017cdy wewn\u0119trznie jest anarchist\u0105.","inLanguage":"pl-PL","publisher":{"@id":"https:\/\/wia.net.pl\/#person"}}]},"og:locale":"pl_PL","og:site_name":"Wolno\u015b\u0107 i Anarchia - Ka\u017cdy wewn\u0119trznie jest anarchist\u0105.","og:type":"article","og:title":"Elon Musk \u2013 AI i Neuralink - Wolno\u015b\u0107 i Anarchia","og:description":"Elon Musk - AI i Neuralink Wielu sygnatariuszy, w tym Musk, wyrazi\u0142o swoje obawy dotycz\u0105ce powa\u017cnych konsekwencji AI. Uwa\u017caj\u0105 oni, \u017ce maszyny cyfrowe z wcieleniem AI szybko prze\u015bcign\u0105 cz\u0142owieka. Elon Musk nazywa AI najbardziej niebezpiecznym ostrze\u017ceniem dla ludzko\u015bci. M\u00f3wi, \u017ce nie jest przeciwny cyfrowej transformacji, ale gdy chodzi o AI ma zupe\u0142nie inne zdanie. Twierdzi\u0142","og:url":"https:\/\/wia.net.pl\/index.php\/2023\/06\/02\/elon-musk-ai-i-neuralink\/","og:image":"https:\/\/wia.net.pl\/wp-content\/uploads\/2023\/11\/cropped-freedom-i73367.jpg","og:image:secure_url":"https:\/\/wia.net.pl\/wp-content\/uploads\/2023\/11\/cropped-freedom-i73367.jpg","article:published_time":"2023-06-02T17:16:48+00:00","article:modified_time":"2023-06-02T17:16:49+00:00","twitter:card":"summary_large_image","twitter:title":"Elon Musk \u2013 AI i Neuralink - Wolno\u015b\u0107 i Anarchia","twitter:description":"Elon Musk - AI i Neuralink Wielu sygnatariuszy, w tym Musk, wyrazi\u0142o swoje obawy dotycz\u0105ce powa\u017cnych konsekwencji AI. Uwa\u017caj\u0105 oni, \u017ce maszyny cyfrowe z wcieleniem AI szybko prze\u015bcign\u0105 cz\u0142owieka. Elon Musk nazywa AI najbardziej niebezpiecznym ostrze\u017ceniem dla ludzko\u015bci. M\u00f3wi, \u017ce nie jest przeciwny cyfrowej transformacji, ale gdy chodzi o AI ma zupe\u0142nie inne zdanie. Twierdzi\u0142","twitter:image":"https:\/\/wia.net.pl\/wp-content\/uploads\/2023\/11\/cropped-freedom-i73367.jpg"},"aioseo_meta_data":{"post_id":"1190","title":null,"description":null,"keywords":null,"keyphrases":null,"primary_term":null,"canonical_url":null,"og_title":null,"og_description":null,"og_object_type":"default","og_image_type":"default","og_image_url":null,"og_image_width":null,"og_image_height":null,"og_image_custom_url":null,"og_image_custom_fields":null,"og_video":null,"og_custom_url":null,"og_article_section":null,"og_article_tags":null,"twitter_use_og":false,"twitter_card":"default","twitter_image_type":"default","twitter_image_url":null,"twitter_image_custom_url":null,"twitter_image_custom_fields":null,"twitter_title":null,"twitter_description":null,"schema":{"blockGraphs":[],"customGraphs":[],"default":{"data":{"Article":[],"Course":[],"Dataset":[],"FAQPage":[],"Movie":[],"Person":[],"Product":[],"ProductReview":[],"Car":[],"Recipe":[],"Service":[],"SoftwareApplication":[],"WebPage":[]},"graphName":"","isEnabled":true},"graphs":[]},"schema_type":"default","schema_type_options":null,"pillar_content":false,"robots_default":true,"robots_noindex":false,"robots_noarchive":false,"robots_nosnippet":false,"robots_nofollow":false,"robots_noimageindex":false,"robots_noodp":false,"robots_notranslate":false,"robots_max_snippet":null,"robots_max_videopreview":null,"robots_max_imagepreview":"large","priority":null,"frequency":null,"local_seo":null,"breadcrumb_settings":null,"limit_modified_date":false,"ai":null,"created":"2023-06-06 13:41:02","updated":"2025-06-04 07:34:32","seo_analyzer_scan_date":null,"focus_keyword":null,"additional_keywords":null,"truseo_locale":null},"aioseo_breadcrumb":"<div class=\"aioseo-breadcrumbs\"><span class=\"aioseo-breadcrumb\">\n\t\t\t<a href=\"https:\/\/wia.net.pl\" title=\"Home\">Home<\/a>\n\t\t<\/span><span class=\"aioseo-breadcrumb-separator\">&raquo;<\/span><span class=\"aioseo-breadcrumb\">\n\t\t\t<a href=\"https:\/\/wia.net.pl\/index.php\/category\/ufo-i-technologie\/\" title=\"UFO i Technologie\">UFO i Technologie<\/a>\n\t\t<\/span><span class=\"aioseo-breadcrumb-separator\">&raquo;<\/span><span class=\"aioseo-breadcrumb\">\n\t\t\tElon Musk \u2013 AI i Neuralink\n\t\t<\/span><\/div>","aioseo_breadcrumb_json":[{"label":"Home","link":"https:\/\/wia.net.pl"},{"label":"UFO i Technologie","link":"https:\/\/wia.net.pl\/index.php\/category\/ufo-i-technologie\/"},{"label":"Elon Musk &#8211; AI i Neuralink","link":"https:\/\/wia.net.pl\/index.php\/2023\/06\/02\/elon-musk-ai-i-neuralink\/"}],"_links":{"self":[{"href":"https:\/\/wia.net.pl\/index.php\/wp-json\/wp\/v2\/posts\/1190"}],"collection":[{"href":"https:\/\/wia.net.pl\/index.php\/wp-json\/wp\/v2\/posts"}],"about":[{"href":"https:\/\/wia.net.pl\/index.php\/wp-json\/wp\/v2\/types\/post"}],"author":[{"embeddable":true,"href":"https:\/\/wia.net.pl\/index.php\/wp-json\/wp\/v2\/users\/3"}],"replies":[{"embeddable":true,"href":"https:\/\/wia.net.pl\/index.php\/wp-json\/wp\/v2\/comments?post=1190"}],"version-history":[{"count":1,"href":"https:\/\/wia.net.pl\/index.php\/wp-json\/wp\/v2\/posts\/1190\/revisions"}],"predecessor-version":[{"id":1192,"href":"https:\/\/wia.net.pl\/index.php\/wp-json\/wp\/v2\/posts\/1190\/revisions\/1192"}],"wp:featuredmedia":[{"embeddable":true,"href":"https:\/\/wia.net.pl\/index.php\/wp-json\/wp\/v2\/media\/1191"}],"wp:attachment":[{"href":"https:\/\/wia.net.pl\/index.php\/wp-json\/wp\/v2\/media?parent=1190"}],"wp:term":[{"taxonomy":"category","embeddable":true,"href":"https:\/\/wia.net.pl\/index.php\/wp-json\/wp\/v2\/categories?post=1190"},{"taxonomy":"post_tag","embeddable":true,"href":"https:\/\/wia.net.pl\/index.php\/wp-json\/wp\/v2\/tags?post=1190"}],"curies":[{"name":"wp","href":"https:\/\/api.w.org\/{rel}","templated":true}]}}