{"id":11996,"date":"2026-05-11T14:19:12","date_gmt":"2026-05-11T12:19:12","guid":{"rendered":"https:\/\/wia.net.pl\/?p=11996"},"modified":"2026-05-11T14:19:13","modified_gmt":"2026-05-11T12:19:13","slug":"11996","status":"publish","type":"post","link":"https:\/\/wia.net.pl\/index.php\/2026\/05\/11\/11996\/","title":{"rendered":""},"content":{"rendered":"\n<figure class=\"wp-block-image size-large\"><img loading=\"lazy\" decoding=\"async\" width=\"1024\" height=\"576\" src=\"https:\/\/wia.net.pl\/wp-content\/uploads\/2026\/05\/najbardziej-wolny-miniaturka-1-1024x576.jpg\" alt=\"\" class=\"wp-image-11998\" srcset=\"https:\/\/wia.net.pl\/wp-content\/uploads\/2026\/05\/najbardziej-wolny-miniaturka-1-1024x576.jpg 1024w, https:\/\/wia.net.pl\/wp-content\/uploads\/2026\/05\/najbardziej-wolny-miniaturka-1-300x169.jpg 300w, https:\/\/wia.net.pl\/wp-content\/uploads\/2026\/05\/najbardziej-wolny-miniaturka-1-768x432.jpg 768w, https:\/\/wia.net.pl\/wp-content\/uploads\/2026\/05\/najbardziej-wolny-miniaturka-1-1536x864.jpg 1536w, https:\/\/wia.net.pl\/wp-content\/uploads\/2026\/05\/najbardziej-wolny-miniaturka-1-480x270.jpg 480w, https:\/\/wia.net.pl\/wp-content\/uploads\/2026\/05\/najbardziej-wolny-miniaturka-1.jpg 1920w\" sizes=\"(max-width: 1024px) 100vw, 1024px\" \/><\/figure>\n\n\n\n<p>W \u015bwiecie pe\u0142nym ha\u0142asu coraz trudniej us\u0142ysze\u0107 w\u0142asny g\u0142os.<br>Z ka\u017cdej strony kto\u015b m\u00f3wi nam, jak powinni\u015bmy \u017cy\u0107, co powinni\u015bmy my\u015ble\u0107, czego si\u0119 ba\u0107 i za czym pod\u0105\u017ca\u0107. Cz\u0142owiek ch\u0142onie to latami, a\u017c w pewnym momencie zaczyna gubi\u0107 granic\u0119 mi\u0119dzy tym, kim naprawd\u0119 jest, a tym, kim nauczono go by\u0107.<\/p>\n\n\n\n<p>Dlatego zachowanie w\u0142asnych my\u015bli staje si\u0119 dzi\u015b form\u0105 wolno\u015bci.<br>Nie tej g\u0142o\u015bnej i demonstracyjnej, ale cichej, wewn\u0119trznej. Takiej, kt\u00f3ra pozwala patrze\u0107 na \u015bwiat w\u0142asnymi oczami i nie zatraci\u0107 siebie w t\u0142umie cudzych opinii.<\/p>\n\n\n\n<p>To nie znaczy, \u017ce trzeba zamyka\u0107 si\u0119 na innych ludzi.<br>Wr\u0119cz przeciwnie.<br>Prawdziwie wolny cz\u0142owiek potrafi s\u0142ucha\u0107, rozumie\u0107 i wsp\u00f3\u0142czu\u0107, ale nie oddaje nikomu prawa do kierowania w\u0142asnym sumieniem.<\/p>\n\n\n\n<p>Bo najwi\u0119ksza wolno\u015b\u0107 nie polega na robieniu wszystkiego, co si\u0119 chce.<br>Polega na tym, \u017ce mimo presji \u015bwiata nadal potrafisz pozosta\u0107 sob\u0105.<\/p>\n\n\n\n<p>WiA<\/p>\n","protected":false},"excerpt":{"rendered":"<p>W \u015bwiecie pe\u0142nym ha\u0142asu coraz trudniej us\u0142ysze\u0107 w\u0142asny g\u0142os.Z ka\u017cdej strony kto\u015b m\u00f3wi nam, jak powinni\u015bmy \u017cy\u0107, co powinni\u015bmy my\u015ble\u0107, czego si\u0119 ba\u0107 i za czym pod\u0105\u017ca\u0107. Cz\u0142owiek ch\u0142onie to latami, a\u017c w pewnym momencie zaczyna gubi\u0107 granic\u0119 mi\u0119dzy tym,&#8230; <\/p>\n","protected":false},"author":2,"featured_media":11997,"comment_status":"open","ping_status":"open","sticky":false,"template":"","format":"standard","meta":{"_acf_changed":false,"_bbp_topic_count":0,"_bbp_reply_count":0,"_bbp_total_topic_count":0,"_bbp_total_reply_count":0,"_bbp_voice_count":0,"_bbp_anonymous_reply_count":0,"_bbp_topic_count_hidden":0,"_bbp_reply_count_hidden":0,"_bbp_forum_subforum_count":0,"om_disable_all_campaigns":false,"_monsterinsights_skip_tracking":false,"footnotes":""},"categories":[98],"tags":[],"class_list":["post-11996","post","type-post","status-publish","format-standard","has-post-thumbnail","hentry","category-sentencje"],"acf":[],"aioseo_notices":[],"aioseo_head":"\n\t\t<!-- All in One SEO 5.0.1.1 - aioseo.com -->\n\t<meta name=\"description\" content=\"W \u015bwiecie pe\u0142nym ha\u0142asu coraz trudniej us\u0142ysze\u0107 w\u0142asny g\u0142os.Z ka\u017cdej strony kto\u015b m\u00f3wi nam, jak powinni\u015bmy \u017cy\u0107, co powinni\u015bmy my\u015ble\u0107, czego si\u0119 ba\u0107 i za czym pod\u0105\u017ca\u0107. Cz\u0142owiek ch\u0142onie to latami, a\u017c w pewnym momencie zaczyna gubi\u0107 granic\u0119 mi\u0119dzy tym, kim naprawd\u0119 jest, a tym, kim nauczono go by\u0107. Dlatego zachowanie w\u0142asnych my\u015bli staje si\u0119\" \/>\n\t<meta name=\"robots\" content=\"max-image-preview:large\" \/>\n\t<meta name=\"author\" content=\"trinity\"\/>\n\t<link rel=\"canonical\" href=\"https:\/\/wia.net.pl\/index.php\/2026\/05\/11\/11996\/\" \/>\n\t<meta name=\"generator\" content=\"All in One SEO (AIOSEO) 5.0.1.1\" \/>\n\t\t<meta property=\"og:locale\" content=\"pl_PL\" \/>\n\t\t<meta property=\"og:site_name\" content=\"Wolno\u015b\u0107 i Anarchia - Ka\u017cdy wewn\u0119trznie jest anarchist\u0105.\" \/>\n\t\t<meta property=\"og:type\" content=\"article\" \/>\n\t\t<meta property=\"og:title\" content=\"- Wolno\u015b\u0107 i Anarchia\" \/>\n\t\t<meta property=\"og:description\" content=\"W \u015bwiecie pe\u0142nym ha\u0142asu coraz trudniej us\u0142ysze\u0107 w\u0142asny g\u0142os.Z ka\u017cdej strony kto\u015b m\u00f3wi nam, jak powinni\u015bmy \u017cy\u0107, co powinni\u015bmy my\u015ble\u0107, czego si\u0119 ba\u0107 i za czym pod\u0105\u017ca\u0107. Cz\u0142owiek ch\u0142onie to latami, a\u017c w pewnym momencie zaczyna gubi\u0107 granic\u0119 mi\u0119dzy tym, kim naprawd\u0119 jest, a tym, kim nauczono go by\u0107. Dlatego zachowanie w\u0142asnych my\u015bli staje si\u0119\" \/>\n\t\t<meta property=\"og:url\" content=\"https:\/\/wia.net.pl\/index.php\/2026\/05\/11\/11996\/\" \/>\n\t\t<meta property=\"og:image\" content=\"https:\/\/wia.net.pl\/wp-content\/uploads\/2023\/11\/cropped-freedom-i73367.jpg\" \/>\n\t\t<meta property=\"og:image:secure_url\" content=\"https:\/\/wia.net.pl\/wp-content\/uploads\/2023\/11\/cropped-freedom-i73367.jpg\" \/>\n\t\t<meta property=\"article:published_time\" content=\"2026-05-11T12:19:12+00:00\" \/>\n\t\t<meta property=\"article:modified_time\" content=\"2026-05-11T12:19:13+00:00\" \/>\n\t\t<meta name=\"twitter:card\" content=\"summary_large_image\" \/>\n\t\t<meta name=\"twitter:title\" content=\"- Wolno\u015b\u0107 i Anarchia\" \/>\n\t\t<meta name=\"twitter:description\" content=\"W \u015bwiecie pe\u0142nym ha\u0142asu coraz trudniej us\u0142ysze\u0107 w\u0142asny g\u0142os.Z ka\u017cdej strony kto\u015b m\u00f3wi nam, jak powinni\u015bmy \u017cy\u0107, co powinni\u015bmy my\u015ble\u0107, czego si\u0119 ba\u0107 i za czym pod\u0105\u017ca\u0107. Cz\u0142owiek ch\u0142onie to latami, a\u017c w pewnym momencie zaczyna gubi\u0107 granic\u0119 mi\u0119dzy tym, kim naprawd\u0119 jest, a tym, kim nauczono go by\u0107. Dlatego zachowanie w\u0142asnych my\u015bli staje si\u0119\" \/>\n\t\t<meta name=\"twitter:image\" content=\"https:\/\/wia.net.pl\/wp-content\/uploads\/2023\/11\/cropped-freedom-i73367.jpg\" \/>\n\t\t<script type=\"application\/ld+json\" class=\"aioseo-schema\">\n\t\t\t{\"@context\":\"https:\\\/\\\/schema.org\",\"@graph\":[{\"@type\":\"BlogPosting\",\"@id\":\"https:\\\/\\\/wia.net.pl\\\/index.php\\\/2026\\\/05\\\/11\\\/11996\\\/#blogposting\",\"name\":\"- Wolno\\u015b\\u0107 i Anarchia\",\"author\":{\"@id\":\"https:\\\/\\\/wia.net.pl\\\/index.php\\\/author\\\/trinity\\\/#author\"},\"publisher\":{\"@id\":\"https:\\\/\\\/wia.net.pl\\\/#person\"},\"image\":{\"@type\":\"ImageObject\",\"url\":\"https:\\\/\\\/wia.net.pl\\\/wp-content\\\/uploads\\\/2026\\\/05\\\/najbardziej-wolny-miniaturka.jpg\",\"width\":1920,\"height\":1080},\"datePublished\":\"2026-05-11T14:19:12+02:00\",\"dateModified\":\"2026-05-11T14:19:13+02:00\",\"inLanguage\":\"pl-PL\",\"mainEntityOfPage\":{\"@id\":\"https:\\\/\\\/wia.net.pl\\\/index.php\\\/2026\\\/05\\\/11\\\/11996\\\/#webpage\"},\"isPartOf\":{\"@id\":\"https:\\\/\\\/wia.net.pl\\\/index.php\\\/2026\\\/05\\\/11\\\/11996\\\/#webpage\"},\"articleSection\":\"Sentencje\"},{\"@type\":\"BreadcrumbList\",\"@id\":\"https:\\\/\\\/wia.net.pl\\\/index.php\\\/2026\\\/05\\\/11\\\/11996\\\/#breadcrumblist\",\"itemListElement\":[{\"@type\":\"ListItem\",\"@id\":\"https:\\\/\\\/wia.net.pl#listItem\",\"position\":1,\"name\":\"Home\",\"item\":\"https:\\\/\\\/wia.net.pl\",\"nextItem\":{\"@type\":\"ListItem\",\"@id\":\"https:\\\/\\\/wia.net.pl\\\/index.php\\\/category\\\/sentencje\\\/#listItem\",\"name\":\"Sentencje\"}},{\"@type\":\"ListItem\",\"@id\":\"https:\\\/\\\/wia.net.pl\\\/index.php\\\/category\\\/sentencje\\\/#listItem\",\"position\":2,\"name\":\"Sentencje\",\"item\":\"https:\\\/\\\/wia.net.pl\\\/index.php\\\/category\\\/sentencje\\\/\",\"previousItem\":{\"@type\":\"ListItem\",\"@id\":\"https:\\\/\\\/wia.net.pl#listItem\",\"name\":\"Home\"}},{\"@type\":\"ListItem\",\"@id\":\"https:\\\/\\\/wia.net.pl\\\/index.php\\\/2026\\\/05\\\/11\\\/11996\\\/#listItem\",\"position\":3,\"previousItem\":{\"@type\":\"ListItem\",\"@id\":\"https:\\\/\\\/wia.net.pl\\\/index.php\\\/category\\\/sentencje\\\/#listItem\",\"name\":\"Sentencje\"}}]},{\"@type\":\"Person\",\"@id\":\"https:\\\/\\\/wia.net.pl\\\/#person\",\"name\":\"Bart\\u0142omiej Talarczyk\",\"image\":{\"@type\":\"ImageObject\",\"@id\":\"https:\\\/\\\/wia.net.pl\\\/index.php\\\/2026\\\/05\\\/11\\\/11996\\\/#personImage\",\"url\":\"https:\\\/\\\/wia.net.pl\\\/wp-content\\\/uploads\\\/avatar-privacy\\\/cache\\\/user\\\/1\\\/7\\\/176a6b161c58363ff49b5c167264231f519f5c7fa183ca1f61e891769b6b56d5-96.jpg\",\"width\":96,\"height\":96,\"caption\":\"Bart\\u0142omiej Talarczyk\"}},{\"@type\":\"Person\",\"@id\":\"https:\\\/\\\/wia.net.pl\\\/index.php\\\/author\\\/trinity\\\/#author\",\"url\":\"https:\\\/\\\/wia.net.pl\\\/index.php\\\/author\\\/trinity\\\/\",\"name\":\"trinity\",\"image\":{\"@type\":\"ImageObject\",\"@id\":\"https:\\\/\\\/wia.net.pl\\\/index.php\\\/2026\\\/05\\\/11\\\/11996\\\/#authorImage\",\"url\":\"https:\\\/\\\/wia.net.pl\\\/wp-content\\\/uploads\\\/avatar-privacy\\\/cache\\\/user\\\/5\\\/f\\\/5f6547cf82495eaa10e100a6a45d5dbde2dfdc1be88557de2018fca705bdf6f1-96.jpg\",\"width\":96,\"height\":96,\"caption\":\"trinity\"}},{\"@type\":\"WebPage\",\"@id\":\"https:\\\/\\\/wia.net.pl\\\/index.php\\\/2026\\\/05\\\/11\\\/11996\\\/#webpage\",\"url\":\"https:\\\/\\\/wia.net.pl\\\/index.php\\\/2026\\\/05\\\/11\\\/11996\\\/\",\"name\":\"- Wolno\\u015b\\u0107 i Anarchia\",\"description\":\"W \\u015bwiecie pe\\u0142nym ha\\u0142asu coraz trudniej us\\u0142ysze\\u0107 w\\u0142asny g\\u0142os.Z ka\\u017cdej strony kto\\u015b m\\u00f3wi nam, jak powinni\\u015bmy \\u017cy\\u0107, co powinni\\u015bmy my\\u015ble\\u0107, czego si\\u0119 ba\\u0107 i za czym pod\\u0105\\u017ca\\u0107. Cz\\u0142owiek ch\\u0142onie to latami, a\\u017c w pewnym momencie zaczyna gubi\\u0107 granic\\u0119 mi\\u0119dzy tym, kim naprawd\\u0119 jest, a tym, kim nauczono go by\\u0107. Dlatego zachowanie w\\u0142asnych my\\u015bli staje si\\u0119\",\"inLanguage\":\"pl-PL\",\"isPartOf\":{\"@id\":\"https:\\\/\\\/wia.net.pl\\\/#website\"},\"breadcrumb\":{\"@id\":\"https:\\\/\\\/wia.net.pl\\\/index.php\\\/2026\\\/05\\\/11\\\/11996\\\/#breadcrumblist\"},\"author\":{\"@id\":\"https:\\\/\\\/wia.net.pl\\\/index.php\\\/author\\\/trinity\\\/#author\"},\"creator\":{\"@id\":\"https:\\\/\\\/wia.net.pl\\\/index.php\\\/author\\\/trinity\\\/#author\"},\"image\":{\"@type\":\"ImageObject\",\"url\":\"https:\\\/\\\/wia.net.pl\\\/wp-content\\\/uploads\\\/2026\\\/05\\\/najbardziej-wolny-miniaturka.jpg\",\"@id\":\"https:\\\/\\\/wia.net.pl\\\/index.php\\\/2026\\\/05\\\/11\\\/11996\\\/#mainImage\",\"width\":1920,\"height\":1080},\"primaryImageOfPage\":{\"@id\":\"https:\\\/\\\/wia.net.pl\\\/index.php\\\/2026\\\/05\\\/11\\\/11996\\\/#mainImage\"},\"datePublished\":\"2026-05-11T14:19:12+02:00\",\"dateModified\":\"2026-05-11T14:19:13+02:00\"},{\"@type\":\"WebSite\",\"@id\":\"https:\\\/\\\/wia.net.pl\\\/#website\",\"url\":\"https:\\\/\\\/wia.net.pl\\\/\",\"name\":\"Wolno\\u015b\\u0107 i Anarchia\",\"description\":\"Ka\\u017cdy wewn\\u0119trznie jest anarchist\\u0105.\",\"inLanguage\":\"pl-PL\",\"publisher\":{\"@id\":\"https:\\\/\\\/wia.net.pl\\\/#person\"}}]}\n\t\t<\/script>\n\t\t<!-- All in One SEO -->\n\n","aioseo_head_json":{"title":"- Wolno\u015b\u0107 i Anarchia","description":"W \u015bwiecie pe\u0142nym ha\u0142asu coraz trudniej us\u0142ysze\u0107 w\u0142asny g\u0142os.Z ka\u017cdej strony kto\u015b m\u00f3wi nam, jak powinni\u015bmy \u017cy\u0107, co powinni\u015bmy my\u015ble\u0107, czego si\u0119 ba\u0107 i za czym pod\u0105\u017ca\u0107. Cz\u0142owiek ch\u0142onie to latami, a\u017c w pewnym momencie zaczyna gubi\u0107 granic\u0119 mi\u0119dzy tym, kim naprawd\u0119 jest, a tym, kim nauczono go by\u0107. Dlatego zachowanie w\u0142asnych my\u015bli staje si\u0119","canonical_url":"https:\/\/wia.net.pl\/index.php\/2026\/05\/11\/11996\/","robots":"max-image-preview:large","keywords":"","webmasterTools":{"miscellaneous":""},"schema":{"@context":"https:\/\/schema.org","@graph":[{"@type":"BlogPosting","@id":"https:\/\/wia.net.pl\/index.php\/2026\/05\/11\/11996\/#blogposting","name":"- Wolno\u015b\u0107 i Anarchia","author":{"@id":"https:\/\/wia.net.pl\/index.php\/author\/trinity\/#author"},"publisher":{"@id":"https:\/\/wia.net.pl\/#person"},"image":{"@type":"ImageObject","url":"https:\/\/wia.net.pl\/wp-content\/uploads\/2026\/05\/najbardziej-wolny-miniaturka.jpg","width":1920,"height":1080},"datePublished":"2026-05-11T14:19:12+02:00","dateModified":"2026-05-11T14:19:13+02:00","inLanguage":"pl-PL","mainEntityOfPage":{"@id":"https:\/\/wia.net.pl\/index.php\/2026\/05\/11\/11996\/#webpage"},"isPartOf":{"@id":"https:\/\/wia.net.pl\/index.php\/2026\/05\/11\/11996\/#webpage"},"articleSection":"Sentencje"},{"@type":"BreadcrumbList","@id":"https:\/\/wia.net.pl\/index.php\/2026\/05\/11\/11996\/#breadcrumblist","itemListElement":[{"@type":"ListItem","@id":"https:\/\/wia.net.pl#listItem","position":1,"name":"Home","item":"https:\/\/wia.net.pl","nextItem":{"@type":"ListItem","@id":"https:\/\/wia.net.pl\/index.php\/category\/sentencje\/#listItem","name":"Sentencje"}},{"@type":"ListItem","@id":"https:\/\/wia.net.pl\/index.php\/category\/sentencje\/#listItem","position":2,"name":"Sentencje","item":"https:\/\/wia.net.pl\/index.php\/category\/sentencje\/","previousItem":{"@type":"ListItem","@id":"https:\/\/wia.net.pl#listItem","name":"Home"}},{"@type":"ListItem","@id":"https:\/\/wia.net.pl\/index.php\/2026\/05\/11\/11996\/#listItem","position":3,"previousItem":{"@type":"ListItem","@id":"https:\/\/wia.net.pl\/index.php\/category\/sentencje\/#listItem","name":"Sentencje"}}]},{"@type":"Person","@id":"https:\/\/wia.net.pl\/#person","name":"Bart\u0142omiej Talarczyk","image":{"@type":"ImageObject","@id":"https:\/\/wia.net.pl\/index.php\/2026\/05\/11\/11996\/#personImage","url":"https:\/\/wia.net.pl\/wp-content\/uploads\/avatar-privacy\/cache\/user\/1\/7\/176a6b161c58363ff49b5c167264231f519f5c7fa183ca1f61e891769b6b56d5-96.jpg","width":96,"height":96,"caption":"Bart\u0142omiej Talarczyk"}},{"@type":"Person","@id":"https:\/\/wia.net.pl\/index.php\/author\/trinity\/#author","url":"https:\/\/wia.net.pl\/index.php\/author\/trinity\/","name":"trinity","image":{"@type":"ImageObject","@id":"https:\/\/wia.net.pl\/index.php\/2026\/05\/11\/11996\/#authorImage","url":"https:\/\/wia.net.pl\/wp-content\/uploads\/avatar-privacy\/cache\/user\/5\/f\/5f6547cf82495eaa10e100a6a45d5dbde2dfdc1be88557de2018fca705bdf6f1-96.jpg","width":96,"height":96,"caption":"trinity"}},{"@type":"WebPage","@id":"https:\/\/wia.net.pl\/index.php\/2026\/05\/11\/11996\/#webpage","url":"https:\/\/wia.net.pl\/index.php\/2026\/05\/11\/11996\/","name":"- Wolno\u015b\u0107 i Anarchia","description":"W \u015bwiecie pe\u0142nym ha\u0142asu coraz trudniej us\u0142ysze\u0107 w\u0142asny g\u0142os.Z ka\u017cdej strony kto\u015b m\u00f3wi nam, jak powinni\u015bmy \u017cy\u0107, co powinni\u015bmy my\u015ble\u0107, czego si\u0119 ba\u0107 i za czym pod\u0105\u017ca\u0107. Cz\u0142owiek ch\u0142onie to latami, a\u017c w pewnym momencie zaczyna gubi\u0107 granic\u0119 mi\u0119dzy tym, kim naprawd\u0119 jest, a tym, kim nauczono go by\u0107. Dlatego zachowanie w\u0142asnych my\u015bli staje si\u0119","inLanguage":"pl-PL","isPartOf":{"@id":"https:\/\/wia.net.pl\/#website"},"breadcrumb":{"@id":"https:\/\/wia.net.pl\/index.php\/2026\/05\/11\/11996\/#breadcrumblist"},"author":{"@id":"https:\/\/wia.net.pl\/index.php\/author\/trinity\/#author"},"creator":{"@id":"https:\/\/wia.net.pl\/index.php\/author\/trinity\/#author"},"image":{"@type":"ImageObject","url":"https:\/\/wia.net.pl\/wp-content\/uploads\/2026\/05\/najbardziej-wolny-miniaturka.jpg","@id":"https:\/\/wia.net.pl\/index.php\/2026\/05\/11\/11996\/#mainImage","width":1920,"height":1080},"primaryImageOfPage":{"@id":"https:\/\/wia.net.pl\/index.php\/2026\/05\/11\/11996\/#mainImage"},"datePublished":"2026-05-11T14:19:12+02:00","dateModified":"2026-05-11T14:19:13+02:00"},{"@type":"WebSite","@id":"https:\/\/wia.net.pl\/#website","url":"https:\/\/wia.net.pl\/","name":"Wolno\u015b\u0107 i Anarchia","description":"Ka\u017cdy wewn\u0119trznie jest anarchist\u0105.","inLanguage":"pl-PL","publisher":{"@id":"https:\/\/wia.net.pl\/#person"}}]},"og:locale":"pl_PL","og:site_name":"Wolno\u015b\u0107 i Anarchia - Ka\u017cdy wewn\u0119trznie jest anarchist\u0105.","og:type":"article","og:title":"- Wolno\u015b\u0107 i Anarchia","og:description":"W \u015bwiecie pe\u0142nym ha\u0142asu coraz trudniej us\u0142ysze\u0107 w\u0142asny g\u0142os.Z ka\u017cdej strony kto\u015b m\u00f3wi nam, jak powinni\u015bmy \u017cy\u0107, co powinni\u015bmy my\u015ble\u0107, czego si\u0119 ba\u0107 i za czym pod\u0105\u017ca\u0107. Cz\u0142owiek ch\u0142onie to latami, a\u017c w pewnym momencie zaczyna gubi\u0107 granic\u0119 mi\u0119dzy tym, kim naprawd\u0119 jest, a tym, kim nauczono go by\u0107. Dlatego zachowanie w\u0142asnych my\u015bli staje si\u0119","og:url":"https:\/\/wia.net.pl\/index.php\/2026\/05\/11\/11996\/","og:image":"https:\/\/wia.net.pl\/wp-content\/uploads\/2023\/11\/cropped-freedom-i73367.jpg","og:image:secure_url":"https:\/\/wia.net.pl\/wp-content\/uploads\/2023\/11\/cropped-freedom-i73367.jpg","article:published_time":"2026-05-11T12:19:12+00:00","article:modified_time":"2026-05-11T12:19:13+00:00","twitter:card":"summary_large_image","twitter:title":"- Wolno\u015b\u0107 i Anarchia","twitter:description":"W \u015bwiecie pe\u0142nym ha\u0142asu coraz trudniej us\u0142ysze\u0107 w\u0142asny g\u0142os.Z ka\u017cdej strony kto\u015b m\u00f3wi nam, jak powinni\u015bmy \u017cy\u0107, co powinni\u015bmy my\u015ble\u0107, czego si\u0119 ba\u0107 i za czym pod\u0105\u017ca\u0107. Cz\u0142owiek ch\u0142onie to latami, a\u017c w pewnym momencie zaczyna gubi\u0107 granic\u0119 mi\u0119dzy tym, kim naprawd\u0119 jest, a tym, kim nauczono go by\u0107. Dlatego zachowanie w\u0142asnych my\u015bli staje si\u0119","twitter:image":"https:\/\/wia.net.pl\/wp-content\/uploads\/2023\/11\/cropped-freedom-i73367.jpg"},"aioseo_meta_data":{"post_id":"11996","title":null,"description":null,"keywords":null,"keyphrases":{"focus":{"keyphrase":"","score":0,"analysis":{"keyphraseInTitle":{"score":0,"maxScore":9,"error":1}}},"additional":[]},"primary_term":null,"canonical_url":null,"og_title":null,"og_description":null,"og_object_type":"default","og_image_type":"default","og_image_url":null,"og_image_width":null,"og_image_height":null,"og_image_custom_url":null,"og_image_custom_fields":null,"og_video":"","og_custom_url":null,"og_article_section":null,"og_article_tags":null,"twitter_use_og":false,"twitter_card":"default","twitter_image_type":"default","twitter_image_url":null,"twitter_image_custom_url":null,"twitter_image_custom_fields":null,"twitter_title":null,"twitter_description":null,"schema":{"blockGraphs":[],"customGraphs":[],"default":{"data":{"Article":[],"Course":[],"Dataset":[],"FAQPage":[],"Movie":[],"Person":[],"Product":[],"ProductReview":[],"Car":[],"Recipe":[],"Service":[],"SoftwareApplication":[],"WebPage":[]},"graphName":"BlogPosting","isEnabled":true},"graphs":[]},"schema_type":"default","schema_type_options":null,"pillar_content":false,"robots_default":true,"robots_noindex":false,"robots_noarchive":false,"robots_nosnippet":false,"robots_nofollow":false,"robots_noimageindex":false,"robots_noodp":false,"robots_notranslate":false,"robots_max_snippet":"-1","robots_max_videopreview":"-1","robots_max_imagepreview":"large","priority":null,"frequency":"default","local_seo":null,"breadcrumb_settings":null,"limit_modified_date":false,"ai":{"faqs":[],"keyPoints":[],"schemas":[],"titles":[],"descriptions":[],"socialPosts":{"email":[],"linkedin":[],"twitter":[],"facebook":[],"instagram":[]}},"created":"2026-05-11 12:19:13","updated":"2026-05-11 13:14:34","seo_analyzer_scan_date":null,"focus_keyword":null,"additional_keywords":null,"truseo_locale":null},"aioseo_breadcrumb":"<div class=\"aioseo-breadcrumbs\"><span class=\"aioseo-breadcrumb\">\n\t\t\t<a href=\"https:\/\/wia.net.pl\" title=\"Home\">Home<\/a>\n\t\t<\/span><span class=\"aioseo-breadcrumb-separator\">&raquo;<\/span><span class=\"aioseo-breadcrumb\">\n\t\t\t<a href=\"https:\/\/wia.net.pl\/index.php\/category\/sentencje\/\" title=\"Sentencje\">Sentencje<\/a>\n\t\t<\/span><span class=\"aioseo-breadcrumb-separator\">&raquo;<\/span><span class=\"aioseo-breadcrumb\">\n\t\t\t\n\t\t<\/span><\/div>","aioseo_breadcrumb_json":[{"label":"Home","link":"https:\/\/wia.net.pl"},{"label":"Sentencje","link":"https:\/\/wia.net.pl\/index.php\/category\/sentencje\/"},{"label":"","link":"https:\/\/wia.net.pl\/index.php\/2026\/05\/11\/11996\/"}],"_links":{"self":[{"href":"https:\/\/wia.net.pl\/index.php\/wp-json\/wp\/v2\/posts\/11996"}],"collection":[{"href":"https:\/\/wia.net.pl\/index.php\/wp-json\/wp\/v2\/posts"}],"about":[{"href":"https:\/\/wia.net.pl\/index.php\/wp-json\/wp\/v2\/types\/post"}],"author":[{"embeddable":true,"href":"https:\/\/wia.net.pl\/index.php\/wp-json\/wp\/v2\/users\/2"}],"replies":[{"embeddable":true,"href":"https:\/\/wia.net.pl\/index.php\/wp-json\/wp\/v2\/comments?post=11996"}],"version-history":[{"count":1,"href":"https:\/\/wia.net.pl\/index.php\/wp-json\/wp\/v2\/posts\/11996\/revisions"}],"predecessor-version":[{"id":11999,"href":"https:\/\/wia.net.pl\/index.php\/wp-json\/wp\/v2\/posts\/11996\/revisions\/11999"}],"wp:featuredmedia":[{"embeddable":true,"href":"https:\/\/wia.net.pl\/index.php\/wp-json\/wp\/v2\/media\/11997"}],"wp:attachment":[{"href":"https:\/\/wia.net.pl\/index.php\/wp-json\/wp\/v2\/media?parent=11996"}],"wp:term":[{"taxonomy":"category","embeddable":true,"href":"https:\/\/wia.net.pl\/index.php\/wp-json\/wp\/v2\/categories?post=11996"},{"taxonomy":"post_tag","embeddable":true,"href":"https:\/\/wia.net.pl\/index.php\/wp-json\/wp\/v2\/tags?post=11996"}],"curies":[{"name":"wp","href":"https:\/\/api.w.org\/{rel}","templated":true}]}}