{"id":12169,"date":"2026-06-02T17:29:05","date_gmt":"2026-06-02T15:29:05","guid":{"rendered":"https:\/\/wia.net.pl\/?p=12169"},"modified":"2026-06-02T17:29:06","modified_gmt":"2026-06-02T15:29:06","slug":"gory-bucegi-sala-archiwalna-w-tajemnicy-od-2003-roku-dr-michael-salla-peter-moon-cz-1-2","status":"publish","type":"post","link":"https:\/\/wia.net.pl\/index.php\/2026\/06\/02\/gory-bucegi-sala-archiwalna-w-tajemnicy-od-2003-roku-dr-michael-salla-peter-moon-cz-1-2\/","title":{"rendered":"G\u00f3ry Bucegi &#8211; Sala Archiwalna w tajemnicy od 2003 roku &#8211; dr Michael Salla, Peter Moon cz. 1\/2"},"content":{"rendered":"<p><iframe id=\"odysee-iframe\" style=\"width:100%; aspect-ratio:16 \/ 9;\" src=\"https:\/\/odysee.com\/%24\/embed\/%40wolnoscanarchia%3Ad%2Fdr-Salla-Odkryta-w-Rumunii-staro%C5%BCytna-sala-archiwalna%3A0?r=KqtnN3u2RSe5GxY7Tos527f1XGfjXD4u\" allowfullscreen><\/iframe><\/p>\n\n\n\n<p>\u017ar\u00f3d\u0142o \u017ar\u00f3d\u0142o\u00a0<a href=\"https:\/\/rumble.com\/v75ggk6-ancient-hall-of-records-found-in-romania-kept-secret-since-2003.html?e9s=src_v1_s%2Csrc_v1_s_o&amp;sci=693c1e7b-2e4c-47f6-8f6b-9f26441b199f\" target=\"_blank\" rel=\"noreferrer noopener\">https:\/\/rumble.com\/v75ggk6-ancient-hall-of-records-found-in-romania-kept-secret-since-2003.html?e9s=src_v1_s%2Csrc_v1_s_o&amp;sci=693c1e7b-2e4c-47f6-8f6b-9f26441b199f<\/a><\/p>\n","protected":false},"excerpt":{"rendered":"<p>\u017ar\u00f3d\u0142o \u017ar\u00f3d\u0142o\u00a0https:\/\/rumble.com\/v75ggk6-ancient-hall-of-records-found-in-romania-kept-secret-since-2003.html?e9s=src_v1_s%2Csrc_v1_s_o&amp;sci=693c1e7b-2e4c-47f6-8f6b-9f26441b199f<\/p>\n","protected":false},"author":2,"featured_media":12170,"comment_status":"open","ping_status":"open","sticky":false,"template":"","format":"standard","meta":{"_acf_changed":false,"_bbp_topic_count":0,"_bbp_reply_count":0,"_bbp_total_topic_count":0,"_bbp_total_reply_count":0,"_bbp_voice_count":0,"_bbp_anonymous_reply_count":0,"_bbp_topic_count_hidden":0,"_bbp_reply_count_hidden":0,"_bbp_forum_subforum_count":0,"om_disable_all_campaigns":false,"_monsterinsights_skip_tracking":false,"footnotes":""},"categories":[13],"tags":[],"class_list":["post-12169","post","type-post","status-publish","format-standard","has-post-thumbnail","hentry","category-prawdaoswiecie"],"acf":[],"aioseo_notices":[],"aioseo_head":"\n\t\t<!-- All in One SEO 5.0.1.1 - aioseo.com -->\n\t<meta name=\"description\" content=\"\u017ar\u00f3d\u0142o \u017ar\u00f3d\u0142o https:\/\/rumble.com\/v75ggk6-ancient-hall-of-records-found-in-romania-kept-secret-since-2003.html?e9s=src_v1_s%2Csrc_v1_s_o&amp;sci=693c1e7b-2e4c-47f6-8f6b-9f26441b199f\" \/>\n\t<meta name=\"robots\" content=\"max-image-preview:large\" \/>\n\t<meta name=\"author\" content=\"trinity\"\/>\n\t<link rel=\"canonical\" href=\"https:\/\/wia.net.pl\/index.php\/2026\/06\/02\/gory-bucegi-sala-archiwalna-w-tajemnicy-od-2003-roku-dr-michael-salla-peter-moon-cz-1-2\/\" \/>\n\t<meta name=\"generator\" content=\"All in One SEO (AIOSEO) 5.0.1.1\" \/>\n\t\t<meta property=\"og:locale\" content=\"pl_PL\" \/>\n\t\t<meta property=\"og:site_name\" content=\"Wolno\u015b\u0107 i Anarchia - Ka\u017cdy wewn\u0119trznie jest anarchist\u0105.\" \/>\n\t\t<meta property=\"og:type\" content=\"article\" \/>\n\t\t<meta property=\"og:title\" content=\"G\u00f3ry Bucegi \u2013 Sala Archiwalna w tajemnicy od 2003 roku \u2013 dr Michael Salla, Peter Moon cz. 1\/2 - Wolno\u015b\u0107 i Anarchia\" \/>\n\t\t<meta property=\"og:description\" content=\"\u017ar\u00f3d\u0142o \u017ar\u00f3d\u0142o https:\/\/rumble.com\/v75ggk6-ancient-hall-of-records-found-in-romania-kept-secret-since-2003.html?e9s=src_v1_s%2Csrc_v1_s_o&amp;sci=693c1e7b-2e4c-47f6-8f6b-9f26441b199f\" \/>\n\t\t<meta property=\"og:url\" content=\"https:\/\/wia.net.pl\/index.php\/2026\/06\/02\/gory-bucegi-sala-archiwalna-w-tajemnicy-od-2003-roku-dr-michael-salla-peter-moon-cz-1-2\/\" \/>\n\t\t<meta property=\"og:image\" content=\"https:\/\/wia.net.pl\/wp-content\/uploads\/2023\/11\/cropped-freedom-i73367.jpg\" \/>\n\t\t<meta property=\"og:image:secure_url\" content=\"https:\/\/wia.net.pl\/wp-content\/uploads\/2023\/11\/cropped-freedom-i73367.jpg\" \/>\n\t\t<meta property=\"article:published_time\" content=\"2026-06-02T15:29:05+00:00\" \/>\n\t\t<meta property=\"article:modified_time\" content=\"2026-06-02T15:29:06+00:00\" \/>\n\t\t<meta name=\"twitter:card\" content=\"summary_large_image\" \/>\n\t\t<meta name=\"twitter:title\" content=\"G\u00f3ry Bucegi \u2013 Sala Archiwalna w tajemnicy od 2003 roku \u2013 dr Michael Salla, Peter Moon cz. 1\/2 - Wolno\u015b\u0107 i Anarchia\" \/>\n\t\t<meta name=\"twitter:description\" content=\"\u017ar\u00f3d\u0142o \u017ar\u00f3d\u0142o https:\/\/rumble.com\/v75ggk6-ancient-hall-of-records-found-in-romania-kept-secret-since-2003.html?e9s=src_v1_s%2Csrc_v1_s_o&amp;sci=693c1e7b-2e4c-47f6-8f6b-9f26441b199f\" \/>\n\t\t<meta name=\"twitter:image\" content=\"https:\/\/wia.net.pl\/wp-content\/uploads\/2023\/11\/cropped-freedom-i73367.jpg\" \/>\n\t\t<script type=\"application\/ld+json\" class=\"aioseo-schema\">\n\t\t\t{\"@context\":\"https:\\\/\\\/schema.org\",\"@graph\":[{\"@type\":\"BlogPosting\",\"@id\":\"https:\\\/\\\/wia.net.pl\\\/index.php\\\/2026\\\/06\\\/02\\\/gory-bucegi-sala-archiwalna-w-tajemnicy-od-2003-roku-dr-michael-salla-peter-moon-cz-1-2\\\/#blogposting\",\"name\":\"G\\u00f3ry Bucegi \\u2013 Sala Archiwalna w tajemnicy od 2003 roku \\u2013 dr Michael Salla, Peter Moon cz. 1\\\/2 - Wolno\\u015b\\u0107 i Anarchia\",\"headline\":\"G\\u00f3ry Bucegi &#8211; Sala Archiwalna w tajemnicy od 2003 roku &#8211; dr Michael Salla, Peter Moon cz. 1\\\/2\",\"author\":{\"@id\":\"https:\\\/\\\/wia.net.pl\\\/index.php\\\/author\\\/trinity\\\/#author\"},\"publisher\":{\"@id\":\"https:\\\/\\\/wia.net.pl\\\/#person\"},\"image\":{\"@type\":\"ImageObject\",\"url\":\"https:\\\/\\\/wia.net.pl\\\/wp-content\\\/uploads\\\/2026\\\/06\\\/gory-bucegi-tajemnica-od-2003-roku.jpg\",\"width\":1920,\"height\":1080},\"datePublished\":\"2026-06-02T17:29:05+02:00\",\"dateModified\":\"2026-06-02T17:29:06+02:00\",\"inLanguage\":\"pl-PL\",\"mainEntityOfPage\":{\"@id\":\"https:\\\/\\\/wia.net.pl\\\/index.php\\\/2026\\\/06\\\/02\\\/gory-bucegi-sala-archiwalna-w-tajemnicy-od-2003-roku-dr-michael-salla-peter-moon-cz-1-2\\\/#webpage\"},\"isPartOf\":{\"@id\":\"https:\\\/\\\/wia.net.pl\\\/index.php\\\/2026\\\/06\\\/02\\\/gory-bucegi-sala-archiwalna-w-tajemnicy-od-2003-roku-dr-michael-salla-peter-moon-cz-1-2\\\/#webpage\"},\"articleSection\":\"Prawda o \\u015bwiecie\"},{\"@type\":\"BreadcrumbList\",\"@id\":\"https:\\\/\\\/wia.net.pl\\\/index.php\\\/2026\\\/06\\\/02\\\/gory-bucegi-sala-archiwalna-w-tajemnicy-od-2003-roku-dr-michael-salla-peter-moon-cz-1-2\\\/#breadcrumblist\",\"itemListElement\":[{\"@type\":\"ListItem\",\"@id\":\"https:\\\/\\\/wia.net.pl#listItem\",\"position\":1,\"name\":\"Home\",\"item\":\"https:\\\/\\\/wia.net.pl\",\"nextItem\":{\"@type\":\"ListItem\",\"@id\":\"https:\\\/\\\/wia.net.pl\\\/index.php\\\/category\\\/prawdaoswiecie\\\/#listItem\",\"name\":\"Prawda o \\u015bwiecie\"}},{\"@type\":\"ListItem\",\"@id\":\"https:\\\/\\\/wia.net.pl\\\/index.php\\\/category\\\/prawdaoswiecie\\\/#listItem\",\"position\":2,\"name\":\"Prawda o \\u015bwiecie\",\"item\":\"https:\\\/\\\/wia.net.pl\\\/index.php\\\/category\\\/prawdaoswiecie\\\/\",\"nextItem\":{\"@type\":\"ListItem\",\"@id\":\"https:\\\/\\\/wia.net.pl\\\/index.php\\\/2026\\\/06\\\/02\\\/gory-bucegi-sala-archiwalna-w-tajemnicy-od-2003-roku-dr-michael-salla-peter-moon-cz-1-2\\\/#listItem\",\"name\":\"G\\u00f3ry Bucegi &#8211; Sala Archiwalna w tajemnicy od 2003 roku &#8211; dr Michael Salla, Peter Moon cz. 1\\\/2\"},\"previousItem\":{\"@type\":\"ListItem\",\"@id\":\"https:\\\/\\\/wia.net.pl#listItem\",\"name\":\"Home\"}},{\"@type\":\"ListItem\",\"@id\":\"https:\\\/\\\/wia.net.pl\\\/index.php\\\/2026\\\/06\\\/02\\\/gory-bucegi-sala-archiwalna-w-tajemnicy-od-2003-roku-dr-michael-salla-peter-moon-cz-1-2\\\/#listItem\",\"position\":3,\"name\":\"G\\u00f3ry Bucegi &#8211; Sala Archiwalna w tajemnicy od 2003 roku &#8211; dr Michael Salla, Peter Moon cz. 1\\\/2\",\"previousItem\":{\"@type\":\"ListItem\",\"@id\":\"https:\\\/\\\/wia.net.pl\\\/index.php\\\/category\\\/prawdaoswiecie\\\/#listItem\",\"name\":\"Prawda o \\u015bwiecie\"}}]},{\"@type\":\"Person\",\"@id\":\"https:\\\/\\\/wia.net.pl\\\/#person\",\"name\":\"Bart\\u0142omiej Talarczyk\",\"image\":{\"@type\":\"ImageObject\",\"@id\":\"https:\\\/\\\/wia.net.pl\\\/index.php\\\/2026\\\/06\\\/02\\\/gory-bucegi-sala-archiwalna-w-tajemnicy-od-2003-roku-dr-michael-salla-peter-moon-cz-1-2\\\/#personImage\",\"url\":\"https:\\\/\\\/wia.net.pl\\\/wp-content\\\/uploads\\\/avatar-privacy\\\/cache\\\/user\\\/1\\\/7\\\/176a6b161c58363ff49b5c167264231f519f5c7fa183ca1f61e891769b6b56d5-96.jpg\",\"width\":96,\"height\":96,\"caption\":\"Bart\\u0142omiej Talarczyk\"}},{\"@type\":\"Person\",\"@id\":\"https:\\\/\\\/wia.net.pl\\\/index.php\\\/author\\\/trinity\\\/#author\",\"url\":\"https:\\\/\\\/wia.net.pl\\\/index.php\\\/author\\\/trinity\\\/\",\"name\":\"trinity\",\"image\":{\"@type\":\"ImageObject\",\"@id\":\"https:\\\/\\\/wia.net.pl\\\/index.php\\\/2026\\\/06\\\/02\\\/gory-bucegi-sala-archiwalna-w-tajemnicy-od-2003-roku-dr-michael-salla-peter-moon-cz-1-2\\\/#authorImage\",\"url\":\"https:\\\/\\\/wia.net.pl\\\/wp-content\\\/uploads\\\/avatar-privacy\\\/cache\\\/user\\\/5\\\/f\\\/5f6547cf82495eaa10e100a6a45d5dbde2dfdc1be88557de2018fca705bdf6f1-96.jpg\",\"width\":96,\"height\":96,\"caption\":\"trinity\"}},{\"@type\":\"WebPage\",\"@id\":\"https:\\\/\\\/wia.net.pl\\\/index.php\\\/2026\\\/06\\\/02\\\/gory-bucegi-sala-archiwalna-w-tajemnicy-od-2003-roku-dr-michael-salla-peter-moon-cz-1-2\\\/#webpage\",\"url\":\"https:\\\/\\\/wia.net.pl\\\/index.php\\\/2026\\\/06\\\/02\\\/gory-bucegi-sala-archiwalna-w-tajemnicy-od-2003-roku-dr-michael-salla-peter-moon-cz-1-2\\\/\",\"name\":\"G\\u00f3ry Bucegi \\u2013 Sala Archiwalna w tajemnicy od 2003 roku \\u2013 dr Michael Salla, Peter Moon cz. 1\\\/2 - Wolno\\u015b\\u0107 i Anarchia\",\"description\":\"\\u017ar\\u00f3d\\u0142o \\u017ar\\u00f3d\\u0142o https:\\\/\\\/rumble.com\\\/v75ggk6-ancient-hall-of-records-found-in-romania-kept-secret-since-2003.html?e9s=src_v1_s%2Csrc_v1_s_o&sci=693c1e7b-2e4c-47f6-8f6b-9f26441b199f\",\"inLanguage\":\"pl-PL\",\"isPartOf\":{\"@id\":\"https:\\\/\\\/wia.net.pl\\\/#website\"},\"breadcrumb\":{\"@id\":\"https:\\\/\\\/wia.net.pl\\\/index.php\\\/2026\\\/06\\\/02\\\/gory-bucegi-sala-archiwalna-w-tajemnicy-od-2003-roku-dr-michael-salla-peter-moon-cz-1-2\\\/#breadcrumblist\"},\"author\":{\"@id\":\"https:\\\/\\\/wia.net.pl\\\/index.php\\\/author\\\/trinity\\\/#author\"},\"creator\":{\"@id\":\"https:\\\/\\\/wia.net.pl\\\/index.php\\\/author\\\/trinity\\\/#author\"},\"image\":{\"@type\":\"ImageObject\",\"url\":\"https:\\\/\\\/wia.net.pl\\\/wp-content\\\/uploads\\\/2026\\\/06\\\/gory-bucegi-tajemnica-od-2003-roku.jpg\",\"@id\":\"https:\\\/\\\/wia.net.pl\\\/index.php\\\/2026\\\/06\\\/02\\\/gory-bucegi-sala-archiwalna-w-tajemnicy-od-2003-roku-dr-michael-salla-peter-moon-cz-1-2\\\/#mainImage\",\"width\":1920,\"height\":1080},\"primaryImageOfPage\":{\"@id\":\"https:\\\/\\\/wia.net.pl\\\/index.php\\\/2026\\\/06\\\/02\\\/gory-bucegi-sala-archiwalna-w-tajemnicy-od-2003-roku-dr-michael-salla-peter-moon-cz-1-2\\\/#mainImage\"},\"datePublished\":\"2026-06-02T17:29:05+02:00\",\"dateModified\":\"2026-06-02T17:29:06+02:00\"},{\"@type\":\"WebSite\",\"@id\":\"https:\\\/\\\/wia.net.pl\\\/#website\",\"url\":\"https:\\\/\\\/wia.net.pl\\\/\",\"name\":\"Wolno\\u015b\\u0107 i Anarchia\",\"description\":\"Ka\\u017cdy wewn\\u0119trznie jest anarchist\\u0105.\",\"inLanguage\":\"pl-PL\",\"publisher\":{\"@id\":\"https:\\\/\\\/wia.net.pl\\\/#person\"}}]}\n\t\t<\/script>\n\t\t<!-- All in One SEO -->\n\n","aioseo_head_json":{"title":"G\u00f3ry Bucegi \u2013 Sala Archiwalna w tajemnicy od 2003 roku \u2013 dr Michael Salla, Peter Moon cz. 1\/2 - Wolno\u015b\u0107 i Anarchia","description":"\u017ar\u00f3d\u0142o \u017ar\u00f3d\u0142o https:\/\/rumble.com\/v75ggk6-ancient-hall-of-records-found-in-romania-kept-secret-since-2003.html?e9s=src_v1_s%2Csrc_v1_s_o&sci=693c1e7b-2e4c-47f6-8f6b-9f26441b199f","canonical_url":"https:\/\/wia.net.pl\/index.php\/2026\/06\/02\/gory-bucegi-sala-archiwalna-w-tajemnicy-od-2003-roku-dr-michael-salla-peter-moon-cz-1-2\/","robots":"max-image-preview:large","keywords":"","webmasterTools":{"miscellaneous":""},"schema":{"@context":"https:\/\/schema.org","@graph":[{"@type":"BlogPosting","@id":"https:\/\/wia.net.pl\/index.php\/2026\/06\/02\/gory-bucegi-sala-archiwalna-w-tajemnicy-od-2003-roku-dr-michael-salla-peter-moon-cz-1-2\/#blogposting","name":"G\u00f3ry Bucegi \u2013 Sala Archiwalna w tajemnicy od 2003 roku \u2013 dr Michael Salla, Peter Moon cz. 1\/2 - Wolno\u015b\u0107 i Anarchia","headline":"G\u00f3ry Bucegi &#8211; Sala Archiwalna w tajemnicy od 2003 roku &#8211; dr Michael Salla, Peter Moon cz. 1\/2","author":{"@id":"https:\/\/wia.net.pl\/index.php\/author\/trinity\/#author"},"publisher":{"@id":"https:\/\/wia.net.pl\/#person"},"image":{"@type":"ImageObject","url":"https:\/\/wia.net.pl\/wp-content\/uploads\/2026\/06\/gory-bucegi-tajemnica-od-2003-roku.jpg","width":1920,"height":1080},"datePublished":"2026-06-02T17:29:05+02:00","dateModified":"2026-06-02T17:29:06+02:00","inLanguage":"pl-PL","mainEntityOfPage":{"@id":"https:\/\/wia.net.pl\/index.php\/2026\/06\/02\/gory-bucegi-sala-archiwalna-w-tajemnicy-od-2003-roku-dr-michael-salla-peter-moon-cz-1-2\/#webpage"},"isPartOf":{"@id":"https:\/\/wia.net.pl\/index.php\/2026\/06\/02\/gory-bucegi-sala-archiwalna-w-tajemnicy-od-2003-roku-dr-michael-salla-peter-moon-cz-1-2\/#webpage"},"articleSection":"Prawda o \u015bwiecie"},{"@type":"BreadcrumbList","@id":"https:\/\/wia.net.pl\/index.php\/2026\/06\/02\/gory-bucegi-sala-archiwalna-w-tajemnicy-od-2003-roku-dr-michael-salla-peter-moon-cz-1-2\/#breadcrumblist","itemListElement":[{"@type":"ListItem","@id":"https:\/\/wia.net.pl#listItem","position":1,"name":"Home","item":"https:\/\/wia.net.pl","nextItem":{"@type":"ListItem","@id":"https:\/\/wia.net.pl\/index.php\/category\/prawdaoswiecie\/#listItem","name":"Prawda o \u015bwiecie"}},{"@type":"ListItem","@id":"https:\/\/wia.net.pl\/index.php\/category\/prawdaoswiecie\/#listItem","position":2,"name":"Prawda o \u015bwiecie","item":"https:\/\/wia.net.pl\/index.php\/category\/prawdaoswiecie\/","nextItem":{"@type":"ListItem","@id":"https:\/\/wia.net.pl\/index.php\/2026\/06\/02\/gory-bucegi-sala-archiwalna-w-tajemnicy-od-2003-roku-dr-michael-salla-peter-moon-cz-1-2\/#listItem","name":"G\u00f3ry Bucegi &#8211; Sala Archiwalna w tajemnicy od 2003 roku &#8211; dr Michael Salla, Peter Moon cz. 1\/2"},"previousItem":{"@type":"ListItem","@id":"https:\/\/wia.net.pl#listItem","name":"Home"}},{"@type":"ListItem","@id":"https:\/\/wia.net.pl\/index.php\/2026\/06\/02\/gory-bucegi-sala-archiwalna-w-tajemnicy-od-2003-roku-dr-michael-salla-peter-moon-cz-1-2\/#listItem","position":3,"name":"G\u00f3ry Bucegi &#8211; Sala Archiwalna w tajemnicy od 2003 roku &#8211; dr Michael Salla, Peter Moon cz. 1\/2","previousItem":{"@type":"ListItem","@id":"https:\/\/wia.net.pl\/index.php\/category\/prawdaoswiecie\/#listItem","name":"Prawda o \u015bwiecie"}}]},{"@type":"Person","@id":"https:\/\/wia.net.pl\/#person","name":"Bart\u0142omiej Talarczyk","image":{"@type":"ImageObject","@id":"https:\/\/wia.net.pl\/index.php\/2026\/06\/02\/gory-bucegi-sala-archiwalna-w-tajemnicy-od-2003-roku-dr-michael-salla-peter-moon-cz-1-2\/#personImage","url":"https:\/\/wia.net.pl\/wp-content\/uploads\/avatar-privacy\/cache\/user\/1\/7\/176a6b161c58363ff49b5c167264231f519f5c7fa183ca1f61e891769b6b56d5-96.jpg","width":96,"height":96,"caption":"Bart\u0142omiej Talarczyk"}},{"@type":"Person","@id":"https:\/\/wia.net.pl\/index.php\/author\/trinity\/#author","url":"https:\/\/wia.net.pl\/index.php\/author\/trinity\/","name":"trinity","image":{"@type":"ImageObject","@id":"https:\/\/wia.net.pl\/index.php\/2026\/06\/02\/gory-bucegi-sala-archiwalna-w-tajemnicy-od-2003-roku-dr-michael-salla-peter-moon-cz-1-2\/#authorImage","url":"https:\/\/wia.net.pl\/wp-content\/uploads\/avatar-privacy\/cache\/user\/5\/f\/5f6547cf82495eaa10e100a6a45d5dbde2dfdc1be88557de2018fca705bdf6f1-96.jpg","width":96,"height":96,"caption":"trinity"}},{"@type":"WebPage","@id":"https:\/\/wia.net.pl\/index.php\/2026\/06\/02\/gory-bucegi-sala-archiwalna-w-tajemnicy-od-2003-roku-dr-michael-salla-peter-moon-cz-1-2\/#webpage","url":"https:\/\/wia.net.pl\/index.php\/2026\/06\/02\/gory-bucegi-sala-archiwalna-w-tajemnicy-od-2003-roku-dr-michael-salla-peter-moon-cz-1-2\/","name":"G\u00f3ry Bucegi \u2013 Sala Archiwalna w tajemnicy od 2003 roku \u2013 dr Michael Salla, Peter Moon cz. 1\/2 - Wolno\u015b\u0107 i Anarchia","description":"\u017ar\u00f3d\u0142o \u017ar\u00f3d\u0142o https:\/\/rumble.com\/v75ggk6-ancient-hall-of-records-found-in-romania-kept-secret-since-2003.html?e9s=src_v1_s%2Csrc_v1_s_o&sci=693c1e7b-2e4c-47f6-8f6b-9f26441b199f","inLanguage":"pl-PL","isPartOf":{"@id":"https:\/\/wia.net.pl\/#website"},"breadcrumb":{"@id":"https:\/\/wia.net.pl\/index.php\/2026\/06\/02\/gory-bucegi-sala-archiwalna-w-tajemnicy-od-2003-roku-dr-michael-salla-peter-moon-cz-1-2\/#breadcrumblist"},"author":{"@id":"https:\/\/wia.net.pl\/index.php\/author\/trinity\/#author"},"creator":{"@id":"https:\/\/wia.net.pl\/index.php\/author\/trinity\/#author"},"image":{"@type":"ImageObject","url":"https:\/\/wia.net.pl\/wp-content\/uploads\/2026\/06\/gory-bucegi-tajemnica-od-2003-roku.jpg","@id":"https:\/\/wia.net.pl\/index.php\/2026\/06\/02\/gory-bucegi-sala-archiwalna-w-tajemnicy-od-2003-roku-dr-michael-salla-peter-moon-cz-1-2\/#mainImage","width":1920,"height":1080},"primaryImageOfPage":{"@id":"https:\/\/wia.net.pl\/index.php\/2026\/06\/02\/gory-bucegi-sala-archiwalna-w-tajemnicy-od-2003-roku-dr-michael-salla-peter-moon-cz-1-2\/#mainImage"},"datePublished":"2026-06-02T17:29:05+02:00","dateModified":"2026-06-02T17:29:06+02:00"},{"@type":"WebSite","@id":"https:\/\/wia.net.pl\/#website","url":"https:\/\/wia.net.pl\/","name":"Wolno\u015b\u0107 i Anarchia","description":"Ka\u017cdy wewn\u0119trznie jest anarchist\u0105.","inLanguage":"pl-PL","publisher":{"@id":"https:\/\/wia.net.pl\/#person"}}]},"og:locale":"pl_PL","og:site_name":"Wolno\u015b\u0107 i Anarchia - Ka\u017cdy wewn\u0119trznie jest anarchist\u0105.","og:type":"article","og:title":"G\u00f3ry Bucegi \u2013 Sala Archiwalna w tajemnicy od 2003 roku \u2013 dr Michael Salla, Peter Moon cz. 1\/2 - Wolno\u015b\u0107 i Anarchia","og:description":"\u017ar\u00f3d\u0142o \u017ar\u00f3d\u0142o https:\/\/rumble.com\/v75ggk6-ancient-hall-of-records-found-in-romania-kept-secret-since-2003.html?e9s=src_v1_s%2Csrc_v1_s_o&amp;sci=693c1e7b-2e4c-47f6-8f6b-9f26441b199f","og:url":"https:\/\/wia.net.pl\/index.php\/2026\/06\/02\/gory-bucegi-sala-archiwalna-w-tajemnicy-od-2003-roku-dr-michael-salla-peter-moon-cz-1-2\/","og:image":"https:\/\/wia.net.pl\/wp-content\/uploads\/2023\/11\/cropped-freedom-i73367.jpg","og:image:secure_url":"https:\/\/wia.net.pl\/wp-content\/uploads\/2023\/11\/cropped-freedom-i73367.jpg","article:published_time":"2026-06-02T15:29:05+00:00","article:modified_time":"2026-06-02T15:29:06+00:00","twitter:card":"summary_large_image","twitter:title":"G\u00f3ry Bucegi \u2013 Sala Archiwalna w tajemnicy od 2003 roku \u2013 dr Michael Salla, Peter Moon cz. 1\/2 - Wolno\u015b\u0107 i Anarchia","twitter:description":"\u017ar\u00f3d\u0142o \u017ar\u00f3d\u0142o https:\/\/rumble.com\/v75ggk6-ancient-hall-of-records-found-in-romania-kept-secret-since-2003.html?e9s=src_v1_s%2Csrc_v1_s_o&amp;sci=693c1e7b-2e4c-47f6-8f6b-9f26441b199f","twitter:image":"https:\/\/wia.net.pl\/wp-content\/uploads\/2023\/11\/cropped-freedom-i73367.jpg"},"aioseo_meta_data":{"post_id":"12169","title":null,"description":null,"keywords":null,"keyphrases":{"focus":{"keyphrase":"","score":0,"analysis":{"keyphraseInTitle":{"score":0,"maxScore":9,"error":1}}},"additional":[]},"primary_term":null,"canonical_url":null,"og_title":null,"og_description":null,"og_object_type":"default","og_image_type":"default","og_image_url":null,"og_image_width":null,"og_image_height":null,"og_image_custom_url":null,"og_image_custom_fields":null,"og_video":"","og_custom_url":null,"og_article_section":null,"og_article_tags":null,"twitter_use_og":false,"twitter_card":"default","twitter_image_type":"default","twitter_image_url":null,"twitter_image_custom_url":null,"twitter_image_custom_fields":null,"twitter_title":null,"twitter_description":null,"schema":{"blockGraphs":[],"customGraphs":[],"default":{"data":{"Article":[],"Course":[],"Dataset":[],"FAQPage":[],"Movie":[],"Person":[],"Product":[],"ProductReview":[],"Car":[],"Recipe":[],"Service":[],"SoftwareApplication":[],"WebPage":[]},"graphName":"BlogPosting","isEnabled":true},"graphs":[]},"schema_type":"default","schema_type_options":null,"pillar_content":false,"robots_default":true,"robots_noindex":false,"robots_noarchive":false,"robots_nosnippet":false,"robots_nofollow":false,"robots_noimageindex":false,"robots_noodp":false,"robots_notranslate":false,"robots_max_snippet":"-1","robots_max_videopreview":"-1","robots_max_imagepreview":"large","priority":null,"frequency":"default","local_seo":null,"breadcrumb_settings":null,"limit_modified_date":false,"ai":{"faqs":[],"keyPoints":[],"schemas":[],"titles":[],"descriptions":[],"socialPosts":{"email":[],"linkedin":[],"twitter":[],"facebook":[],"instagram":[]}},"created":"2026-06-02 15:29:06","updated":"2026-06-02 15:42:03","seo_analyzer_scan_date":null,"focus_keyword":null,"additional_keywords":null,"truseo_locale":null},"aioseo_breadcrumb":"<div class=\"aioseo-breadcrumbs\"><span class=\"aioseo-breadcrumb\">\n\t\t\t<a href=\"https:\/\/wia.net.pl\" title=\"Home\">Home<\/a>\n\t\t<\/span><span class=\"aioseo-breadcrumb-separator\">&raquo;<\/span><span class=\"aioseo-breadcrumb\">\n\t\t\t<a href=\"https:\/\/wia.net.pl\/index.php\/category\/prawdaoswiecie\/\" title=\"Prawda o \u015bwiecie\">Prawda o \u015bwiecie<\/a>\n\t\t<\/span><span class=\"aioseo-breadcrumb-separator\">&raquo;<\/span><span class=\"aioseo-breadcrumb\">\n\t\t\tG\u00f3ry Bucegi \u2013 Sala Archiwalna w tajemnicy od 2003 roku \u2013 dr Michael Salla, Peter Moon cz. 1\/2\n\t\t<\/span><\/div>","aioseo_breadcrumb_json":[{"label":"Home","link":"https:\/\/wia.net.pl"},{"label":"Prawda o \u015bwiecie","link":"https:\/\/wia.net.pl\/index.php\/category\/prawdaoswiecie\/"},{"label":"G\u00f3ry Bucegi &#8211; Sala Archiwalna w tajemnicy od 2003 roku &#8211; dr Michael Salla, Peter Moon cz. 1\/2","link":"https:\/\/wia.net.pl\/index.php\/2026\/06\/02\/gory-bucegi-sala-archiwalna-w-tajemnicy-od-2003-roku-dr-michael-salla-peter-moon-cz-1-2\/"}],"_links":{"self":[{"href":"https:\/\/wia.net.pl\/index.php\/wp-json\/wp\/v2\/posts\/12169"}],"collection":[{"href":"https:\/\/wia.net.pl\/index.php\/wp-json\/wp\/v2\/posts"}],"about":[{"href":"https:\/\/wia.net.pl\/index.php\/wp-json\/wp\/v2\/types\/post"}],"author":[{"embeddable":true,"href":"https:\/\/wia.net.pl\/index.php\/wp-json\/wp\/v2\/users\/2"}],"replies":[{"embeddable":true,"href":"https:\/\/wia.net.pl\/index.php\/wp-json\/wp\/v2\/comments?post=12169"}],"version-history":[{"count":1,"href":"https:\/\/wia.net.pl\/index.php\/wp-json\/wp\/v2\/posts\/12169\/revisions"}],"predecessor-version":[{"id":12171,"href":"https:\/\/wia.net.pl\/index.php\/wp-json\/wp\/v2\/posts\/12169\/revisions\/12171"}],"wp:featuredmedia":[{"embeddable":true,"href":"https:\/\/wia.net.pl\/index.php\/wp-json\/wp\/v2\/media\/12170"}],"wp:attachment":[{"href":"https:\/\/wia.net.pl\/index.php\/wp-json\/wp\/v2\/media?parent=12169"}],"wp:term":[{"taxonomy":"category","embeddable":true,"href":"https:\/\/wia.net.pl\/index.php\/wp-json\/wp\/v2\/categories?post=12169"},{"taxonomy":"post_tag","embeddable":true,"href":"https:\/\/wia.net.pl\/index.php\/wp-json\/wp\/v2\/tags?post=12169"}],"curies":[{"name":"wp","href":"https:\/\/api.w.org\/{rel}","templated":true}]}}