{"id":12734,"date":"2026-08-19T20:11:20","date_gmt":"2026-08-19T18:11:20","guid":{"rendered":"https:\/\/wia.net.pl\/?p=12734"},"modified":"2026-08-19T20:11:23","modified_gmt":"2026-08-19T18:11:23","slug":"prawdziwe-pandemie-swiata-odcinek-1-25","status":"publish","type":"post","link":"https:\/\/wia.net.pl\/index.php\/2026\/08\/19\/prawdziwe-pandemie-swiata-odcinek-1-25\/","title":{"rendered":"Prawdziwe pandemie \u015bwiata &#8211; Odcinek 1\/25"},"content":{"rendered":"\n<h1 class=\"wp-block-heading\"><strong>PRAWDZIWE PANDEMIE \u015aWIATA<\/strong><\/h1>\n\n\n\n<h2 class=\"wp-block-heading\">Choroby \u015bwiadomo\u015bci, kt\u00f3re rozprzestrzeniaj\u0105 si\u0119 szybciej ni\u017c jakikolwiek wirus<\/h2>\n\n\n\n<h4 class=\"wp-block-heading\"><strong>ODCINEK 1 &#8211; Pandemia, kt\u00f3rej nie wida\u0107 &#8211; Czym naprawd\u0119 s\u0105 pandemie \u015bwiadomo\u015bci?<\/strong><\/h4>\n\n\n\n<p>W tym odcinku:<\/p>\n\n\n\n<ul class=\"wp-block-list\">\n<li>czym r\u00f3\u017cni si\u0119 pandemia biologiczna od pandemii psychologicznej<\/li>\n\n\n\n<li>jak rozprzestrzeniaj\u0105 si\u0119 idee, emocje i przekonania<\/li>\n\n\n\n<li>dlaczego cz\u0142owiek zara\u017ca si\u0119 sposobem my\u015blenia innych<\/li>\n\n\n\n<li>czym jest psychologia t\u0142umu<\/li>\n\n\n\n<li>dlaczego wi\u0119kszo\u015b\u0107 ludzi nie zauwa\u017ca w\u0142asnych program\u00f3w<\/li>\n\n\n\n<li>czym jest \u201czaka\u017cenie \u015bwiadomo\u015bci\u201d<\/li>\n\n\n\n<li>dlaczego najwi\u0119ksze pandemie nie wywo\u0142uj\u0105 gor\u0105czki<\/li>\n\n\n\n<li>jak b\u0119dzie wygl\u0105da\u0142a ca\u0142a seria<\/li>\n<\/ul>\n\n\n\n<h3 class=\"wp-block-heading\">Struktura serii:<\/h3>\n\n\n\n<h5 class=\"wp-block-heading\"><strong>01. Pandemia, kt\u00f3rej nie wida\u0107<\/strong> &#8211; Czym naprawd\u0119 s\u0105 pandemie \u015bwiadomo\u015bci?<\/h5>\n\n\n\n<h5 class=\"wp-block-heading\"><strong>02. Pandemia strachu &#8211; <\/strong>Najstarsza bro\u0144 w historii cz\u0142owieka<\/h5>\n\n\n\n<h5 class=\"wp-block-heading\"><strong>03. Pandemia autorytet\u00f3w<\/strong> &#8211; Dlaczego wolimy wierzy\u0107 ni\u017c rozumie\u0107?<\/h5>\n\n\n\n<h5 class=\"wp-block-heading\"><strong>04. Pandemia to\u017csamo\u015bci<\/strong> &#8211; Dlaczego cz\u0142owiek potrzebuje plemienia bardziej ni\u017c prawdy?<\/h5>\n\n\n\n<h5 class=\"wp-block-heading\"><strong>05. Pandemia polaryzacji<\/strong> &#8211; \u015awiat podzielony \u017cyje w permanentnym konflikcie<\/h5>\n\n\n\n<h5 class=\"wp-block-heading\"><strong>06. Pandemia po\u015bpiechu<\/strong> &#8211; Cywilizacja, kt\u00f3ra nie umie si\u0119 zatrzyma\u0107<\/h5>\n\n\n\n<h5 class=\"wp-block-heading\"><strong>07. Pandemia rozproszonej uwagi<\/strong> &#8211; Najcenniejszy zas\u00f3b XXI wieku<\/h5>\n\n\n\n<h5 class=\"wp-block-heading\"><strong>08. Pandemia samotno\u015bci<\/strong> &#8211; Nigdy wcze\u015bniej ludzie nie byli tak po\u0142\u0105czeni i tak samotni<\/h5>\n\n\n\n<h5 class=\"wp-block-heading\"><strong>09. Pandemia por\u00f3wnywania si\u0119<\/strong> &#8211; Cudze \u017cycie sta\u0142o si\u0119 wa\u017cniejsze od w\u0142asnego<\/h5>\n\n\n\n<h5 class=\"wp-block-heading\"><strong>10. Pandemia konsumpcji<\/strong> &#8211; Kupuj\u0119, wi\u0119c istniej\u0119<\/h5>\n\n\n\n<h5 class=\"wp-block-heading\"><strong>11. Pandemia szumu informacyjnego<\/strong> &#8211; Im wi\u0119cej wiemy, tym mniej rozumiemy<\/h5>\n\n\n\n<h5 class=\"wp-block-heading\"><strong>12. Pandemia infantylizacji<\/strong> &#8211; Doro\u015bli, kt\u00f3rzy nigdy nie doro\u015bli<\/h5>\n\n\n\n<h5 class=\"wp-block-heading\"><strong>13. Pandemia wygody<\/strong> &#8211; Komfort sta\u0142 si\u0119 nowym wi\u0119zieniem<\/h5>\n\n\n\n<h5 class=\"wp-block-heading\"><strong>14. Pandemia narcyzmu<\/strong> &#8211; \u015awiat zakochany we w\u0142asnym odbiciu<\/h5>\n\n\n\n<h5 class=\"wp-block-heading\"><strong>15. Pandemia sukcesu<\/strong> &#8211; Ludzie osi\u0105gaj\u0105 wszystko opr\u00f3cz szcz\u0119\u015bcia<\/h5>\n\n\n\n<h5 class=\"wp-block-heading\"><strong>16. Pandemia produktywno\u015bci<\/strong> &#8211; Odpoczynek sta\u0142 si\u0119 poczuciem winy<\/h5>\n\n\n\n<h5 class=\"wp-block-heading\"><strong>17. Pandemia bezsilno\u015bci<\/strong> &#8211; Ludzie przestali wierzy\u0107, \u017ce maj\u0105 wp\u0142yw<\/h5>\n\n\n\n<h5 class=\"wp-block-heading\"><strong>18. Pandemia oburzenia<\/strong> &#8211; Emocje silniejsze od rozumu<\/h5>\n\n\n\n<h5 class=\"wp-block-heading\"><strong>19. Pandemia ideologii<\/strong> &#8211; Kiedy idee staj\u0105 si\u0119 wa\u017cniejsze od cz\u0142owieka<\/h5>\n\n\n\n<h5 class=\"wp-block-heading\"><strong>20. Pandemia duchowego ego<\/strong> &#8211; Najtrudniejsza iluzja do rozpoznania<\/h5>\n\n\n\n<h5 class=\"wp-block-heading\"><strong>21. Pandemia utraty sensu<\/strong> &#8211; Cz\u0142owiek, kt\u00f3ry nie wie po co \u017cyje<\/h5>\n\n\n\n<h5 class=\"wp-block-heading\"><strong>22. Pandemia utraty wsp\u00f3lnoty <\/strong>&#8211; Najwi\u0119ksza rana wsp\u00f3\u0142czesnej cywilizacji<\/h5>\n\n\n\n<h5 class=\"wp-block-heading\"><strong>23. Pandemia kontroli<\/strong> &#8211; Dlaczego boimy si\u0119 wolno\u015bci?<\/h5>\n\n\n\n<h5 class=\"wp-block-heading\"><strong>24. Pandemia oddzielenia od natury<\/strong> &#8211; Cz\u0142owiek zapomnia\u0142, \u017ce jest cz\u0119\u015bci\u0105 \u017cycia<\/h5>\n\n\n\n<h5 class=\"wp-block-heading\"><strong>25. Pandemia oddzielenia od siebie<\/strong> &#8211; \u0179r\u00f3d\u0142o wszystkich pozosta\u0142ych pandemii<\/h5>\n\n\n\n<p>Opracowanie w\u0142asne.<\/p>\n\n\n<p><iframe id=\"odysee-iframe\" style=\"width:100%; aspect-ratio:16 \/ 9;\" src=\"https:\/\/odysee.com\/%24\/embed\/%40wolnoscanarchia%3Ad%2FPrawdziwe-pandemie-%C5%9Bwiata---Odcinek-1%3A9?r=KqtnN3u2RSe5GxY7Tos527f1XGfjXD4u\" allowfullscreen><\/iframe><\/p>\n\n\n\n<p><\/p>\n","protected":false},"excerpt":{"rendered":"<p>PRAWDZIWE PANDEMIE \u015aWIATA Choroby \u015bwiadomo\u015bci, kt\u00f3re rozprzestrzeniaj\u0105 si\u0119 szybciej ni\u017c jakikolwiek wirus ODCINEK 1 &#8211; Pandemia, kt\u00f3rej nie wida\u0107 &#8211; Czym naprawd\u0119 s\u0105 pandemie \u015bwiadomo\u015bci? W tym odcinku: Struktura serii: 01. Pandemia, kt\u00f3rej nie wida\u0107 &#8211; Czym naprawd\u0119 s\u0105 pandemie&#8230; <\/p>\n","protected":false},"author":3,"featured_media":12735,"comment_status":"open","ping_status":"open","sticky":false,"template":"","format":"standard","meta":{"_acf_changed":false,"_bbp_topic_count":0,"_bbp_reply_count":0,"_bbp_total_topic_count":0,"_bbp_total_reply_count":0,"_bbp_voice_count":0,"_bbp_anonymous_reply_count":0,"_bbp_topic_count_hidden":0,"_bbp_reply_count_hidden":0,"_bbp_forum_subforum_count":0,"om_disable_all_campaigns":false,"_monsterinsights_skip_tracking":false,"footnotes":""},"categories":[186],"tags":[],"class_list":["post-12734","post","type-post","status-publish","format-standard","has-post-thumbnail","hentry","category-platna-subskrypcja-substack"],"acf":[],"aioseo_notices":[],"aioseo_head":"\n\t\t<!-- All in One SEO 5.0.1.1 - aioseo.com -->\n\t<meta name=\"description\" content=\"PRAWDZIWE PANDEMIE \u015aWIATA Choroby \u015bwiadomo\u015bci, kt\u00f3re rozprzestrzeniaj\u0105 si\u0119 szybciej ni\u017c jakikolwiek wirus ODCINEK 1 - Pandemia, kt\u00f3rej nie wida\u0107 - Czym naprawd\u0119 s\u0105 pandemie \u015bwiadomo\u015bci? W tym odcinku: czym r\u00f3\u017cni si\u0119 pandemia biologiczna od pandemii psychologicznej jak rozprzestrzeniaj\u0105 si\u0119 idee, emocje i przekonania dlaczego cz\u0142owiek zara\u017ca si\u0119 sposobem my\u015blenia innych czym jest psychologia t\u0142umu dlaczego\" \/>\n\t<meta name=\"robots\" content=\"max-image-preview:large\" \/>\n\t<meta name=\"author\" content=\"Bart\u0142omiej Talarczyk\"\/>\n\t<link rel=\"canonical\" href=\"https:\/\/wia.net.pl\/index.php\/2026\/08\/19\/prawdziwe-pandemie-swiata-odcinek-1-25\/\" \/>\n\t<meta name=\"generator\" content=\"All in One SEO (AIOSEO) 5.0.1.1\" \/>\n\t\t<meta property=\"og:locale\" content=\"pl_PL\" \/>\n\t\t<meta property=\"og:site_name\" content=\"Wolno\u015b\u0107 i Anarchia - Ka\u017cdy wewn\u0119trznie jest anarchist\u0105.\" \/>\n\t\t<meta property=\"og:type\" content=\"article\" \/>\n\t\t<meta property=\"og:title\" content=\"Prawdziwe pandemie \u015bwiata \u2013 Odcinek 1\/25 - Wolno\u015b\u0107 i Anarchia\" \/>\n\t\t<meta property=\"og:description\" content=\"PRAWDZIWE PANDEMIE \u015aWIATA Choroby \u015bwiadomo\u015bci, kt\u00f3re rozprzestrzeniaj\u0105 si\u0119 szybciej ni\u017c jakikolwiek wirus ODCINEK 1 - Pandemia, kt\u00f3rej nie wida\u0107 - Czym naprawd\u0119 s\u0105 pandemie \u015bwiadomo\u015bci? W tym odcinku: czym r\u00f3\u017cni si\u0119 pandemia biologiczna od pandemii psychologicznej jak rozprzestrzeniaj\u0105 si\u0119 idee, emocje i przekonania dlaczego cz\u0142owiek zara\u017ca si\u0119 sposobem my\u015blenia innych czym jest psychologia t\u0142umu dlaczego\" \/>\n\t\t<meta property=\"og:url\" content=\"https:\/\/wia.net.pl\/index.php\/2026\/08\/19\/prawdziwe-pandemie-swiata-odcinek-1-25\/\" \/>\n\t\t<meta property=\"og:image\" content=\"https:\/\/wia.net.pl\/wp-content\/uploads\/2023\/11\/cropped-freedom-i73367.jpg\" \/>\n\t\t<meta property=\"og:image:secure_url\" content=\"https:\/\/wia.net.pl\/wp-content\/uploads\/2023\/11\/cropped-freedom-i73367.jpg\" \/>\n\t\t<meta property=\"article:published_time\" content=\"2026-08-19T18:11:20+00:00\" \/>\n\t\t<meta property=\"article:modified_time\" content=\"2026-08-19T18:11:23+00:00\" \/>\n\t\t<meta name=\"twitter:card\" content=\"summary_large_image\" \/>\n\t\t<meta name=\"twitter:title\" content=\"Prawdziwe pandemie \u015bwiata \u2013 Odcinek 1\/25 - Wolno\u015b\u0107 i Anarchia\" \/>\n\t\t<meta name=\"twitter:description\" content=\"PRAWDZIWE PANDEMIE \u015aWIATA Choroby \u015bwiadomo\u015bci, kt\u00f3re rozprzestrzeniaj\u0105 si\u0119 szybciej ni\u017c jakikolwiek wirus ODCINEK 1 - Pandemia, kt\u00f3rej nie wida\u0107 - Czym naprawd\u0119 s\u0105 pandemie \u015bwiadomo\u015bci? W tym odcinku: czym r\u00f3\u017cni si\u0119 pandemia biologiczna od pandemii psychologicznej jak rozprzestrzeniaj\u0105 si\u0119 idee, emocje i przekonania dlaczego cz\u0142owiek zara\u017ca si\u0119 sposobem my\u015blenia innych czym jest psychologia t\u0142umu dlaczego\" \/>\n\t\t<meta name=\"twitter:image\" content=\"https:\/\/wia.net.pl\/wp-content\/uploads\/2023\/11\/cropped-freedom-i73367.jpg\" \/>\n\t\t<script type=\"application\/ld+json\" class=\"aioseo-schema\">\n\t\t\t{\"@context\":\"https:\\\/\\\/schema.org\",\"@graph\":[{\"@type\":\"BlogPosting\",\"@id\":\"https:\\\/\\\/wia.net.pl\\\/index.php\\\/2026\\\/08\\\/19\\\/prawdziwe-pandemie-swiata-odcinek-1-25\\\/#blogposting\",\"name\":\"Prawdziwe pandemie \\u015bwiata \\u2013 Odcinek 1\\\/25 - Wolno\\u015b\\u0107 i Anarchia\",\"headline\":\"Prawdziwe pandemie \\u015bwiata &#8211; Odcinek 1\\\/25\",\"author\":{\"@id\":\"https:\\\/\\\/wia.net.pl\\\/index.php\\\/author\\\/talar\\\/#author\"},\"publisher\":{\"@id\":\"https:\\\/\\\/wia.net.pl\\\/#person\"},\"image\":{\"@type\":\"ImageObject\",\"url\":\"https:\\\/\\\/wia.net.pl\\\/wp-content\\\/uploads\\\/2026\\\/08\\\/PRAWDZIWE-PANDEMIE-SWIATA1.jpg\",\"width\":1920,\"height\":1080},\"datePublished\":\"2026-08-19T20:11:20+02:00\",\"dateModified\":\"2026-08-19T20:11:23+02:00\",\"inLanguage\":\"pl-PL\",\"mainEntityOfPage\":{\"@id\":\"https:\\\/\\\/wia.net.pl\\\/index.php\\\/2026\\\/08\\\/19\\\/prawdziwe-pandemie-swiata-odcinek-1-25\\\/#webpage\"},\"isPartOf\":{\"@id\":\"https:\\\/\\\/wia.net.pl\\\/index.php\\\/2026\\\/08\\\/19\\\/prawdziwe-pandemie-swiata-odcinek-1-25\\\/#webpage\"},\"articleSection\":\"P\\u0142atna subskrypcja Substack\"},{\"@type\":\"BreadcrumbList\",\"@id\":\"https:\\\/\\\/wia.net.pl\\\/index.php\\\/2026\\\/08\\\/19\\\/prawdziwe-pandemie-swiata-odcinek-1-25\\\/#breadcrumblist\",\"itemListElement\":[{\"@type\":\"ListItem\",\"@id\":\"https:\\\/\\\/wia.net.pl#listItem\",\"position\":1,\"name\":\"Home\",\"item\":\"https:\\\/\\\/wia.net.pl\",\"nextItem\":{\"@type\":\"ListItem\",\"@id\":\"https:\\\/\\\/wia.net.pl\\\/index.php\\\/category\\\/platna-subskrypcja-substack\\\/#listItem\",\"name\":\"P\\u0142atna subskrypcja Substack\"}},{\"@type\":\"ListItem\",\"@id\":\"https:\\\/\\\/wia.net.pl\\\/index.php\\\/category\\\/platna-subskrypcja-substack\\\/#listItem\",\"position\":2,\"name\":\"P\\u0142atna subskrypcja Substack\",\"item\":\"https:\\\/\\\/wia.net.pl\\\/index.php\\\/category\\\/platna-subskrypcja-substack\\\/\",\"nextItem\":{\"@type\":\"ListItem\",\"@id\":\"https:\\\/\\\/wia.net.pl\\\/index.php\\\/2026\\\/08\\\/19\\\/prawdziwe-pandemie-swiata-odcinek-1-25\\\/#listItem\",\"name\":\"Prawdziwe pandemie \\u015bwiata &#8211; Odcinek 1\\\/25\"},\"previousItem\":{\"@type\":\"ListItem\",\"@id\":\"https:\\\/\\\/wia.net.pl#listItem\",\"name\":\"Home\"}},{\"@type\":\"ListItem\",\"@id\":\"https:\\\/\\\/wia.net.pl\\\/index.php\\\/2026\\\/08\\\/19\\\/prawdziwe-pandemie-swiata-odcinek-1-25\\\/#listItem\",\"position\":3,\"name\":\"Prawdziwe pandemie \\u015bwiata &#8211; Odcinek 1\\\/25\",\"previousItem\":{\"@type\":\"ListItem\",\"@id\":\"https:\\\/\\\/wia.net.pl\\\/index.php\\\/category\\\/platna-subskrypcja-substack\\\/#listItem\",\"name\":\"P\\u0142atna subskrypcja Substack\"}}]},{\"@type\":\"Person\",\"@id\":\"https:\\\/\\\/wia.net.pl\\\/#person\",\"name\":\"Bart\\u0142omiej Talarczyk\",\"image\":{\"@type\":\"ImageObject\",\"@id\":\"https:\\\/\\\/wia.net.pl\\\/index.php\\\/2026\\\/08\\\/19\\\/prawdziwe-pandemie-swiata-odcinek-1-25\\\/#personImage\",\"url\":\"https:\\\/\\\/wia.net.pl\\\/wp-content\\\/uploads\\\/avatar-privacy\\\/cache\\\/user\\\/1\\\/7\\\/176a6b161c58363ff49b5c167264231f519f5c7fa183ca1f61e891769b6b56d5-96.jpg\",\"width\":96,\"height\":96,\"caption\":\"Bart\\u0142omiej Talarczyk\"}},{\"@type\":\"Person\",\"@id\":\"https:\\\/\\\/wia.net.pl\\\/index.php\\\/author\\\/talar\\\/#author\",\"url\":\"https:\\\/\\\/wia.net.pl\\\/index.php\\\/author\\\/talar\\\/\",\"name\":\"Bart\\u0142omiej Talarczyk\",\"image\":{\"@type\":\"ImageObject\",\"@id\":\"https:\\\/\\\/wia.net.pl\\\/index.php\\\/2026\\\/08\\\/19\\\/prawdziwe-pandemie-swiata-odcinek-1-25\\\/#authorImage\",\"url\":\"https:\\\/\\\/wia.net.pl\\\/wp-content\\\/uploads\\\/avatar-privacy\\\/cache\\\/user\\\/1\\\/7\\\/176a6b161c58363ff49b5c167264231f519f5c7fa183ca1f61e891769b6b56d5-96.jpg\",\"width\":96,\"height\":96,\"caption\":\"Bart\\u0142omiej Talarczyk\"}},{\"@type\":\"WebPage\",\"@id\":\"https:\\\/\\\/wia.net.pl\\\/index.php\\\/2026\\\/08\\\/19\\\/prawdziwe-pandemie-swiata-odcinek-1-25\\\/#webpage\",\"url\":\"https:\\\/\\\/wia.net.pl\\\/index.php\\\/2026\\\/08\\\/19\\\/prawdziwe-pandemie-swiata-odcinek-1-25\\\/\",\"name\":\"Prawdziwe pandemie \\u015bwiata \\u2013 Odcinek 1\\\/25 - Wolno\\u015b\\u0107 i Anarchia\",\"description\":\"PRAWDZIWE PANDEMIE \\u015aWIATA Choroby \\u015bwiadomo\\u015bci, kt\\u00f3re rozprzestrzeniaj\\u0105 si\\u0119 szybciej ni\\u017c jakikolwiek wirus ODCINEK 1 - Pandemia, kt\\u00f3rej nie wida\\u0107 - Czym naprawd\\u0119 s\\u0105 pandemie \\u015bwiadomo\\u015bci? W tym odcinku: czym r\\u00f3\\u017cni si\\u0119 pandemia biologiczna od pandemii psychologicznej jak rozprzestrzeniaj\\u0105 si\\u0119 idee, emocje i przekonania dlaczego cz\\u0142owiek zara\\u017ca si\\u0119 sposobem my\\u015blenia innych czym jest psychologia t\\u0142umu dlaczego\",\"inLanguage\":\"pl-PL\",\"isPartOf\":{\"@id\":\"https:\\\/\\\/wia.net.pl\\\/#website\"},\"breadcrumb\":{\"@id\":\"https:\\\/\\\/wia.net.pl\\\/index.php\\\/2026\\\/08\\\/19\\\/prawdziwe-pandemie-swiata-odcinek-1-25\\\/#breadcrumblist\"},\"author\":{\"@id\":\"https:\\\/\\\/wia.net.pl\\\/index.php\\\/author\\\/talar\\\/#author\"},\"creator\":{\"@id\":\"https:\\\/\\\/wia.net.pl\\\/index.php\\\/author\\\/talar\\\/#author\"},\"image\":{\"@type\":\"ImageObject\",\"url\":\"https:\\\/\\\/wia.net.pl\\\/wp-content\\\/uploads\\\/2026\\\/08\\\/PRAWDZIWE-PANDEMIE-SWIATA1.jpg\",\"@id\":\"https:\\\/\\\/wia.net.pl\\\/index.php\\\/2026\\\/08\\\/19\\\/prawdziwe-pandemie-swiata-odcinek-1-25\\\/#mainImage\",\"width\":1920,\"height\":1080},\"primaryImageOfPage\":{\"@id\":\"https:\\\/\\\/wia.net.pl\\\/index.php\\\/2026\\\/08\\\/19\\\/prawdziwe-pandemie-swiata-odcinek-1-25\\\/#mainImage\"},\"datePublished\":\"2026-08-19T20:11:20+02:00\",\"dateModified\":\"2026-08-19T20:11:23+02:00\"},{\"@type\":\"WebSite\",\"@id\":\"https:\\\/\\\/wia.net.pl\\\/#website\",\"url\":\"https:\\\/\\\/wia.net.pl\\\/\",\"name\":\"Wolno\\u015b\\u0107 i Anarchia\",\"description\":\"Ka\\u017cdy wewn\\u0119trznie jest anarchist\\u0105.\",\"inLanguage\":\"pl-PL\",\"publisher\":{\"@id\":\"https:\\\/\\\/wia.net.pl\\\/#person\"}}]}\n\t\t<\/script>\n\t\t<!-- All in One SEO -->\n\n","aioseo_head_json":{"title":"Prawdziwe pandemie \u015bwiata \u2013 Odcinek 1\/25 - Wolno\u015b\u0107 i Anarchia","description":"PRAWDZIWE PANDEMIE \u015aWIATA Choroby \u015bwiadomo\u015bci, kt\u00f3re rozprzestrzeniaj\u0105 si\u0119 szybciej ni\u017c jakikolwiek wirus ODCINEK 1 - Pandemia, kt\u00f3rej nie wida\u0107 - Czym naprawd\u0119 s\u0105 pandemie \u015bwiadomo\u015bci? W tym odcinku: czym r\u00f3\u017cni si\u0119 pandemia biologiczna od pandemii psychologicznej jak rozprzestrzeniaj\u0105 si\u0119 idee, emocje i przekonania dlaczego cz\u0142owiek zara\u017ca si\u0119 sposobem my\u015blenia innych czym jest psychologia t\u0142umu dlaczego","canonical_url":"https:\/\/wia.net.pl\/index.php\/2026\/08\/19\/prawdziwe-pandemie-swiata-odcinek-1-25\/","robots":"max-image-preview:large","keywords":"","webmasterTools":{"miscellaneous":""},"schema":{"@context":"https:\/\/schema.org","@graph":[{"@type":"BlogPosting","@id":"https:\/\/wia.net.pl\/index.php\/2026\/08\/19\/prawdziwe-pandemie-swiata-odcinek-1-25\/#blogposting","name":"Prawdziwe pandemie \u015bwiata \u2013 Odcinek 1\/25 - Wolno\u015b\u0107 i Anarchia","headline":"Prawdziwe pandemie \u015bwiata &#8211; Odcinek 1\/25","author":{"@id":"https:\/\/wia.net.pl\/index.php\/author\/talar\/#author"},"publisher":{"@id":"https:\/\/wia.net.pl\/#person"},"image":{"@type":"ImageObject","url":"https:\/\/wia.net.pl\/wp-content\/uploads\/2026\/08\/PRAWDZIWE-PANDEMIE-SWIATA1.jpg","width":1920,"height":1080},"datePublished":"2026-08-19T20:11:20+02:00","dateModified":"2026-08-19T20:11:23+02:00","inLanguage":"pl-PL","mainEntityOfPage":{"@id":"https:\/\/wia.net.pl\/index.php\/2026\/08\/19\/prawdziwe-pandemie-swiata-odcinek-1-25\/#webpage"},"isPartOf":{"@id":"https:\/\/wia.net.pl\/index.php\/2026\/08\/19\/prawdziwe-pandemie-swiata-odcinek-1-25\/#webpage"},"articleSection":"P\u0142atna subskrypcja Substack"},{"@type":"BreadcrumbList","@id":"https:\/\/wia.net.pl\/index.php\/2026\/08\/19\/prawdziwe-pandemie-swiata-odcinek-1-25\/#breadcrumblist","itemListElement":[{"@type":"ListItem","@id":"https:\/\/wia.net.pl#listItem","position":1,"name":"Home","item":"https:\/\/wia.net.pl","nextItem":{"@type":"ListItem","@id":"https:\/\/wia.net.pl\/index.php\/category\/platna-subskrypcja-substack\/#listItem","name":"P\u0142atna subskrypcja Substack"}},{"@type":"ListItem","@id":"https:\/\/wia.net.pl\/index.php\/category\/platna-subskrypcja-substack\/#listItem","position":2,"name":"P\u0142atna subskrypcja Substack","item":"https:\/\/wia.net.pl\/index.php\/category\/platna-subskrypcja-substack\/","nextItem":{"@type":"ListItem","@id":"https:\/\/wia.net.pl\/index.php\/2026\/08\/19\/prawdziwe-pandemie-swiata-odcinek-1-25\/#listItem","name":"Prawdziwe pandemie \u015bwiata &#8211; Odcinek 1\/25"},"previousItem":{"@type":"ListItem","@id":"https:\/\/wia.net.pl#listItem","name":"Home"}},{"@type":"ListItem","@id":"https:\/\/wia.net.pl\/index.php\/2026\/08\/19\/prawdziwe-pandemie-swiata-odcinek-1-25\/#listItem","position":3,"name":"Prawdziwe pandemie \u015bwiata &#8211; Odcinek 1\/25","previousItem":{"@type":"ListItem","@id":"https:\/\/wia.net.pl\/index.php\/category\/platna-subskrypcja-substack\/#listItem","name":"P\u0142atna subskrypcja Substack"}}]},{"@type":"Person","@id":"https:\/\/wia.net.pl\/#person","name":"Bart\u0142omiej Talarczyk","image":{"@type":"ImageObject","@id":"https:\/\/wia.net.pl\/index.php\/2026\/08\/19\/prawdziwe-pandemie-swiata-odcinek-1-25\/#personImage","url":"https:\/\/wia.net.pl\/wp-content\/uploads\/avatar-privacy\/cache\/user\/1\/7\/176a6b161c58363ff49b5c167264231f519f5c7fa183ca1f61e891769b6b56d5-96.jpg","width":96,"height":96,"caption":"Bart\u0142omiej Talarczyk"}},{"@type":"Person","@id":"https:\/\/wia.net.pl\/index.php\/author\/talar\/#author","url":"https:\/\/wia.net.pl\/index.php\/author\/talar\/","name":"Bart\u0142omiej Talarczyk","image":{"@type":"ImageObject","@id":"https:\/\/wia.net.pl\/index.php\/2026\/08\/19\/prawdziwe-pandemie-swiata-odcinek-1-25\/#authorImage","url":"https:\/\/wia.net.pl\/wp-content\/uploads\/avatar-privacy\/cache\/user\/1\/7\/176a6b161c58363ff49b5c167264231f519f5c7fa183ca1f61e891769b6b56d5-96.jpg","width":96,"height":96,"caption":"Bart\u0142omiej Talarczyk"}},{"@type":"WebPage","@id":"https:\/\/wia.net.pl\/index.php\/2026\/08\/19\/prawdziwe-pandemie-swiata-odcinek-1-25\/#webpage","url":"https:\/\/wia.net.pl\/index.php\/2026\/08\/19\/prawdziwe-pandemie-swiata-odcinek-1-25\/","name":"Prawdziwe pandemie \u015bwiata \u2013 Odcinek 1\/25 - Wolno\u015b\u0107 i Anarchia","description":"PRAWDZIWE PANDEMIE \u015aWIATA Choroby \u015bwiadomo\u015bci, kt\u00f3re rozprzestrzeniaj\u0105 si\u0119 szybciej ni\u017c jakikolwiek wirus ODCINEK 1 - Pandemia, kt\u00f3rej nie wida\u0107 - Czym naprawd\u0119 s\u0105 pandemie \u015bwiadomo\u015bci? W tym odcinku: czym r\u00f3\u017cni si\u0119 pandemia biologiczna od pandemii psychologicznej jak rozprzestrzeniaj\u0105 si\u0119 idee, emocje i przekonania dlaczego cz\u0142owiek zara\u017ca si\u0119 sposobem my\u015blenia innych czym jest psychologia t\u0142umu dlaczego","inLanguage":"pl-PL","isPartOf":{"@id":"https:\/\/wia.net.pl\/#website"},"breadcrumb":{"@id":"https:\/\/wia.net.pl\/index.php\/2026\/08\/19\/prawdziwe-pandemie-swiata-odcinek-1-25\/#breadcrumblist"},"author":{"@id":"https:\/\/wia.net.pl\/index.php\/author\/talar\/#author"},"creator":{"@id":"https:\/\/wia.net.pl\/index.php\/author\/talar\/#author"},"image":{"@type":"ImageObject","url":"https:\/\/wia.net.pl\/wp-content\/uploads\/2026\/08\/PRAWDZIWE-PANDEMIE-SWIATA1.jpg","@id":"https:\/\/wia.net.pl\/index.php\/2026\/08\/19\/prawdziwe-pandemie-swiata-odcinek-1-25\/#mainImage","width":1920,"height":1080},"primaryImageOfPage":{"@id":"https:\/\/wia.net.pl\/index.php\/2026\/08\/19\/prawdziwe-pandemie-swiata-odcinek-1-25\/#mainImage"},"datePublished":"2026-08-19T20:11:20+02:00","dateModified":"2026-08-19T20:11:23+02:00"},{"@type":"WebSite","@id":"https:\/\/wia.net.pl\/#website","url":"https:\/\/wia.net.pl\/","name":"Wolno\u015b\u0107 i Anarchia","description":"Ka\u017cdy wewn\u0119trznie jest anarchist\u0105.","inLanguage":"pl-PL","publisher":{"@id":"https:\/\/wia.net.pl\/#person"}}]},"og:locale":"pl_PL","og:site_name":"Wolno\u015b\u0107 i Anarchia - Ka\u017cdy wewn\u0119trznie jest anarchist\u0105.","og:type":"article","og:title":"Prawdziwe pandemie \u015bwiata \u2013 Odcinek 1\/25 - Wolno\u015b\u0107 i Anarchia","og:description":"PRAWDZIWE PANDEMIE \u015aWIATA Choroby \u015bwiadomo\u015bci, kt\u00f3re rozprzestrzeniaj\u0105 si\u0119 szybciej ni\u017c jakikolwiek wirus ODCINEK 1 - Pandemia, kt\u00f3rej nie wida\u0107 - Czym naprawd\u0119 s\u0105 pandemie \u015bwiadomo\u015bci? W tym odcinku: czym r\u00f3\u017cni si\u0119 pandemia biologiczna od pandemii psychologicznej jak rozprzestrzeniaj\u0105 si\u0119 idee, emocje i przekonania dlaczego cz\u0142owiek zara\u017ca si\u0119 sposobem my\u015blenia innych czym jest psychologia t\u0142umu dlaczego","og:url":"https:\/\/wia.net.pl\/index.php\/2026\/08\/19\/prawdziwe-pandemie-swiata-odcinek-1-25\/","og:image":"https:\/\/wia.net.pl\/wp-content\/uploads\/2023\/11\/cropped-freedom-i73367.jpg","og:image:secure_url":"https:\/\/wia.net.pl\/wp-content\/uploads\/2023\/11\/cropped-freedom-i73367.jpg","article:published_time":"2026-08-19T18:11:20+00:00","article:modified_time":"2026-08-19T18:11:23+00:00","twitter:card":"summary_large_image","twitter:title":"Prawdziwe pandemie \u015bwiata \u2013 Odcinek 1\/25 - Wolno\u015b\u0107 i Anarchia","twitter:description":"PRAWDZIWE PANDEMIE \u015aWIATA Choroby \u015bwiadomo\u015bci, kt\u00f3re rozprzestrzeniaj\u0105 si\u0119 szybciej ni\u017c jakikolwiek wirus ODCINEK 1 - Pandemia, kt\u00f3rej nie wida\u0107 - Czym naprawd\u0119 s\u0105 pandemie \u015bwiadomo\u015bci? W tym odcinku: czym r\u00f3\u017cni si\u0119 pandemia biologiczna od pandemii psychologicznej jak rozprzestrzeniaj\u0105 si\u0119 idee, emocje i przekonania dlaczego cz\u0142owiek zara\u017ca si\u0119 sposobem my\u015blenia innych czym jest psychologia t\u0142umu dlaczego","twitter:image":"https:\/\/wia.net.pl\/wp-content\/uploads\/2023\/11\/cropped-freedom-i73367.jpg"},"aioseo_meta_data":{"post_id":"12734","title":null,"description":null,"keywords":null,"keyphrases":{"focus":{"keyphrase":"","score":0,"analysis":{"keyphraseInTitle":{"score":0,"maxScore":9,"error":1}}},"additional":[]},"primary_term":null,"canonical_url":null,"og_title":null,"og_description":null,"og_object_type":"default","og_image_type":"default","og_image_url":null,"og_image_width":null,"og_image_height":null,"og_image_custom_url":null,"og_image_custom_fields":null,"og_video":"","og_custom_url":null,"og_article_section":null,"og_article_tags":null,"twitter_use_og":false,"twitter_card":"default","twitter_image_type":"default","twitter_image_url":null,"twitter_image_custom_url":null,"twitter_image_custom_fields":null,"twitter_title":null,"twitter_description":null,"schema":{"blockGraphs":[],"customGraphs":[],"default":{"data":{"Article":[],"Course":[],"Dataset":[],"FAQPage":[],"Movie":[],"Person":[],"Product":[],"ProductReview":[],"Car":[],"Recipe":[],"Service":[],"SoftwareApplication":[],"WebPage":[]},"graphName":"BlogPosting","isEnabled":true},"graphs":[]},"schema_type":"default","schema_type_options":null,"pillar_content":false,"robots_default":true,"robots_noindex":false,"robots_noarchive":false,"robots_nosnippet":false,"robots_nofollow":false,"robots_noimageindex":false,"robots_noodp":false,"robots_notranslate":false,"robots_max_snippet":"-1","robots_max_videopreview":"-1","robots_max_imagepreview":"large","priority":null,"frequency":"default","local_seo":null,"breadcrumb_settings":null,"limit_modified_date":false,"ai":{"faqs":[],"keyPoints":[],"schemas":[],"titles":[],"descriptions":[],"socialPosts":{"email":{"subject":"","preview":"","content":""},"linkedin":[],"twitter":[],"facebook":[],"instagram":[]}},"created":"2026-08-19 18:11:23","updated":"2026-08-19 18:37:53","seo_analyzer_scan_date":null,"focus_keyword":null,"additional_keywords":null,"truseo_locale":null},"aioseo_breadcrumb":"<div class=\"aioseo-breadcrumbs\"><span class=\"aioseo-breadcrumb\">\n\t\t\t<a href=\"https:\/\/wia.net.pl\" title=\"Home\">Home<\/a>\n\t\t<\/span><span class=\"aioseo-breadcrumb-separator\">&raquo;<\/span><span class=\"aioseo-breadcrumb\">\n\t\t\t<a href=\"https:\/\/wia.net.pl\/index.php\/category\/platna-subskrypcja-substack\/\" title=\"P\u0142atna subskrypcja Substack\">P\u0142atna subskrypcja Substack<\/a>\n\t\t<\/span><span class=\"aioseo-breadcrumb-separator\">&raquo;<\/span><span class=\"aioseo-breadcrumb\">\n\t\t\tPrawdziwe pandemie \u015bwiata \u2013 Odcinek 1\/25\n\t\t<\/span><\/div>","aioseo_breadcrumb_json":[{"label":"Home","link":"https:\/\/wia.net.pl"},{"label":"P\u0142atna subskrypcja Substack","link":"https:\/\/wia.net.pl\/index.php\/category\/platna-subskrypcja-substack\/"},{"label":"Prawdziwe pandemie \u015bwiata &#8211; Odcinek 1\/25","link":"https:\/\/wia.net.pl\/index.php\/2026\/08\/19\/prawdziwe-pandemie-swiata-odcinek-1-25\/"}],"_links":{"self":[{"href":"https:\/\/wia.net.pl\/index.php\/wp-json\/wp\/v2\/posts\/12734"}],"collection":[{"href":"https:\/\/wia.net.pl\/index.php\/wp-json\/wp\/v2\/posts"}],"about":[{"href":"https:\/\/wia.net.pl\/index.php\/wp-json\/wp\/v2\/types\/post"}],"author":[{"embeddable":true,"href":"https:\/\/wia.net.pl\/index.php\/wp-json\/wp\/v2\/users\/3"}],"replies":[{"embeddable":true,"href":"https:\/\/wia.net.pl\/index.php\/wp-json\/wp\/v2\/comments?post=12734"}],"version-history":[{"count":1,"href":"https:\/\/wia.net.pl\/index.php\/wp-json\/wp\/v2\/posts\/12734\/revisions"}],"predecessor-version":[{"id":12736,"href":"https:\/\/wia.net.pl\/index.php\/wp-json\/wp\/v2\/posts\/12734\/revisions\/12736"}],"wp:featuredmedia":[{"embeddable":true,"href":"https:\/\/wia.net.pl\/index.php\/wp-json\/wp\/v2\/media\/12735"}],"wp:attachment":[{"href":"https:\/\/wia.net.pl\/index.php\/wp-json\/wp\/v2\/media?parent=12734"}],"wp:term":[{"taxonomy":"category","embeddable":true,"href":"https:\/\/wia.net.pl\/index.php\/wp-json\/wp\/v2\/categories?post=12734"},{"taxonomy":"post_tag","embeddable":true,"href":"https:\/\/wia.net.pl\/index.php\/wp-json\/wp\/v2\/tags?post=12734"}],"curies":[{"name":"wp","href":"https:\/\/api.w.org\/{rel}","templated":true}]}}