{"id":12761,"date":"2026-08-29T21:30:17","date_gmt":"2026-08-29T19:30:17","guid":{"rendered":"https:\/\/wia.net.pl\/?p=12761"},"modified":"2026-08-29T21:30:18","modified_gmt":"2026-08-29T19:30:18","slug":"gdybym-byl-inzynierem-spolecznym-s07e02","status":"publish","type":"post","link":"https:\/\/wia.net.pl\/index.php\/2026\/08\/29\/gdybym-byl-inzynierem-spolecznym-s07e02\/","title":{"rendered":"Gdybym by\u0142 in\u017cynierem spo\u0142ecznym &#8211; S07E02"},"content":{"rendered":"\n<h3 class=\"wp-block-heading\"><strong>\u201eGdybym by\u0142 in\u017cynierem spo\u0142ecznym\u201d<\/strong><\/h3>\n\n\n\n<h4 class=\"wp-block-heading\"><strong>Anatomia systemu kontroli XXI wieku<\/strong><\/h4>\n\n\n\n<h4 class=\"wp-block-heading\"><strong>Segment 7 \u2014 Czy mo\u017cna odzyska\u0107 sprawczo\u015b\u0107?<\/strong><\/h4>\n\n\n\n<h4 class=\"wp-block-heading\"><strong>20. Cz\u0142owiek nieprzewidywalny &#8211; Dlaczego system najbardziej boi si\u0119 \u015bwiadomej jednostki<\/strong><\/h4>\n\n\n\n<p>Tematy:<\/p>\n\n\n\n<ul class=\"wp-block-list\">\n<li>autonomia,<\/li>\n\n\n\n<li>krytyczne my\u015blenie,<\/li>\n\n\n\n<li>samodzielno\u015b\u0107,<\/li>\n\n\n\n<li>odporno\u015b\u0107 na manipulacj\u0119,<\/li>\n\n\n\n<li>d\u0142ugoterminowe my\u015blenie.<\/li>\n<\/ul>\n\n\n\n<p>Opracowanie w\u0142asne.<\/p>\n\n\n\n<p>Seria dla p\u0142atnych subskrybent\u00f3w Substack.<\/p>\n\n\n<div class=\"substack-post-embed\">\n<p lang=\"pl\">Gdybym by\u0142 in\u017cynierem spo\u0142ecznym &#8211; S07E02 autorstwa Wolno\u015b\u0107 i Anarchia<\/p>\n<p>Anatomia systemu kontroli XXI wieku<\/p>\n<p><a data-post-link href=\"https:\/\/wolnoscanarchia.substack.com\/p\/gdybym-by-inzynierem-spoecznym-s07e02\">Czyta\u0107 w serwisie Substack<\/a><\/div>\n<p><script async src=\"https:\/\/substack.com\/embedjs\/embed.js\" charset=\"utf-8\"><\/script><\/p>\n","protected":false},"excerpt":{"rendered":"<p>\u201eGdybym by\u0142 in\u017cynierem spo\u0142ecznym\u201d Anatomia systemu kontroli XXI wieku Segment 7 \u2014 Czy mo\u017cna odzyska\u0107 sprawczo\u015b\u0107? 20. Cz\u0142owiek nieprzewidywalny &#8211; Dlaczego system najbardziej boi si\u0119 \u015bwiadomej jednostki Tematy: Opracowanie w\u0142asne. Seria dla p\u0142atnych subskrybent\u00f3w Substack.<\/p>\n","protected":false},"author":3,"featured_media":12762,"comment_status":"open","ping_status":"open","sticky":false,"template":"","format":"standard","meta":{"_acf_changed":false,"_bbp_topic_count":0,"_bbp_reply_count":0,"_bbp_total_topic_count":0,"_bbp_total_reply_count":0,"_bbp_voice_count":0,"_bbp_anonymous_reply_count":0,"_bbp_topic_count_hidden":0,"_bbp_reply_count_hidden":0,"_bbp_forum_subforum_count":0,"om_disable_all_campaigns":false,"_monsterinsights_skip_tracking":false,"footnotes":""},"categories":[186],"tags":[],"class_list":["post-12761","post","type-post","status-publish","format-standard","has-post-thumbnail","hentry","category-platna-subskrypcja-substack"],"acf":[],"aioseo_notices":[],"aioseo_head":"\n\t\t<!-- All in One SEO 5.0.1.1 - aioseo.com -->\n\t<meta name=\"description\" content=\"\u201eGdybym by\u0142 in\u017cynierem spo\u0142ecznym\u201d Anatomia systemu kontroli XXI wieku Segment 7 \u2014 Czy mo\u017cna odzyska\u0107 sprawczo\u015b\u0107? 20. Cz\u0142owiek nieprzewidywalny - Dlaczego system najbardziej boi si\u0119 \u015bwiadomej jednostki Tematy: autonomia, krytyczne my\u015blenie, samodzielno\u015b\u0107, odporno\u015b\u0107 na manipulacj\u0119, d\u0142ugoterminowe my\u015blenie. Opracowanie w\u0142asne. Seria dla p\u0142atnych subskrybent\u00f3w Substack. Gdybym by\u0142 in\u017cynierem spo\u0142ecznym - S07E02 autorstwa Wolno\u015b\u0107 i AnarchiaAnatomia systemu\" \/>\n\t<meta name=\"robots\" content=\"max-image-preview:large\" \/>\n\t<meta name=\"author\" content=\"Bart\u0142omiej Talarczyk\"\/>\n\t<link rel=\"canonical\" href=\"https:\/\/wia.net.pl\/index.php\/2026\/08\/29\/gdybym-byl-inzynierem-spolecznym-s07e02\/\" \/>\n\t<meta name=\"generator\" content=\"All in One SEO (AIOSEO) 5.0.1.1\" \/>\n\t\t<meta property=\"og:locale\" content=\"pl_PL\" \/>\n\t\t<meta property=\"og:site_name\" content=\"Wolno\u015b\u0107 i Anarchia - Ka\u017cdy wewn\u0119trznie jest anarchist\u0105.\" \/>\n\t\t<meta property=\"og:type\" content=\"article\" \/>\n\t\t<meta property=\"og:title\" content=\"Gdybym by\u0142 in\u017cynierem spo\u0142ecznym \u2013 S07E02 - Wolno\u015b\u0107 i Anarchia\" \/>\n\t\t<meta property=\"og:description\" content=\"\u201eGdybym by\u0142 in\u017cynierem spo\u0142ecznym\u201d Anatomia systemu kontroli XXI wieku Segment 7 \u2014 Czy mo\u017cna odzyska\u0107 sprawczo\u015b\u0107? 20. Cz\u0142owiek nieprzewidywalny - Dlaczego system najbardziej boi si\u0119 \u015bwiadomej jednostki Tematy: autonomia, krytyczne my\u015blenie, samodzielno\u015b\u0107, odporno\u015b\u0107 na manipulacj\u0119, d\u0142ugoterminowe my\u015blenie. Opracowanie w\u0142asne. Seria dla p\u0142atnych subskrybent\u00f3w Substack. Gdybym by\u0142 in\u017cynierem spo\u0142ecznym - S07E02 autorstwa Wolno\u015b\u0107 i AnarchiaAnatomia systemu\" \/>\n\t\t<meta property=\"og:url\" content=\"https:\/\/wia.net.pl\/index.php\/2026\/08\/29\/gdybym-byl-inzynierem-spolecznym-s07e02\/\" \/>\n\t\t<meta property=\"og:image\" content=\"https:\/\/wia.net.pl\/wp-content\/uploads\/2023\/11\/cropped-freedom-i73367.jpg\" \/>\n\t\t<meta property=\"og:image:secure_url\" content=\"https:\/\/wia.net.pl\/wp-content\/uploads\/2023\/11\/cropped-freedom-i73367.jpg\" \/>\n\t\t<meta property=\"article:published_time\" content=\"2026-08-29T19:30:17+00:00\" \/>\n\t\t<meta property=\"article:modified_time\" content=\"2026-08-29T19:30:18+00:00\" \/>\n\t\t<meta name=\"twitter:card\" content=\"summary_large_image\" \/>\n\t\t<meta name=\"twitter:title\" content=\"Gdybym by\u0142 in\u017cynierem spo\u0142ecznym \u2013 S07E02 - Wolno\u015b\u0107 i Anarchia\" \/>\n\t\t<meta name=\"twitter:description\" content=\"\u201eGdybym by\u0142 in\u017cynierem spo\u0142ecznym\u201d Anatomia systemu kontroli XXI wieku Segment 7 \u2014 Czy mo\u017cna odzyska\u0107 sprawczo\u015b\u0107? 20. Cz\u0142owiek nieprzewidywalny - Dlaczego system najbardziej boi si\u0119 \u015bwiadomej jednostki Tematy: autonomia, krytyczne my\u015blenie, samodzielno\u015b\u0107, odporno\u015b\u0107 na manipulacj\u0119, d\u0142ugoterminowe my\u015blenie. Opracowanie w\u0142asne. Seria dla p\u0142atnych subskrybent\u00f3w Substack. Gdybym by\u0142 in\u017cynierem spo\u0142ecznym - S07E02 autorstwa Wolno\u015b\u0107 i AnarchiaAnatomia systemu\" \/>\n\t\t<meta name=\"twitter:image\" content=\"https:\/\/wia.net.pl\/wp-content\/uploads\/2023\/11\/cropped-freedom-i73367.jpg\" \/>\n\t\t<script type=\"application\/ld+json\" class=\"aioseo-schema\">\n\t\t\t{\"@context\":\"https:\\\/\\\/schema.org\",\"@graph\":[{\"@type\":\"BlogPosting\",\"@id\":\"https:\\\/\\\/wia.net.pl\\\/index.php\\\/2026\\\/08\\\/29\\\/gdybym-byl-inzynierem-spolecznym-s07e02\\\/#blogposting\",\"name\":\"Gdybym by\\u0142 in\\u017cynierem spo\\u0142ecznym \\u2013 S07E02 - Wolno\\u015b\\u0107 i Anarchia\",\"headline\":\"Gdybym by\\u0142 in\\u017cynierem spo\\u0142ecznym &#8211; S07E02\",\"author\":{\"@id\":\"https:\\\/\\\/wia.net.pl\\\/index.php\\\/author\\\/talar\\\/#author\"},\"publisher\":{\"@id\":\"https:\\\/\\\/wia.net.pl\\\/#person\"},\"image\":{\"@type\":\"ImageObject\",\"url\":\"https:\\\/\\\/wia.net.pl\\\/wp-content\\\/uploads\\\/2026\\\/08\\\/GDYBYM20.jpg\",\"width\":1920,\"height\":1080},\"datePublished\":\"2026-08-29T21:30:17+02:00\",\"dateModified\":\"2026-08-29T21:30:18+02:00\",\"inLanguage\":\"pl-PL\",\"mainEntityOfPage\":{\"@id\":\"https:\\\/\\\/wia.net.pl\\\/index.php\\\/2026\\\/08\\\/29\\\/gdybym-byl-inzynierem-spolecznym-s07e02\\\/#webpage\"},\"isPartOf\":{\"@id\":\"https:\\\/\\\/wia.net.pl\\\/index.php\\\/2026\\\/08\\\/29\\\/gdybym-byl-inzynierem-spolecznym-s07e02\\\/#webpage\"},\"articleSection\":\"P\\u0142atna subskrypcja Substack\"},{\"@type\":\"BreadcrumbList\",\"@id\":\"https:\\\/\\\/wia.net.pl\\\/index.php\\\/2026\\\/08\\\/29\\\/gdybym-byl-inzynierem-spolecznym-s07e02\\\/#breadcrumblist\",\"itemListElement\":[{\"@type\":\"ListItem\",\"@id\":\"https:\\\/\\\/wia.net.pl#listItem\",\"position\":1,\"name\":\"Home\",\"item\":\"https:\\\/\\\/wia.net.pl\",\"nextItem\":{\"@type\":\"ListItem\",\"@id\":\"https:\\\/\\\/wia.net.pl\\\/index.php\\\/category\\\/platna-subskrypcja-substack\\\/#listItem\",\"name\":\"P\\u0142atna subskrypcja Substack\"}},{\"@type\":\"ListItem\",\"@id\":\"https:\\\/\\\/wia.net.pl\\\/index.php\\\/category\\\/platna-subskrypcja-substack\\\/#listItem\",\"position\":2,\"name\":\"P\\u0142atna subskrypcja Substack\",\"item\":\"https:\\\/\\\/wia.net.pl\\\/index.php\\\/category\\\/platna-subskrypcja-substack\\\/\",\"nextItem\":{\"@type\":\"ListItem\",\"@id\":\"https:\\\/\\\/wia.net.pl\\\/index.php\\\/2026\\\/08\\\/29\\\/gdybym-byl-inzynierem-spolecznym-s07e02\\\/#listItem\",\"name\":\"Gdybym by\\u0142 in\\u017cynierem spo\\u0142ecznym &#8211; S07E02\"},\"previousItem\":{\"@type\":\"ListItem\",\"@id\":\"https:\\\/\\\/wia.net.pl#listItem\",\"name\":\"Home\"}},{\"@type\":\"ListItem\",\"@id\":\"https:\\\/\\\/wia.net.pl\\\/index.php\\\/2026\\\/08\\\/29\\\/gdybym-byl-inzynierem-spolecznym-s07e02\\\/#listItem\",\"position\":3,\"name\":\"Gdybym by\\u0142 in\\u017cynierem spo\\u0142ecznym &#8211; S07E02\",\"previousItem\":{\"@type\":\"ListItem\",\"@id\":\"https:\\\/\\\/wia.net.pl\\\/index.php\\\/category\\\/platna-subskrypcja-substack\\\/#listItem\",\"name\":\"P\\u0142atna subskrypcja Substack\"}}]},{\"@type\":\"Person\",\"@id\":\"https:\\\/\\\/wia.net.pl\\\/#person\",\"name\":\"Bart\\u0142omiej Talarczyk\",\"image\":{\"@type\":\"ImageObject\",\"@id\":\"https:\\\/\\\/wia.net.pl\\\/index.php\\\/2026\\\/08\\\/29\\\/gdybym-byl-inzynierem-spolecznym-s07e02\\\/#personImage\",\"url\":\"https:\\\/\\\/wia.net.pl\\\/wp-content\\\/uploads\\\/avatar-privacy\\\/cache\\\/user\\\/1\\\/7\\\/176a6b161c58363ff49b5c167264231f519f5c7fa183ca1f61e891769b6b56d5-96.jpg\",\"width\":96,\"height\":96,\"caption\":\"Bart\\u0142omiej Talarczyk\"}},{\"@type\":\"Person\",\"@id\":\"https:\\\/\\\/wia.net.pl\\\/index.php\\\/author\\\/talar\\\/#author\",\"url\":\"https:\\\/\\\/wia.net.pl\\\/index.php\\\/author\\\/talar\\\/\",\"name\":\"Bart\\u0142omiej Talarczyk\",\"image\":{\"@type\":\"ImageObject\",\"@id\":\"https:\\\/\\\/wia.net.pl\\\/index.php\\\/2026\\\/08\\\/29\\\/gdybym-byl-inzynierem-spolecznym-s07e02\\\/#authorImage\",\"url\":\"https:\\\/\\\/wia.net.pl\\\/wp-content\\\/uploads\\\/avatar-privacy\\\/cache\\\/user\\\/1\\\/7\\\/176a6b161c58363ff49b5c167264231f519f5c7fa183ca1f61e891769b6b56d5-96.jpg\",\"width\":96,\"height\":96,\"caption\":\"Bart\\u0142omiej Talarczyk\"}},{\"@type\":\"WebPage\",\"@id\":\"https:\\\/\\\/wia.net.pl\\\/index.php\\\/2026\\\/08\\\/29\\\/gdybym-byl-inzynierem-spolecznym-s07e02\\\/#webpage\",\"url\":\"https:\\\/\\\/wia.net.pl\\\/index.php\\\/2026\\\/08\\\/29\\\/gdybym-byl-inzynierem-spolecznym-s07e02\\\/\",\"name\":\"Gdybym by\\u0142 in\\u017cynierem spo\\u0142ecznym \\u2013 S07E02 - Wolno\\u015b\\u0107 i Anarchia\",\"description\":\"\\u201eGdybym by\\u0142 in\\u017cynierem spo\\u0142ecznym\\u201d Anatomia systemu kontroli XXI wieku Segment 7 \\u2014 Czy mo\\u017cna odzyska\\u0107 sprawczo\\u015b\\u0107? 20. Cz\\u0142owiek nieprzewidywalny - Dlaczego system najbardziej boi si\\u0119 \\u015bwiadomej jednostki Tematy: autonomia, krytyczne my\\u015blenie, samodzielno\\u015b\\u0107, odporno\\u015b\\u0107 na manipulacj\\u0119, d\\u0142ugoterminowe my\\u015blenie. Opracowanie w\\u0142asne. Seria dla p\\u0142atnych subskrybent\\u00f3w Substack. Gdybym by\\u0142 in\\u017cynierem spo\\u0142ecznym - S07E02 autorstwa Wolno\\u015b\\u0107 i AnarchiaAnatomia systemu\",\"inLanguage\":\"pl-PL\",\"isPartOf\":{\"@id\":\"https:\\\/\\\/wia.net.pl\\\/#website\"},\"breadcrumb\":{\"@id\":\"https:\\\/\\\/wia.net.pl\\\/index.php\\\/2026\\\/08\\\/29\\\/gdybym-byl-inzynierem-spolecznym-s07e02\\\/#breadcrumblist\"},\"author\":{\"@id\":\"https:\\\/\\\/wia.net.pl\\\/index.php\\\/author\\\/talar\\\/#author\"},\"creator\":{\"@id\":\"https:\\\/\\\/wia.net.pl\\\/index.php\\\/author\\\/talar\\\/#author\"},\"image\":{\"@type\":\"ImageObject\",\"url\":\"https:\\\/\\\/wia.net.pl\\\/wp-content\\\/uploads\\\/2026\\\/08\\\/GDYBYM20.jpg\",\"@id\":\"https:\\\/\\\/wia.net.pl\\\/index.php\\\/2026\\\/08\\\/29\\\/gdybym-byl-inzynierem-spolecznym-s07e02\\\/#mainImage\",\"width\":1920,\"height\":1080},\"primaryImageOfPage\":{\"@id\":\"https:\\\/\\\/wia.net.pl\\\/index.php\\\/2026\\\/08\\\/29\\\/gdybym-byl-inzynierem-spolecznym-s07e02\\\/#mainImage\"},\"datePublished\":\"2026-08-29T21:30:17+02:00\",\"dateModified\":\"2026-08-29T21:30:18+02:00\"},{\"@type\":\"WebSite\",\"@id\":\"https:\\\/\\\/wia.net.pl\\\/#website\",\"url\":\"https:\\\/\\\/wia.net.pl\\\/\",\"name\":\"Wolno\\u015b\\u0107 i Anarchia\",\"description\":\"Ka\\u017cdy wewn\\u0119trznie jest anarchist\\u0105.\",\"inLanguage\":\"pl-PL\",\"publisher\":{\"@id\":\"https:\\\/\\\/wia.net.pl\\\/#person\"}}]}\n\t\t<\/script>\n\t\t<!-- All in One SEO -->\n\n","aioseo_head_json":{"title":"Gdybym by\u0142 in\u017cynierem spo\u0142ecznym \u2013 S07E02 - Wolno\u015b\u0107 i Anarchia","description":"\u201eGdybym by\u0142 in\u017cynierem spo\u0142ecznym\u201d Anatomia systemu kontroli XXI wieku Segment 7 \u2014 Czy mo\u017cna odzyska\u0107 sprawczo\u015b\u0107? 20. Cz\u0142owiek nieprzewidywalny - Dlaczego system najbardziej boi si\u0119 \u015bwiadomej jednostki Tematy: autonomia, krytyczne my\u015blenie, samodzielno\u015b\u0107, odporno\u015b\u0107 na manipulacj\u0119, d\u0142ugoterminowe my\u015blenie. Opracowanie w\u0142asne. Seria dla p\u0142atnych subskrybent\u00f3w Substack. Gdybym by\u0142 in\u017cynierem spo\u0142ecznym - S07E02 autorstwa Wolno\u015b\u0107 i AnarchiaAnatomia systemu","canonical_url":"https:\/\/wia.net.pl\/index.php\/2026\/08\/29\/gdybym-byl-inzynierem-spolecznym-s07e02\/","robots":"max-image-preview:large","keywords":"","webmasterTools":{"miscellaneous":""},"schema":{"@context":"https:\/\/schema.org","@graph":[{"@type":"BlogPosting","@id":"https:\/\/wia.net.pl\/index.php\/2026\/08\/29\/gdybym-byl-inzynierem-spolecznym-s07e02\/#blogposting","name":"Gdybym by\u0142 in\u017cynierem spo\u0142ecznym \u2013 S07E02 - Wolno\u015b\u0107 i Anarchia","headline":"Gdybym by\u0142 in\u017cynierem spo\u0142ecznym &#8211; S07E02","author":{"@id":"https:\/\/wia.net.pl\/index.php\/author\/talar\/#author"},"publisher":{"@id":"https:\/\/wia.net.pl\/#person"},"image":{"@type":"ImageObject","url":"https:\/\/wia.net.pl\/wp-content\/uploads\/2026\/08\/GDYBYM20.jpg","width":1920,"height":1080},"datePublished":"2026-08-29T21:30:17+02:00","dateModified":"2026-08-29T21:30:18+02:00","inLanguage":"pl-PL","mainEntityOfPage":{"@id":"https:\/\/wia.net.pl\/index.php\/2026\/08\/29\/gdybym-byl-inzynierem-spolecznym-s07e02\/#webpage"},"isPartOf":{"@id":"https:\/\/wia.net.pl\/index.php\/2026\/08\/29\/gdybym-byl-inzynierem-spolecznym-s07e02\/#webpage"},"articleSection":"P\u0142atna subskrypcja Substack"},{"@type":"BreadcrumbList","@id":"https:\/\/wia.net.pl\/index.php\/2026\/08\/29\/gdybym-byl-inzynierem-spolecznym-s07e02\/#breadcrumblist","itemListElement":[{"@type":"ListItem","@id":"https:\/\/wia.net.pl#listItem","position":1,"name":"Home","item":"https:\/\/wia.net.pl","nextItem":{"@type":"ListItem","@id":"https:\/\/wia.net.pl\/index.php\/category\/platna-subskrypcja-substack\/#listItem","name":"P\u0142atna subskrypcja Substack"}},{"@type":"ListItem","@id":"https:\/\/wia.net.pl\/index.php\/category\/platna-subskrypcja-substack\/#listItem","position":2,"name":"P\u0142atna subskrypcja Substack","item":"https:\/\/wia.net.pl\/index.php\/category\/platna-subskrypcja-substack\/","nextItem":{"@type":"ListItem","@id":"https:\/\/wia.net.pl\/index.php\/2026\/08\/29\/gdybym-byl-inzynierem-spolecznym-s07e02\/#listItem","name":"Gdybym by\u0142 in\u017cynierem spo\u0142ecznym &#8211; S07E02"},"previousItem":{"@type":"ListItem","@id":"https:\/\/wia.net.pl#listItem","name":"Home"}},{"@type":"ListItem","@id":"https:\/\/wia.net.pl\/index.php\/2026\/08\/29\/gdybym-byl-inzynierem-spolecznym-s07e02\/#listItem","position":3,"name":"Gdybym by\u0142 in\u017cynierem spo\u0142ecznym &#8211; S07E02","previousItem":{"@type":"ListItem","@id":"https:\/\/wia.net.pl\/index.php\/category\/platna-subskrypcja-substack\/#listItem","name":"P\u0142atna subskrypcja Substack"}}]},{"@type":"Person","@id":"https:\/\/wia.net.pl\/#person","name":"Bart\u0142omiej Talarczyk","image":{"@type":"ImageObject","@id":"https:\/\/wia.net.pl\/index.php\/2026\/08\/29\/gdybym-byl-inzynierem-spolecznym-s07e02\/#personImage","url":"https:\/\/wia.net.pl\/wp-content\/uploads\/avatar-privacy\/cache\/user\/1\/7\/176a6b161c58363ff49b5c167264231f519f5c7fa183ca1f61e891769b6b56d5-96.jpg","width":96,"height":96,"caption":"Bart\u0142omiej Talarczyk"}},{"@type":"Person","@id":"https:\/\/wia.net.pl\/index.php\/author\/talar\/#author","url":"https:\/\/wia.net.pl\/index.php\/author\/talar\/","name":"Bart\u0142omiej Talarczyk","image":{"@type":"ImageObject","@id":"https:\/\/wia.net.pl\/index.php\/2026\/08\/29\/gdybym-byl-inzynierem-spolecznym-s07e02\/#authorImage","url":"https:\/\/wia.net.pl\/wp-content\/uploads\/avatar-privacy\/cache\/user\/1\/7\/176a6b161c58363ff49b5c167264231f519f5c7fa183ca1f61e891769b6b56d5-96.jpg","width":96,"height":96,"caption":"Bart\u0142omiej Talarczyk"}},{"@type":"WebPage","@id":"https:\/\/wia.net.pl\/index.php\/2026\/08\/29\/gdybym-byl-inzynierem-spolecznym-s07e02\/#webpage","url":"https:\/\/wia.net.pl\/index.php\/2026\/08\/29\/gdybym-byl-inzynierem-spolecznym-s07e02\/","name":"Gdybym by\u0142 in\u017cynierem spo\u0142ecznym \u2013 S07E02 - Wolno\u015b\u0107 i Anarchia","description":"\u201eGdybym by\u0142 in\u017cynierem spo\u0142ecznym\u201d Anatomia systemu kontroli XXI wieku Segment 7 \u2014 Czy mo\u017cna odzyska\u0107 sprawczo\u015b\u0107? 20. Cz\u0142owiek nieprzewidywalny - Dlaczego system najbardziej boi si\u0119 \u015bwiadomej jednostki Tematy: autonomia, krytyczne my\u015blenie, samodzielno\u015b\u0107, odporno\u015b\u0107 na manipulacj\u0119, d\u0142ugoterminowe my\u015blenie. Opracowanie w\u0142asne. Seria dla p\u0142atnych subskrybent\u00f3w Substack. Gdybym by\u0142 in\u017cynierem spo\u0142ecznym - S07E02 autorstwa Wolno\u015b\u0107 i AnarchiaAnatomia systemu","inLanguage":"pl-PL","isPartOf":{"@id":"https:\/\/wia.net.pl\/#website"},"breadcrumb":{"@id":"https:\/\/wia.net.pl\/index.php\/2026\/08\/29\/gdybym-byl-inzynierem-spolecznym-s07e02\/#breadcrumblist"},"author":{"@id":"https:\/\/wia.net.pl\/index.php\/author\/talar\/#author"},"creator":{"@id":"https:\/\/wia.net.pl\/index.php\/author\/talar\/#author"},"image":{"@type":"ImageObject","url":"https:\/\/wia.net.pl\/wp-content\/uploads\/2026\/08\/GDYBYM20.jpg","@id":"https:\/\/wia.net.pl\/index.php\/2026\/08\/29\/gdybym-byl-inzynierem-spolecznym-s07e02\/#mainImage","width":1920,"height":1080},"primaryImageOfPage":{"@id":"https:\/\/wia.net.pl\/index.php\/2026\/08\/29\/gdybym-byl-inzynierem-spolecznym-s07e02\/#mainImage"},"datePublished":"2026-08-29T21:30:17+02:00","dateModified":"2026-08-29T21:30:18+02:00"},{"@type":"WebSite","@id":"https:\/\/wia.net.pl\/#website","url":"https:\/\/wia.net.pl\/","name":"Wolno\u015b\u0107 i Anarchia","description":"Ka\u017cdy wewn\u0119trznie jest anarchist\u0105.","inLanguage":"pl-PL","publisher":{"@id":"https:\/\/wia.net.pl\/#person"}}]},"og:locale":"pl_PL","og:site_name":"Wolno\u015b\u0107 i Anarchia - Ka\u017cdy wewn\u0119trznie jest anarchist\u0105.","og:type":"article","og:title":"Gdybym by\u0142 in\u017cynierem spo\u0142ecznym \u2013 S07E02 - Wolno\u015b\u0107 i Anarchia","og:description":"\u201eGdybym by\u0142 in\u017cynierem spo\u0142ecznym\u201d Anatomia systemu kontroli XXI wieku Segment 7 \u2014 Czy mo\u017cna odzyska\u0107 sprawczo\u015b\u0107? 20. Cz\u0142owiek nieprzewidywalny - Dlaczego system najbardziej boi si\u0119 \u015bwiadomej jednostki Tematy: autonomia, krytyczne my\u015blenie, samodzielno\u015b\u0107, odporno\u015b\u0107 na manipulacj\u0119, d\u0142ugoterminowe my\u015blenie. Opracowanie w\u0142asne. Seria dla p\u0142atnych subskrybent\u00f3w Substack. Gdybym by\u0142 in\u017cynierem spo\u0142ecznym - S07E02 autorstwa Wolno\u015b\u0107 i AnarchiaAnatomia systemu","og:url":"https:\/\/wia.net.pl\/index.php\/2026\/08\/29\/gdybym-byl-inzynierem-spolecznym-s07e02\/","og:image":"https:\/\/wia.net.pl\/wp-content\/uploads\/2023\/11\/cropped-freedom-i73367.jpg","og:image:secure_url":"https:\/\/wia.net.pl\/wp-content\/uploads\/2023\/11\/cropped-freedom-i73367.jpg","article:published_time":"2026-08-29T19:30:17+00:00","article:modified_time":"2026-08-29T19:30:18+00:00","twitter:card":"summary_large_image","twitter:title":"Gdybym by\u0142 in\u017cynierem spo\u0142ecznym \u2013 S07E02 - Wolno\u015b\u0107 i Anarchia","twitter:description":"\u201eGdybym by\u0142 in\u017cynierem spo\u0142ecznym\u201d Anatomia systemu kontroli XXI wieku Segment 7 \u2014 Czy mo\u017cna odzyska\u0107 sprawczo\u015b\u0107? 20. Cz\u0142owiek nieprzewidywalny - Dlaczego system najbardziej boi si\u0119 \u015bwiadomej jednostki Tematy: autonomia, krytyczne my\u015blenie, samodzielno\u015b\u0107, odporno\u015b\u0107 na manipulacj\u0119, d\u0142ugoterminowe my\u015blenie. Opracowanie w\u0142asne. Seria dla p\u0142atnych subskrybent\u00f3w Substack. Gdybym by\u0142 in\u017cynierem spo\u0142ecznym - S07E02 autorstwa Wolno\u015b\u0107 i AnarchiaAnatomia systemu","twitter:image":"https:\/\/wia.net.pl\/wp-content\/uploads\/2023\/11\/cropped-freedom-i73367.jpg"},"aioseo_meta_data":{"post_id":"12761","title":null,"description":null,"keywords":null,"keyphrases":{"focus":{"keyphrase":"","score":0,"analysis":{"keyphraseInTitle":{"score":0,"maxScore":9,"error":1}}},"additional":[]},"primary_term":null,"canonical_url":null,"og_title":null,"og_description":null,"og_object_type":"default","og_image_type":"default","og_image_url":null,"og_image_width":null,"og_image_height":null,"og_image_custom_url":null,"og_image_custom_fields":null,"og_video":"","og_custom_url":null,"og_article_section":null,"og_article_tags":null,"twitter_use_og":false,"twitter_card":"default","twitter_image_type":"default","twitter_image_url":null,"twitter_image_custom_url":null,"twitter_image_custom_fields":null,"twitter_title":null,"twitter_description":null,"schema":{"blockGraphs":[],"customGraphs":[],"default":{"data":{"Article":[],"Course":[],"Dataset":[],"FAQPage":[],"Movie":[],"Person":[],"Product":[],"ProductReview":[],"Car":[],"Recipe":[],"Service":[],"SoftwareApplication":[],"WebPage":[]},"graphName":"BlogPosting","isEnabled":true},"graphs":[]},"schema_type":"default","schema_type_options":null,"pillar_content":false,"robots_default":true,"robots_noindex":false,"robots_noarchive":false,"robots_nosnippet":false,"robots_nofollow":false,"robots_noimageindex":false,"robots_noodp":false,"robots_notranslate":false,"robots_max_snippet":"-1","robots_max_videopreview":"-1","robots_max_imagepreview":"large","priority":null,"frequency":"default","local_seo":null,"breadcrumb_settings":null,"limit_modified_date":false,"ai":{"faqs":[],"keyPoints":[],"schemas":[],"titles":[],"descriptions":[],"socialPosts":{"email":{"subject":"","preview":"","content":""},"linkedin":[],"twitter":[],"facebook":[],"instagram":[]}},"created":"2026-08-29 19:30:19","updated":"2026-08-29 20:30:53","seo_analyzer_scan_date":null,"focus_keyword":null,"additional_keywords":null,"truseo_locale":null},"aioseo_breadcrumb":"<div class=\"aioseo-breadcrumbs\"><span class=\"aioseo-breadcrumb\">\n\t\t\t<a href=\"https:\/\/wia.net.pl\" title=\"Home\">Home<\/a>\n\t\t<\/span><span class=\"aioseo-breadcrumb-separator\">&raquo;<\/span><span class=\"aioseo-breadcrumb\">\n\t\t\t<a href=\"https:\/\/wia.net.pl\/index.php\/category\/platna-subskrypcja-substack\/\" title=\"P\u0142atna subskrypcja Substack\">P\u0142atna subskrypcja Substack<\/a>\n\t\t<\/span><span class=\"aioseo-breadcrumb-separator\">&raquo;<\/span><span class=\"aioseo-breadcrumb\">\n\t\t\tGdybym by\u0142 in\u017cynierem spo\u0142ecznym \u2013 S07E02\n\t\t<\/span><\/div>","aioseo_breadcrumb_json":[{"label":"Home","link":"https:\/\/wia.net.pl"},{"label":"P\u0142atna subskrypcja Substack","link":"https:\/\/wia.net.pl\/index.php\/category\/platna-subskrypcja-substack\/"},{"label":"Gdybym by\u0142 in\u017cynierem spo\u0142ecznym &#8211; S07E02","link":"https:\/\/wia.net.pl\/index.php\/2026\/08\/29\/gdybym-byl-inzynierem-spolecznym-s07e02\/"}],"_links":{"self":[{"href":"https:\/\/wia.net.pl\/index.php\/wp-json\/wp\/v2\/posts\/12761"}],"collection":[{"href":"https:\/\/wia.net.pl\/index.php\/wp-json\/wp\/v2\/posts"}],"about":[{"href":"https:\/\/wia.net.pl\/index.php\/wp-json\/wp\/v2\/types\/post"}],"author":[{"embeddable":true,"href":"https:\/\/wia.net.pl\/index.php\/wp-json\/wp\/v2\/users\/3"}],"replies":[{"embeddable":true,"href":"https:\/\/wia.net.pl\/index.php\/wp-json\/wp\/v2\/comments?post=12761"}],"version-history":[{"count":1,"href":"https:\/\/wia.net.pl\/index.php\/wp-json\/wp\/v2\/posts\/12761\/revisions"}],"predecessor-version":[{"id":12763,"href":"https:\/\/wia.net.pl\/index.php\/wp-json\/wp\/v2\/posts\/12761\/revisions\/12763"}],"wp:featuredmedia":[{"embeddable":true,"href":"https:\/\/wia.net.pl\/index.php\/wp-json\/wp\/v2\/media\/12762"}],"wp:attachment":[{"href":"https:\/\/wia.net.pl\/index.php\/wp-json\/wp\/v2\/media?parent=12761"}],"wp:term":[{"taxonomy":"category","embeddable":true,"href":"https:\/\/wia.net.pl\/index.php\/wp-json\/wp\/v2\/categories?post=12761"},{"taxonomy":"post_tag","embeddable":true,"href":"https:\/\/wia.net.pl\/index.php\/wp-json\/wp\/v2\/tags?post=12761"}],"curies":[{"name":"wp","href":"https:\/\/api.w.org\/{rel}","templated":true}]}}