{"id":1311,"date":"2023-06-03T13:17:11","date_gmt":"2023-06-03T11:17:11","guid":{"rendered":"https:\/\/wia.net.pl\/?p=1311"},"modified":"2023-06-03T13:17:12","modified_gmt":"2023-06-03T11:17:12","slug":"robert-sepehr-antropologia-wprowadzenie-zaproszenie-zakres","status":"publish","type":"post","link":"https:\/\/wia.net.pl\/index.php\/2023\/06\/03\/robert-sepehr-antropologia-wprowadzenie-zaproszenie-zakres\/","title":{"rendered":"Robert Sepehr &#8211; Antropologia &#8211; wprowadzenie zaproszenie zakres"},"content":{"rendered":"\n<p>Robert Sepehr &#8211; Antropologia wprowadzenie zaproszenie zakres<\/p>\n\n\n\n<p>\u0179R\u00d3D\u0141O: <\/p>\n\n\n\n<p>Kana\u0142 Atlantean Gardens &#8211; https:\/\/www.youtube.com\/c\/AtlanteangardensOrg <\/p>\n\n\n\n<p>Kana\u0142 Robert Sepehr &#8211; https:\/\/www.youtube.com\/user\/818encino<\/p>\n\n\n\n<figure class=\"wp-block-embed is-type-video is-provider-youtube wp-block-embed-youtube wp-embed-aspect-16-9 wp-has-aspect-ratio\"><div class=\"wp-block-embed__wrapper\">\n<iframe loading=\"lazy\" title=\"Robert Sepehr   Antropologia   wprowadzenie zaproszenie zakres\" width=\"858\" height=\"483\" src=\"https:\/\/www.youtube.com\/embed\/lAII-H8QglM?feature=oembed\" frameborder=\"0\" allow=\"accelerometer; autoplay; clipboard-write; encrypted-media; gyroscope; picture-in-picture; web-share\" allowfullscreen><\/iframe>\n<\/div><\/figure>\n<div class=\"remoji_bar\"><div class=\"remoji_add_container\" data-remoji-id=\"1311\" data-remoji-type=\"post\"><div class=\"remoji_add_icon\"><\/div><\/div><div class=\"remoji_error_bar\" data-remoji-id=\"1311\" data-remoji-type=\"post\" style=\"display: none;\">Error happened.<\/div><\/div>","protected":false},"excerpt":{"rendered":"<p>Robert Sepehr &#8211; Antropologia wprowadzenie zaproszenie zakres \u0179R\u00d3D\u0141O: Kana\u0142 Atlantean Gardens &#8211; https:\/\/www.youtube.com\/c\/AtlanteangardensOrg Kana\u0142 Robert Sepehr &#8211; https:\/\/www.youtube.com\/user\/818encino Error happened.<\/p>\n","protected":false},"author":3,"featured_media":1312,"comment_status":"open","ping_status":"open","sticky":false,"template":"","format":"standard","meta":{"_acf_changed":false,"_bbp_topic_count":0,"_bbp_reply_count":0,"_bbp_total_topic_count":0,"_bbp_total_reply_count":0,"_bbp_voice_count":0,"_bbp_anonymous_reply_count":0,"_bbp_topic_count_hidden":0,"_bbp_reply_count_hidden":0,"_bbp_forum_subforum_count":0,"om_disable_all_campaigns":false,"_monsterinsights_skip_tracking":false,"_monsterinsights_sitenote_active":false,"_monsterinsights_sitenote_note":"","_monsterinsights_sitenote_category":0,"footnotes":""},"categories":[11],"tags":[114,89,68,63,71,113,112,67,88,32,62],"class_list":["post-1311","post","type-post","status-publish","format-standard","has-post-thumbnail","hentry","category-antropologia","tag-alchemia","tag-atlantean-gardens","tag-cesarstwo-rzymskie","tag-historia-ziemi","tag-kosciol-katolicki","tag-magia","tag-okultyzm","tag-religie","tag-robert-sepehr","tag-rzad","tag-wszechswiat"],"acf":[],"aioseo_notices":[],"_links":{"self":[{"href":"https:\/\/wia.net.pl\/index.php\/wp-json\/wp\/v2\/posts\/1311"}],"collection":[{"href":"https:\/\/wia.net.pl\/index.php\/wp-json\/wp\/v2\/posts"}],"about":[{"href":"https:\/\/wia.net.pl\/index.php\/wp-json\/wp\/v2\/types\/post"}],"author":[{"embeddable":true,"href":"https:\/\/wia.net.pl\/index.php\/wp-json\/wp\/v2\/users\/3"}],"replies":[{"embeddable":true,"href":"https:\/\/wia.net.pl\/index.php\/wp-json\/wp\/v2\/comments?post=1311"}],"version-history":[{"count":1,"href":"https:\/\/wia.net.pl\/index.php\/wp-json\/wp\/v2\/posts\/1311\/revisions"}],"predecessor-version":[{"id":1313,"href":"https:\/\/wia.net.pl\/index.php\/wp-json\/wp\/v2\/posts\/1311\/revisions\/1313"}],"wp:featuredmedia":[{"embeddable":true,"href":"https:\/\/wia.net.pl\/index.php\/wp-json\/wp\/v2\/media\/1312"}],"wp:attachment":[{"href":"https:\/\/wia.net.pl\/index.php\/wp-json\/wp\/v2\/media?parent=1311"}],"wp:term":[{"taxonomy":"category","embeddable":true,"href":"https:\/\/wia.net.pl\/index.php\/wp-json\/wp\/v2\/categories?post=1311"},{"taxonomy":"post_tag","embeddable":true,"href":"https:\/\/wia.net.pl\/index.php\/wp-json\/wp\/v2\/tags?post=1311"}],"curies":[{"name":"wp","href":"https:\/\/api.w.org\/{rel}","templated":true}]}}