{"id":1344,"date":"2023-06-03T14:42:46","date_gmt":"2023-06-03T12:42:46","guid":{"rendered":"https:\/\/wia.net.pl\/?p=1344"},"modified":"2023-06-03T14:42:47","modified_gmt":"2023-06-03T12:42:47","slug":"linia-krwi-wezowego-nasienia","status":"publish","type":"post","link":"https:\/\/wia.net.pl\/index.php\/2023\/06\/03\/linia-krwi-wezowego-nasienia\/","title":{"rendered":"Linia krwi w\u0119\u017cowego nasienia"},"content":{"rendered":"\n<p>W religiach Abrahamowych upad\u0142e anio\u0142y to anio\u0142y, kt\u00f3re zgrzeszy\u0142y, gdy wed\u0142ug Ksi\u0119gi Rodzaju synowie Boga sp\u00f3\u0142kowali z c\u00f3rkami ludzi i mieli po nich potomstwo. Doktryna o nasieniu w\u0119\u017ca to nauka, \u017ce w ogrodzie Eden w\u0105\u017c (diabe\u0142, czyli przeciwnik) mia\u0142 intymne stosunki z Ew\u0105.<\/p>\n\n\n\n<p>Merowingowie byli dynasti\u0105 frankijskich kr\u00f3l\u00f3w, kt\u00f3rzy rz\u0105dzili cz\u0119sto zmieniaj\u0105cym si\u0119 obszarem, w du\u017cej mierze odpowiadaj\u0105cym staro\u017cytnej Galii, od V do VIII wieku. Galia by\u0142a historycznym regionem Europy Zachodniej w epoce \u017celaza, kt\u00f3ry by\u0142 zamieszkiwany przez plemiona celtyckie, obejmuj\u0105cym dzisiejsz\u0105 Francj\u0119, Luksemburg, Belgi\u0119, wi\u0119kszo\u015b\u0107 Szwajcarii, a tak\u017ce cz\u0119\u015b\u0107 p\u00f3\u0142nocnych W\u0142och, Holandii i Niemiec, w szczeg\u00f3lno\u015bci zachodni brzeg Renu.<\/p>\n\n\n\n<p>Czasami nazywano ich &#8222;d\u0142ugow\u0142osymi kr\u00f3lami&#8221;, a po upadku Cesarstwa Rzymskiego Merowingowie pomogli ukszta\u0142towa\u0107 na nowo map\u0119 Europy i zapewni\u0107 stabilno\u015b\u0107 regionu, z kt\u00f3rego wy\u0142oni\u0142a si\u0119 Francja.<\/p>\n\n\n\n<p>\u0179R\u00d3D\u0141O: <\/p>\n\n\n\n<p>Kana\u0142 Atlantean gardens \u2013 https:\/\/www.youtube.com\/c\/AtlanteangardensOrg <\/p>\n\n\n\n<p>Kana\u0142 Robert Sepehr \u2013 https:\/\/www.youtube.com\/user\/818encino<\/p>\n\n\n\n<figure class=\"wp-block-embed is-type-video is-provider-youtube wp-block-embed-youtube wp-embed-aspect-4-3 wp-has-aspect-ratio\"><div class=\"wp-block-embed__wrapper\">\n<iframe loading=\"lazy\" title=\"Linia krwi w\u0119\u017cowego nasienia\" width=\"858\" height=\"644\" src=\"https:\/\/www.youtube.com\/embed\/f080cLhZZfI?feature=oembed\" frameborder=\"0\" allow=\"accelerometer; autoplay; clipboard-write; encrypted-media; gyroscope; picture-in-picture; web-share\" allowfullscreen><\/iframe>\n<\/div><\/figure>\n<div class=\"remoji_bar\"><div class=\"remoji_add_container\" data-remoji-id=\"1344\" data-remoji-type=\"post\"><div class=\"remoji_add_icon\"><\/div><\/div><div class=\"remoji_error_bar\" data-remoji-id=\"1344\" data-remoji-type=\"post\" style=\"display: none;\">Error happened.<\/div><\/div>","protected":false},"excerpt":{"rendered":"<p>W religiach Abrahamowych upad\u0142e anio\u0142y to anio\u0142y, kt\u00f3re zgrzeszy\u0142y, gdy wed\u0142ug Ksi\u0119gi Rodzaju synowie Boga sp\u00f3\u0142kowali z c\u00f3rkami ludzi i mieli po nich potomstwo. Doktryna o nasieniu w\u0119\u017ca to nauka, \u017ce w ogrodzie Eden w\u0105\u017c (diabe\u0142, czyli przeciwnik) mia\u0142 intymne&#8230; <\/p>\n","protected":false},"author":3,"featured_media":1345,"comment_status":"open","ping_status":"open","sticky":false,"template":"","format":"standard","meta":{"_acf_changed":false,"_bbp_topic_count":0,"_bbp_reply_count":0,"_bbp_total_topic_count":0,"_bbp_total_reply_count":0,"_bbp_voice_count":0,"_bbp_anonymous_reply_count":0,"_bbp_topic_count_hidden":0,"_bbp_reply_count_hidden":0,"_bbp_forum_subforum_count":0,"om_disable_all_campaigns":false,"_monsterinsights_skip_tracking":false,"_monsterinsights_sitenote_active":false,"_monsterinsights_sitenote_note":"","_monsterinsights_sitenote_category":0,"footnotes":""},"categories":[11],"tags":[114,89,68,63,42,71,26,113,23,112,88,32,22,70,62],"class_list":["post-1344","post","type-post","status-publish","format-standard","has-post-thumbnail","hentry","category-antropologia","tag-alchemia","tag-atlantean-gardens","tag-cesarstwo-rzymskie","tag-historia-ziemi","tag-illuminati","tag-kosciol-katolicki","tag-ludzkosc","tag-magia","tag-niewolnictwo","tag-okultyzm","tag-robert-sepehr","tag-rzad","tag-satanizm","tag-tajne-stowarzyszenia","tag-wszechswiat"],"acf":[],"aioseo_notices":[],"_links":{"self":[{"href":"https:\/\/wia.net.pl\/index.php\/wp-json\/wp\/v2\/posts\/1344"}],"collection":[{"href":"https:\/\/wia.net.pl\/index.php\/wp-json\/wp\/v2\/posts"}],"about":[{"href":"https:\/\/wia.net.pl\/index.php\/wp-json\/wp\/v2\/types\/post"}],"author":[{"embeddable":true,"href":"https:\/\/wia.net.pl\/index.php\/wp-json\/wp\/v2\/users\/3"}],"replies":[{"embeddable":true,"href":"https:\/\/wia.net.pl\/index.php\/wp-json\/wp\/v2\/comments?post=1344"}],"version-history":[{"count":1,"href":"https:\/\/wia.net.pl\/index.php\/wp-json\/wp\/v2\/posts\/1344\/revisions"}],"predecessor-version":[{"id":1346,"href":"https:\/\/wia.net.pl\/index.php\/wp-json\/wp\/v2\/posts\/1344\/revisions\/1346"}],"wp:featuredmedia":[{"embeddable":true,"href":"https:\/\/wia.net.pl\/index.php\/wp-json\/wp\/v2\/media\/1345"}],"wp:attachment":[{"href":"https:\/\/wia.net.pl\/index.php\/wp-json\/wp\/v2\/media?parent=1344"}],"wp:term":[{"taxonomy":"category","embeddable":true,"href":"https:\/\/wia.net.pl\/index.php\/wp-json\/wp\/v2\/categories?post=1344"},{"taxonomy":"post_tag","embeddable":true,"href":"https:\/\/wia.net.pl\/index.php\/wp-json\/wp\/v2\/tags?post=1344"}],"curies":[{"name":"wp","href":"https:\/\/api.w.org\/{rel}","templated":true}]}}