{"id":1347,"date":"2023-06-03T14:46:12","date_gmt":"2023-06-03T12:46:12","guid":{"rendered":"https:\/\/wia.net.pl\/?p=1347"},"modified":"2023-06-03T14:46:13","modified_gmt":"2023-06-03T12:46:13","slug":"starozytne-dziedzictwo-i-historia-fenicjan","status":"publish","type":"post","link":"https:\/\/wia.net.pl\/index.php\/2023\/06\/03\/starozytne-dziedzictwo-i-historia-fenicjan\/","title":{"rendered":"Staro\u017cytne dziedzictwo i historia Fenicjan"},"content":{"rendered":"\n<p>Ludowy taniec pochodz\u0105cy ze wschodniego regionu Morza \u015ar\u00f3dziemnego, palesty\u0144skie skoki Dabke mog\u0105 mie\u0107 swoje korzenie w staro\u017cytnych kananejskich obrz\u0119dach p\u0142odno\u015bci, gdzie Fenicjanie byli prawdopodobnie pierwszymi nauczycielami ta\u0144ca dla reszty \u015bwiata. Og\u00f3lnie rzecz bior\u0105c, staro\u017cytne ta\u0144ce by\u0142y cz\u0119sto zwi\u0105zane z rytua\u0142ami religijnymi, zwi\u0105zek ten by\u0142 powszechny a\u017c do XVI wieku i nadal trwa w niekt\u00f3rych krajach.<\/p>\n\n\n\n<p>Fenicja by\u0142a cywilizacj\u0105 morsk\u0105, kt\u00f3ra obejmowa\u0142a obszary przybrze\u017cne dzisiejszego Libanu, p\u00f3\u0142nocnego Izraela i po\u0142udniowej Syrii od oko\u0142o 1550 p.n.e. do 300 p.n.e. Fenicki system pisania sta\u0142 si\u0119 powszechnie u\u017cywany, rozprzestrzeniony przez fenickich kupc\u00f3w w ca\u0142ym \u015bwiecie \u015br\u00f3dziemnomorskim, gdzie jego alfabet ewoluowa\u0142 i zosta\u0142 przyswojony przez wiele innych kultur.<\/p>\n\n\n\n<p>\u0179R\u00d3D\u0141O: <\/p>\n\n\n\n<p>Kana\u0142 Atlantean gardens \u2013 https:\/\/www.youtube.com\/c\/AtlanteangardensOrg <\/p>\n\n\n\n<p>Kana\u0142 Robert Sepehr \u2013 https:\/\/www.youtube.com\/user\/818encino<\/p>\n\n\n\n<figure class=\"wp-block-embed is-type-video is-provider-youtube wp-block-embed-youtube wp-embed-aspect-16-9 wp-has-aspect-ratio\"><div class=\"wp-block-embed__wrapper\">\n<iframe loading=\"lazy\" title=\"Staro\u017cytne dziedzictwo i historia Fenicjan\" width=\"858\" height=\"483\" src=\"https:\/\/www.youtube.com\/embed\/Qpug3AS2LkA?feature=oembed\" frameborder=\"0\" allow=\"accelerometer; autoplay; clipboard-write; encrypted-media; gyroscope; picture-in-picture; web-share\" allowfullscreen><\/iframe>\n<\/div><\/figure>\n","protected":false},"excerpt":{"rendered":"<p>Ludowy taniec pochodz\u0105cy ze wschodniego regionu Morza \u015ar\u00f3dziemnego, palesty\u0144skie skoki Dabke mog\u0105 mie\u0107 swoje korzenie w staro\u017cytnych kananejskich obrz\u0119dach p\u0142odno\u015bci, gdzie Fenicjanie byli prawdopodobnie pierwszymi nauczycielami ta\u0144ca dla reszty \u015bwiata. Og\u00f3lnie rzecz bior\u0105c, staro\u017cytne ta\u0144ce by\u0142y cz\u0119sto zwi\u0105zane z rytua\u0142ami&#8230; <\/p>\n","protected":false},"author":3,"featured_media":1348,"comment_status":"open","ping_status":"open","sticky":false,"template":"","format":"standard","meta":{"_acf_changed":false,"_bbp_topic_count":0,"_bbp_reply_count":0,"_bbp_total_topic_count":0,"_bbp_total_reply_count":0,"_bbp_voice_count":0,"_bbp_anonymous_reply_count":0,"_bbp_topic_count_hidden":0,"_bbp_reply_count_hidden":0,"_bbp_forum_subforum_count":0,"om_disable_all_campaigns":false,"_monsterinsights_skip_tracking":false,"footnotes":""},"categories":[11],"tags":[114,89,68,63,42,71,113,23,112,67,88,32,22,70,62],"class_list":["post-1347","post","type-post","status-publish","format-standard","has-post-thumbnail","hentry","category-antropologia","tag-alchemia","tag-atlantean-gardens","tag-cesarstwo-rzymskie","tag-historia-ziemi","tag-illuminati","tag-kosciol-katolicki","tag-magia","tag-niewolnictwo","tag-okultyzm","tag-religie","tag-robert-sepehr","tag-rzad","tag-satanizm","tag-tajne-stowarzyszenia","tag-wszechswiat"],"acf":[],"aioseo_notices":[],"aioseo_head":"\n\t\t<!-- All in One SEO 5.0.1.1 - aioseo.com -->\n\t<meta name=\"description\" content=\"Ludowy taniec pochodz\u0105cy ze wschodniego regionu Morza \u015ar\u00f3dziemnego, palesty\u0144skie skoki Dabke mog\u0105 mie\u0107 swoje korzenie w staro\u017cytnych kananejskich obrz\u0119dach p\u0142odno\u015bci, gdzie Fenicjanie byli prawdopodobnie pierwszymi nauczycielami ta\u0144ca dla reszty \u015bwiata. Og\u00f3lnie rzecz bior\u0105c, staro\u017cytne ta\u0144ce by\u0142y cz\u0119sto zwi\u0105zane z rytua\u0142ami religijnymi, zwi\u0105zek ten by\u0142 powszechny a\u017c do XVI wieku i nadal trwa w niekt\u00f3rych krajach.\" \/>\n\t<meta name=\"robots\" content=\"max-image-preview:large\" \/>\n\t<meta name=\"author\" content=\"Bart\u0142omiej Talarczyk\"\/>\n\t<link rel=\"canonical\" href=\"https:\/\/wia.net.pl\/index.php\/2023\/06\/03\/starozytne-dziedzictwo-i-historia-fenicjan\/\" \/>\n\t<meta name=\"generator\" content=\"All in One SEO (AIOSEO) 5.0.1.1\" \/>\n\t\t<meta property=\"og:locale\" content=\"pl_PL\" \/>\n\t\t<meta property=\"og:site_name\" content=\"Wolno\u015b\u0107 i Anarchia - Ka\u017cdy wewn\u0119trznie jest anarchist\u0105.\" \/>\n\t\t<meta property=\"og:type\" content=\"article\" \/>\n\t\t<meta property=\"og:title\" content=\"Staro\u017cytne dziedzictwo i historia Fenicjan - Wolno\u015b\u0107 i Anarchia\" \/>\n\t\t<meta property=\"og:description\" content=\"Ludowy taniec pochodz\u0105cy ze wschodniego regionu Morza \u015ar\u00f3dziemnego, palesty\u0144skie skoki Dabke mog\u0105 mie\u0107 swoje korzenie w staro\u017cytnych kananejskich obrz\u0119dach p\u0142odno\u015bci, gdzie Fenicjanie byli prawdopodobnie pierwszymi nauczycielami ta\u0144ca dla reszty \u015bwiata. Og\u00f3lnie rzecz bior\u0105c, staro\u017cytne ta\u0144ce by\u0142y cz\u0119sto zwi\u0105zane z rytua\u0142ami religijnymi, zwi\u0105zek ten by\u0142 powszechny a\u017c do XVI wieku i nadal trwa w niekt\u00f3rych krajach.\" \/>\n\t\t<meta property=\"og:url\" content=\"https:\/\/wia.net.pl\/index.php\/2023\/06\/03\/starozytne-dziedzictwo-i-historia-fenicjan\/\" \/>\n\t\t<meta property=\"og:image\" content=\"https:\/\/wia.net.pl\/wp-content\/uploads\/2023\/11\/cropped-freedom-i73367.jpg\" \/>\n\t\t<meta property=\"og:image:secure_url\" content=\"https:\/\/wia.net.pl\/wp-content\/uploads\/2023\/11\/cropped-freedom-i73367.jpg\" \/>\n\t\t<meta property=\"article:published_time\" content=\"2023-06-03T12:46:12+00:00\" \/>\n\t\t<meta property=\"article:modified_time\" content=\"2023-06-03T12:46:13+00:00\" \/>\n\t\t<meta name=\"twitter:card\" content=\"summary_large_image\" \/>\n\t\t<meta name=\"twitter:title\" content=\"Staro\u017cytne dziedzictwo i historia Fenicjan - Wolno\u015b\u0107 i Anarchia\" \/>\n\t\t<meta name=\"twitter:description\" content=\"Ludowy taniec pochodz\u0105cy ze wschodniego regionu Morza \u015ar\u00f3dziemnego, palesty\u0144skie skoki Dabke mog\u0105 mie\u0107 swoje korzenie w staro\u017cytnych kananejskich obrz\u0119dach p\u0142odno\u015bci, gdzie Fenicjanie byli prawdopodobnie pierwszymi nauczycielami ta\u0144ca dla reszty \u015bwiata. Og\u00f3lnie rzecz bior\u0105c, staro\u017cytne ta\u0144ce by\u0142y cz\u0119sto zwi\u0105zane z rytua\u0142ami religijnymi, zwi\u0105zek ten by\u0142 powszechny a\u017c do XVI wieku i nadal trwa w niekt\u00f3rych krajach.\" \/>\n\t\t<meta name=\"twitter:image\" content=\"https:\/\/wia.net.pl\/wp-content\/uploads\/2023\/11\/cropped-freedom-i73367.jpg\" \/>\n\t\t<script type=\"application\/ld+json\" class=\"aioseo-schema\">\n\t\t\t{\"@context\":\"https:\\\/\\\/schema.org\",\"@graph\":[{\"@type\":\"BlogPosting\",\"@id\":\"https:\\\/\\\/wia.net.pl\\\/index.php\\\/2023\\\/06\\\/03\\\/starozytne-dziedzictwo-i-historia-fenicjan\\\/#blogposting\",\"name\":\"Staro\\u017cytne dziedzictwo i historia Fenicjan - Wolno\\u015b\\u0107 i Anarchia\",\"headline\":\"Staro\\u017cytne dziedzictwo i historia Fenicjan\",\"author\":{\"@id\":\"https:\\\/\\\/wia.net.pl\\\/index.php\\\/author\\\/talar\\\/#author\"},\"publisher\":{\"@id\":\"https:\\\/\\\/wia.net.pl\\\/#person\"},\"image\":{\"@type\":\"ImageObject\",\"url\":\"https:\\\/\\\/wia.net.pl\\\/wp-content\\\/uploads\\\/2023\\\/06\\\/Fenicja-scaled.jpg\",\"width\":2560,\"height\":1810},\"datePublished\":\"2023-06-03T14:46:12+02:00\",\"dateModified\":\"2023-06-03T14:46:13+02:00\",\"inLanguage\":\"pl-PL\",\"mainEntityOfPage\":{\"@id\":\"https:\\\/\\\/wia.net.pl\\\/index.php\\\/2023\\\/06\\\/03\\\/starozytne-dziedzictwo-i-historia-fenicjan\\\/#webpage\"},\"isPartOf\":{\"@id\":\"https:\\\/\\\/wia.net.pl\\\/index.php\\\/2023\\\/06\\\/03\\\/starozytne-dziedzictwo-i-historia-fenicjan\\\/#webpage\"},\"articleSection\":\"Antropologia, Alchemia, Atlantean gardens, Cesarstwo Rzymskie, Historia ziemi, Illuminati, Ko\\u015bci\\u00f3\\u0142 katolicki, Magia, Niewolnictwo, Okultyzm, Religie, Robert Sepehr, Rz\\u0105d, Satanizm, Tajne stowarzyszenia, Wszech\\u015bwiat\"},{\"@type\":\"BreadcrumbList\",\"@id\":\"https:\\\/\\\/wia.net.pl\\\/index.php\\\/2023\\\/06\\\/03\\\/starozytne-dziedzictwo-i-historia-fenicjan\\\/#breadcrumblist\",\"itemListElement\":[{\"@type\":\"ListItem\",\"@id\":\"https:\\\/\\\/wia.net.pl#listItem\",\"position\":1,\"name\":\"Home\",\"item\":\"https:\\\/\\\/wia.net.pl\",\"nextItem\":{\"@type\":\"ListItem\",\"@id\":\"https:\\\/\\\/wia.net.pl\\\/index.php\\\/category\\\/antropologia\\\/#listItem\",\"name\":\"Antropologia\"}},{\"@type\":\"ListItem\",\"@id\":\"https:\\\/\\\/wia.net.pl\\\/index.php\\\/category\\\/antropologia\\\/#listItem\",\"position\":2,\"name\":\"Antropologia\",\"item\":\"https:\\\/\\\/wia.net.pl\\\/index.php\\\/category\\\/antropologia\\\/\",\"nextItem\":{\"@type\":\"ListItem\",\"@id\":\"https:\\\/\\\/wia.net.pl\\\/index.php\\\/2023\\\/06\\\/03\\\/starozytne-dziedzictwo-i-historia-fenicjan\\\/#listItem\",\"name\":\"Staro\\u017cytne dziedzictwo i historia Fenicjan\"},\"previousItem\":{\"@type\":\"ListItem\",\"@id\":\"https:\\\/\\\/wia.net.pl#listItem\",\"name\":\"Home\"}},{\"@type\":\"ListItem\",\"@id\":\"https:\\\/\\\/wia.net.pl\\\/index.php\\\/2023\\\/06\\\/03\\\/starozytne-dziedzictwo-i-historia-fenicjan\\\/#listItem\",\"position\":3,\"name\":\"Staro\\u017cytne dziedzictwo i historia Fenicjan\",\"previousItem\":{\"@type\":\"ListItem\",\"@id\":\"https:\\\/\\\/wia.net.pl\\\/index.php\\\/category\\\/antropologia\\\/#listItem\",\"name\":\"Antropologia\"}}]},{\"@type\":\"Person\",\"@id\":\"https:\\\/\\\/wia.net.pl\\\/#person\",\"name\":\"Bart\\u0142omiej Talarczyk\",\"image\":{\"@type\":\"ImageObject\",\"@id\":\"https:\\\/\\\/wia.net.pl\\\/index.php\\\/2023\\\/06\\\/03\\\/starozytne-dziedzictwo-i-historia-fenicjan\\\/#personImage\",\"url\":\"https:\\\/\\\/wia.net.pl\\\/wp-content\\\/uploads\\\/avatar-privacy\\\/cache\\\/user\\\/1\\\/7\\\/176a6b161c58363ff49b5c167264231f519f5c7fa183ca1f61e891769b6b56d5-96.jpg\",\"width\":96,\"height\":96,\"caption\":\"Bart\\u0142omiej Talarczyk\"}},{\"@type\":\"Person\",\"@id\":\"https:\\\/\\\/wia.net.pl\\\/index.php\\\/author\\\/talar\\\/#author\",\"url\":\"https:\\\/\\\/wia.net.pl\\\/index.php\\\/author\\\/talar\\\/\",\"name\":\"Bart\\u0142omiej Talarczyk\",\"image\":{\"@type\":\"ImageObject\",\"@id\":\"https:\\\/\\\/wia.net.pl\\\/index.php\\\/2023\\\/06\\\/03\\\/starozytne-dziedzictwo-i-historia-fenicjan\\\/#authorImage\",\"url\":\"https:\\\/\\\/wia.net.pl\\\/wp-content\\\/uploads\\\/avatar-privacy\\\/cache\\\/user\\\/1\\\/7\\\/176a6b161c58363ff49b5c167264231f519f5c7fa183ca1f61e891769b6b56d5-96.jpg\",\"width\":96,\"height\":96,\"caption\":\"Bart\\u0142omiej Talarczyk\"}},{\"@type\":\"WebPage\",\"@id\":\"https:\\\/\\\/wia.net.pl\\\/index.php\\\/2023\\\/06\\\/03\\\/starozytne-dziedzictwo-i-historia-fenicjan\\\/#webpage\",\"url\":\"https:\\\/\\\/wia.net.pl\\\/index.php\\\/2023\\\/06\\\/03\\\/starozytne-dziedzictwo-i-historia-fenicjan\\\/\",\"name\":\"Staro\\u017cytne dziedzictwo i historia Fenicjan - Wolno\\u015b\\u0107 i Anarchia\",\"description\":\"Ludowy taniec pochodz\\u0105cy ze wschodniego regionu Morza \\u015ar\\u00f3dziemnego, palesty\\u0144skie skoki Dabke mog\\u0105 mie\\u0107 swoje korzenie w staro\\u017cytnych kananejskich obrz\\u0119dach p\\u0142odno\\u015bci, gdzie Fenicjanie byli prawdopodobnie pierwszymi nauczycielami ta\\u0144ca dla reszty \\u015bwiata. Og\\u00f3lnie rzecz bior\\u0105c, staro\\u017cytne ta\\u0144ce by\\u0142y cz\\u0119sto zwi\\u0105zane z rytua\\u0142ami religijnymi, zwi\\u0105zek ten by\\u0142 powszechny a\\u017c do XVI wieku i nadal trwa w niekt\\u00f3rych krajach.\",\"inLanguage\":\"pl-PL\",\"isPartOf\":{\"@id\":\"https:\\\/\\\/wia.net.pl\\\/#website\"},\"breadcrumb\":{\"@id\":\"https:\\\/\\\/wia.net.pl\\\/index.php\\\/2023\\\/06\\\/03\\\/starozytne-dziedzictwo-i-historia-fenicjan\\\/#breadcrumblist\"},\"author\":{\"@id\":\"https:\\\/\\\/wia.net.pl\\\/index.php\\\/author\\\/talar\\\/#author\"},\"creator\":{\"@id\":\"https:\\\/\\\/wia.net.pl\\\/index.php\\\/author\\\/talar\\\/#author\"},\"image\":{\"@type\":\"ImageObject\",\"url\":\"https:\\\/\\\/wia.net.pl\\\/wp-content\\\/uploads\\\/2023\\\/06\\\/Fenicja-scaled.jpg\",\"@id\":\"https:\\\/\\\/wia.net.pl\\\/index.php\\\/2023\\\/06\\\/03\\\/starozytne-dziedzictwo-i-historia-fenicjan\\\/#mainImage\",\"width\":2560,\"height\":1810},\"primaryImageOfPage\":{\"@id\":\"https:\\\/\\\/wia.net.pl\\\/index.php\\\/2023\\\/06\\\/03\\\/starozytne-dziedzictwo-i-historia-fenicjan\\\/#mainImage\"},\"datePublished\":\"2023-06-03T14:46:12+02:00\",\"dateModified\":\"2023-06-03T14:46:13+02:00\"},{\"@type\":\"WebSite\",\"@id\":\"https:\\\/\\\/wia.net.pl\\\/#website\",\"url\":\"https:\\\/\\\/wia.net.pl\\\/\",\"name\":\"Wolno\\u015b\\u0107 i Anarchia\",\"description\":\"Ka\\u017cdy wewn\\u0119trznie jest anarchist\\u0105.\",\"inLanguage\":\"pl-PL\",\"publisher\":{\"@id\":\"https:\\\/\\\/wia.net.pl\\\/#person\"}}]}\n\t\t<\/script>\n\t\t<!-- All in One SEO -->\n\n","aioseo_head_json":{"title":"Staro\u017cytne dziedzictwo i historia Fenicjan - Wolno\u015b\u0107 i Anarchia","description":"Ludowy taniec pochodz\u0105cy ze wschodniego regionu Morza \u015ar\u00f3dziemnego, palesty\u0144skie skoki Dabke mog\u0105 mie\u0107 swoje korzenie w staro\u017cytnych kananejskich obrz\u0119dach p\u0142odno\u015bci, gdzie Fenicjanie byli prawdopodobnie pierwszymi nauczycielami ta\u0144ca dla reszty \u015bwiata. Og\u00f3lnie rzecz bior\u0105c, staro\u017cytne ta\u0144ce by\u0142y cz\u0119sto zwi\u0105zane z rytua\u0142ami religijnymi, zwi\u0105zek ten by\u0142 powszechny a\u017c do XVI wieku i nadal trwa w niekt\u00f3rych krajach.","canonical_url":"https:\/\/wia.net.pl\/index.php\/2023\/06\/03\/starozytne-dziedzictwo-i-historia-fenicjan\/","robots":"max-image-preview:large","keywords":"","webmasterTools":{"miscellaneous":""},"schema":{"@context":"https:\/\/schema.org","@graph":[{"@type":"BlogPosting","@id":"https:\/\/wia.net.pl\/index.php\/2023\/06\/03\/starozytne-dziedzictwo-i-historia-fenicjan\/#blogposting","name":"Staro\u017cytne dziedzictwo i historia Fenicjan - Wolno\u015b\u0107 i Anarchia","headline":"Staro\u017cytne dziedzictwo i historia Fenicjan","author":{"@id":"https:\/\/wia.net.pl\/index.php\/author\/talar\/#author"},"publisher":{"@id":"https:\/\/wia.net.pl\/#person"},"image":{"@type":"ImageObject","url":"https:\/\/wia.net.pl\/wp-content\/uploads\/2023\/06\/Fenicja-scaled.jpg","width":2560,"height":1810},"datePublished":"2023-06-03T14:46:12+02:00","dateModified":"2023-06-03T14:46:13+02:00","inLanguage":"pl-PL","mainEntityOfPage":{"@id":"https:\/\/wia.net.pl\/index.php\/2023\/06\/03\/starozytne-dziedzictwo-i-historia-fenicjan\/#webpage"},"isPartOf":{"@id":"https:\/\/wia.net.pl\/index.php\/2023\/06\/03\/starozytne-dziedzictwo-i-historia-fenicjan\/#webpage"},"articleSection":"Antropologia, Alchemia, Atlantean gardens, Cesarstwo Rzymskie, Historia ziemi, Illuminati, Ko\u015bci\u00f3\u0142 katolicki, Magia, Niewolnictwo, Okultyzm, Religie, Robert Sepehr, Rz\u0105d, Satanizm, Tajne stowarzyszenia, Wszech\u015bwiat"},{"@type":"BreadcrumbList","@id":"https:\/\/wia.net.pl\/index.php\/2023\/06\/03\/starozytne-dziedzictwo-i-historia-fenicjan\/#breadcrumblist","itemListElement":[{"@type":"ListItem","@id":"https:\/\/wia.net.pl#listItem","position":1,"name":"Home","item":"https:\/\/wia.net.pl","nextItem":{"@type":"ListItem","@id":"https:\/\/wia.net.pl\/index.php\/category\/antropologia\/#listItem","name":"Antropologia"}},{"@type":"ListItem","@id":"https:\/\/wia.net.pl\/index.php\/category\/antropologia\/#listItem","position":2,"name":"Antropologia","item":"https:\/\/wia.net.pl\/index.php\/category\/antropologia\/","nextItem":{"@type":"ListItem","@id":"https:\/\/wia.net.pl\/index.php\/2023\/06\/03\/starozytne-dziedzictwo-i-historia-fenicjan\/#listItem","name":"Staro\u017cytne dziedzictwo i historia Fenicjan"},"previousItem":{"@type":"ListItem","@id":"https:\/\/wia.net.pl#listItem","name":"Home"}},{"@type":"ListItem","@id":"https:\/\/wia.net.pl\/index.php\/2023\/06\/03\/starozytne-dziedzictwo-i-historia-fenicjan\/#listItem","position":3,"name":"Staro\u017cytne dziedzictwo i historia Fenicjan","previousItem":{"@type":"ListItem","@id":"https:\/\/wia.net.pl\/index.php\/category\/antropologia\/#listItem","name":"Antropologia"}}]},{"@type":"Person","@id":"https:\/\/wia.net.pl\/#person","name":"Bart\u0142omiej Talarczyk","image":{"@type":"ImageObject","@id":"https:\/\/wia.net.pl\/index.php\/2023\/06\/03\/starozytne-dziedzictwo-i-historia-fenicjan\/#personImage","url":"https:\/\/wia.net.pl\/wp-content\/uploads\/avatar-privacy\/cache\/user\/1\/7\/176a6b161c58363ff49b5c167264231f519f5c7fa183ca1f61e891769b6b56d5-96.jpg","width":96,"height":96,"caption":"Bart\u0142omiej Talarczyk"}},{"@type":"Person","@id":"https:\/\/wia.net.pl\/index.php\/author\/talar\/#author","url":"https:\/\/wia.net.pl\/index.php\/author\/talar\/","name":"Bart\u0142omiej Talarczyk","image":{"@type":"ImageObject","@id":"https:\/\/wia.net.pl\/index.php\/2023\/06\/03\/starozytne-dziedzictwo-i-historia-fenicjan\/#authorImage","url":"https:\/\/wia.net.pl\/wp-content\/uploads\/avatar-privacy\/cache\/user\/1\/7\/176a6b161c58363ff49b5c167264231f519f5c7fa183ca1f61e891769b6b56d5-96.jpg","width":96,"height":96,"caption":"Bart\u0142omiej Talarczyk"}},{"@type":"WebPage","@id":"https:\/\/wia.net.pl\/index.php\/2023\/06\/03\/starozytne-dziedzictwo-i-historia-fenicjan\/#webpage","url":"https:\/\/wia.net.pl\/index.php\/2023\/06\/03\/starozytne-dziedzictwo-i-historia-fenicjan\/","name":"Staro\u017cytne dziedzictwo i historia Fenicjan - Wolno\u015b\u0107 i Anarchia","description":"Ludowy taniec pochodz\u0105cy ze wschodniego regionu Morza \u015ar\u00f3dziemnego, palesty\u0144skie skoki Dabke mog\u0105 mie\u0107 swoje korzenie w staro\u017cytnych kananejskich obrz\u0119dach p\u0142odno\u015bci, gdzie Fenicjanie byli prawdopodobnie pierwszymi nauczycielami ta\u0144ca dla reszty \u015bwiata. Og\u00f3lnie rzecz bior\u0105c, staro\u017cytne ta\u0144ce by\u0142y cz\u0119sto zwi\u0105zane z rytua\u0142ami religijnymi, zwi\u0105zek ten by\u0142 powszechny a\u017c do XVI wieku i nadal trwa w niekt\u00f3rych krajach.","inLanguage":"pl-PL","isPartOf":{"@id":"https:\/\/wia.net.pl\/#website"},"breadcrumb":{"@id":"https:\/\/wia.net.pl\/index.php\/2023\/06\/03\/starozytne-dziedzictwo-i-historia-fenicjan\/#breadcrumblist"},"author":{"@id":"https:\/\/wia.net.pl\/index.php\/author\/talar\/#author"},"creator":{"@id":"https:\/\/wia.net.pl\/index.php\/author\/talar\/#author"},"image":{"@type":"ImageObject","url":"https:\/\/wia.net.pl\/wp-content\/uploads\/2023\/06\/Fenicja-scaled.jpg","@id":"https:\/\/wia.net.pl\/index.php\/2023\/06\/03\/starozytne-dziedzictwo-i-historia-fenicjan\/#mainImage","width":2560,"height":1810},"primaryImageOfPage":{"@id":"https:\/\/wia.net.pl\/index.php\/2023\/06\/03\/starozytne-dziedzictwo-i-historia-fenicjan\/#mainImage"},"datePublished":"2023-06-03T14:46:12+02:00","dateModified":"2023-06-03T14:46:13+02:00"},{"@type":"WebSite","@id":"https:\/\/wia.net.pl\/#website","url":"https:\/\/wia.net.pl\/","name":"Wolno\u015b\u0107 i Anarchia","description":"Ka\u017cdy wewn\u0119trznie jest anarchist\u0105.","inLanguage":"pl-PL","publisher":{"@id":"https:\/\/wia.net.pl\/#person"}}]},"og:locale":"pl_PL","og:site_name":"Wolno\u015b\u0107 i Anarchia - Ka\u017cdy wewn\u0119trznie jest anarchist\u0105.","og:type":"article","og:title":"Staro\u017cytne dziedzictwo i historia Fenicjan - Wolno\u015b\u0107 i Anarchia","og:description":"Ludowy taniec pochodz\u0105cy ze wschodniego regionu Morza \u015ar\u00f3dziemnego, palesty\u0144skie skoki Dabke mog\u0105 mie\u0107 swoje korzenie w staro\u017cytnych kananejskich obrz\u0119dach p\u0142odno\u015bci, gdzie Fenicjanie byli prawdopodobnie pierwszymi nauczycielami ta\u0144ca dla reszty \u015bwiata. Og\u00f3lnie rzecz bior\u0105c, staro\u017cytne ta\u0144ce by\u0142y cz\u0119sto zwi\u0105zane z rytua\u0142ami religijnymi, zwi\u0105zek ten by\u0142 powszechny a\u017c do XVI wieku i nadal trwa w niekt\u00f3rych krajach.","og:url":"https:\/\/wia.net.pl\/index.php\/2023\/06\/03\/starozytne-dziedzictwo-i-historia-fenicjan\/","og:image":"https:\/\/wia.net.pl\/wp-content\/uploads\/2023\/11\/cropped-freedom-i73367.jpg","og:image:secure_url":"https:\/\/wia.net.pl\/wp-content\/uploads\/2023\/11\/cropped-freedom-i73367.jpg","article:published_time":"2023-06-03T12:46:12+00:00","article:modified_time":"2023-06-03T12:46:13+00:00","twitter:card":"summary_large_image","twitter:title":"Staro\u017cytne dziedzictwo i historia Fenicjan - Wolno\u015b\u0107 i Anarchia","twitter:description":"Ludowy taniec pochodz\u0105cy ze wschodniego regionu Morza \u015ar\u00f3dziemnego, palesty\u0144skie skoki Dabke mog\u0105 mie\u0107 swoje korzenie w staro\u017cytnych kananejskich obrz\u0119dach p\u0142odno\u015bci, gdzie Fenicjanie byli prawdopodobnie pierwszymi nauczycielami ta\u0144ca dla reszty \u015bwiata. Og\u00f3lnie rzecz bior\u0105c, staro\u017cytne ta\u0144ce by\u0142y cz\u0119sto zwi\u0105zane z rytua\u0142ami religijnymi, zwi\u0105zek ten by\u0142 powszechny a\u017c do XVI wieku i nadal trwa w niekt\u00f3rych krajach.","twitter:image":"https:\/\/wia.net.pl\/wp-content\/uploads\/2023\/11\/cropped-freedom-i73367.jpg"},"aioseo_meta_data":{"post_id":"1347","title":null,"description":null,"keywords":null,"keyphrases":null,"primary_term":null,"canonical_url":null,"og_title":null,"og_description":null,"og_object_type":"default","og_image_type":"default","og_image_url":null,"og_image_width":null,"og_image_height":null,"og_image_custom_url":null,"og_image_custom_fields":null,"og_video":null,"og_custom_url":null,"og_article_section":null,"og_article_tags":null,"twitter_use_og":false,"twitter_card":"default","twitter_image_type":"default","twitter_image_url":null,"twitter_image_custom_url":null,"twitter_image_custom_fields":null,"twitter_title":null,"twitter_description":null,"schema":{"blockGraphs":[],"customGraphs":[],"default":{"data":{"Article":[],"Course":[],"Dataset":[],"FAQPage":[],"Movie":[],"Person":[],"Product":[],"ProductReview":[],"Car":[],"Recipe":[],"Service":[],"SoftwareApplication":[],"WebPage":[]},"graphName":"","isEnabled":true},"graphs":[]},"schema_type":"default","schema_type_options":null,"pillar_content":false,"robots_default":true,"robots_noindex":false,"robots_noarchive":false,"robots_nosnippet":false,"robots_nofollow":false,"robots_noimageindex":false,"robots_noodp":false,"robots_notranslate":false,"robots_max_snippet":null,"robots_max_videopreview":null,"robots_max_imagepreview":"large","priority":null,"frequency":null,"local_seo":null,"breadcrumb_settings":null,"limit_modified_date":false,"ai":null,"created":"2023-06-06 13:44:21","updated":"2025-06-04 07:43:48","seo_analyzer_scan_date":null,"focus_keyword":null,"additional_keywords":null,"truseo_locale":null},"aioseo_breadcrumb":"<div class=\"aioseo-breadcrumbs\"><span class=\"aioseo-breadcrumb\">\n\t\t\t<a href=\"https:\/\/wia.net.pl\" title=\"Home\">Home<\/a>\n\t\t<\/span><span class=\"aioseo-breadcrumb-separator\">&raquo;<\/span><span class=\"aioseo-breadcrumb\">\n\t\t\t<a href=\"https:\/\/wia.net.pl\/index.php\/category\/antropologia\/\" title=\"Antropologia\">Antropologia<\/a>\n\t\t<\/span><span class=\"aioseo-breadcrumb-separator\">&raquo;<\/span><span class=\"aioseo-breadcrumb\">\n\t\t\tStaro\u017cytne dziedzictwo i historia Fenicjan\n\t\t<\/span><\/div>","aioseo_breadcrumb_json":[{"label":"Home","link":"https:\/\/wia.net.pl"},{"label":"Antropologia","link":"https:\/\/wia.net.pl\/index.php\/category\/antropologia\/"},{"label":"Staro\u017cytne dziedzictwo i historia Fenicjan","link":"https:\/\/wia.net.pl\/index.php\/2023\/06\/03\/starozytne-dziedzictwo-i-historia-fenicjan\/"}],"_links":{"self":[{"href":"https:\/\/wia.net.pl\/index.php\/wp-json\/wp\/v2\/posts\/1347"}],"collection":[{"href":"https:\/\/wia.net.pl\/index.php\/wp-json\/wp\/v2\/posts"}],"about":[{"href":"https:\/\/wia.net.pl\/index.php\/wp-json\/wp\/v2\/types\/post"}],"author":[{"embeddable":true,"href":"https:\/\/wia.net.pl\/index.php\/wp-json\/wp\/v2\/users\/3"}],"replies":[{"embeddable":true,"href":"https:\/\/wia.net.pl\/index.php\/wp-json\/wp\/v2\/comments?post=1347"}],"version-history":[{"count":1,"href":"https:\/\/wia.net.pl\/index.php\/wp-json\/wp\/v2\/posts\/1347\/revisions"}],"predecessor-version":[{"id":1349,"href":"https:\/\/wia.net.pl\/index.php\/wp-json\/wp\/v2\/posts\/1347\/revisions\/1349"}],"wp:featuredmedia":[{"embeddable":true,"href":"https:\/\/wia.net.pl\/index.php\/wp-json\/wp\/v2\/media\/1348"}],"wp:attachment":[{"href":"https:\/\/wia.net.pl\/index.php\/wp-json\/wp\/v2\/media?parent=1347"}],"wp:term":[{"taxonomy":"category","embeddable":true,"href":"https:\/\/wia.net.pl\/index.php\/wp-json\/wp\/v2\/categories?post=1347"},{"taxonomy":"post_tag","embeddable":true,"href":"https:\/\/wia.net.pl\/index.php\/wp-json\/wp\/v2\/tags?post=1347"}],"curies":[{"name":"wp","href":"https:\/\/api.w.org\/{rel}","templated":true}]}}