{"id":1370,"date":"2023-06-03T15:18:09","date_gmt":"2023-06-03T13:18:09","guid":{"rendered":"https:\/\/wia.net.pl\/?p=1370"},"modified":"2023-06-03T15:18:10","modified_gmt":"2023-06-03T13:18:10","slug":"starozytni-aryjczycy-na-calym-swiecie","status":"publish","type":"post","link":"https:\/\/wia.net.pl\/index.php\/2023\/06\/03\/starozytni-aryjczycy-na-calym-swiecie\/","title":{"rendered":"Staro\u017cytni Aryjczycy na ca\u0142ym \u015bwiecie"},"content":{"rendered":"\n<p>Obliczenia Eratostenesa: https:\/\/www.youtube.com\/watch?v=lVgx0Eio2Mg<\/p>\n\n\n\n<p>Epoka br\u0105zu to okres historyczny charakteryzuj\u0105cy si\u0119 wykorzystaniem br\u0105zu, a w niekt\u00f3rych obszarach proto-pi\u015bmiennictwa i innych wczesnych cech cywilizacji miejskiej.<\/p>\n\n\n\n<p>Aryjczycy to termin, kt\u00f3ry by\u0142 u\u017cywany jako samookre\u015blenie przez Indo-Ira\u0144czyk\u00f3w, na przyk\u0142ad, wyryte w kamieniu w napis Behistun, wieloj\u0119zyczne napisy i du\u017cy skalny relief na klifie z 522BC na g\u00f3rze Behistun w nowoczesnym Iranie, opowiadaj\u0105c histori\u0119 podboj\u00f3w kr\u00f3la Dariusza.<\/p>\n\n\n\n<p>Fenicja to staro\u017cytna \u015br\u00f3dziemnomorska cywilizacja morska, kt\u00f3ra powsta\u0142a w Lewancie, na zach\u00f3d od \u017byznego P\u00f3\u0142ksi\u0119\u017cyca.<\/p>\n\n\n\n<p>Jedwabny Szlak by\u0142 staro\u017cytn\u0105 sieci\u0105 szlak\u00f3w handlowych, kt\u00f3re \u0142\u0105czy\u0142y Wsch\u00f3d i Zach\u00f3d.<\/p>\n\n\n\n<p>\u0179R\u00d3D\u0141O: <\/p>\n\n\n\n<p>Kana\u0142 Atlantean Gardens &#8211; https:\/\/www.youtube.com\/c\/AtlanteangardensOrg <\/p>\n\n\n\n<p>Kana\u0142 Robert Sepehr &#8211; https:\/\/www.youtube.com\/user\/818encino <\/p>\n\n\n\n<p>Kana\u0142 Flat out truth: https:\/\/www.youtube.com\/@flatouttruthterryreicher1976<\/p>\n\n\n\n<figure class=\"wp-block-embed is-type-video is-provider-youtube wp-block-embed-youtube wp-embed-aspect-4-3 wp-has-aspect-ratio\"><div class=\"wp-block-embed__wrapper\">\n<iframe loading=\"lazy\" title=\"Staro\u017cytni Aryjczycy na ca\u0142ym \u015bwiecie\" width=\"858\" height=\"644\" src=\"https:\/\/www.youtube.com\/embed\/868AnKDIIps?feature=oembed\" frameborder=\"0\" allow=\"accelerometer; autoplay; clipboard-write; encrypted-media; gyroscope; picture-in-picture; web-share\" allowfullscreen><\/iframe>\n<\/div><\/figure>\n","protected":false},"excerpt":{"rendered":"<p>Obliczenia Eratostenesa: https:\/\/www.youtube.com\/watch?v=lVgx0Eio2Mg Epoka br\u0105zu to okres historyczny charakteryzuj\u0105cy si\u0119 wykorzystaniem br\u0105zu, a w niekt\u00f3rych obszarach proto-pi\u015bmiennictwa i innych wczesnych cech cywilizacji miejskiej. Aryjczycy to termin, kt\u00f3ry by\u0142 u\u017cywany jako samookre\u015blenie przez Indo-Ira\u0144czyk\u00f3w, na przyk\u0142ad, wyryte w kamieniu w napis&#8230; <\/p>\n","protected":false},"author":3,"featured_media":1371,"comment_status":"open","ping_status":"open","sticky":false,"template":"","format":"standard","meta":{"_acf_changed":false,"_bbp_topic_count":0,"_bbp_reply_count":0,"_bbp_total_topic_count":0,"_bbp_total_reply_count":0,"_bbp_voice_count":0,"_bbp_anonymous_reply_count":0,"_bbp_topic_count_hidden":0,"_bbp_reply_count_hidden":0,"_bbp_forum_subforum_count":0,"om_disable_all_campaigns":false,"_monsterinsights_skip_tracking":false,"footnotes":""},"categories":[11],"tags":[114,89,39,63,42,26,113,41,23,112,40,88,32,70,53,62],"class_list":["post-1370","post","type-post","status-publish","format-standard","has-post-thumbnail","hentry","category-antropologia","tag-alchemia","tag-atlantean-gardens","tag-flat-earth","tag-historia-ziemi","tag-illuminati","tag-ludzkosc","tag-magia","tag-nasa","tag-niewolnictwo","tag-okultyzm","tag-plaska-ziemia","tag-robert-sepehr","tag-rzad","tag-tajne-stowarzyszenia","tag-terry-r-eicher","tag-wszechswiat"],"acf":[],"aioseo_notices":[],"aioseo_head":"\n\t\t<!-- All in One SEO 5.0.1.1 - aioseo.com -->\n\t<meta name=\"description\" content=\"Obliczenia Eratostenesa: https:\/\/www.youtube.com\/watch?v=lVgx0Eio2Mg Epoka br\u0105zu to okres historyczny charakteryzuj\u0105cy si\u0119 wykorzystaniem br\u0105zu, a w niekt\u00f3rych obszarach proto-pi\u015bmiennictwa i innych wczesnych cech cywilizacji miejskiej. Aryjczycy to termin, kt\u00f3ry by\u0142 u\u017cywany jako samookre\u015blenie przez Indo-Ira\u0144czyk\u00f3w, na przyk\u0142ad, wyryte w kamieniu w napis Behistun, wieloj\u0119zyczne napisy i du\u017cy skalny relief na klifie z 522BC na g\u00f3rze Behistun w\" \/>\n\t<meta name=\"robots\" content=\"max-image-preview:large\" \/>\n\t<meta name=\"author\" content=\"Bart\u0142omiej Talarczyk\"\/>\n\t<link rel=\"canonical\" href=\"https:\/\/wia.net.pl\/index.php\/2023\/06\/03\/starozytni-aryjczycy-na-calym-swiecie\/\" \/>\n\t<meta name=\"generator\" content=\"All in One SEO (AIOSEO) 5.0.1.1\" \/>\n\t\t<meta property=\"og:locale\" content=\"pl_PL\" \/>\n\t\t<meta property=\"og:site_name\" content=\"Wolno\u015b\u0107 i Anarchia - Ka\u017cdy wewn\u0119trznie jest anarchist\u0105.\" \/>\n\t\t<meta property=\"og:type\" content=\"article\" \/>\n\t\t<meta property=\"og:title\" content=\"Staro\u017cytni Aryjczycy na ca\u0142ym \u015bwiecie - Wolno\u015b\u0107 i Anarchia\" \/>\n\t\t<meta property=\"og:description\" content=\"Obliczenia Eratostenesa: https:\/\/www.youtube.com\/watch?v=lVgx0Eio2Mg Epoka br\u0105zu to okres historyczny charakteryzuj\u0105cy si\u0119 wykorzystaniem br\u0105zu, a w niekt\u00f3rych obszarach proto-pi\u015bmiennictwa i innych wczesnych cech cywilizacji miejskiej. Aryjczycy to termin, kt\u00f3ry by\u0142 u\u017cywany jako samookre\u015blenie przez Indo-Ira\u0144czyk\u00f3w, na przyk\u0142ad, wyryte w kamieniu w napis Behistun, wieloj\u0119zyczne napisy i du\u017cy skalny relief na klifie z 522BC na g\u00f3rze Behistun w\" \/>\n\t\t<meta property=\"og:url\" content=\"https:\/\/wia.net.pl\/index.php\/2023\/06\/03\/starozytni-aryjczycy-na-calym-swiecie\/\" \/>\n\t\t<meta property=\"og:image\" content=\"https:\/\/wia.net.pl\/wp-content\/uploads\/2023\/11\/cropped-freedom-i73367.jpg\" \/>\n\t\t<meta property=\"og:image:secure_url\" content=\"https:\/\/wia.net.pl\/wp-content\/uploads\/2023\/11\/cropped-freedom-i73367.jpg\" \/>\n\t\t<meta property=\"article:published_time\" content=\"2023-06-03T13:18:09+00:00\" \/>\n\t\t<meta property=\"article:modified_time\" content=\"2023-06-03T13:18:10+00:00\" \/>\n\t\t<meta name=\"twitter:card\" content=\"summary_large_image\" \/>\n\t\t<meta name=\"twitter:title\" content=\"Staro\u017cytni Aryjczycy na ca\u0142ym \u015bwiecie - Wolno\u015b\u0107 i Anarchia\" \/>\n\t\t<meta name=\"twitter:description\" content=\"Obliczenia Eratostenesa: https:\/\/www.youtube.com\/watch?v=lVgx0Eio2Mg Epoka br\u0105zu to okres historyczny charakteryzuj\u0105cy si\u0119 wykorzystaniem br\u0105zu, a w niekt\u00f3rych obszarach proto-pi\u015bmiennictwa i innych wczesnych cech cywilizacji miejskiej. Aryjczycy to termin, kt\u00f3ry by\u0142 u\u017cywany jako samookre\u015blenie przez Indo-Ira\u0144czyk\u00f3w, na przyk\u0142ad, wyryte w kamieniu w napis Behistun, wieloj\u0119zyczne napisy i du\u017cy skalny relief na klifie z 522BC na g\u00f3rze Behistun w\" \/>\n\t\t<meta name=\"twitter:image\" content=\"https:\/\/wia.net.pl\/wp-content\/uploads\/2023\/11\/cropped-freedom-i73367.jpg\" \/>\n\t\t<script type=\"application\/ld+json\" class=\"aioseo-schema\">\n\t\t\t{\"@context\":\"https:\\\/\\\/schema.org\",\"@graph\":[{\"@type\":\"BlogPosting\",\"@id\":\"https:\\\/\\\/wia.net.pl\\\/index.php\\\/2023\\\/06\\\/03\\\/starozytni-aryjczycy-na-calym-swiecie\\\/#blogposting\",\"name\":\"Staro\\u017cytni Aryjczycy na ca\\u0142ym \\u015bwiecie - Wolno\\u015b\\u0107 i Anarchia\",\"headline\":\"Staro\\u017cytni Aryjczycy na ca\\u0142ym \\u015bwiecie\",\"author\":{\"@id\":\"https:\\\/\\\/wia.net.pl\\\/index.php\\\/author\\\/talar\\\/#author\"},\"publisher\":{\"@id\":\"https:\\\/\\\/wia.net.pl\\\/#person\"},\"image\":{\"@type\":\"ImageObject\",\"url\":\"https:\\\/\\\/wia.net.pl\\\/wp-content\\\/uploads\\\/2023\\\/06\\\/obliczenia-Eratostenesa.jpg\",\"width\":1920,\"height\":1080},\"datePublished\":\"2023-06-03T15:18:09+02:00\",\"dateModified\":\"2023-06-03T15:18:10+02:00\",\"inLanguage\":\"pl-PL\",\"mainEntityOfPage\":{\"@id\":\"https:\\\/\\\/wia.net.pl\\\/index.php\\\/2023\\\/06\\\/03\\\/starozytni-aryjczycy-na-calym-swiecie\\\/#webpage\"},\"isPartOf\":{\"@id\":\"https:\\\/\\\/wia.net.pl\\\/index.php\\\/2023\\\/06\\\/03\\\/starozytni-aryjczycy-na-calym-swiecie\\\/#webpage\"},\"articleSection\":\"Antropologia, Alchemia, Atlantean gardens, Flat Earth, Historia ziemi, Illuminati, Ludzko\\u015b\\u0107, Magia, NASA, Niewolnictwo, Okultyzm, P\\u0142aska ziemia, Robert Sepehr, Rz\\u0105d, Tajne stowarzyszenia, Terry R Eicher, Wszech\\u015bwiat\"},{\"@type\":\"BreadcrumbList\",\"@id\":\"https:\\\/\\\/wia.net.pl\\\/index.php\\\/2023\\\/06\\\/03\\\/starozytni-aryjczycy-na-calym-swiecie\\\/#breadcrumblist\",\"itemListElement\":[{\"@type\":\"ListItem\",\"@id\":\"https:\\\/\\\/wia.net.pl#listItem\",\"position\":1,\"name\":\"Home\",\"item\":\"https:\\\/\\\/wia.net.pl\",\"nextItem\":{\"@type\":\"ListItem\",\"@id\":\"https:\\\/\\\/wia.net.pl\\\/index.php\\\/category\\\/antropologia\\\/#listItem\",\"name\":\"Antropologia\"}},{\"@type\":\"ListItem\",\"@id\":\"https:\\\/\\\/wia.net.pl\\\/index.php\\\/category\\\/antropologia\\\/#listItem\",\"position\":2,\"name\":\"Antropologia\",\"item\":\"https:\\\/\\\/wia.net.pl\\\/index.php\\\/category\\\/antropologia\\\/\",\"nextItem\":{\"@type\":\"ListItem\",\"@id\":\"https:\\\/\\\/wia.net.pl\\\/index.php\\\/2023\\\/06\\\/03\\\/starozytni-aryjczycy-na-calym-swiecie\\\/#listItem\",\"name\":\"Staro\\u017cytni Aryjczycy na ca\\u0142ym \\u015bwiecie\"},\"previousItem\":{\"@type\":\"ListItem\",\"@id\":\"https:\\\/\\\/wia.net.pl#listItem\",\"name\":\"Home\"}},{\"@type\":\"ListItem\",\"@id\":\"https:\\\/\\\/wia.net.pl\\\/index.php\\\/2023\\\/06\\\/03\\\/starozytni-aryjczycy-na-calym-swiecie\\\/#listItem\",\"position\":3,\"name\":\"Staro\\u017cytni Aryjczycy na ca\\u0142ym \\u015bwiecie\",\"previousItem\":{\"@type\":\"ListItem\",\"@id\":\"https:\\\/\\\/wia.net.pl\\\/index.php\\\/category\\\/antropologia\\\/#listItem\",\"name\":\"Antropologia\"}}]},{\"@type\":\"Person\",\"@id\":\"https:\\\/\\\/wia.net.pl\\\/#person\",\"name\":\"Bart\\u0142omiej Talarczyk\",\"image\":{\"@type\":\"ImageObject\",\"@id\":\"https:\\\/\\\/wia.net.pl\\\/index.php\\\/2023\\\/06\\\/03\\\/starozytni-aryjczycy-na-calym-swiecie\\\/#personImage\",\"url\":\"https:\\\/\\\/wia.net.pl\\\/wp-content\\\/uploads\\\/avatar-privacy\\\/cache\\\/user\\\/1\\\/7\\\/176a6b161c58363ff49b5c167264231f519f5c7fa183ca1f61e891769b6b56d5-96.jpg\",\"width\":96,\"height\":96,\"caption\":\"Bart\\u0142omiej Talarczyk\"}},{\"@type\":\"Person\",\"@id\":\"https:\\\/\\\/wia.net.pl\\\/index.php\\\/author\\\/talar\\\/#author\",\"url\":\"https:\\\/\\\/wia.net.pl\\\/index.php\\\/author\\\/talar\\\/\",\"name\":\"Bart\\u0142omiej Talarczyk\",\"image\":{\"@type\":\"ImageObject\",\"@id\":\"https:\\\/\\\/wia.net.pl\\\/index.php\\\/2023\\\/06\\\/03\\\/starozytni-aryjczycy-na-calym-swiecie\\\/#authorImage\",\"url\":\"https:\\\/\\\/wia.net.pl\\\/wp-content\\\/uploads\\\/avatar-privacy\\\/cache\\\/user\\\/1\\\/7\\\/176a6b161c58363ff49b5c167264231f519f5c7fa183ca1f61e891769b6b56d5-96.jpg\",\"width\":96,\"height\":96,\"caption\":\"Bart\\u0142omiej Talarczyk\"}},{\"@type\":\"WebPage\",\"@id\":\"https:\\\/\\\/wia.net.pl\\\/index.php\\\/2023\\\/06\\\/03\\\/starozytni-aryjczycy-na-calym-swiecie\\\/#webpage\",\"url\":\"https:\\\/\\\/wia.net.pl\\\/index.php\\\/2023\\\/06\\\/03\\\/starozytni-aryjczycy-na-calym-swiecie\\\/\",\"name\":\"Staro\\u017cytni Aryjczycy na ca\\u0142ym \\u015bwiecie - Wolno\\u015b\\u0107 i Anarchia\",\"description\":\"Obliczenia Eratostenesa: https:\\\/\\\/www.youtube.com\\\/watch?v=lVgx0Eio2Mg Epoka br\\u0105zu to okres historyczny charakteryzuj\\u0105cy si\\u0119 wykorzystaniem br\\u0105zu, a w niekt\\u00f3rych obszarach proto-pi\\u015bmiennictwa i innych wczesnych cech cywilizacji miejskiej. Aryjczycy to termin, kt\\u00f3ry by\\u0142 u\\u017cywany jako samookre\\u015blenie przez Indo-Ira\\u0144czyk\\u00f3w, na przyk\\u0142ad, wyryte w kamieniu w napis Behistun, wieloj\\u0119zyczne napisy i du\\u017cy skalny relief na klifie z 522BC na g\\u00f3rze Behistun w\",\"inLanguage\":\"pl-PL\",\"isPartOf\":{\"@id\":\"https:\\\/\\\/wia.net.pl\\\/#website\"},\"breadcrumb\":{\"@id\":\"https:\\\/\\\/wia.net.pl\\\/index.php\\\/2023\\\/06\\\/03\\\/starozytni-aryjczycy-na-calym-swiecie\\\/#breadcrumblist\"},\"author\":{\"@id\":\"https:\\\/\\\/wia.net.pl\\\/index.php\\\/author\\\/talar\\\/#author\"},\"creator\":{\"@id\":\"https:\\\/\\\/wia.net.pl\\\/index.php\\\/author\\\/talar\\\/#author\"},\"image\":{\"@type\":\"ImageObject\",\"url\":\"https:\\\/\\\/wia.net.pl\\\/wp-content\\\/uploads\\\/2023\\\/06\\\/obliczenia-Eratostenesa.jpg\",\"@id\":\"https:\\\/\\\/wia.net.pl\\\/index.php\\\/2023\\\/06\\\/03\\\/starozytni-aryjczycy-na-calym-swiecie\\\/#mainImage\",\"width\":1920,\"height\":1080},\"primaryImageOfPage\":{\"@id\":\"https:\\\/\\\/wia.net.pl\\\/index.php\\\/2023\\\/06\\\/03\\\/starozytni-aryjczycy-na-calym-swiecie\\\/#mainImage\"},\"datePublished\":\"2023-06-03T15:18:09+02:00\",\"dateModified\":\"2023-06-03T15:18:10+02:00\"},{\"@type\":\"WebSite\",\"@id\":\"https:\\\/\\\/wia.net.pl\\\/#website\",\"url\":\"https:\\\/\\\/wia.net.pl\\\/\",\"name\":\"Wolno\\u015b\\u0107 i Anarchia\",\"description\":\"Ka\\u017cdy wewn\\u0119trznie jest anarchist\\u0105.\",\"inLanguage\":\"pl-PL\",\"publisher\":{\"@id\":\"https:\\\/\\\/wia.net.pl\\\/#person\"}}]}\n\t\t<\/script>\n\t\t<!-- All in One SEO -->\n\n","aioseo_head_json":{"title":"Staro\u017cytni Aryjczycy na ca\u0142ym \u015bwiecie - Wolno\u015b\u0107 i Anarchia","description":"Obliczenia Eratostenesa: https:\/\/www.youtube.com\/watch?v=lVgx0Eio2Mg Epoka br\u0105zu to okres historyczny charakteryzuj\u0105cy si\u0119 wykorzystaniem br\u0105zu, a w niekt\u00f3rych obszarach proto-pi\u015bmiennictwa i innych wczesnych cech cywilizacji miejskiej. Aryjczycy to termin, kt\u00f3ry by\u0142 u\u017cywany jako samookre\u015blenie przez Indo-Ira\u0144czyk\u00f3w, na przyk\u0142ad, wyryte w kamieniu w napis Behistun, wieloj\u0119zyczne napisy i du\u017cy skalny relief na klifie z 522BC na g\u00f3rze Behistun w","canonical_url":"https:\/\/wia.net.pl\/index.php\/2023\/06\/03\/starozytni-aryjczycy-na-calym-swiecie\/","robots":"max-image-preview:large","keywords":"","webmasterTools":{"miscellaneous":""},"schema":{"@context":"https:\/\/schema.org","@graph":[{"@type":"BlogPosting","@id":"https:\/\/wia.net.pl\/index.php\/2023\/06\/03\/starozytni-aryjczycy-na-calym-swiecie\/#blogposting","name":"Staro\u017cytni Aryjczycy na ca\u0142ym \u015bwiecie - Wolno\u015b\u0107 i Anarchia","headline":"Staro\u017cytni Aryjczycy na ca\u0142ym \u015bwiecie","author":{"@id":"https:\/\/wia.net.pl\/index.php\/author\/talar\/#author"},"publisher":{"@id":"https:\/\/wia.net.pl\/#person"},"image":{"@type":"ImageObject","url":"https:\/\/wia.net.pl\/wp-content\/uploads\/2023\/06\/obliczenia-Eratostenesa.jpg","width":1920,"height":1080},"datePublished":"2023-06-03T15:18:09+02:00","dateModified":"2023-06-03T15:18:10+02:00","inLanguage":"pl-PL","mainEntityOfPage":{"@id":"https:\/\/wia.net.pl\/index.php\/2023\/06\/03\/starozytni-aryjczycy-na-calym-swiecie\/#webpage"},"isPartOf":{"@id":"https:\/\/wia.net.pl\/index.php\/2023\/06\/03\/starozytni-aryjczycy-na-calym-swiecie\/#webpage"},"articleSection":"Antropologia, Alchemia, Atlantean gardens, Flat Earth, Historia ziemi, Illuminati, Ludzko\u015b\u0107, Magia, NASA, Niewolnictwo, Okultyzm, P\u0142aska ziemia, Robert Sepehr, Rz\u0105d, Tajne stowarzyszenia, Terry R Eicher, Wszech\u015bwiat"},{"@type":"BreadcrumbList","@id":"https:\/\/wia.net.pl\/index.php\/2023\/06\/03\/starozytni-aryjczycy-na-calym-swiecie\/#breadcrumblist","itemListElement":[{"@type":"ListItem","@id":"https:\/\/wia.net.pl#listItem","position":1,"name":"Home","item":"https:\/\/wia.net.pl","nextItem":{"@type":"ListItem","@id":"https:\/\/wia.net.pl\/index.php\/category\/antropologia\/#listItem","name":"Antropologia"}},{"@type":"ListItem","@id":"https:\/\/wia.net.pl\/index.php\/category\/antropologia\/#listItem","position":2,"name":"Antropologia","item":"https:\/\/wia.net.pl\/index.php\/category\/antropologia\/","nextItem":{"@type":"ListItem","@id":"https:\/\/wia.net.pl\/index.php\/2023\/06\/03\/starozytni-aryjczycy-na-calym-swiecie\/#listItem","name":"Staro\u017cytni Aryjczycy na ca\u0142ym \u015bwiecie"},"previousItem":{"@type":"ListItem","@id":"https:\/\/wia.net.pl#listItem","name":"Home"}},{"@type":"ListItem","@id":"https:\/\/wia.net.pl\/index.php\/2023\/06\/03\/starozytni-aryjczycy-na-calym-swiecie\/#listItem","position":3,"name":"Staro\u017cytni Aryjczycy na ca\u0142ym \u015bwiecie","previousItem":{"@type":"ListItem","@id":"https:\/\/wia.net.pl\/index.php\/category\/antropologia\/#listItem","name":"Antropologia"}}]},{"@type":"Person","@id":"https:\/\/wia.net.pl\/#person","name":"Bart\u0142omiej Talarczyk","image":{"@type":"ImageObject","@id":"https:\/\/wia.net.pl\/index.php\/2023\/06\/03\/starozytni-aryjczycy-na-calym-swiecie\/#personImage","url":"https:\/\/wia.net.pl\/wp-content\/uploads\/avatar-privacy\/cache\/user\/1\/7\/176a6b161c58363ff49b5c167264231f519f5c7fa183ca1f61e891769b6b56d5-96.jpg","width":96,"height":96,"caption":"Bart\u0142omiej Talarczyk"}},{"@type":"Person","@id":"https:\/\/wia.net.pl\/index.php\/author\/talar\/#author","url":"https:\/\/wia.net.pl\/index.php\/author\/talar\/","name":"Bart\u0142omiej Talarczyk","image":{"@type":"ImageObject","@id":"https:\/\/wia.net.pl\/index.php\/2023\/06\/03\/starozytni-aryjczycy-na-calym-swiecie\/#authorImage","url":"https:\/\/wia.net.pl\/wp-content\/uploads\/avatar-privacy\/cache\/user\/1\/7\/176a6b161c58363ff49b5c167264231f519f5c7fa183ca1f61e891769b6b56d5-96.jpg","width":96,"height":96,"caption":"Bart\u0142omiej Talarczyk"}},{"@type":"WebPage","@id":"https:\/\/wia.net.pl\/index.php\/2023\/06\/03\/starozytni-aryjczycy-na-calym-swiecie\/#webpage","url":"https:\/\/wia.net.pl\/index.php\/2023\/06\/03\/starozytni-aryjczycy-na-calym-swiecie\/","name":"Staro\u017cytni Aryjczycy na ca\u0142ym \u015bwiecie - Wolno\u015b\u0107 i Anarchia","description":"Obliczenia Eratostenesa: https:\/\/www.youtube.com\/watch?v=lVgx0Eio2Mg Epoka br\u0105zu to okres historyczny charakteryzuj\u0105cy si\u0119 wykorzystaniem br\u0105zu, a w niekt\u00f3rych obszarach proto-pi\u015bmiennictwa i innych wczesnych cech cywilizacji miejskiej. Aryjczycy to termin, kt\u00f3ry by\u0142 u\u017cywany jako samookre\u015blenie przez Indo-Ira\u0144czyk\u00f3w, na przyk\u0142ad, wyryte w kamieniu w napis Behistun, wieloj\u0119zyczne napisy i du\u017cy skalny relief na klifie z 522BC na g\u00f3rze Behistun w","inLanguage":"pl-PL","isPartOf":{"@id":"https:\/\/wia.net.pl\/#website"},"breadcrumb":{"@id":"https:\/\/wia.net.pl\/index.php\/2023\/06\/03\/starozytni-aryjczycy-na-calym-swiecie\/#breadcrumblist"},"author":{"@id":"https:\/\/wia.net.pl\/index.php\/author\/talar\/#author"},"creator":{"@id":"https:\/\/wia.net.pl\/index.php\/author\/talar\/#author"},"image":{"@type":"ImageObject","url":"https:\/\/wia.net.pl\/wp-content\/uploads\/2023\/06\/obliczenia-Eratostenesa.jpg","@id":"https:\/\/wia.net.pl\/index.php\/2023\/06\/03\/starozytni-aryjczycy-na-calym-swiecie\/#mainImage","width":1920,"height":1080},"primaryImageOfPage":{"@id":"https:\/\/wia.net.pl\/index.php\/2023\/06\/03\/starozytni-aryjczycy-na-calym-swiecie\/#mainImage"},"datePublished":"2023-06-03T15:18:09+02:00","dateModified":"2023-06-03T15:18:10+02:00"},{"@type":"WebSite","@id":"https:\/\/wia.net.pl\/#website","url":"https:\/\/wia.net.pl\/","name":"Wolno\u015b\u0107 i Anarchia","description":"Ka\u017cdy wewn\u0119trznie jest anarchist\u0105.","inLanguage":"pl-PL","publisher":{"@id":"https:\/\/wia.net.pl\/#person"}}]},"og:locale":"pl_PL","og:site_name":"Wolno\u015b\u0107 i Anarchia - Ka\u017cdy wewn\u0119trznie jest anarchist\u0105.","og:type":"article","og:title":"Staro\u017cytni Aryjczycy na ca\u0142ym \u015bwiecie - Wolno\u015b\u0107 i Anarchia","og:description":"Obliczenia Eratostenesa: https:\/\/www.youtube.com\/watch?v=lVgx0Eio2Mg Epoka br\u0105zu to okres historyczny charakteryzuj\u0105cy si\u0119 wykorzystaniem br\u0105zu, a w niekt\u00f3rych obszarach proto-pi\u015bmiennictwa i innych wczesnych cech cywilizacji miejskiej. Aryjczycy to termin, kt\u00f3ry by\u0142 u\u017cywany jako samookre\u015blenie przez Indo-Ira\u0144czyk\u00f3w, na przyk\u0142ad, wyryte w kamieniu w napis Behistun, wieloj\u0119zyczne napisy i du\u017cy skalny relief na klifie z 522BC na g\u00f3rze Behistun w","og:url":"https:\/\/wia.net.pl\/index.php\/2023\/06\/03\/starozytni-aryjczycy-na-calym-swiecie\/","og:image":"https:\/\/wia.net.pl\/wp-content\/uploads\/2023\/11\/cropped-freedom-i73367.jpg","og:image:secure_url":"https:\/\/wia.net.pl\/wp-content\/uploads\/2023\/11\/cropped-freedom-i73367.jpg","article:published_time":"2023-06-03T13:18:09+00:00","article:modified_time":"2023-06-03T13:18:10+00:00","twitter:card":"summary_large_image","twitter:title":"Staro\u017cytni Aryjczycy na ca\u0142ym \u015bwiecie - Wolno\u015b\u0107 i Anarchia","twitter:description":"Obliczenia Eratostenesa: https:\/\/www.youtube.com\/watch?v=lVgx0Eio2Mg Epoka br\u0105zu to okres historyczny charakteryzuj\u0105cy si\u0119 wykorzystaniem br\u0105zu, a w niekt\u00f3rych obszarach proto-pi\u015bmiennictwa i innych wczesnych cech cywilizacji miejskiej. Aryjczycy to termin, kt\u00f3ry by\u0142 u\u017cywany jako samookre\u015blenie przez Indo-Ira\u0144czyk\u00f3w, na przyk\u0142ad, wyryte w kamieniu w napis Behistun, wieloj\u0119zyczne napisy i du\u017cy skalny relief na klifie z 522BC na g\u00f3rze Behistun w","twitter:image":"https:\/\/wia.net.pl\/wp-content\/uploads\/2023\/11\/cropped-freedom-i73367.jpg"},"aioseo_meta_data":{"post_id":"1370","title":null,"description":null,"keywords":null,"keyphrases":null,"primary_term":null,"canonical_url":null,"og_title":null,"og_description":null,"og_object_type":"default","og_image_type":"default","og_image_url":null,"og_image_width":null,"og_image_height":null,"og_image_custom_url":null,"og_image_custom_fields":null,"og_video":null,"og_custom_url":null,"og_article_section":null,"og_article_tags":null,"twitter_use_og":false,"twitter_card":"default","twitter_image_type":"default","twitter_image_url":null,"twitter_image_custom_url":null,"twitter_image_custom_fields":null,"twitter_title":null,"twitter_description":null,"schema":{"blockGraphs":[],"customGraphs":[],"default":{"data":{"Article":[],"Course":[],"Dataset":[],"FAQPage":[],"Movie":[],"Person":[],"Product":[],"ProductReview":[],"Car":[],"Recipe":[],"Service":[],"SoftwareApplication":[],"WebPage":[]},"graphName":"","isEnabled":true},"graphs":[]},"schema_type":"default","schema_type_options":null,"pillar_content":false,"robots_default":true,"robots_noindex":false,"robots_noarchive":false,"robots_nosnippet":false,"robots_nofollow":false,"robots_noimageindex":false,"robots_noodp":false,"robots_notranslate":false,"robots_max_snippet":null,"robots_max_videopreview":null,"robots_max_imagepreview":"large","priority":null,"frequency":null,"local_seo":null,"breadcrumb_settings":null,"limit_modified_date":false,"ai":null,"created":"2023-06-06 13:45:21","updated":"2025-06-04 07:44:35","seo_analyzer_scan_date":null,"focus_keyword":null,"additional_keywords":null,"truseo_locale":null},"aioseo_breadcrumb":"<div class=\"aioseo-breadcrumbs\"><span class=\"aioseo-breadcrumb\">\n\t\t\t<a href=\"https:\/\/wia.net.pl\" title=\"Home\">Home<\/a>\n\t\t<\/span><span class=\"aioseo-breadcrumb-separator\">&raquo;<\/span><span class=\"aioseo-breadcrumb\">\n\t\t\t<a href=\"https:\/\/wia.net.pl\/index.php\/category\/antropologia\/\" title=\"Antropologia\">Antropologia<\/a>\n\t\t<\/span><span class=\"aioseo-breadcrumb-separator\">&raquo;<\/span><span class=\"aioseo-breadcrumb\">\n\t\t\tStaro\u017cytni Aryjczycy na ca\u0142ym \u015bwiecie\n\t\t<\/span><\/div>","aioseo_breadcrumb_json":[{"label":"Home","link":"https:\/\/wia.net.pl"},{"label":"Antropologia","link":"https:\/\/wia.net.pl\/index.php\/category\/antropologia\/"},{"label":"Staro\u017cytni Aryjczycy na ca\u0142ym \u015bwiecie","link":"https:\/\/wia.net.pl\/index.php\/2023\/06\/03\/starozytni-aryjczycy-na-calym-swiecie\/"}],"_links":{"self":[{"href":"https:\/\/wia.net.pl\/index.php\/wp-json\/wp\/v2\/posts\/1370"}],"collection":[{"href":"https:\/\/wia.net.pl\/index.php\/wp-json\/wp\/v2\/posts"}],"about":[{"href":"https:\/\/wia.net.pl\/index.php\/wp-json\/wp\/v2\/types\/post"}],"author":[{"embeddable":true,"href":"https:\/\/wia.net.pl\/index.php\/wp-json\/wp\/v2\/users\/3"}],"replies":[{"embeddable":true,"href":"https:\/\/wia.net.pl\/index.php\/wp-json\/wp\/v2\/comments?post=1370"}],"version-history":[{"count":1,"href":"https:\/\/wia.net.pl\/index.php\/wp-json\/wp\/v2\/posts\/1370\/revisions"}],"predecessor-version":[{"id":1372,"href":"https:\/\/wia.net.pl\/index.php\/wp-json\/wp\/v2\/posts\/1370\/revisions\/1372"}],"wp:featuredmedia":[{"embeddable":true,"href":"https:\/\/wia.net.pl\/index.php\/wp-json\/wp\/v2\/media\/1371"}],"wp:attachment":[{"href":"https:\/\/wia.net.pl\/index.php\/wp-json\/wp\/v2\/media?parent=1370"}],"wp:term":[{"taxonomy":"category","embeddable":true,"href":"https:\/\/wia.net.pl\/index.php\/wp-json\/wp\/v2\/categories?post=1370"},{"taxonomy":"post_tag","embeddable":true,"href":"https:\/\/wia.net.pl\/index.php\/wp-json\/wp\/v2\/tags?post=1370"}],"curies":[{"name":"wp","href":"https:\/\/api.w.org\/{rel}","templated":true}]}}