{"id":1370,"date":"2023-06-03T15:18:09","date_gmt":"2023-06-03T13:18:09","guid":{"rendered":"https:\/\/wia.net.pl\/?p=1370"},"modified":"2023-06-03T15:18:10","modified_gmt":"2023-06-03T13:18:10","slug":"starozytni-aryjczycy-na-calym-swiecie","status":"publish","type":"post","link":"https:\/\/wia.net.pl\/index.php\/2023\/06\/03\/starozytni-aryjczycy-na-calym-swiecie\/","title":{"rendered":"Staro\u017cytni Aryjczycy na ca\u0142ym \u015bwiecie"},"content":{"rendered":"\n<p>Obliczenia Eratostenesa: https:\/\/www.youtube.com\/watch?v=lVgx0Eio2Mg<\/p>\n\n\n\n<p>Epoka br\u0105zu to okres historyczny charakteryzuj\u0105cy si\u0119 wykorzystaniem br\u0105zu, a w niekt\u00f3rych obszarach proto-pi\u015bmiennictwa i innych wczesnych cech cywilizacji miejskiej.<\/p>\n\n\n\n<p>Aryjczycy to termin, kt\u00f3ry by\u0142 u\u017cywany jako samookre\u015blenie przez Indo-Ira\u0144czyk\u00f3w, na przyk\u0142ad, wyryte w kamieniu w napis Behistun, wieloj\u0119zyczne napisy i du\u017cy skalny relief na klifie z 522BC na g\u00f3rze Behistun w nowoczesnym Iranie, opowiadaj\u0105c histori\u0119 podboj\u00f3w kr\u00f3la Dariusza.<\/p>\n\n\n\n<p>Fenicja to staro\u017cytna \u015br\u00f3dziemnomorska cywilizacja morska, kt\u00f3ra powsta\u0142a w Lewancie, na zach\u00f3d od \u017byznego P\u00f3\u0142ksi\u0119\u017cyca.<\/p>\n\n\n\n<p>Jedwabny Szlak by\u0142 staro\u017cytn\u0105 sieci\u0105 szlak\u00f3w handlowych, kt\u00f3re \u0142\u0105czy\u0142y Wsch\u00f3d i Zach\u00f3d.<\/p>\n\n\n\n<p>\u0179R\u00d3D\u0141O: <\/p>\n\n\n\n<p>Kana\u0142 Atlantean Gardens &#8211; https:\/\/www.youtube.com\/c\/AtlanteangardensOrg <\/p>\n\n\n\n<p>Kana\u0142 Robert Sepehr &#8211; https:\/\/www.youtube.com\/user\/818encino <\/p>\n\n\n\n<p>Kana\u0142 Flat out truth: https:\/\/www.youtube.com\/@flatouttruthterryreicher1976<\/p>\n\n\n\n<figure class=\"wp-block-embed is-type-video is-provider-youtube wp-block-embed-youtube wp-embed-aspect-4-3 wp-has-aspect-ratio\"><div class=\"wp-block-embed__wrapper\">\n<iframe loading=\"lazy\" title=\"Staro\u017cytni Aryjczycy na ca\u0142ym \u015bwiecie\" width=\"858\" height=\"644\" src=\"https:\/\/www.youtube.com\/embed\/868AnKDIIps?feature=oembed\" frameborder=\"0\" allow=\"accelerometer; autoplay; clipboard-write; encrypted-media; gyroscope; picture-in-picture; web-share\" allowfullscreen><\/iframe>\n<\/div><\/figure>\n<div class=\"remoji_bar\"><div class=\"remoji_add_container\" data-remoji-id=\"1370\" data-remoji-type=\"post\"><div class=\"remoji_add_icon\"><\/div><\/div><div class=\"remoji_error_bar\" data-remoji-id=\"1370\" data-remoji-type=\"post\" style=\"display: none;\">Error happened.<\/div><\/div>","protected":false},"excerpt":{"rendered":"<p>Obliczenia Eratostenesa: https:\/\/www.youtube.com\/watch?v=lVgx0Eio2Mg Epoka br\u0105zu to okres historyczny charakteryzuj\u0105cy si\u0119 wykorzystaniem br\u0105zu, a w niekt\u00f3rych obszarach proto-pi\u015bmiennictwa i innych wczesnych cech cywilizacji miejskiej. Aryjczycy to termin, kt\u00f3ry by\u0142 u\u017cywany jako samookre\u015blenie przez Indo-Ira\u0144czyk\u00f3w, na przyk\u0142ad, wyryte w kamieniu w napis&#8230; <\/p>\n","protected":false},"author":3,"featured_media":1371,"comment_status":"open","ping_status":"open","sticky":false,"template":"","format":"standard","meta":{"_acf_changed":false,"_bbp_topic_count":0,"_bbp_reply_count":0,"_bbp_total_topic_count":0,"_bbp_total_reply_count":0,"_bbp_voice_count":0,"_bbp_anonymous_reply_count":0,"_bbp_topic_count_hidden":0,"_bbp_reply_count_hidden":0,"_bbp_forum_subforum_count":0,"om_disable_all_campaigns":false,"_monsterinsights_skip_tracking":false,"_monsterinsights_sitenote_active":false,"_monsterinsights_sitenote_note":"","_monsterinsights_sitenote_category":0,"footnotes":""},"categories":[11],"tags":[114,89,39,63,42,26,113,41,23,112,40,88,32,70,53,62],"class_list":["post-1370","post","type-post","status-publish","format-standard","has-post-thumbnail","hentry","category-antropologia","tag-alchemia","tag-atlantean-gardens","tag-flat-earth","tag-historia-ziemi","tag-illuminati","tag-ludzkosc","tag-magia","tag-nasa","tag-niewolnictwo","tag-okultyzm","tag-plaska-ziemia","tag-robert-sepehr","tag-rzad","tag-tajne-stowarzyszenia","tag-terry-r-eicher","tag-wszechswiat"],"acf":[],"aioseo_notices":[],"_links":{"self":[{"href":"https:\/\/wia.net.pl\/index.php\/wp-json\/wp\/v2\/posts\/1370"}],"collection":[{"href":"https:\/\/wia.net.pl\/index.php\/wp-json\/wp\/v2\/posts"}],"about":[{"href":"https:\/\/wia.net.pl\/index.php\/wp-json\/wp\/v2\/types\/post"}],"author":[{"embeddable":true,"href":"https:\/\/wia.net.pl\/index.php\/wp-json\/wp\/v2\/users\/3"}],"replies":[{"embeddable":true,"href":"https:\/\/wia.net.pl\/index.php\/wp-json\/wp\/v2\/comments?post=1370"}],"version-history":[{"count":1,"href":"https:\/\/wia.net.pl\/index.php\/wp-json\/wp\/v2\/posts\/1370\/revisions"}],"predecessor-version":[{"id":1372,"href":"https:\/\/wia.net.pl\/index.php\/wp-json\/wp\/v2\/posts\/1370\/revisions\/1372"}],"wp:featuredmedia":[{"embeddable":true,"href":"https:\/\/wia.net.pl\/index.php\/wp-json\/wp\/v2\/media\/1371"}],"wp:attachment":[{"href":"https:\/\/wia.net.pl\/index.php\/wp-json\/wp\/v2\/media?parent=1370"}],"wp:term":[{"taxonomy":"category","embeddable":true,"href":"https:\/\/wia.net.pl\/index.php\/wp-json\/wp\/v2\/categories?post=1370"},{"taxonomy":"post_tag","embeddable":true,"href":"https:\/\/wia.net.pl\/index.php\/wp-json\/wp\/v2\/tags?post=1370"}],"curies":[{"name":"wp","href":"https:\/\/api.w.org\/{rel}","templated":true}]}}