{"id":1435,"date":"2023-06-03T17:44:18","date_gmt":"2023-06-03T15:44:18","guid":{"rendered":"https:\/\/wia.net.pl\/?p=1435"},"modified":"2023-06-03T17:44:44","modified_gmt":"2023-06-03T15:44:44","slug":"pamiec-krwi","status":"publish","type":"post","link":"https:\/\/wia.net.pl\/index.php\/2023\/06\/03\/pamiec-krwi\/","title":{"rendered":"Pami\u0119\u0107 krwi"},"content":{"rendered":"\n<p>Wed\u0142ug Carla Junga, kt\u00f3ry stworzy\u0142 dziedzin\u0119 psychologii analitycznej, ka\u017cdy z nas ma indywidualny umys\u0142 pod\u015bwiadomy, ale ka\u017cdy z nas ma te\u017c dost\u0119p do wi\u0119kszej nie\u015bwiadomo\u015bci zbiorowej, kt\u00f3ra obejmuje naszych przodk\u00f3w, a pami\u0119\u0107 krwi jest jedn\u0105 z cz\u0119\u015bci lub jednym ze sposob\u00f3w dost\u0119pu do cz\u0119\u015bci nie\u015bwiadomo\u015bci zbiorowej. Ca\u0142o\u015b\u0107 nie\u015bwiadomo\u015bci zbiorowej obejmuje wszystkie my\u015bli, uczucia i m\u0105dro\u015b\u0107 wszystkich ludzi, kt\u00f3rzy kiedykolwiek \u017cyli. Pami\u0119\u0107 krwi to my\u015bli, uczucia i m\u0105dro\u015b\u0107 przodk\u00f3w danej kultury, totemu, klanu czy rasy.<\/p>\n\n\n\n<p>Nie\u015bwiadomo\u015b\u0107 zbiorowa jest rzekomo dost\u0119pna dla ka\u017cdego z nas, ka\u017cdej \u017cyj\u0105cej osoby. Nasza indywidualna zdolno\u015b\u0107 dost\u0119pu do niej zale\u017cy od naszego systemu przekona\u0144. Ci, kt\u00f3rzy wierz\u0105, \u017ce ona nie istnieje, nie maj\u0105 z ni\u0105 regularnego kontaktu. Ci, kt\u00f3rzy wierz\u0105 w pami\u0119\u0107 krwi, u\u017cywaj\u0105 jej, by uzyska\u0107 dost\u0119p do cz\u0119\u015bci, a mo\u017ce nawet ca\u0142o\u015bci nie\u015bwiadomo\u015bci zbiorowej. Ci, kt\u00f3rzy wyznaj\u0105 inne systemy wierze\u0144, maj\u0105 prawdopodobnie inne sposoby dost\u0119pu do naszej wsp\u00f3lnej kulturowej i uniwersalnej m\u0105dro\u015bci.<\/p>\n\n\n\n<p>\u0179R\u00d3D\u0141O:<br>Kana\u0142 Atlantean gardens \u2013&nbsp;<a rel=\"noreferrer noopener\" href=\"https:\/\/www.youtube.com\/c\/AtlanteangardensOrg\" target=\"_blank\">https:\/\/www.youtube.com\/c\/AtlanteangardensOrg<\/a><br>Kana\u0142 Robert Sepehr \u2013&nbsp;<a rel=\"noreferrer noopener\" href=\"https:\/\/www.youtube.com\/user\/818encino\" target=\"_blank\">https:\/\/www.youtube.com\/user\/818encino<\/a><\/p>\n\n\n<div style=\"position: relative; padding-bottom: calc(var(--aspect-ratio, .5625) * 100%); height: 0; width: 100%; margin: 0 auto;\" class=\"rumble-video-container\"><video controls controlsList=\"nodownload\" style=\"position: absolute; top: 0; left: 0; width: 100%; height: 100%; background: #000;\" preload=\"metadata\" src=\"https:\/\/hugh.cdn.rumble.cloud\/video\/s8\/2\/t\/A\/6\/q\/tA6qd.caa.mp4\" poster=\"\"><\/video><\/div>\n","protected":false},"excerpt":{"rendered":"<p>Wed\u0142ug Carla Junga, kt\u00f3ry stworzy\u0142 dziedzin\u0119 psychologii analitycznej, ka\u017cdy z nas ma indywidualny umys\u0142 pod\u015bwiadomy, ale ka\u017cdy z nas ma te\u017c dost\u0119p do wi\u0119kszej nie\u015bwiadomo\u015bci zbiorowej, kt\u00f3ra obejmuje naszych przodk\u00f3w, a pami\u0119\u0107 krwi jest jedn\u0105 z cz\u0119\u015bci lub jednym ze&#8230; <\/p>\n","protected":false},"author":3,"featured_media":1438,"comment_status":"open","ping_status":"open","sticky":false,"template":"","format":"standard","meta":{"_acf_changed":false,"_bbp_topic_count":0,"_bbp_reply_count":0,"_bbp_total_topic_count":0,"_bbp_total_reply_count":0,"_bbp_voice_count":0,"_bbp_anonymous_reply_count":0,"_bbp_topic_count_hidden":0,"_bbp_reply_count_hidden":0,"_bbp_forum_subforum_count":0,"om_disable_all_campaigns":false,"_monsterinsights_skip_tracking":false,"footnotes":""},"categories":[11],"tags":[114,89,68,63,71,26,113,43,85,112,88,70,62],"class_list":["post-1435","post","type-post","status-publish","format-standard","has-post-thumbnail","hentry","category-antropologia","tag-alchemia","tag-atlantean-gardens","tag-cesarstwo-rzymskie","tag-historia-ziemi","tag-kosciol-katolicki","tag-ludzkosc","tag-magia","tag-masoneria","tag-natura","tag-okultyzm","tag-robert-sepehr","tag-tajne-stowarzyszenia","tag-wszechswiat"],"acf":[],"aioseo_notices":[],"aioseo_head":"\n\t\t<!-- All in One SEO 5.0.1.1 - aioseo.com -->\n\t<meta name=\"description\" content=\"Wed\u0142ug Carla Junga, kt\u00f3ry stworzy\u0142 dziedzin\u0119 psychologii analitycznej, ka\u017cdy z nas ma indywidualny umys\u0142 pod\u015bwiadomy, ale ka\u017cdy z nas ma te\u017c dost\u0119p do wi\u0119kszej nie\u015bwiadomo\u015bci zbiorowej, kt\u00f3ra obejmuje naszych przodk\u00f3w, a pami\u0119\u0107 krwi jest jedn\u0105 z cz\u0119\u015bci lub jednym ze sposob\u00f3w dost\u0119pu do cz\u0119\u015bci nie\u015bwiadomo\u015bci zbiorowej. Ca\u0142o\u015b\u0107 nie\u015bwiadomo\u015bci zbiorowej obejmuje wszystkie my\u015bli, uczucia i m\u0105dro\u015b\u0107\" \/>\n\t<meta name=\"robots\" content=\"max-image-preview:large\" \/>\n\t<meta name=\"author\" content=\"Bart\u0142omiej Talarczyk\"\/>\n\t<link rel=\"canonical\" href=\"https:\/\/wia.net.pl\/index.php\/2023\/06\/03\/pamiec-krwi\/\" \/>\n\t<meta name=\"generator\" content=\"All in One SEO (AIOSEO) 5.0.1.1\" \/>\n\t\t<meta property=\"og:locale\" content=\"pl_PL\" \/>\n\t\t<meta property=\"og:site_name\" content=\"Wolno\u015b\u0107 i Anarchia - Ka\u017cdy wewn\u0119trznie jest anarchist\u0105.\" \/>\n\t\t<meta property=\"og:type\" content=\"article\" \/>\n\t\t<meta property=\"og:title\" content=\"Pami\u0119\u0107 krwi - Wolno\u015b\u0107 i Anarchia\" \/>\n\t\t<meta property=\"og:description\" content=\"Wed\u0142ug Carla Junga, kt\u00f3ry stworzy\u0142 dziedzin\u0119 psychologii analitycznej, ka\u017cdy z nas ma indywidualny umys\u0142 pod\u015bwiadomy, ale ka\u017cdy z nas ma te\u017c dost\u0119p do wi\u0119kszej nie\u015bwiadomo\u015bci zbiorowej, kt\u00f3ra obejmuje naszych przodk\u00f3w, a pami\u0119\u0107 krwi jest jedn\u0105 z cz\u0119\u015bci lub jednym ze sposob\u00f3w dost\u0119pu do cz\u0119\u015bci nie\u015bwiadomo\u015bci zbiorowej. Ca\u0142o\u015b\u0107 nie\u015bwiadomo\u015bci zbiorowej obejmuje wszystkie my\u015bli, uczucia i m\u0105dro\u015b\u0107\" \/>\n\t\t<meta property=\"og:url\" content=\"https:\/\/wia.net.pl\/index.php\/2023\/06\/03\/pamiec-krwi\/\" \/>\n\t\t<meta property=\"og:image\" content=\"https:\/\/wia.net.pl\/wp-content\/uploads\/2023\/11\/cropped-freedom-i73367.jpg\" \/>\n\t\t<meta property=\"og:image:secure_url\" content=\"https:\/\/wia.net.pl\/wp-content\/uploads\/2023\/11\/cropped-freedom-i73367.jpg\" \/>\n\t\t<meta property=\"article:published_time\" content=\"2023-06-03T15:44:18+00:00\" \/>\n\t\t<meta property=\"article:modified_time\" content=\"2023-06-03T15:44:44+00:00\" \/>\n\t\t<meta name=\"twitter:card\" content=\"summary_large_image\" \/>\n\t\t<meta name=\"twitter:title\" content=\"Pami\u0119\u0107 krwi - Wolno\u015b\u0107 i Anarchia\" \/>\n\t\t<meta name=\"twitter:description\" content=\"Wed\u0142ug Carla Junga, kt\u00f3ry stworzy\u0142 dziedzin\u0119 psychologii analitycznej, ka\u017cdy z nas ma indywidualny umys\u0142 pod\u015bwiadomy, ale ka\u017cdy z nas ma te\u017c dost\u0119p do wi\u0119kszej nie\u015bwiadomo\u015bci zbiorowej, kt\u00f3ra obejmuje naszych przodk\u00f3w, a pami\u0119\u0107 krwi jest jedn\u0105 z cz\u0119\u015bci lub jednym ze sposob\u00f3w dost\u0119pu do cz\u0119\u015bci nie\u015bwiadomo\u015bci zbiorowej. Ca\u0142o\u015b\u0107 nie\u015bwiadomo\u015bci zbiorowej obejmuje wszystkie my\u015bli, uczucia i m\u0105dro\u015b\u0107\" \/>\n\t\t<meta name=\"twitter:image\" content=\"https:\/\/wia.net.pl\/wp-content\/uploads\/2023\/11\/cropped-freedom-i73367.jpg\" \/>\n\t\t<script type=\"application\/ld+json\" class=\"aioseo-schema\">\n\t\t\t{\"@context\":\"https:\\\/\\\/schema.org\",\"@graph\":[{\"@type\":\"BlogPosting\",\"@id\":\"https:\\\/\\\/wia.net.pl\\\/index.php\\\/2023\\\/06\\\/03\\\/pamiec-krwi\\\/#blogposting\",\"name\":\"Pami\\u0119\\u0107 krwi - Wolno\\u015b\\u0107 i Anarchia\",\"headline\":\"Pami\\u0119\\u0107 krwi\",\"author\":{\"@id\":\"https:\\\/\\\/wia.net.pl\\\/index.php\\\/author\\\/talar\\\/#author\"},\"publisher\":{\"@id\":\"https:\\\/\\\/wia.net.pl\\\/#person\"},\"image\":{\"@type\":\"ImageObject\",\"url\":\"https:\\\/\\\/wia.net.pl\\\/wp-content\\\/uploads\\\/2023\\\/06\\\/blood2.jpg\",\"width\":251,\"height\":201},\"datePublished\":\"2023-06-03T17:44:18+02:00\",\"dateModified\":\"2023-06-03T17:44:44+02:00\",\"inLanguage\":\"pl-PL\",\"mainEntityOfPage\":{\"@id\":\"https:\\\/\\\/wia.net.pl\\\/index.php\\\/2023\\\/06\\\/03\\\/pamiec-krwi\\\/#webpage\"},\"isPartOf\":{\"@id\":\"https:\\\/\\\/wia.net.pl\\\/index.php\\\/2023\\\/06\\\/03\\\/pamiec-krwi\\\/#webpage\"},\"articleSection\":\"Antropologia, Alchemia, Atlantean gardens, Cesarstwo Rzymskie, Historia ziemi, Ko\\u015bci\\u00f3\\u0142 katolicki, Ludzko\\u015b\\u0107, Magia, Masoneria, Natura, Okultyzm, Robert Sepehr, Tajne stowarzyszenia, Wszech\\u015bwiat\"},{\"@type\":\"BreadcrumbList\",\"@id\":\"https:\\\/\\\/wia.net.pl\\\/index.php\\\/2023\\\/06\\\/03\\\/pamiec-krwi\\\/#breadcrumblist\",\"itemListElement\":[{\"@type\":\"ListItem\",\"@id\":\"https:\\\/\\\/wia.net.pl#listItem\",\"position\":1,\"name\":\"Home\",\"item\":\"https:\\\/\\\/wia.net.pl\",\"nextItem\":{\"@type\":\"ListItem\",\"@id\":\"https:\\\/\\\/wia.net.pl\\\/index.php\\\/category\\\/antropologia\\\/#listItem\",\"name\":\"Antropologia\"}},{\"@type\":\"ListItem\",\"@id\":\"https:\\\/\\\/wia.net.pl\\\/index.php\\\/category\\\/antropologia\\\/#listItem\",\"position\":2,\"name\":\"Antropologia\",\"item\":\"https:\\\/\\\/wia.net.pl\\\/index.php\\\/category\\\/antropologia\\\/\",\"nextItem\":{\"@type\":\"ListItem\",\"@id\":\"https:\\\/\\\/wia.net.pl\\\/index.php\\\/2023\\\/06\\\/03\\\/pamiec-krwi\\\/#listItem\",\"name\":\"Pami\\u0119\\u0107 krwi\"},\"previousItem\":{\"@type\":\"ListItem\",\"@id\":\"https:\\\/\\\/wia.net.pl#listItem\",\"name\":\"Home\"}},{\"@type\":\"ListItem\",\"@id\":\"https:\\\/\\\/wia.net.pl\\\/index.php\\\/2023\\\/06\\\/03\\\/pamiec-krwi\\\/#listItem\",\"position\":3,\"name\":\"Pami\\u0119\\u0107 krwi\",\"previousItem\":{\"@type\":\"ListItem\",\"@id\":\"https:\\\/\\\/wia.net.pl\\\/index.php\\\/category\\\/antropologia\\\/#listItem\",\"name\":\"Antropologia\"}}]},{\"@type\":\"Person\",\"@id\":\"https:\\\/\\\/wia.net.pl\\\/#person\",\"name\":\"Bart\\u0142omiej Talarczyk\",\"image\":{\"@type\":\"ImageObject\",\"@id\":\"https:\\\/\\\/wia.net.pl\\\/index.php\\\/2023\\\/06\\\/03\\\/pamiec-krwi\\\/#personImage\",\"url\":\"https:\\\/\\\/wia.net.pl\\\/wp-content\\\/uploads\\\/avatar-privacy\\\/cache\\\/user\\\/1\\\/7\\\/176a6b161c58363ff49b5c167264231f519f5c7fa183ca1f61e891769b6b56d5-96.jpg\",\"width\":96,\"height\":96,\"caption\":\"Bart\\u0142omiej Talarczyk\"}},{\"@type\":\"Person\",\"@id\":\"https:\\\/\\\/wia.net.pl\\\/index.php\\\/author\\\/talar\\\/#author\",\"url\":\"https:\\\/\\\/wia.net.pl\\\/index.php\\\/author\\\/talar\\\/\",\"name\":\"Bart\\u0142omiej Talarczyk\",\"image\":{\"@type\":\"ImageObject\",\"@id\":\"https:\\\/\\\/wia.net.pl\\\/index.php\\\/2023\\\/06\\\/03\\\/pamiec-krwi\\\/#authorImage\",\"url\":\"https:\\\/\\\/wia.net.pl\\\/wp-content\\\/uploads\\\/avatar-privacy\\\/cache\\\/user\\\/1\\\/7\\\/176a6b161c58363ff49b5c167264231f519f5c7fa183ca1f61e891769b6b56d5-96.jpg\",\"width\":96,\"height\":96,\"caption\":\"Bart\\u0142omiej Talarczyk\"}},{\"@type\":\"WebPage\",\"@id\":\"https:\\\/\\\/wia.net.pl\\\/index.php\\\/2023\\\/06\\\/03\\\/pamiec-krwi\\\/#webpage\",\"url\":\"https:\\\/\\\/wia.net.pl\\\/index.php\\\/2023\\\/06\\\/03\\\/pamiec-krwi\\\/\",\"name\":\"Pami\\u0119\\u0107 krwi - Wolno\\u015b\\u0107 i Anarchia\",\"description\":\"Wed\\u0142ug Carla Junga, kt\\u00f3ry stworzy\\u0142 dziedzin\\u0119 psychologii analitycznej, ka\\u017cdy z nas ma indywidualny umys\\u0142 pod\\u015bwiadomy, ale ka\\u017cdy z nas ma te\\u017c dost\\u0119p do wi\\u0119kszej nie\\u015bwiadomo\\u015bci zbiorowej, kt\\u00f3ra obejmuje naszych przodk\\u00f3w, a pami\\u0119\\u0107 krwi jest jedn\\u0105 z cz\\u0119\\u015bci lub jednym ze sposob\\u00f3w dost\\u0119pu do cz\\u0119\\u015bci nie\\u015bwiadomo\\u015bci zbiorowej. Ca\\u0142o\\u015b\\u0107 nie\\u015bwiadomo\\u015bci zbiorowej obejmuje wszystkie my\\u015bli, uczucia i m\\u0105dro\\u015b\\u0107\",\"inLanguage\":\"pl-PL\",\"isPartOf\":{\"@id\":\"https:\\\/\\\/wia.net.pl\\\/#website\"},\"breadcrumb\":{\"@id\":\"https:\\\/\\\/wia.net.pl\\\/index.php\\\/2023\\\/06\\\/03\\\/pamiec-krwi\\\/#breadcrumblist\"},\"author\":{\"@id\":\"https:\\\/\\\/wia.net.pl\\\/index.php\\\/author\\\/talar\\\/#author\"},\"creator\":{\"@id\":\"https:\\\/\\\/wia.net.pl\\\/index.php\\\/author\\\/talar\\\/#author\"},\"image\":{\"@type\":\"ImageObject\",\"url\":\"https:\\\/\\\/wia.net.pl\\\/wp-content\\\/uploads\\\/2023\\\/06\\\/blood2.jpg\",\"@id\":\"https:\\\/\\\/wia.net.pl\\\/index.php\\\/2023\\\/06\\\/03\\\/pamiec-krwi\\\/#mainImage\",\"width\":251,\"height\":201},\"primaryImageOfPage\":{\"@id\":\"https:\\\/\\\/wia.net.pl\\\/index.php\\\/2023\\\/06\\\/03\\\/pamiec-krwi\\\/#mainImage\"},\"datePublished\":\"2023-06-03T17:44:18+02:00\",\"dateModified\":\"2023-06-03T17:44:44+02:00\"},{\"@type\":\"WebSite\",\"@id\":\"https:\\\/\\\/wia.net.pl\\\/#website\",\"url\":\"https:\\\/\\\/wia.net.pl\\\/\",\"name\":\"Wolno\\u015b\\u0107 i Anarchia\",\"description\":\"Ka\\u017cdy wewn\\u0119trznie jest anarchist\\u0105.\",\"inLanguage\":\"pl-PL\",\"publisher\":{\"@id\":\"https:\\\/\\\/wia.net.pl\\\/#person\"}}]}\n\t\t<\/script>\n\t\t<!-- All in One SEO -->\n\n","aioseo_head_json":{"title":"Pami\u0119\u0107 krwi - Wolno\u015b\u0107 i Anarchia","description":"Wed\u0142ug Carla Junga, kt\u00f3ry stworzy\u0142 dziedzin\u0119 psychologii analitycznej, ka\u017cdy z nas ma indywidualny umys\u0142 pod\u015bwiadomy, ale ka\u017cdy z nas ma te\u017c dost\u0119p do wi\u0119kszej nie\u015bwiadomo\u015bci zbiorowej, kt\u00f3ra obejmuje naszych przodk\u00f3w, a pami\u0119\u0107 krwi jest jedn\u0105 z cz\u0119\u015bci lub jednym ze sposob\u00f3w dost\u0119pu do cz\u0119\u015bci nie\u015bwiadomo\u015bci zbiorowej. Ca\u0142o\u015b\u0107 nie\u015bwiadomo\u015bci zbiorowej obejmuje wszystkie my\u015bli, uczucia i m\u0105dro\u015b\u0107","canonical_url":"https:\/\/wia.net.pl\/index.php\/2023\/06\/03\/pamiec-krwi\/","robots":"max-image-preview:large","keywords":"","webmasterTools":{"miscellaneous":""},"schema":{"@context":"https:\/\/schema.org","@graph":[{"@type":"BlogPosting","@id":"https:\/\/wia.net.pl\/index.php\/2023\/06\/03\/pamiec-krwi\/#blogposting","name":"Pami\u0119\u0107 krwi - Wolno\u015b\u0107 i Anarchia","headline":"Pami\u0119\u0107 krwi","author":{"@id":"https:\/\/wia.net.pl\/index.php\/author\/talar\/#author"},"publisher":{"@id":"https:\/\/wia.net.pl\/#person"},"image":{"@type":"ImageObject","url":"https:\/\/wia.net.pl\/wp-content\/uploads\/2023\/06\/blood2.jpg","width":251,"height":201},"datePublished":"2023-06-03T17:44:18+02:00","dateModified":"2023-06-03T17:44:44+02:00","inLanguage":"pl-PL","mainEntityOfPage":{"@id":"https:\/\/wia.net.pl\/index.php\/2023\/06\/03\/pamiec-krwi\/#webpage"},"isPartOf":{"@id":"https:\/\/wia.net.pl\/index.php\/2023\/06\/03\/pamiec-krwi\/#webpage"},"articleSection":"Antropologia, Alchemia, Atlantean gardens, Cesarstwo Rzymskie, Historia ziemi, Ko\u015bci\u00f3\u0142 katolicki, Ludzko\u015b\u0107, Magia, Masoneria, Natura, Okultyzm, Robert Sepehr, Tajne stowarzyszenia, Wszech\u015bwiat"},{"@type":"BreadcrumbList","@id":"https:\/\/wia.net.pl\/index.php\/2023\/06\/03\/pamiec-krwi\/#breadcrumblist","itemListElement":[{"@type":"ListItem","@id":"https:\/\/wia.net.pl#listItem","position":1,"name":"Home","item":"https:\/\/wia.net.pl","nextItem":{"@type":"ListItem","@id":"https:\/\/wia.net.pl\/index.php\/category\/antropologia\/#listItem","name":"Antropologia"}},{"@type":"ListItem","@id":"https:\/\/wia.net.pl\/index.php\/category\/antropologia\/#listItem","position":2,"name":"Antropologia","item":"https:\/\/wia.net.pl\/index.php\/category\/antropologia\/","nextItem":{"@type":"ListItem","@id":"https:\/\/wia.net.pl\/index.php\/2023\/06\/03\/pamiec-krwi\/#listItem","name":"Pami\u0119\u0107 krwi"},"previousItem":{"@type":"ListItem","@id":"https:\/\/wia.net.pl#listItem","name":"Home"}},{"@type":"ListItem","@id":"https:\/\/wia.net.pl\/index.php\/2023\/06\/03\/pamiec-krwi\/#listItem","position":3,"name":"Pami\u0119\u0107 krwi","previousItem":{"@type":"ListItem","@id":"https:\/\/wia.net.pl\/index.php\/category\/antropologia\/#listItem","name":"Antropologia"}}]},{"@type":"Person","@id":"https:\/\/wia.net.pl\/#person","name":"Bart\u0142omiej Talarczyk","image":{"@type":"ImageObject","@id":"https:\/\/wia.net.pl\/index.php\/2023\/06\/03\/pamiec-krwi\/#personImage","url":"https:\/\/wia.net.pl\/wp-content\/uploads\/avatar-privacy\/cache\/user\/1\/7\/176a6b161c58363ff49b5c167264231f519f5c7fa183ca1f61e891769b6b56d5-96.jpg","width":96,"height":96,"caption":"Bart\u0142omiej Talarczyk"}},{"@type":"Person","@id":"https:\/\/wia.net.pl\/index.php\/author\/talar\/#author","url":"https:\/\/wia.net.pl\/index.php\/author\/talar\/","name":"Bart\u0142omiej Talarczyk","image":{"@type":"ImageObject","@id":"https:\/\/wia.net.pl\/index.php\/2023\/06\/03\/pamiec-krwi\/#authorImage","url":"https:\/\/wia.net.pl\/wp-content\/uploads\/avatar-privacy\/cache\/user\/1\/7\/176a6b161c58363ff49b5c167264231f519f5c7fa183ca1f61e891769b6b56d5-96.jpg","width":96,"height":96,"caption":"Bart\u0142omiej Talarczyk"}},{"@type":"WebPage","@id":"https:\/\/wia.net.pl\/index.php\/2023\/06\/03\/pamiec-krwi\/#webpage","url":"https:\/\/wia.net.pl\/index.php\/2023\/06\/03\/pamiec-krwi\/","name":"Pami\u0119\u0107 krwi - Wolno\u015b\u0107 i Anarchia","description":"Wed\u0142ug Carla Junga, kt\u00f3ry stworzy\u0142 dziedzin\u0119 psychologii analitycznej, ka\u017cdy z nas ma indywidualny umys\u0142 pod\u015bwiadomy, ale ka\u017cdy z nas ma te\u017c dost\u0119p do wi\u0119kszej nie\u015bwiadomo\u015bci zbiorowej, kt\u00f3ra obejmuje naszych przodk\u00f3w, a pami\u0119\u0107 krwi jest jedn\u0105 z cz\u0119\u015bci lub jednym ze sposob\u00f3w dost\u0119pu do cz\u0119\u015bci nie\u015bwiadomo\u015bci zbiorowej. Ca\u0142o\u015b\u0107 nie\u015bwiadomo\u015bci zbiorowej obejmuje wszystkie my\u015bli, uczucia i m\u0105dro\u015b\u0107","inLanguage":"pl-PL","isPartOf":{"@id":"https:\/\/wia.net.pl\/#website"},"breadcrumb":{"@id":"https:\/\/wia.net.pl\/index.php\/2023\/06\/03\/pamiec-krwi\/#breadcrumblist"},"author":{"@id":"https:\/\/wia.net.pl\/index.php\/author\/talar\/#author"},"creator":{"@id":"https:\/\/wia.net.pl\/index.php\/author\/talar\/#author"},"image":{"@type":"ImageObject","url":"https:\/\/wia.net.pl\/wp-content\/uploads\/2023\/06\/blood2.jpg","@id":"https:\/\/wia.net.pl\/index.php\/2023\/06\/03\/pamiec-krwi\/#mainImage","width":251,"height":201},"primaryImageOfPage":{"@id":"https:\/\/wia.net.pl\/index.php\/2023\/06\/03\/pamiec-krwi\/#mainImage"},"datePublished":"2023-06-03T17:44:18+02:00","dateModified":"2023-06-03T17:44:44+02:00"},{"@type":"WebSite","@id":"https:\/\/wia.net.pl\/#website","url":"https:\/\/wia.net.pl\/","name":"Wolno\u015b\u0107 i Anarchia","description":"Ka\u017cdy wewn\u0119trznie jest anarchist\u0105.","inLanguage":"pl-PL","publisher":{"@id":"https:\/\/wia.net.pl\/#person"}}]},"og:locale":"pl_PL","og:site_name":"Wolno\u015b\u0107 i Anarchia - Ka\u017cdy wewn\u0119trznie jest anarchist\u0105.","og:type":"article","og:title":"Pami\u0119\u0107 krwi - Wolno\u015b\u0107 i Anarchia","og:description":"Wed\u0142ug Carla Junga, kt\u00f3ry stworzy\u0142 dziedzin\u0119 psychologii analitycznej, ka\u017cdy z nas ma indywidualny umys\u0142 pod\u015bwiadomy, ale ka\u017cdy z nas ma te\u017c dost\u0119p do wi\u0119kszej nie\u015bwiadomo\u015bci zbiorowej, kt\u00f3ra obejmuje naszych przodk\u00f3w, a pami\u0119\u0107 krwi jest jedn\u0105 z cz\u0119\u015bci lub jednym ze sposob\u00f3w dost\u0119pu do cz\u0119\u015bci nie\u015bwiadomo\u015bci zbiorowej. Ca\u0142o\u015b\u0107 nie\u015bwiadomo\u015bci zbiorowej obejmuje wszystkie my\u015bli, uczucia i m\u0105dro\u015b\u0107","og:url":"https:\/\/wia.net.pl\/index.php\/2023\/06\/03\/pamiec-krwi\/","og:image":"https:\/\/wia.net.pl\/wp-content\/uploads\/2023\/11\/cropped-freedom-i73367.jpg","og:image:secure_url":"https:\/\/wia.net.pl\/wp-content\/uploads\/2023\/11\/cropped-freedom-i73367.jpg","article:published_time":"2023-06-03T15:44:18+00:00","article:modified_time":"2023-06-03T15:44:44+00:00","twitter:card":"summary_large_image","twitter:title":"Pami\u0119\u0107 krwi - Wolno\u015b\u0107 i Anarchia","twitter:description":"Wed\u0142ug Carla Junga, kt\u00f3ry stworzy\u0142 dziedzin\u0119 psychologii analitycznej, ka\u017cdy z nas ma indywidualny umys\u0142 pod\u015bwiadomy, ale ka\u017cdy z nas ma te\u017c dost\u0119p do wi\u0119kszej nie\u015bwiadomo\u015bci zbiorowej, kt\u00f3ra obejmuje naszych przodk\u00f3w, a pami\u0119\u0107 krwi jest jedn\u0105 z cz\u0119\u015bci lub jednym ze sposob\u00f3w dost\u0119pu do cz\u0119\u015bci nie\u015bwiadomo\u015bci zbiorowej. Ca\u0142o\u015b\u0107 nie\u015bwiadomo\u015bci zbiorowej obejmuje wszystkie my\u015bli, uczucia i m\u0105dro\u015b\u0107","twitter:image":"https:\/\/wia.net.pl\/wp-content\/uploads\/2023\/11\/cropped-freedom-i73367.jpg"},"aioseo_meta_data":{"post_id":"1435","title":null,"description":null,"keywords":null,"keyphrases":null,"primary_term":null,"canonical_url":null,"og_title":null,"og_description":null,"og_object_type":"default","og_image_type":"default","og_image_url":null,"og_image_width":null,"og_image_height":null,"og_image_custom_url":null,"og_image_custom_fields":null,"og_video":null,"og_custom_url":null,"og_article_section":null,"og_article_tags":null,"twitter_use_og":false,"twitter_card":"default","twitter_image_type":"default","twitter_image_url":null,"twitter_image_custom_url":null,"twitter_image_custom_fields":null,"twitter_title":null,"twitter_description":null,"schema":{"blockGraphs":[],"customGraphs":[],"default":{"data":{"Article":[],"Course":[],"Dataset":[],"FAQPage":[],"Movie":[],"Person":[],"Product":[],"ProductReview":[],"Car":[],"Recipe":[],"Service":[],"SoftwareApplication":[],"WebPage":[]},"graphName":"","isEnabled":true},"graphs":[]},"schema_type":"default","schema_type_options":null,"pillar_content":false,"robots_default":true,"robots_noindex":false,"robots_noarchive":false,"robots_nosnippet":false,"robots_nofollow":false,"robots_noimageindex":false,"robots_noodp":false,"robots_notranslate":false,"robots_max_snippet":null,"robots_max_videopreview":null,"robots_max_imagepreview":"large","priority":null,"frequency":null,"local_seo":null,"breadcrumb_settings":null,"limit_modified_date":false,"ai":null,"created":"2023-06-06 13:48:07","updated":"2025-06-04 07:48:05","seo_analyzer_scan_date":null,"focus_keyword":null,"additional_keywords":null,"truseo_locale":null},"aioseo_breadcrumb":"<div class=\"aioseo-breadcrumbs\"><span class=\"aioseo-breadcrumb\">\n\t\t\t<a href=\"https:\/\/wia.net.pl\" title=\"Home\">Home<\/a>\n\t\t<\/span><span class=\"aioseo-breadcrumb-separator\">&raquo;<\/span><span class=\"aioseo-breadcrumb\">\n\t\t\t<a href=\"https:\/\/wia.net.pl\/index.php\/category\/antropologia\/\" title=\"Antropologia\">Antropologia<\/a>\n\t\t<\/span><span class=\"aioseo-breadcrumb-separator\">&raquo;<\/span><span class=\"aioseo-breadcrumb\">\n\t\t\tPami\u0119\u0107 krwi\n\t\t<\/span><\/div>","aioseo_breadcrumb_json":[{"label":"Home","link":"https:\/\/wia.net.pl"},{"label":"Antropologia","link":"https:\/\/wia.net.pl\/index.php\/category\/antropologia\/"},{"label":"Pami\u0119\u0107 krwi","link":"https:\/\/wia.net.pl\/index.php\/2023\/06\/03\/pamiec-krwi\/"}],"_links":{"self":[{"href":"https:\/\/wia.net.pl\/index.php\/wp-json\/wp\/v2\/posts\/1435"}],"collection":[{"href":"https:\/\/wia.net.pl\/index.php\/wp-json\/wp\/v2\/posts"}],"about":[{"href":"https:\/\/wia.net.pl\/index.php\/wp-json\/wp\/v2\/types\/post"}],"author":[{"embeddable":true,"href":"https:\/\/wia.net.pl\/index.php\/wp-json\/wp\/v2\/users\/3"}],"replies":[{"embeddable":true,"href":"https:\/\/wia.net.pl\/index.php\/wp-json\/wp\/v2\/comments?post=1435"}],"version-history":[{"count":2,"href":"https:\/\/wia.net.pl\/index.php\/wp-json\/wp\/v2\/posts\/1435\/revisions"}],"predecessor-version":[{"id":1439,"href":"https:\/\/wia.net.pl\/index.php\/wp-json\/wp\/v2\/posts\/1435\/revisions\/1439"}],"wp:featuredmedia":[{"embeddable":true,"href":"https:\/\/wia.net.pl\/index.php\/wp-json\/wp\/v2\/media\/1438"}],"wp:attachment":[{"href":"https:\/\/wia.net.pl\/index.php\/wp-json\/wp\/v2\/media?parent=1435"}],"wp:term":[{"taxonomy":"category","embeddable":true,"href":"https:\/\/wia.net.pl\/index.php\/wp-json\/wp\/v2\/categories?post=1435"},{"taxonomy":"post_tag","embeddable":true,"href":"https:\/\/wia.net.pl\/index.php\/wp-json\/wp\/v2\/tags?post=1435"}],"curies":[{"name":"wp","href":"https:\/\/api.w.org\/{rel}","templated":true}]}}