{"id":1435,"date":"2023-06-03T17:44:18","date_gmt":"2023-06-03T15:44:18","guid":{"rendered":"https:\/\/wia.net.pl\/?p=1435"},"modified":"2023-06-03T17:44:44","modified_gmt":"2023-06-03T15:44:44","slug":"pamiec-krwi","status":"publish","type":"post","link":"https:\/\/wia.net.pl\/index.php\/2023\/06\/03\/pamiec-krwi\/","title":{"rendered":"Pami\u0119\u0107 krwi"},"content":{"rendered":"\n<p>Wed\u0142ug Carla Junga, kt\u00f3ry stworzy\u0142 dziedzin\u0119 psychologii analitycznej, ka\u017cdy z nas ma indywidualny umys\u0142 pod\u015bwiadomy, ale ka\u017cdy z nas ma te\u017c dost\u0119p do wi\u0119kszej nie\u015bwiadomo\u015bci zbiorowej, kt\u00f3ra obejmuje naszych przodk\u00f3w, a pami\u0119\u0107 krwi jest jedn\u0105 z cz\u0119\u015bci lub jednym ze sposob\u00f3w dost\u0119pu do cz\u0119\u015bci nie\u015bwiadomo\u015bci zbiorowej. Ca\u0142o\u015b\u0107 nie\u015bwiadomo\u015bci zbiorowej obejmuje wszystkie my\u015bli, uczucia i m\u0105dro\u015b\u0107 wszystkich ludzi, kt\u00f3rzy kiedykolwiek \u017cyli. Pami\u0119\u0107 krwi to my\u015bli, uczucia i m\u0105dro\u015b\u0107 przodk\u00f3w danej kultury, totemu, klanu czy rasy.<\/p>\n\n\n\n<p>Nie\u015bwiadomo\u015b\u0107 zbiorowa jest rzekomo dost\u0119pna dla ka\u017cdego z nas, ka\u017cdej \u017cyj\u0105cej osoby. Nasza indywidualna zdolno\u015b\u0107 dost\u0119pu do niej zale\u017cy od naszego systemu przekona\u0144. Ci, kt\u00f3rzy wierz\u0105, \u017ce ona nie istnieje, nie maj\u0105 z ni\u0105 regularnego kontaktu. Ci, kt\u00f3rzy wierz\u0105 w pami\u0119\u0107 krwi, u\u017cywaj\u0105 jej, by uzyska\u0107 dost\u0119p do cz\u0119\u015bci, a mo\u017ce nawet ca\u0142o\u015bci nie\u015bwiadomo\u015bci zbiorowej. Ci, kt\u00f3rzy wyznaj\u0105 inne systemy wierze\u0144, maj\u0105 prawdopodobnie inne sposoby dost\u0119pu do naszej wsp\u00f3lnej kulturowej i uniwersalnej m\u0105dro\u015bci.<\/p>\n\n\n\n<p>\u0179R\u00d3D\u0141O:<br>Kana\u0142 Atlantean gardens \u2013&nbsp;<a rel=\"noreferrer noopener\" href=\"https:\/\/www.youtube.com\/c\/AtlanteangardensOrg\" target=\"_blank\">https:\/\/www.youtube.com\/c\/AtlanteangardensOrg<\/a><br>Kana\u0142 Robert Sepehr \u2013&nbsp;<a rel=\"noreferrer noopener\" href=\"https:\/\/www.youtube.com\/user\/818encino\" target=\"_blank\">https:\/\/www.youtube.com\/user\/818encino<\/a><\/p>\n\n\n<div style=\"position: relative; padding-bottom: calc(var(--aspect-ratio, .5625) * 100%); height: 0; width: 100%; margin: 0 auto;\" class=\"rumble-video-container\"><video controls controlsList=\"nodownload\" style=\"position: absolute; top: 0; left: 0; width: 100%; height: 100%; background: #000;\" preload=\"metadata\" src=\"https:\/\/1a-1791.com\/video\/s8\/2\/t\/A\/6\/q\/tA6qd.caa.mp4\" poster=\"\"><\/video><\/div>\n<div class=\"remoji_bar\"><div class=\"remoji_add_container\" data-remoji-id=\"1435\" data-remoji-type=\"post\"><div class=\"remoji_add_icon\"><\/div><\/div><div class=\"remoji_error_bar\" data-remoji-id=\"1435\" data-remoji-type=\"post\" style=\"display: none;\">Error happened.<\/div><\/div>","protected":false},"excerpt":{"rendered":"<p>Wed\u0142ug Carla Junga, kt\u00f3ry stworzy\u0142 dziedzin\u0119 psychologii analitycznej, ka\u017cdy z nas ma indywidualny umys\u0142 pod\u015bwiadomy, ale ka\u017cdy z nas ma te\u017c dost\u0119p do wi\u0119kszej nie\u015bwiadomo\u015bci zbiorowej, kt\u00f3ra obejmuje naszych przodk\u00f3w, a pami\u0119\u0107 krwi jest jedn\u0105 z cz\u0119\u015bci lub jednym ze&#8230; <\/p>\n","protected":false},"author":3,"featured_media":1438,"comment_status":"open","ping_status":"open","sticky":false,"template":"","format":"standard","meta":{"_acf_changed":false,"_bbp_topic_count":0,"_bbp_reply_count":0,"_bbp_total_topic_count":0,"_bbp_total_reply_count":0,"_bbp_voice_count":0,"_bbp_anonymous_reply_count":0,"_bbp_topic_count_hidden":0,"_bbp_reply_count_hidden":0,"_bbp_forum_subforum_count":0,"om_disable_all_campaigns":false,"_monsterinsights_skip_tracking":false,"_monsterinsights_sitenote_active":false,"_monsterinsights_sitenote_note":"","_monsterinsights_sitenote_category":0,"footnotes":""},"categories":[11],"tags":[114,89,68,63,71,26,113,43,85,112,88,70,62],"class_list":["post-1435","post","type-post","status-publish","format-standard","has-post-thumbnail","hentry","category-antropologia","tag-alchemia","tag-atlantean-gardens","tag-cesarstwo-rzymskie","tag-historia-ziemi","tag-kosciol-katolicki","tag-ludzkosc","tag-magia","tag-masoneria","tag-natura","tag-okultyzm","tag-robert-sepehr","tag-tajne-stowarzyszenia","tag-wszechswiat"],"acf":[],"aioseo_notices":[],"_links":{"self":[{"href":"https:\/\/wia.net.pl\/index.php\/wp-json\/wp\/v2\/posts\/1435"}],"collection":[{"href":"https:\/\/wia.net.pl\/index.php\/wp-json\/wp\/v2\/posts"}],"about":[{"href":"https:\/\/wia.net.pl\/index.php\/wp-json\/wp\/v2\/types\/post"}],"author":[{"embeddable":true,"href":"https:\/\/wia.net.pl\/index.php\/wp-json\/wp\/v2\/users\/3"}],"replies":[{"embeddable":true,"href":"https:\/\/wia.net.pl\/index.php\/wp-json\/wp\/v2\/comments?post=1435"}],"version-history":[{"count":2,"href":"https:\/\/wia.net.pl\/index.php\/wp-json\/wp\/v2\/posts\/1435\/revisions"}],"predecessor-version":[{"id":1439,"href":"https:\/\/wia.net.pl\/index.php\/wp-json\/wp\/v2\/posts\/1435\/revisions\/1439"}],"wp:featuredmedia":[{"embeddable":true,"href":"https:\/\/wia.net.pl\/index.php\/wp-json\/wp\/v2\/media\/1438"}],"wp:attachment":[{"href":"https:\/\/wia.net.pl\/index.php\/wp-json\/wp\/v2\/media?parent=1435"}],"wp:term":[{"taxonomy":"category","embeddable":true,"href":"https:\/\/wia.net.pl\/index.php\/wp-json\/wp\/v2\/categories?post=1435"},{"taxonomy":"post_tag","embeddable":true,"href":"https:\/\/wia.net.pl\/index.php\/wp-json\/wp\/v2\/tags?post=1435"}],"curies":[{"name":"wp","href":"https:\/\/api.w.org\/{rel}","templated":true}]}}